{"id":2017,"date":"2017-07-28T17:53:32","date_gmt":"2017-07-28T17:53:32","guid":{"rendered":"http:\/\/www.travel3.com.br\/site\/ir-e-vir\/ar\/gastos-de-estrangeiros-subiram-no-mes-de-marco\/"},"modified":"2017-07-28T17:53:32","modified_gmt":"2017-07-28T17:53:32","slug":"gastos-de-estrangeiros-subiram-no-mes-de-marco","status":"publish","type":"post","link":"https:\/\/www.travel3.com.br\/site\/sem-categoria\/gastos-de-estrangeiros-subiram-no-mes-de-marco\/","title":{"rendered":"GASTOS DE ESTRANGEIROS SUBIRAM NO M\u00caS DE MAR\u00c7O"},"content":{"rendered":"<p><span style=\"color: #40acad; font-family: -apple-system, system-ui, 'Segoe UI', Roboto, Oxygen-Sans, Ubuntu, Cantarell, 'Helvetica Neue', sans-serif; font-size: 12px; font-weight: bold;\"><\/p>\n<p style=\"text-align:justify\">Est\u00e1 melhorando. Devagarzinho, mas est\u00e1 sim. Os turistas estrangeiros que visitaram o Brasil em mar\u00e7o gastaram 8,88% a mais na compara\u00e7\u00e3o do mesmo per\u00edodo do ano passado. Foram US$ 650 milh\u00f5es na economia brasileira, anteriormente foram \u00a0US$ 597 milh\u00f5es em mar\u00e7o de 2016. Assim, entraram mais de R$ 50 milh\u00f5es neste ano. Os n\u00fameros s\u00e3o da receita cambial do turismo, que representa os gastos dos visitantes estrangeiros no pa\u00eds, divulgada pelo Banco Central.<\/p>\n<p style=\"text-align:justify\">Ainda segundo os dados \u00a0do Banco Central, a despesa cambial em mar\u00e7o deste ano &#8211; gastos dos brasileiros no exterior &#8211;\u00a0 mostraram aumento de 18,50%, passando de US$ 1,29 bilh\u00e3o em 2016 para US$ 1,53 bilh\u00e3o no mesmo per\u00edodo de 2017.<\/p>\n<p style=\"text-align:justify\"><a class=\"fancybox-media\" href=\"..\/_uploads\/_noticia\/2017-04\/dolaremaltad2.jpg\" rel=\"portfolio\"><img decoding=\"async\" alt=\"\" src=\"..\/_uploads\/_noticia\/2017-04\/dolaremaltad2.jpg\" \/><\/a><\/p>\n<p style=\"text-align:justify\"><strong>No acumulado do ano, a despesa cambial foi de US$ 4,47 bilh\u00f5es, crescimento de 50,37% em rela\u00e7\u00e3o ao mesmo per\u00edodo de 2016<\/strong><\/p>\n<p style=\"text-align:justify\">No acumulado do ano &#8211; janeiro a mar\u00e7o de 2017 &#8211; a receita cambial arrecadada foi de US$ 1,85 bilh\u00e3o, mas com as a\u00e7\u00f5es anunciadas pelo + Brasil o MTur pretende ter uma arrecada\u00e7\u00e3o bem superior no decorrer deste ano. Entre as a\u00e7\u00f5es adotadas est\u00e1 a implanta\u00e7\u00e3o do visto eletr\u00f4nico para pa\u00edses estrat\u00e9gicos at\u00e9 o final deste ano \u00a0para turistas dos EUA, Canad\u00e1, Austr\u00e1lia e Jap\u00e3o, grandes emissores de turistas internacionais com alto poder aquisitivo.<\/p>\n<p style=\"text-align:justify\">\u201cCom esse conjunto de medidas, tenho convic\u00e7\u00e3o de que \u00a0teremos cada vez mais resultados positivos e iremos colocar o Brasil em definitivo entre os grandes destinos mundiais. O turismo ter\u00e1 o papel de destaque que tanto merece na nossa economia\u201d, defende o ministro do Turismo, Marx Beltr\u00e3o.<\/p>\n<p style=\"text-align:justify\">Ainda segundo os dados apurados pelo Banco Central, a despesa cambial em mar\u00e7o deste ano &#8211; gastos dos brasileiros no exterior &#8211; teve um aumento de 18,50%, passando de US$ 1,29 bilh\u00e3o em mar\u00e7o 2016 para US$ 1,53 bilh\u00e3o no mesmo per\u00edodo de 2017. No acumulado do ano, a despesa cambial foi de US$ 4,47 bilh\u00f5es, crescimento de 50,37% em rela\u00e7\u00e3o ao mesmo per\u00edodo de 2016.<\/p>\n<p><\/span><\/p>\n","protected":false},"excerpt":{"rendered":"<p>Visitantes deixaram 8,88% a mais no m\u00eas, valor acima de R$50 milh\u00f5es, mas os gastos no exterior tamb\u00e9m voltaram a subir<\/p>\n","protected":false},"author":1,"featured_media":0,"comment_status":"open","ping_status":"open","sticky":false,"template":"","format":"standard","meta":{"footnotes":""},"categories":[],"tags":[],"class_list":["post-2017","post","type-post","status-publish","format-standard","hentry"],"yoast_head":"<!-- This site is optimized with the Yoast SEO plugin v26.2 - https:\/\/yoast.com\/wordpress\/plugins\/seo\/ -->\n<title>GASTOS DE ESTRANGEIROS SUBIRAM NO M\u00caS DE MAR\u00c7O - Travel3<\/title>\n<meta name=\"description\" content=\"A TRAVEL3 \u00e9 um portal de conte\u00fado voltado para o turismo, encontre destinos, viagens, hospedagem, passagens, guias, not\u00edcias sobre o mercado do turismo, dicas de viagem, v\u00eddeos e podcast.\" \/>\n<meta name=\"robots\" content=\"index, follow, max-snippet:-1, max-image-preview:large, max-video-preview:-1\" \/>\n<link rel=\"canonical\" href=\"https:\/\/www.travel3.com.br\/site\/sem-categoria\/gastos-de-estrangeiros-subiram-no-mes-de-marco\/\" \/>\n<meta property=\"og:locale\" content=\"pt_BR\" \/>\n<meta property=\"og:type\" content=\"article\" \/>\n<meta property=\"og:title\" content=\"GASTOS DE ESTRANGEIROS SUBIRAM NO M\u00caS DE MAR\u00c7O - Travel3\" \/>\n<meta property=\"og:description\" content=\"A TRAVEL3 \u00e9 um portal de conte\u00fado voltado para o turismo, encontre destinos, viagens, hospedagem, passagens, guias, not\u00edcias sobre o mercado do turismo, dicas de viagem, v\u00eddeos e podcast.\" \/>\n<meta property=\"og:url\" content=\"https:\/\/www.travel3.com.br\/site\/sem-categoria\/gastos-de-estrangeiros-subiram-no-mes-de-marco\/\" \/>\n<meta property=\"og:site_name\" content=\"Travel3\" \/>\n<meta property=\"article:publisher\" content=\"https:\/\/www.facebook.com\/travel3media\/\" \/>\n<meta property=\"article:published_time\" content=\"2017-07-28T17:53:32+00:00\" \/>\n<meta name=\"author\" content=\"admin\" \/>\n<meta name=\"twitter:card\" content=\"summary_large_image\" \/>\n<meta name=\"twitter:label1\" content=\"Escrito por\" \/>\n\t<meta name=\"twitter:data1\" content=\"admin\" \/>\n\t<meta name=\"twitter:label2\" content=\"Est. tempo de leitura\" \/>\n\t<meta name=\"twitter:data2\" content=\"2 minutos\" \/>\n<script type=\"application\/ld+json\" class=\"yoast-schema-graph\">{\"@context\":\"https:\/\/schema.org\",\"@graph\":[{\"@type\":\"Article\",\"@id\":\"https:\/\/www.travel3.com.br\/site\/sem-categoria\/gastos-de-estrangeiros-subiram-no-mes-de-marco\/#article\",\"isPartOf\":{\"@id\":\"https:\/\/www.travel3.com.br\/site\/sem-categoria\/gastos-de-estrangeiros-subiram-no-mes-de-marco\/\"},\"author\":{\"name\":\"admin\",\"@id\":\"https:\/\/www.travel3.com.br\/site\/#\/schema\/person\/a69d71e41a024999b6ab82369ac0bd1e\"},\"headline\":\"GASTOS DE ESTRANGEIROS SUBIRAM NO M\u00caS DE MAR\u00c7O\",\"datePublished\":\"2017-07-28T17:53:32+00:00\",\"mainEntityOfPage\":{\"@id\":\"https:\/\/www.travel3.com.br\/site\/sem-categoria\/gastos-de-estrangeiros-subiram-no-mes-de-marco\/\"},\"wordCount\":348,\"commentCount\":0,\"publisher\":{\"@id\":\"https:\/\/www.travel3.com.br\/site\/#organization\"},\"inLanguage\":\"pt-BR\",\"potentialAction\":[{\"@type\":\"CommentAction\",\"name\":\"Comment\",\"target\":[\"https:\/\/www.travel3.com.br\/site\/sem-categoria\/gastos-de-estrangeiros-subiram-no-mes-de-marco\/#respond\"]}]},{\"@type\":\"WebPage\",\"@id\":\"https:\/\/www.travel3.com.br\/site\/sem-categoria\/gastos-de-estrangeiros-subiram-no-mes-de-marco\/\",\"url\":\"https:\/\/www.travel3.com.br\/site\/sem-categoria\/gastos-de-estrangeiros-subiram-no-mes-de-marco\/\",\"name\":\"GASTOS DE ESTRANGEIROS SUBIRAM NO M\u00caS DE MAR\u00c7O - Travel3\",\"isPartOf\":{\"@id\":\"https:\/\/www.travel3.com.br\/site\/#website\"},\"datePublished\":\"2017-07-28T17:53:32+00:00\",\"description\":\"A TRAVEL3 \u00e9 um portal de conte\u00fado voltado para o turismo, encontre destinos, viagens, hospedagem, passagens, guias, not\u00edcias sobre o mercado do turismo, dicas de viagem, v\u00eddeos e podcast.\",\"breadcrumb\":{\"@id\":\"https:\/\/www.travel3.com.br\/site\/sem-categoria\/gastos-de-estrangeiros-subiram-no-mes-de-marco\/#breadcrumb\"},\"inLanguage\":\"pt-BR\",\"potentialAction\":[{\"@type\":\"ReadAction\",\"target\":[\"https:\/\/www.travel3.com.br\/site\/sem-categoria\/gastos-de-estrangeiros-subiram-no-mes-de-marco\/\"]}]},{\"@type\":\"BreadcrumbList\",\"@id\":\"https:\/\/www.travel3.com.br\/site\/sem-categoria\/gastos-de-estrangeiros-subiram-no-mes-de-marco\/#breadcrumb\",\"itemListElement\":[{\"@type\":\"ListItem\",\"position\":1,\"name\":\"In\u00edcio\",\"item\":\"https:\/\/www.travel3.com.br\/site\/\"},{\"@type\":\"ListItem\",\"position\":2,\"name\":\"GASTOS DE ESTRANGEIROS SUBIRAM NO M\u00caS DE MAR\u00c7O\"}]},{\"@type\":\"WebSite\",\"@id\":\"https:\/\/www.travel3.com.br\/site\/#website\",\"url\":\"https:\/\/www.travel3.com.br\/site\/\",\"name\":\"Travel3\",\"description\":\"Lazer + Neg&oacute;cios + Aventura\",\"publisher\":{\"@id\":\"https:\/\/www.travel3.com.br\/site\/#organization\"},\"potentialAction\":[{\"@type\":\"SearchAction\",\"target\":{\"@type\":\"EntryPoint\",\"urlTemplate\":\"https:\/\/www.travel3.com.br\/site\/?s={search_term_string}\"},\"query-input\":{\"@type\":\"PropertyValueSpecification\",\"valueRequired\":true,\"valueName\":\"search_term_string\"}}],\"inLanguage\":\"pt-BR\"},{\"@type\":\"Organization\",\"@id\":\"https:\/\/www.travel3.com.br\/site\/#organization\",\"name\":\"Travel3\",\"url\":\"https:\/\/www.travel3.com.br\/site\/\",\"logo\":{\"@type\":\"ImageObject\",\"inLanguage\":\"pt-BR\",\"@id\":\"https:\/\/www.travel3.com.br\/site\/#\/schema\/logo\/image\/\",\"url\":\"https:\/\/www.travel3.com.br\/site\/wp-content\/uploads\/2020\/01\/logo-travel3-2020.png\",\"contentUrl\":\"https:\/\/www.travel3.com.br\/site\/wp-content\/uploads\/2020\/01\/logo-travel3-2020.png\",\"width\":232,\"height\":79,\"caption\":\"Travel3\"},\"image\":{\"@id\":\"https:\/\/www.travel3.com.br\/site\/#\/schema\/logo\/image\/\"},\"sameAs\":[\"https:\/\/www.facebook.com\/travel3media\/\",\"https:\/\/www.instagram.com\/revistatravel3\/\",\"https:\/\/www.youtube.com\/channel\/UCno7J4paGBR3VbZQzvoJ9Eg\"]},{\"@type\":\"Person\",\"@id\":\"https:\/\/www.travel3.com.br\/site\/#\/schema\/person\/a69d71e41a024999b6ab82369ac0bd1e\",\"name\":\"admin\",\"image\":{\"@type\":\"ImageObject\",\"inLanguage\":\"pt-BR\",\"@id\":\"https:\/\/www.travel3.com.br\/site\/#\/schema\/person\/image\/\",\"url\":\"https:\/\/secure.gravatar.com\/avatar\/732a67adfd764da2a47ba10ce731c4c0?s=96&d=mm&r=g\",\"contentUrl\":\"https:\/\/secure.gravatar.com\/avatar\/732a67adfd764da2a47ba10ce731c4c0?s=96&d=mm&r=g\",\"caption\":\"admin\"},\"url\":\"https:\/\/www.travel3.com.br\/site\/author\/admin\/\"}]}<\/script>\n<!-- \/ Yoast SEO plugin. -->","yoast_head_json":{"title":"GASTOS DE ESTRANGEIROS SUBIRAM NO M\u00caS DE MAR\u00c7O - Travel3","description":"A TRAVEL3 \u00e9 um portal de conte\u00fado voltado para o turismo, encontre destinos, viagens, hospedagem, passagens, guias, not\u00edcias sobre o mercado do turismo, dicas de viagem, v\u00eddeos e podcast.","robots":{"index":"index","follow":"follow","max-snippet":"max-snippet:-1","max-image-preview":"max-image-preview:large","max-video-preview":"max-video-preview:-1"},"canonical":"https:\/\/www.travel3.com.br\/site\/sem-categoria\/gastos-de-estrangeiros-subiram-no-mes-de-marco\/","og_locale":"pt_BR","og_type":"article","og_title":"GASTOS DE ESTRANGEIROS SUBIRAM NO M\u00caS DE MAR\u00c7O - Travel3","og_description":"A TRAVEL3 \u00e9 um portal de conte\u00fado voltado para o turismo, encontre destinos, viagens, hospedagem, passagens, guias, not\u00edcias sobre o mercado do turismo, dicas de viagem, v\u00eddeos e podcast.","og_url":"https:\/\/www.travel3.com.br\/site\/sem-categoria\/gastos-de-estrangeiros-subiram-no-mes-de-marco\/","og_site_name":"Travel3","article_publisher":"https:\/\/www.facebook.com\/travel3media\/","article_published_time":"2017-07-28T17:53:32+00:00","author":"admin","twitter_card":"summary_large_image","twitter_misc":{"Escrito por":"admin","Est. tempo de leitura":"2 minutos"},"schema":{"@context":"https:\/\/schema.org","@graph":[{"@type":"Article","@id":"https:\/\/www.travel3.com.br\/site\/sem-categoria\/gastos-de-estrangeiros-subiram-no-mes-de-marco\/#article","isPartOf":{"@id":"https:\/\/www.travel3.com.br\/site\/sem-categoria\/gastos-de-estrangeiros-subiram-no-mes-de-marco\/"},"author":{"name":"admin","@id":"https:\/\/www.travel3.com.br\/site\/#\/schema\/person\/a69d71e41a024999b6ab82369ac0bd1e"},"headline":"GASTOS DE ESTRANGEIROS SUBIRAM NO M\u00caS DE MAR\u00c7O","datePublished":"2017-07-28T17:53:32+00:00","mainEntityOfPage":{"@id":"https:\/\/www.travel3.com.br\/site\/sem-categoria\/gastos-de-estrangeiros-subiram-no-mes-de-marco\/"},"wordCount":348,"commentCount":0,"publisher":{"@id":"https:\/\/www.travel3.com.br\/site\/#organization"},"inLanguage":"pt-BR","potentialAction":[{"@type":"CommentAction","name":"Comment","target":["https:\/\/www.travel3.com.br\/site\/sem-categoria\/gastos-de-estrangeiros-subiram-no-mes-de-marco\/#respond"]}]},{"@type":"WebPage","@id":"https:\/\/www.travel3.com.br\/site\/sem-categoria\/gastos-de-estrangeiros-subiram-no-mes-de-marco\/","url":"https:\/\/www.travel3.com.br\/site\/sem-categoria\/gastos-de-estrangeiros-subiram-no-mes-de-marco\/","name":"GASTOS DE ESTRANGEIROS SUBIRAM NO M\u00caS DE MAR\u00c7O - Travel3","isPartOf":{"@id":"https:\/\/www.travel3.com.br\/site\/#website"},"datePublished":"2017-07-28T17:53:32+00:00","description":"A TRAVEL3 \u00e9 um portal de conte\u00fado voltado para o turismo, encontre destinos, viagens, hospedagem, passagens, guias, not\u00edcias sobre o mercado do turismo, dicas de viagem, v\u00eddeos e podcast.","breadcrumb":{"@id":"https:\/\/www.travel3.com.br\/site\/sem-categoria\/gastos-de-estrangeiros-subiram-no-mes-de-marco\/#breadcrumb"},"inLanguage":"pt-BR","potentialAction":[{"@type":"ReadAction","target":["https:\/\/www.travel3.com.br\/site\/sem-categoria\/gastos-de-estrangeiros-subiram-no-mes-de-marco\/"]}]},{"@type":"BreadcrumbList","@id":"https:\/\/www.travel3.com.br\/site\/sem-categoria\/gastos-de-estrangeiros-subiram-no-mes-de-marco\/#breadcrumb","itemListElement":[{"@type":"ListItem","position":1,"name":"In\u00edcio","item":"https:\/\/www.travel3.com.br\/site\/"},{"@type":"ListItem","position":2,"name":"GASTOS DE ESTRANGEIROS SUBIRAM NO M\u00caS DE MAR\u00c7O"}]},{"@type":"WebSite","@id":"https:\/\/www.travel3.com.br\/site\/#website","url":"https:\/\/www.travel3.com.br\/site\/","name":"Travel3","description":"Lazer + Neg&oacute;cios + Aventura","publisher":{"@id":"https:\/\/www.travel3.com.br\/site\/#organization"},"potentialAction":[{"@type":"SearchAction","target":{"@type":"EntryPoint","urlTemplate":"https:\/\/www.travel3.com.br\/site\/?s={search_term_string}"},"query-input":{"@type":"PropertyValueSpecification","valueRequired":true,"valueName":"search_term_string"}}],"inLanguage":"pt-BR"},{"@type":"Organization","@id":"https:\/\/www.travel3.com.br\/site\/#organization","name":"Travel3","url":"https:\/\/www.travel3.com.br\/site\/","logo":{"@type":"ImageObject","inLanguage":"pt-BR","@id":"https:\/\/www.travel3.com.br\/site\/#\/schema\/logo\/image\/","url":"https:\/\/www.travel3.com.br\/site\/wp-content\/uploads\/2020\/01\/logo-travel3-2020.png","contentUrl":"https:\/\/www.travel3.com.br\/site\/wp-content\/uploads\/2020\/01\/logo-travel3-2020.png","width":232,"height":79,"caption":"Travel3"},"image":{"@id":"https:\/\/www.travel3.com.br\/site\/#\/schema\/logo\/image\/"},"sameAs":["https:\/\/www.facebook.com\/travel3media\/","https:\/\/www.instagram.com\/revistatravel3\/","https:\/\/www.youtube.com\/channel\/UCno7J4paGBR3VbZQzvoJ9Eg"]},{"@type":"Person","@id":"https:\/\/www.travel3.com.br\/site\/#\/schema\/person\/a69d71e41a024999b6ab82369ac0bd1e","name":"admin","image":{"@type":"ImageObject","inLanguage":"pt-BR","@id":"https:\/\/www.travel3.com.br\/site\/#\/schema\/person\/image\/","url":"https:\/\/secure.gravatar.com\/avatar\/732a67adfd764da2a47ba10ce731c4c0?s=96&d=mm&r=g","contentUrl":"https:\/\/secure.gravatar.com\/avatar\/732a67adfd764da2a47ba10ce731c4c0?s=96&d=mm&r=g","caption":"admin"},"url":"https:\/\/www.travel3.com.br\/site\/author\/admin\/"}]}},"_links":{"self":[{"href":"https:\/\/www.travel3.com.br\/site\/wp-json\/wp\/v2\/posts\/2017","targetHints":{"allow":["GET"]}}],"collection":[{"href":"https:\/\/www.travel3.com.br\/site\/wp-json\/wp\/v2\/posts"}],"about":[{"href":"https:\/\/www.travel3.com.br\/site\/wp-json\/wp\/v2\/types\/post"}],"author":[{"embeddable":true,"href":"https:\/\/www.travel3.com.br\/site\/wp-json\/wp\/v2\/users\/1"}],"replies":[{"embeddable":true,"href":"https:\/\/www.travel3.com.br\/site\/wp-json\/wp\/v2\/comments?post=2017"}],"version-history":[{"count":0,"href":"https:\/\/www.travel3.com.br\/site\/wp-json\/wp\/v2\/posts\/2017\/revisions"}],"wp:attachment":[{"href":"https:\/\/www.travel3.com.br\/site\/wp-json\/wp\/v2\/media?parent=2017"}],"wp:term":[{"taxonomy":"category","embeddable":true,"href":"https:\/\/www.travel3.com.br\/site\/wp-json\/wp\/v2\/categories?post=2017"},{"taxonomy":"post_tag","embeddable":true,"href":"https:\/\/www.travel3.com.br\/site\/wp-json\/wp\/v2\/tags?post=2017"}],"curies":[{"name":"wp","href":"https:\/\/api.w.org\/{rel}","templated":true}]}}