{"id":19847,"date":"2019-02-07T13:36:00","date_gmt":"2019-02-07T15:36:00","guid":{"rendered":"http:\/\/www.travel3.com.br\/?p=19847"},"modified":"2019-02-08T11:24:15","modified_gmt":"2019-02-08T13:24:15","slug":"com-evento-matinal-westcentral-marca-entrada-no-mercado-mineiro","status":"publish","type":"post","link":"https:\/\/www.travel3.com.br\/site\/acontece-no-turismo\/com-evento-matinal-westcentral-marca-entrada-no-mercado-mineiro\/","title":{"rendered":"Com evento matinal, WestCentral marca entrada no mercado mineiro"},"content":{"rendered":"\n<p style=\"font-size:26px;text-align:center\"><strong>Fernando Murta ser\u00e1 o respons\u00e1vel pela base mineira e ficar\u00e1 sediado em BH<\/strong><\/p>\n\n\n\n<p class=\"has-medium-font-size\">Com um caf\u00e9 da manh\u00e3 prestigiado por nomes relevantes do turismo mineiro, Fernando Murta, rec\u00e9m-contratado pela operadora WestCentral, ao lado de Regina Barros, gerente comercial e produtos da empresa, comunicaram oficialmente a entrada da operadora no mercado mineiro.<\/p>\n\n\n\n<figure class=\"wp-block-image\"><img loading=\"lazy\" decoding=\"async\" width=\"1920\" height=\"1284\" src=\"http:\/\/www.travel3.com.br\/site\/wp-content\/uploads\/2019\/02\/Cafe-WestCentral006_A.jpg\" alt=\"Os participantes do caf\u00e9 da manh\u00e3 da Operadora WestCentral se re\u00fanem para desejar sucesso a Fernando Murta\" class=\"wp-image-19833\" srcset=\"https:\/\/www.travel3.com.br\/site\/wp-content\/uploads\/2019\/02\/Cafe-WestCentral006_A.jpg 1920w, https:\/\/www.travel3.com.br\/site\/wp-content\/uploads\/2019\/02\/Cafe-WestCentral006_A-300x201.jpg 300w, https:\/\/www.travel3.com.br\/site\/wp-content\/uploads\/2019\/02\/Cafe-WestCentral006_A-768x514.jpg 768w, https:\/\/www.travel3.com.br\/site\/wp-content\/uploads\/2019\/02\/Cafe-WestCentral006_A-1024x685.jpg 1024w, https:\/\/www.travel3.com.br\/site\/wp-content\/uploads\/2019\/02\/Cafe-WestCentral006_A-750x502.jpg 750w, https:\/\/www.travel3.com.br\/site\/wp-content\/uploads\/2019\/02\/Cafe-WestCentral006_A-1140x762.jpg 1140w\" sizes=\"auto, (max-width: 1920px) 100vw, 1920px\" \/><figcaption><strong>Os participantes do caf\u00e9 da manh\u00e3 da Operadora WestCentral se re\u00fanem para desejar sucesso a Fernando Murta (Fotos: Claudia Tonaco)<\/strong><\/figcaption><\/figure>\n\n\n\n<p class=\"has-medium-font-size\">Regina Barros, que veio especialmente de Bras\u00edlia para a ocasi\u00e3o comentou a import\u00e2ncia do momento.<\/p>\n\n\n\n<blockquote class=\"wp-block-quote is-layout-flow wp-block-quote-is-layout-flow\"><p>Para a WestCentral e para todo o grupo Confian\u00e7a, entrarmos no mercado de Belo Horizonte \u00e9 muito importante. N\u00e3o apenas a capital, mas todo o estado de Minas Gerais t\u00eam um enorme potencial. O Helv\u00e9cio&nbsp;Gar\u00f3falo, presidente do&nbsp;grupo Confian\u00e7a \u00e9 mineiro, o que faz termos um carinho ainda mais especial por este mercado.<\/p><p>Entrarmos com a WestCentral e termos o Fernando Murta &#8211; um amigo de longa data &#8211; ao nosso lado \u00e9 um grande diferencial. A for\u00e7a do Fernando \u00e9 incr\u00edvel e j\u00e1 foi provada pela receptividade calorosa que estamos tendo n\u00e3o apenas por parte dos agentes de viagem locais, como dos fornecedores de todo o Brasil. Estamos come\u00e7ando com o p\u00e9 direito e apostando que iremos alavancar boas vendas no estado.<\/p><cite>Regina Barros &#8211; Gerente Comercial e de Produtos da WestCentral<\/cite><\/blockquote>\n\n\n\n<figure class=\"wp-block-image\"><img loading=\"lazy\" decoding=\"async\" width=\"1920\" height=\"1284\" src=\"http:\/\/www.travel3.com.br\/site\/wp-content\/uploads\/2019\/02\/Cafe-WestCentral011_A.jpg\" alt=\"Jackie Ledo, da Copa Airlines e Rodrigo Mendicino, da Azul Linhas A\u00e9reas marcaram presen\u00e7a para desejar sucesso a Fernando Murta\" class=\"wp-image-19835\" srcset=\"https:\/\/www.travel3.com.br\/site\/wp-content\/uploads\/2019\/02\/Cafe-WestCentral011_A.jpg 1920w, https:\/\/www.travel3.com.br\/site\/wp-content\/uploads\/2019\/02\/Cafe-WestCentral011_A-300x201.jpg 300w, https:\/\/www.travel3.com.br\/site\/wp-content\/uploads\/2019\/02\/Cafe-WestCentral011_A-768x514.jpg 768w, https:\/\/www.travel3.com.br\/site\/wp-content\/uploads\/2019\/02\/Cafe-WestCentral011_A-1024x685.jpg 1024w, https:\/\/www.travel3.com.br\/site\/wp-content\/uploads\/2019\/02\/Cafe-WestCentral011_A-750x502.jpg 750w, https:\/\/www.travel3.com.br\/site\/wp-content\/uploads\/2019\/02\/Cafe-WestCentral011_A-1140x762.jpg 1140w\" sizes=\"auto, (max-width: 1920px) 100vw, 1920px\" \/><figcaption><strong>Jackie Ledo, da Copa Airlines e Rodrigo Mendicino, da Azul Linhas A\u00e9reas foram desejar todo sucesso ao Fernando Murta<\/strong><\/figcaption><\/figure>\n\n\n\n<p class=\"has-medium-font-size\">Entre cumprimentos, sauda\u00e7\u00f5es e votos de sucesso por parte dos agentes de viagem convidados, Fernando Murta falou com a Reportagem Travel3 sobre este novo momento em sua carreira.<\/p>\n\n\n\n<figure class=\"wp-block-image\"><img loading=\"lazy\" decoding=\"async\" width=\"1920\" height=\"1284\" src=\"http:\/\/www.travel3.com.br\/site\/wp-content\/uploads\/2019\/02\/Cafe-WestCentral003_A.jpg\" alt=\"Julio Froes, do hotel Pau Brasil, com Karina Chaves e Sandrinha Teixeira, do hotel Nauticomar\" class=\"wp-image-19831\" srcset=\"https:\/\/www.travel3.com.br\/site\/wp-content\/uploads\/2019\/02\/Cafe-WestCentral003_A.jpg 1920w, https:\/\/www.travel3.com.br\/site\/wp-content\/uploads\/2019\/02\/Cafe-WestCentral003_A-300x201.jpg 300w, https:\/\/www.travel3.com.br\/site\/wp-content\/uploads\/2019\/02\/Cafe-WestCentral003_A-768x514.jpg 768w, https:\/\/www.travel3.com.br\/site\/wp-content\/uploads\/2019\/02\/Cafe-WestCentral003_A-1024x685.jpg 1024w, https:\/\/www.travel3.com.br\/site\/wp-content\/uploads\/2019\/02\/Cafe-WestCentral003_A-750x502.jpg 750w, https:\/\/www.travel3.com.br\/site\/wp-content\/uploads\/2019\/02\/Cafe-WestCentral003_A-1140x762.jpg 1140w\" sizes=\"auto, (max-width: 1920px) 100vw, 1920px\" \/><figcaption><strong>Julio Froes, do hotel Pau Brasil, com Karina Chaves e Sandrinha Teixeira, do hotel Nauticomar<\/strong><\/figcaption><\/figure>\n\n\n\n<blockquote class=\"wp-block-quote is-layout-flow wp-block-quote-is-layout-flow\"><p>\u00c9 uma honra para mim passar a fazer parte do Grupo Confian\u00e7a que h\u00e1 40 anos atua no Brasil e est\u00e1 presente em 22 estados. A operadora WestCentral tem 26 anos de mercado e est\u00e1 presente em 15 estados do pa\u00eds, chegando agora em Minas Gerais. <\/p><p>Estou muito feliz pois conhe\u00e7o a Regina e estou a par dos produtos e do sistema da empresa, assim como da paridade tarif\u00e1ria e penetra\u00e7\u00e3o no mercado. Vi que esta seria um oportunidade maravilhosa de mostrar este produto maravilhoso e que &#8211; mais do que tudo &#8211; inspira confian\u00e7a ao mercado. <\/p><p>Minha expectativa \u00e9 das melhores. Comecei a trabalhar em janeiro e j\u00e1 fiz muitas visitas e tenho um outro tanto j\u00e1 agendadas. J\u00e1 instalamos o sistema e seguimos cadastrando as ag\u00eancias, enfim, estamos trabalhando no processo inicial de uma operadora. Ao mesmo tempo j\u00e1 estamos mostrando ao mercado como funcionam as ferramentas do nosso portal online e os diferenciais de pre\u00e7o, produto e acordos a\u00e9reos. Minas \u00e9 um dos mercados que mais consome viagens no Brasil e tem sempre uma \u00f3tima receptividade para produtos de alta qualidade como s\u00e3o os produtos da WestCentral.   <\/p><cite>Fernando Murta &#8211; Executivo de Contas da WestCentral<\/cite><\/blockquote>\n\n\n\n<figure class=\"wp-block-image\"><img loading=\"lazy\" decoding=\"async\" width=\"1920\" height=\"1284\" src=\"http:\/\/www.travel3.com.br\/site\/wp-content\/uploads\/2019\/02\/Cafe-WestCentral004_A.jpg\" alt=\"Luciana Oliveira e Rodrigo Lins, do Nannai Resort &amp; SPa; e J\u00e9ssica Carvalho, da rede hoteleira Macei\u00f3 Mar\" class=\"wp-image-19832\" srcset=\"https:\/\/www.travel3.com.br\/site\/wp-content\/uploads\/2019\/02\/Cafe-WestCentral004_A.jpg 1920w, https:\/\/www.travel3.com.br\/site\/wp-content\/uploads\/2019\/02\/Cafe-WestCentral004_A-300x201.jpg 300w, https:\/\/www.travel3.com.br\/site\/wp-content\/uploads\/2019\/02\/Cafe-WestCentral004_A-768x514.jpg 768w, https:\/\/www.travel3.com.br\/site\/wp-content\/uploads\/2019\/02\/Cafe-WestCentral004_A-1024x685.jpg 1024w, https:\/\/www.travel3.com.br\/site\/wp-content\/uploads\/2019\/02\/Cafe-WestCentral004_A-750x502.jpg 750w, https:\/\/www.travel3.com.br\/site\/wp-content\/uploads\/2019\/02\/Cafe-WestCentral004_A-1140x762.jpg 1140w\" sizes=\"auto, (max-width: 1920px) 100vw, 1920px\" \/><figcaption><strong>Luciana Oliveira e Rodrigo Lins, do Nannai Resort &amp; SPa; e J\u00e9ssica Carvalho, da rede hoteleira Macei\u00f3 Mar<\/strong><\/figcaption><\/figure>\n\n\n\n<p class=\"has-medium-font-size\"><strong>Em Belo Horizonte, o escrit\u00f3rio da WestCentral fica na Av. Brasil 1491 &#8211; Salas 303\/304, no bairro Funcion\u00e1rios. O telefone da operadora \u00e9 (61) 3575-7500.<\/strong><\/p>\n\n\n\n<figure class=\"wp-block-image\"><img loading=\"lazy\" decoding=\"async\" width=\"1024\" height=\"685\" src=\"http:\/\/www.travel3.com.br\/site\/wp-content\/uploads\/2019\/02\/Cafe-WestCentral009_A-1024x685.jpg\" alt=\"O anfitri\u00e3o com Corina Andrade, diretora do MG Receptivo\" class=\"wp-image-19834\" srcset=\"https:\/\/www.travel3.com.br\/site\/wp-content\/uploads\/2019\/02\/Cafe-WestCentral009_A-1024x685.jpg 1024w, https:\/\/www.travel3.com.br\/site\/wp-content\/uploads\/2019\/02\/Cafe-WestCentral009_A-300x201.jpg 300w, https:\/\/www.travel3.com.br\/site\/wp-content\/uploads\/2019\/02\/Cafe-WestCentral009_A-768x514.jpg 768w, https:\/\/www.travel3.com.br\/site\/wp-content\/uploads\/2019\/02\/Cafe-WestCentral009_A-750x502.jpg 750w, https:\/\/www.travel3.com.br\/site\/wp-content\/uploads\/2019\/02\/Cafe-WestCentral009_A-1140x762.jpg 1140w, https:\/\/www.travel3.com.br\/site\/wp-content\/uploads\/2019\/02\/Cafe-WestCentral009_A.jpg 1920w\" sizes=\"auto, (max-width: 1024px) 100vw, 1024px\" \/><figcaption><strong>O anfitri\u00e3o com Corina Andrade, diretora do MG Receptivo<\/strong><\/figcaption><\/figure>\n\n\n\n<figure class=\"wp-block-image\"><img loading=\"lazy\" decoding=\"async\" width=\"1920\" height=\"1284\" src=\"http:\/\/www.travel3.com.br\/site\/wp-content\/uploads\/2019\/02\/Cafe-WestCentral001_A.jpg\" alt=\"Regina Barros e Fernando Murta, no evento de lan\u00e7amento da Operadora WestCentral em Belo Horizonte\" class=\"wp-image-19829\" srcset=\"https:\/\/www.travel3.com.br\/site\/wp-content\/uploads\/2019\/02\/Cafe-WestCentral001_A.jpg 1920w, https:\/\/www.travel3.com.br\/site\/wp-content\/uploads\/2019\/02\/Cafe-WestCentral001_A-300x201.jpg 300w, https:\/\/www.travel3.com.br\/site\/wp-content\/uploads\/2019\/02\/Cafe-WestCentral001_A-768x514.jpg 768w, https:\/\/www.travel3.com.br\/site\/wp-content\/uploads\/2019\/02\/Cafe-WestCentral001_A-1024x685.jpg 1024w, https:\/\/www.travel3.com.br\/site\/wp-content\/uploads\/2019\/02\/Cafe-WestCentral001_A-750x502.jpg 750w, https:\/\/www.travel3.com.br\/site\/wp-content\/uploads\/2019\/02\/Cafe-WestCentral001_A-1140x762.jpg 1140w\" sizes=\"auto, (max-width: 1920px) 100vw, 1920px\" \/><figcaption><strong>Regina Barros e Fernando Murta, no evento de lan\u00e7amento da Operadora WestCentral em Belo Horizonte<\/strong><\/figcaption><\/figure>\n\n\n\n<p class=\"has-medium-font-size\"><strong>Os contatos de Fernando Murta s\u00e3o = (31) 99429-9191 + <\/strong><a href=\"fernandomurta@westcentral.com.br\"><strong>fernandomurta@westcentral.com.br<\/strong><\/a><strong>.<\/strong><\/p>\n","protected":false},"excerpt":{"rendered":"<p>Fernando Murta ser\u00e1 o respons\u00e1vel pela base mineira e ficar\u00e1 sediado em BH Com um caf\u00e9 da manh\u00e3 prestigiado por nomes relevantes do turismo mineiro, Fernando Murta, rec\u00e9m-contratado pela operadora WestCentral, ao lado de Regina Barros, gerente comercial e produtos da empresa, comunicaram oficialmente a entrada da operadora no mercado mineiro. Regina Barros, que veio [&hellip;]<\/p>\n","protected":false},"author":4,"featured_media":19830,"comment_status":"open","ping_status":"open","sticky":false,"template":"","format":"standard","meta":{"footnotes":""},"categories":[969,226,4],"tags":[583,3246,3248,3247,187,3245],"class_list":["post-19847","post","type-post","status-publish","format-standard","has-post-thumbnail","hentry","category-acontece-no-turismo","category-destaque","category-operadoras","tag-claudia-tonaco","tag-fernando-murta","tag-grupo-confianca","tag-regina-barros","tag-travel3","tag-westcentral-operadora"],"yoast_head":"<!-- This site is optimized with the Yoast SEO plugin v26.2 - https:\/\/yoast.com\/wordpress\/plugins\/seo\/ -->\n<title>Com evento matinal, WestCentral marca entrada no mercado mineiro - Travel3<\/title>\n<meta name=\"description\" content=\"A TRAVEL3 \u00e9 um portal de conte\u00fado voltado para o turismo, encontre destinos, viagens, hospedagem, passagens, guias, not\u00edcias sobre o mercado do turismo, dicas de viagem, v\u00eddeos e podcast.\" \/>\n<meta name=\"robots\" content=\"index, follow, max-snippet:-1, max-image-preview:large, max-video-preview:-1\" \/>\n<link rel=\"canonical\" href=\"https:\/\/www.travel3.com.br\/site\/acontece-no-turismo\/com-evento-matinal-westcentral-marca-entrada-no-mercado-mineiro\/\" \/>\n<meta property=\"og:locale\" content=\"pt_BR\" \/>\n<meta property=\"og:type\" content=\"article\" \/>\n<meta property=\"og:title\" content=\"Com evento matinal, WestCentral marca entrada no mercado mineiro - Travel3\" \/>\n<meta property=\"og:description\" content=\"A TRAVEL3 \u00e9 um portal de conte\u00fado voltado para o turismo, encontre destinos, viagens, hospedagem, passagens, guias, not\u00edcias sobre o mercado do turismo, dicas de viagem, v\u00eddeos e podcast.\" \/>\n<meta property=\"og:url\" content=\"https:\/\/www.travel3.com.br\/site\/acontece-no-turismo\/com-evento-matinal-westcentral-marca-entrada-no-mercado-mineiro\/\" \/>\n<meta property=\"og:site_name\" content=\"Travel3\" \/>\n<meta property=\"article:publisher\" content=\"https:\/\/www.facebook.com\/travel3media\/\" \/>\n<meta property=\"article:published_time\" content=\"2019-02-07T15:36:00+00:00\" \/>\n<meta property=\"article:modified_time\" content=\"2019-02-08T13:24:15+00:00\" \/>\n<meta property=\"og:image\" content=\"https:\/\/www.travel3.com.br\/site\/wp-content\/uploads\/2019\/02\/Cafe-WestCentral002_A.jpg\" \/>\n\t<meta property=\"og:image:width\" content=\"1920\" \/>\n\t<meta property=\"og:image:height\" content=\"1284\" \/>\n\t<meta property=\"og:image:type\" content=\"image\/jpeg\" \/>\n<meta name=\"author\" content=\"Claudia Tonaco\" \/>\n<meta name=\"twitter:card\" content=\"summary_large_image\" \/>\n<meta name=\"twitter:label1\" content=\"Escrito por\" \/>\n\t<meta name=\"twitter:data1\" content=\"Claudia Tonaco\" \/>\n\t<meta name=\"twitter:label2\" content=\"Est. tempo de leitura\" \/>\n\t<meta name=\"twitter:data2\" content=\"3 minutos\" \/>\n<script type=\"application\/ld+json\" class=\"yoast-schema-graph\">{\"@context\":\"https:\/\/schema.org\",\"@graph\":[{\"@type\":\"Article\",\"@id\":\"https:\/\/www.travel3.com.br\/site\/acontece-no-turismo\/com-evento-matinal-westcentral-marca-entrada-no-mercado-mineiro\/#article\",\"isPartOf\":{\"@id\":\"https:\/\/www.travel3.com.br\/site\/acontece-no-turismo\/com-evento-matinal-westcentral-marca-entrada-no-mercado-mineiro\/\"},\"author\":{\"name\":\"Claudia Tonaco\",\"@id\":\"https:\/\/www.travel3.com.br\/site\/#\/schema\/person\/ad24a6ccba88dcd54877f3d2fb76c605\"},\"headline\":\"Com evento matinal, WestCentral marca entrada no mercado mineiro\",\"datePublished\":\"2019-02-07T15:36:00+00:00\",\"dateModified\":\"2019-02-08T13:24:15+00:00\",\"mainEntityOfPage\":{\"@id\":\"https:\/\/www.travel3.com.br\/site\/acontece-no-turismo\/com-evento-matinal-westcentral-marca-entrada-no-mercado-mineiro\/\"},\"wordCount\":588,\"commentCount\":0,\"publisher\":{\"@id\":\"https:\/\/www.travel3.com.br\/site\/#organization\"},\"image\":{\"@id\":\"https:\/\/www.travel3.com.br\/site\/acontece-no-turismo\/com-evento-matinal-westcentral-marca-entrada-no-mercado-mineiro\/#primaryimage\"},\"thumbnailUrl\":\"https:\/\/www.travel3.com.br\/site\/wp-content\/uploads\/2019\/02\/Cafe-WestCentral002_A.jpg\",\"keywords\":[\"Claudia Tonaco\",\"Fernando Murta\",\"Grupo Confian\u00e7a\",\"Regina Barros\",\"Travel3\",\"WestCentral Operadora\"],\"articleSection\":[\"Acontece no Turismo\",\"Destaque\",\"Operadoras\"],\"inLanguage\":\"pt-BR\",\"potentialAction\":[{\"@type\":\"CommentAction\",\"name\":\"Comment\",\"target\":[\"https:\/\/www.travel3.com.br\/site\/acontece-no-turismo\/com-evento-matinal-westcentral-marca-entrada-no-mercado-mineiro\/#respond\"]}]},{\"@type\":\"WebPage\",\"@id\":\"https:\/\/www.travel3.com.br\/site\/acontece-no-turismo\/com-evento-matinal-westcentral-marca-entrada-no-mercado-mineiro\/\",\"url\":\"https:\/\/www.travel3.com.br\/site\/acontece-no-turismo\/com-evento-matinal-westcentral-marca-entrada-no-mercado-mineiro\/\",\"name\":\"Com evento matinal, WestCentral marca entrada no mercado mineiro - Travel3\",\"isPartOf\":{\"@id\":\"https:\/\/www.travel3.com.br\/site\/#website\"},\"primaryImageOfPage\":{\"@id\":\"https:\/\/www.travel3.com.br\/site\/acontece-no-turismo\/com-evento-matinal-westcentral-marca-entrada-no-mercado-mineiro\/#primaryimage\"},\"image\":{\"@id\":\"https:\/\/www.travel3.com.br\/site\/acontece-no-turismo\/com-evento-matinal-westcentral-marca-entrada-no-mercado-mineiro\/#primaryimage\"},\"thumbnailUrl\":\"https:\/\/www.travel3.com.br\/site\/wp-content\/uploads\/2019\/02\/Cafe-WestCentral002_A.jpg\",\"datePublished\":\"2019-02-07T15:36:00+00:00\",\"dateModified\":\"2019-02-08T13:24:15+00:00\",\"description\":\"A TRAVEL3 \u00e9 um portal de conte\u00fado voltado para o turismo, encontre destinos, viagens, hospedagem, passagens, guias, not\u00edcias sobre o mercado do turismo, dicas de viagem, v\u00eddeos e podcast.\",\"breadcrumb\":{\"@id\":\"https:\/\/www.travel3.com.br\/site\/acontece-no-turismo\/com-evento-matinal-westcentral-marca-entrada-no-mercado-mineiro\/#breadcrumb\"},\"inLanguage\":\"pt-BR\",\"potentialAction\":[{\"@type\":\"ReadAction\",\"target\":[\"https:\/\/www.travel3.com.br\/site\/acontece-no-turismo\/com-evento-matinal-westcentral-marca-entrada-no-mercado-mineiro\/\"]}]},{\"@type\":\"ImageObject\",\"inLanguage\":\"pt-BR\",\"@id\":\"https:\/\/www.travel3.com.br\/site\/acontece-no-turismo\/com-evento-matinal-westcentral-marca-entrada-no-mercado-mineiro\/#primaryimage\",\"url\":\"https:\/\/www.travel3.com.br\/site\/wp-content\/uploads\/2019\/02\/Cafe-WestCentral002_A.jpg\",\"contentUrl\":\"https:\/\/www.travel3.com.br\/site\/wp-content\/uploads\/2019\/02\/Cafe-WestCentral002_A.jpg\",\"width\":1920,\"height\":1284,\"caption\":\"Regina Barros, gerente comercial e de produtos da WestCentral, e Fernando Murta, executivo de contas da operadora, respons\u00e1vel pelo mercado de Belo Horizonte\"},{\"@type\":\"BreadcrumbList\",\"@id\":\"https:\/\/www.travel3.com.br\/site\/acontece-no-turismo\/com-evento-matinal-westcentral-marca-entrada-no-mercado-mineiro\/#breadcrumb\",\"itemListElement\":[{\"@type\":\"ListItem\",\"position\":1,\"name\":\"In\u00edcio\",\"item\":\"https:\/\/www.travel3.com.br\/site\/\"},{\"@type\":\"ListItem\",\"position\":2,\"name\":\"Com evento matinal, WestCentral marca entrada no mercado mineiro\"}]},{\"@type\":\"WebSite\",\"@id\":\"https:\/\/www.travel3.com.br\/site\/#website\",\"url\":\"https:\/\/www.travel3.com.br\/site\/\",\"name\":\"Travel3\",\"description\":\"Lazer + Neg&oacute;cios + Aventura\",\"publisher\":{\"@id\":\"https:\/\/www.travel3.com.br\/site\/#organization\"},\"potentialAction\":[{\"@type\":\"SearchAction\",\"target\":{\"@type\":\"EntryPoint\",\"urlTemplate\":\"https:\/\/www.travel3.com.br\/site\/?s={search_term_string}\"},\"query-input\":{\"@type\":\"PropertyValueSpecification\",\"valueRequired\":true,\"valueName\":\"search_term_string\"}}],\"inLanguage\":\"pt-BR\"},{\"@type\":\"Organization\",\"@id\":\"https:\/\/www.travel3.com.br\/site\/#organization\",\"name\":\"Travel3\",\"url\":\"https:\/\/www.travel3.com.br\/site\/\",\"logo\":{\"@type\":\"ImageObject\",\"inLanguage\":\"pt-BR\",\"@id\":\"https:\/\/www.travel3.com.br\/site\/#\/schema\/logo\/image\/\",\"url\":\"https:\/\/www.travel3.com.br\/site\/wp-content\/uploads\/2020\/01\/logo-travel3-2020.png\",\"contentUrl\":\"https:\/\/www.travel3.com.br\/site\/wp-content\/uploads\/2020\/01\/logo-travel3-2020.png\",\"width\":232,\"height\":79,\"caption\":\"Travel3\"},\"image\":{\"@id\":\"https:\/\/www.travel3.com.br\/site\/#\/schema\/logo\/image\/\"},\"sameAs\":[\"https:\/\/www.facebook.com\/travel3media\/\",\"https:\/\/www.instagram.com\/revistatravel3\/\",\"https:\/\/www.youtube.com\/channel\/UCno7J4paGBR3VbZQzvoJ9Eg\"]},{\"@type\":\"Person\",\"@id\":\"https:\/\/www.travel3.com.br\/site\/#\/schema\/person\/ad24a6ccba88dcd54877f3d2fb76c605\",\"name\":\"Claudia Tonaco\",\"image\":{\"@type\":\"ImageObject\",\"inLanguage\":\"pt-BR\",\"@id\":\"https:\/\/www.travel3.com.br\/site\/#\/schema\/person\/image\/\",\"url\":\"https:\/\/secure.gravatar.com\/avatar\/7c64bb31135bb8c28f49658a042f8b8a?s=96&d=mm&r=g\",\"contentUrl\":\"https:\/\/secure.gravatar.com\/avatar\/7c64bb31135bb8c28f49658a042f8b8a?s=96&d=mm&r=g\",\"caption\":\"Claudia Tonaco\"},\"sameAs\":[\"http:\/\/www.travel3.com.br\"],\"url\":\"https:\/\/www.travel3.com.br\/site\/author\/tonaco\/\"}]}<\/script>\n<!-- \/ Yoast SEO plugin. -->","yoast_head_json":{"title":"Com evento matinal, WestCentral marca entrada no mercado mineiro - Travel3","description":"A TRAVEL3 \u00e9 um portal de conte\u00fado voltado para o turismo, encontre destinos, viagens, hospedagem, passagens, guias, not\u00edcias sobre o mercado do turismo, dicas de viagem, v\u00eddeos e podcast.","robots":{"index":"index","follow":"follow","max-snippet":"max-snippet:-1","max-image-preview":"max-image-preview:large","max-video-preview":"max-video-preview:-1"},"canonical":"https:\/\/www.travel3.com.br\/site\/acontece-no-turismo\/com-evento-matinal-westcentral-marca-entrada-no-mercado-mineiro\/","og_locale":"pt_BR","og_type":"article","og_title":"Com evento matinal, WestCentral marca entrada no mercado mineiro - Travel3","og_description":"A TRAVEL3 \u00e9 um portal de conte\u00fado voltado para o turismo, encontre destinos, viagens, hospedagem, passagens, guias, not\u00edcias sobre o mercado do turismo, dicas de viagem, v\u00eddeos e podcast.","og_url":"https:\/\/www.travel3.com.br\/site\/acontece-no-turismo\/com-evento-matinal-westcentral-marca-entrada-no-mercado-mineiro\/","og_site_name":"Travel3","article_publisher":"https:\/\/www.facebook.com\/travel3media\/","article_published_time":"2019-02-07T15:36:00+00:00","article_modified_time":"2019-02-08T13:24:15+00:00","og_image":[{"width":1920,"height":1284,"url":"https:\/\/www.travel3.com.br\/site\/wp-content\/uploads\/2019\/02\/Cafe-WestCentral002_A.jpg","type":"image\/jpeg"}],"author":"Claudia Tonaco","twitter_card":"summary_large_image","twitter_misc":{"Escrito por":"Claudia Tonaco","Est. tempo de leitura":"3 minutos"},"schema":{"@context":"https:\/\/schema.org","@graph":[{"@type":"Article","@id":"https:\/\/www.travel3.com.br\/site\/acontece-no-turismo\/com-evento-matinal-westcentral-marca-entrada-no-mercado-mineiro\/#article","isPartOf":{"@id":"https:\/\/www.travel3.com.br\/site\/acontece-no-turismo\/com-evento-matinal-westcentral-marca-entrada-no-mercado-mineiro\/"},"author":{"name":"Claudia Tonaco","@id":"https:\/\/www.travel3.com.br\/site\/#\/schema\/person\/ad24a6ccba88dcd54877f3d2fb76c605"},"headline":"Com evento matinal, WestCentral marca entrada no mercado mineiro","datePublished":"2019-02-07T15:36:00+00:00","dateModified":"2019-02-08T13:24:15+00:00","mainEntityOfPage":{"@id":"https:\/\/www.travel3.com.br\/site\/acontece-no-turismo\/com-evento-matinal-westcentral-marca-entrada-no-mercado-mineiro\/"},"wordCount":588,"commentCount":0,"publisher":{"@id":"https:\/\/www.travel3.com.br\/site\/#organization"},"image":{"@id":"https:\/\/www.travel3.com.br\/site\/acontece-no-turismo\/com-evento-matinal-westcentral-marca-entrada-no-mercado-mineiro\/#primaryimage"},"thumbnailUrl":"https:\/\/www.travel3.com.br\/site\/wp-content\/uploads\/2019\/02\/Cafe-WestCentral002_A.jpg","keywords":["Claudia Tonaco","Fernando Murta","Grupo Confian\u00e7a","Regina Barros","Travel3","WestCentral Operadora"],"articleSection":["Acontece no Turismo","Destaque","Operadoras"],"inLanguage":"pt-BR","potentialAction":[{"@type":"CommentAction","name":"Comment","target":["https:\/\/www.travel3.com.br\/site\/acontece-no-turismo\/com-evento-matinal-westcentral-marca-entrada-no-mercado-mineiro\/#respond"]}]},{"@type":"WebPage","@id":"https:\/\/www.travel3.com.br\/site\/acontece-no-turismo\/com-evento-matinal-westcentral-marca-entrada-no-mercado-mineiro\/","url":"https:\/\/www.travel3.com.br\/site\/acontece-no-turismo\/com-evento-matinal-westcentral-marca-entrada-no-mercado-mineiro\/","name":"Com evento matinal, WestCentral marca entrada no mercado mineiro - Travel3","isPartOf":{"@id":"https:\/\/www.travel3.com.br\/site\/#website"},"primaryImageOfPage":{"@id":"https:\/\/www.travel3.com.br\/site\/acontece-no-turismo\/com-evento-matinal-westcentral-marca-entrada-no-mercado-mineiro\/#primaryimage"},"image":{"@id":"https:\/\/www.travel3.com.br\/site\/acontece-no-turismo\/com-evento-matinal-westcentral-marca-entrada-no-mercado-mineiro\/#primaryimage"},"thumbnailUrl":"https:\/\/www.travel3.com.br\/site\/wp-content\/uploads\/2019\/02\/Cafe-WestCentral002_A.jpg","datePublished":"2019-02-07T15:36:00+00:00","dateModified":"2019-02-08T13:24:15+00:00","description":"A TRAVEL3 \u00e9 um portal de conte\u00fado voltado para o turismo, encontre destinos, viagens, hospedagem, passagens, guias, not\u00edcias sobre o mercado do turismo, dicas de viagem, v\u00eddeos e podcast.","breadcrumb":{"@id":"https:\/\/www.travel3.com.br\/site\/acontece-no-turismo\/com-evento-matinal-westcentral-marca-entrada-no-mercado-mineiro\/#breadcrumb"},"inLanguage":"pt-BR","potentialAction":[{"@type":"ReadAction","target":["https:\/\/www.travel3.com.br\/site\/acontece-no-turismo\/com-evento-matinal-westcentral-marca-entrada-no-mercado-mineiro\/"]}]},{"@type":"ImageObject","inLanguage":"pt-BR","@id":"https:\/\/www.travel3.com.br\/site\/acontece-no-turismo\/com-evento-matinal-westcentral-marca-entrada-no-mercado-mineiro\/#primaryimage","url":"https:\/\/www.travel3.com.br\/site\/wp-content\/uploads\/2019\/02\/Cafe-WestCentral002_A.jpg","contentUrl":"https:\/\/www.travel3.com.br\/site\/wp-content\/uploads\/2019\/02\/Cafe-WestCentral002_A.jpg","width":1920,"height":1284,"caption":"Regina Barros, gerente comercial e de produtos da WestCentral, e Fernando Murta, executivo de contas da operadora, respons\u00e1vel pelo mercado de Belo Horizonte"},{"@type":"BreadcrumbList","@id":"https:\/\/www.travel3.com.br\/site\/acontece-no-turismo\/com-evento-matinal-westcentral-marca-entrada-no-mercado-mineiro\/#breadcrumb","itemListElement":[{"@type":"ListItem","position":1,"name":"In\u00edcio","item":"https:\/\/www.travel3.com.br\/site\/"},{"@type":"ListItem","position":2,"name":"Com evento matinal, WestCentral marca entrada no mercado mineiro"}]},{"@type":"WebSite","@id":"https:\/\/www.travel3.com.br\/site\/#website","url":"https:\/\/www.travel3.com.br\/site\/","name":"Travel3","description":"Lazer + Neg&oacute;cios + Aventura","publisher":{"@id":"https:\/\/www.travel3.com.br\/site\/#organization"},"potentialAction":[{"@type":"SearchAction","target":{"@type":"EntryPoint","urlTemplate":"https:\/\/www.travel3.com.br\/site\/?s={search_term_string}"},"query-input":{"@type":"PropertyValueSpecification","valueRequired":true,"valueName":"search_term_string"}}],"inLanguage":"pt-BR"},{"@type":"Organization","@id":"https:\/\/www.travel3.com.br\/site\/#organization","name":"Travel3","url":"https:\/\/www.travel3.com.br\/site\/","logo":{"@type":"ImageObject","inLanguage":"pt-BR","@id":"https:\/\/www.travel3.com.br\/site\/#\/schema\/logo\/image\/","url":"https:\/\/www.travel3.com.br\/site\/wp-content\/uploads\/2020\/01\/logo-travel3-2020.png","contentUrl":"https:\/\/www.travel3.com.br\/site\/wp-content\/uploads\/2020\/01\/logo-travel3-2020.png","width":232,"height":79,"caption":"Travel3"},"image":{"@id":"https:\/\/www.travel3.com.br\/site\/#\/schema\/logo\/image\/"},"sameAs":["https:\/\/www.facebook.com\/travel3media\/","https:\/\/www.instagram.com\/revistatravel3\/","https:\/\/www.youtube.com\/channel\/UCno7J4paGBR3VbZQzvoJ9Eg"]},{"@type":"Person","@id":"https:\/\/www.travel3.com.br\/site\/#\/schema\/person\/ad24a6ccba88dcd54877f3d2fb76c605","name":"Claudia Tonaco","image":{"@type":"ImageObject","inLanguage":"pt-BR","@id":"https:\/\/www.travel3.com.br\/site\/#\/schema\/person\/image\/","url":"https:\/\/secure.gravatar.com\/avatar\/7c64bb31135bb8c28f49658a042f8b8a?s=96&d=mm&r=g","contentUrl":"https:\/\/secure.gravatar.com\/avatar\/7c64bb31135bb8c28f49658a042f8b8a?s=96&d=mm&r=g","caption":"Claudia Tonaco"},"sameAs":["http:\/\/www.travel3.com.br"],"url":"https:\/\/www.travel3.com.br\/site\/author\/tonaco\/"}]}},"_links":{"self":[{"href":"https:\/\/www.travel3.com.br\/site\/wp-json\/wp\/v2\/posts\/19847","targetHints":{"allow":["GET"]}}],"collection":[{"href":"https:\/\/www.travel3.com.br\/site\/wp-json\/wp\/v2\/posts"}],"about":[{"href":"https:\/\/www.travel3.com.br\/site\/wp-json\/wp\/v2\/types\/post"}],"author":[{"embeddable":true,"href":"https:\/\/www.travel3.com.br\/site\/wp-json\/wp\/v2\/users\/4"}],"replies":[{"embeddable":true,"href":"https:\/\/www.travel3.com.br\/site\/wp-json\/wp\/v2\/comments?post=19847"}],"version-history":[{"count":3,"href":"https:\/\/www.travel3.com.br\/site\/wp-json\/wp\/v2\/posts\/19847\/revisions"}],"predecessor-version":[{"id":19895,"href":"https:\/\/www.travel3.com.br\/site\/wp-json\/wp\/v2\/posts\/19847\/revisions\/19895"}],"wp:featuredmedia":[{"embeddable":true,"href":"https:\/\/www.travel3.com.br\/site\/wp-json\/wp\/v2\/media\/19830"}],"wp:attachment":[{"href":"https:\/\/www.travel3.com.br\/site\/wp-json\/wp\/v2\/media?parent=19847"}],"wp:term":[{"taxonomy":"category","embeddable":true,"href":"https:\/\/www.travel3.com.br\/site\/wp-json\/wp\/v2\/categories?post=19847"},{"taxonomy":"post_tag","embeddable":true,"href":"https:\/\/www.travel3.com.br\/site\/wp-json\/wp\/v2\/tags?post=19847"}],"curies":[{"name":"wp","href":"https:\/\/api.w.org\/{rel}","templated":true}]}}