{"id":1947,"date":"2017-09-09T17:41:59","date_gmt":"2017-09-09T17:41:59","guid":{"rendered":"http:\/\/www.travel3.com.br\/site\/ir-e-vir\/ar\/roteiros-de-neve-na-asul-destaque-da-nova-campanha-de-incentivo-da-visual\/"},"modified":"2017-09-09T17:41:59","modified_gmt":"2017-09-09T17:41:59","slug":"roteiros-de-neve-na-asul-destaque-da-nova-campanha-de-incentivo-da-visual","status":"publish","type":"post","link":"https:\/\/www.travel3.com.br\/site\/sem-categoria\/roteiros-de-neve-na-asul-destaque-da-nova-campanha-de-incentivo-da-visual\/","title":{"rendered":"ROTEIROS DE NEVE NA ASUL, DESTAQUE DA NOVA CAMPANHA DE INCENTIVO DA VISUAL"},"content":{"rendered":"<p><span style=\"color: #40acad; font-family: -apple-system, system-ui, 'Segoe UI', Roboto, Oxygen-Sans, Ubuntu, Cantarell, 'Helvetica Neue', sans-serif; font-size: 12px; font-weight: bold;\"><\/p>\n<p style=\"text-align:justify\">A temporada de neve com os roteiros da America do Sul \u00e9 um dos melhores produtos de venda para os agentes de viagens no atual momento. Melhor ainda para os agentes que comercializam os roteiros da Visual Turismo pois \u00a0eles tem um resgate de 32 pontos dentro da nova campanha de incentivos da operadora .<\/p>\n<p style=\"text-align:justify\">A campanha Visual Plus, continuar\u00e1 valorizando intensamente \u00a0esta parceria com os agentes que preferem os produtos da Visual. A cada venda de mil reais (exclu\u00eddas as taxas) em qualquer produto l, o agente ganha 25 pontos, que podem ser acumulados ou trocados por pr\u00eamios \u2013 concorrendo a mais de 485 mil op\u00e7\u00f5es nos segmentos de inform\u00e1tica e tecnologia, casa e escrit\u00f3rio, cultura e divers\u00e3o, moda e beleza, ferramentas, automotivo, esporte, sa\u00fade e infantil.<\/p>\n<p style=\"text-align:justify\"><a class=\"fancybox-media\" href=\"..\/_uploads\/_noticia\/2017-05\/nevenaargentina.jpg\" rel=\"portfolio\"><img decoding=\"async\" alt=\"\" src=\"..\/_uploads\/_noticia\/2017-05\/nevenaargentina.jpg\" \/><\/a> A novidade com os roteiros de neve traz a expectativa de aumento na performance de vendas, como concorda Afonso Louro, diretor da operadora: \u2018nossa meta \u00e9 atingir um crescimento de 10% em compara\u00e7\u00e3o ao ano passado. A campanha \u00e9 tamb\u00e9m um agradecimento aos agentes pelas vendas e um est\u00edmulo para nosso clientes estarem sempre perto da Visual\u201d, comenta.<\/p>\n<p style=\"text-align:justify\">A edi\u00e7\u00e3o do ano passado, comemorativa aos 30 anos da operadora, teve um saldo positivo. No total, foram mais de R$ 1.250.000 investidos, 5500 agentes cadastrados e 3450 itens resgatados, desde recargas de celulares a liquidificadores, aspiradores de p\u00f3, secadores de cabelos, cafeteiras, al\u00e9m de notebooks e smartphones, entre muitos outros.<\/p>\n<p style=\"text-align:justify\">Para participar da campanha Visual Plus, basta que o agente fa\u00e7a o cadastro em\u00a0www.visualplus.com.br, aguarde um e-mail com a confirma\u00e7\u00e3o, venda os produtos da operadora, junte pontos e realize o resgate.<\/p>\n<p style=\"text-align:justify\">Em suas mais de tr\u00eas d\u00e9cadas, a Visual j\u00e1 embarcou mais de tr\u00eas milh\u00f5es de passageiros e conta com 13 mil agentes parceiros e cerca de 1.500 roteiros nacionais e internacionais.<\/p>\n<p style=\"text-align:justify\">\u00a0www.visualturismo.com.br.<\/p>\n<p>\u00a0<\/p>\n<p>\u00a0<\/p>\n<p><\/span><\/p>\n","protected":false},"excerpt":{"rendered":"<p>A terceira edi\u00e7\u00e3o do programa Visual Plus tem mais de 485 mil itens para resgate, entre produtos e experi\u00eancias<\/p>\n","protected":false},"author":1,"featured_media":0,"comment_status":"open","ping_status":"open","sticky":false,"template":"","format":"standard","meta":{"footnotes":""},"categories":[],"tags":[],"class_list":["post-1947","post","type-post","status-publish","format-standard","hentry"],"yoast_head":"<!-- This site is optimized with the Yoast SEO plugin v26.2 - https:\/\/yoast.com\/wordpress\/plugins\/seo\/ -->\n<title>ROTEIROS DE NEVE NA ASUL, DESTAQUE DA NOVA CAMPANHA DE INCENTIVO DA VISUAL - Travel3<\/title>\n<meta name=\"description\" content=\"A TRAVEL3 \u00e9 um portal de conte\u00fado voltado para o turismo, encontre destinos, viagens, hospedagem, passagens, guias, not\u00edcias sobre o mercado do turismo, dicas de viagem, v\u00eddeos e podcast.\" \/>\n<meta name=\"robots\" content=\"index, follow, max-snippet:-1, max-image-preview:large, max-video-preview:-1\" \/>\n<link rel=\"canonical\" href=\"https:\/\/www.travel3.com.br\/site\/sem-categoria\/roteiros-de-neve-na-asul-destaque-da-nova-campanha-de-incentivo-da-visual\/\" \/>\n<meta property=\"og:locale\" content=\"pt_BR\" \/>\n<meta property=\"og:type\" content=\"article\" \/>\n<meta property=\"og:title\" content=\"ROTEIROS DE NEVE NA ASUL, DESTAQUE DA NOVA CAMPANHA DE INCENTIVO DA VISUAL - Travel3\" \/>\n<meta property=\"og:description\" content=\"A TRAVEL3 \u00e9 um portal de conte\u00fado voltado para o turismo, encontre destinos, viagens, hospedagem, passagens, guias, not\u00edcias sobre o mercado do turismo, dicas de viagem, v\u00eddeos e podcast.\" \/>\n<meta property=\"og:url\" content=\"https:\/\/www.travel3.com.br\/site\/sem-categoria\/roteiros-de-neve-na-asul-destaque-da-nova-campanha-de-incentivo-da-visual\/\" \/>\n<meta property=\"og:site_name\" content=\"Travel3\" \/>\n<meta property=\"article:publisher\" content=\"https:\/\/www.facebook.com\/travel3media\/\" \/>\n<meta property=\"article:published_time\" content=\"2017-09-09T17:41:59+00:00\" \/>\n<meta name=\"author\" content=\"admin\" \/>\n<meta name=\"twitter:card\" content=\"summary_large_image\" \/>\n<meta name=\"twitter:label1\" content=\"Escrito por\" \/>\n\t<meta name=\"twitter:data1\" content=\"admin\" \/>\n\t<meta name=\"twitter:label2\" content=\"Est. tempo de leitura\" \/>\n\t<meta name=\"twitter:data2\" content=\"2 minutos\" \/>\n<script type=\"application\/ld+json\" class=\"yoast-schema-graph\">{\"@context\":\"https:\/\/schema.org\",\"@graph\":[{\"@type\":\"Article\",\"@id\":\"https:\/\/www.travel3.com.br\/site\/sem-categoria\/roteiros-de-neve-na-asul-destaque-da-nova-campanha-de-incentivo-da-visual\/#article\",\"isPartOf\":{\"@id\":\"https:\/\/www.travel3.com.br\/site\/sem-categoria\/roteiros-de-neve-na-asul-destaque-da-nova-campanha-de-incentivo-da-visual\/\"},\"author\":{\"name\":\"admin\",\"@id\":\"https:\/\/www.travel3.com.br\/site\/#\/schema\/person\/a69d71e41a024999b6ab82369ac0bd1e\"},\"headline\":\"ROTEIROS DE NEVE NA ASUL, DESTAQUE DA NOVA CAMPANHA DE INCENTIVO DA VISUAL\",\"datePublished\":\"2017-09-09T17:41:59+00:00\",\"mainEntityOfPage\":{\"@id\":\"https:\/\/www.travel3.com.br\/site\/sem-categoria\/roteiros-de-neve-na-asul-destaque-da-nova-campanha-de-incentivo-da-visual\/\"},\"wordCount\":323,\"commentCount\":0,\"publisher\":{\"@id\":\"https:\/\/www.travel3.com.br\/site\/#organization\"},\"inLanguage\":\"pt-BR\",\"potentialAction\":[{\"@type\":\"CommentAction\",\"name\":\"Comment\",\"target\":[\"https:\/\/www.travel3.com.br\/site\/sem-categoria\/roteiros-de-neve-na-asul-destaque-da-nova-campanha-de-incentivo-da-visual\/#respond\"]}]},{\"@type\":\"WebPage\",\"@id\":\"https:\/\/www.travel3.com.br\/site\/sem-categoria\/roteiros-de-neve-na-asul-destaque-da-nova-campanha-de-incentivo-da-visual\/\",\"url\":\"https:\/\/www.travel3.com.br\/site\/sem-categoria\/roteiros-de-neve-na-asul-destaque-da-nova-campanha-de-incentivo-da-visual\/\",\"name\":\"ROTEIROS DE NEVE NA ASUL, DESTAQUE DA NOVA CAMPANHA DE INCENTIVO DA VISUAL - Travel3\",\"isPartOf\":{\"@id\":\"https:\/\/www.travel3.com.br\/site\/#website\"},\"datePublished\":\"2017-09-09T17:41:59+00:00\",\"description\":\"A TRAVEL3 \u00e9 um portal de conte\u00fado voltado para o turismo, encontre destinos, viagens, hospedagem, passagens, guias, not\u00edcias sobre o mercado do turismo, dicas de viagem, v\u00eddeos e podcast.\",\"breadcrumb\":{\"@id\":\"https:\/\/www.travel3.com.br\/site\/sem-categoria\/roteiros-de-neve-na-asul-destaque-da-nova-campanha-de-incentivo-da-visual\/#breadcrumb\"},\"inLanguage\":\"pt-BR\",\"potentialAction\":[{\"@type\":\"ReadAction\",\"target\":[\"https:\/\/www.travel3.com.br\/site\/sem-categoria\/roteiros-de-neve-na-asul-destaque-da-nova-campanha-de-incentivo-da-visual\/\"]}]},{\"@type\":\"BreadcrumbList\",\"@id\":\"https:\/\/www.travel3.com.br\/site\/sem-categoria\/roteiros-de-neve-na-asul-destaque-da-nova-campanha-de-incentivo-da-visual\/#breadcrumb\",\"itemListElement\":[{\"@type\":\"ListItem\",\"position\":1,\"name\":\"In\u00edcio\",\"item\":\"https:\/\/www.travel3.com.br\/site\/\"},{\"@type\":\"ListItem\",\"position\":2,\"name\":\"ROTEIROS DE NEVE NA ASUL, DESTAQUE DA NOVA CAMPANHA DE INCENTIVO DA VISUAL\"}]},{\"@type\":\"WebSite\",\"@id\":\"https:\/\/www.travel3.com.br\/site\/#website\",\"url\":\"https:\/\/www.travel3.com.br\/site\/\",\"name\":\"Travel3\",\"description\":\"Lazer + Neg&oacute;cios + Aventura\",\"publisher\":{\"@id\":\"https:\/\/www.travel3.com.br\/site\/#organization\"},\"potentialAction\":[{\"@type\":\"SearchAction\",\"target\":{\"@type\":\"EntryPoint\",\"urlTemplate\":\"https:\/\/www.travel3.com.br\/site\/?s={search_term_string}\"},\"query-input\":{\"@type\":\"PropertyValueSpecification\",\"valueRequired\":true,\"valueName\":\"search_term_string\"}}],\"inLanguage\":\"pt-BR\"},{\"@type\":\"Organization\",\"@id\":\"https:\/\/www.travel3.com.br\/site\/#organization\",\"name\":\"Travel3\",\"url\":\"https:\/\/www.travel3.com.br\/site\/\",\"logo\":{\"@type\":\"ImageObject\",\"inLanguage\":\"pt-BR\",\"@id\":\"https:\/\/www.travel3.com.br\/site\/#\/schema\/logo\/image\/\",\"url\":\"https:\/\/www.travel3.com.br\/site\/wp-content\/uploads\/2020\/01\/logo-travel3-2020.png\",\"contentUrl\":\"https:\/\/www.travel3.com.br\/site\/wp-content\/uploads\/2020\/01\/logo-travel3-2020.png\",\"width\":232,\"height\":79,\"caption\":\"Travel3\"},\"image\":{\"@id\":\"https:\/\/www.travel3.com.br\/site\/#\/schema\/logo\/image\/\"},\"sameAs\":[\"https:\/\/www.facebook.com\/travel3media\/\",\"https:\/\/www.instagram.com\/revistatravel3\/\",\"https:\/\/www.youtube.com\/channel\/UCno7J4paGBR3VbZQzvoJ9Eg\"]},{\"@type\":\"Person\",\"@id\":\"https:\/\/www.travel3.com.br\/site\/#\/schema\/person\/a69d71e41a024999b6ab82369ac0bd1e\",\"name\":\"admin\",\"image\":{\"@type\":\"ImageObject\",\"inLanguage\":\"pt-BR\",\"@id\":\"https:\/\/www.travel3.com.br\/site\/#\/schema\/person\/image\/\",\"url\":\"https:\/\/secure.gravatar.com\/avatar\/732a67adfd764da2a47ba10ce731c4c0?s=96&d=mm&r=g\",\"contentUrl\":\"https:\/\/secure.gravatar.com\/avatar\/732a67adfd764da2a47ba10ce731c4c0?s=96&d=mm&r=g\",\"caption\":\"admin\"},\"url\":\"https:\/\/www.travel3.com.br\/site\/author\/admin\/\"}]}<\/script>\n<!-- \/ Yoast SEO plugin. -->","yoast_head_json":{"title":"ROTEIROS DE NEVE NA ASUL, DESTAQUE DA NOVA CAMPANHA DE INCENTIVO DA VISUAL - Travel3","description":"A TRAVEL3 \u00e9 um portal de conte\u00fado voltado para o turismo, encontre destinos, viagens, hospedagem, passagens, guias, not\u00edcias sobre o mercado do turismo, dicas de viagem, v\u00eddeos e podcast.","robots":{"index":"index","follow":"follow","max-snippet":"max-snippet:-1","max-image-preview":"max-image-preview:large","max-video-preview":"max-video-preview:-1"},"canonical":"https:\/\/www.travel3.com.br\/site\/sem-categoria\/roteiros-de-neve-na-asul-destaque-da-nova-campanha-de-incentivo-da-visual\/","og_locale":"pt_BR","og_type":"article","og_title":"ROTEIROS DE NEVE NA ASUL, DESTAQUE DA NOVA CAMPANHA DE INCENTIVO DA VISUAL - Travel3","og_description":"A TRAVEL3 \u00e9 um portal de conte\u00fado voltado para o turismo, encontre destinos, viagens, hospedagem, passagens, guias, not\u00edcias sobre o mercado do turismo, dicas de viagem, v\u00eddeos e podcast.","og_url":"https:\/\/www.travel3.com.br\/site\/sem-categoria\/roteiros-de-neve-na-asul-destaque-da-nova-campanha-de-incentivo-da-visual\/","og_site_name":"Travel3","article_publisher":"https:\/\/www.facebook.com\/travel3media\/","article_published_time":"2017-09-09T17:41:59+00:00","author":"admin","twitter_card":"summary_large_image","twitter_misc":{"Escrito por":"admin","Est. tempo de leitura":"2 minutos"},"schema":{"@context":"https:\/\/schema.org","@graph":[{"@type":"Article","@id":"https:\/\/www.travel3.com.br\/site\/sem-categoria\/roteiros-de-neve-na-asul-destaque-da-nova-campanha-de-incentivo-da-visual\/#article","isPartOf":{"@id":"https:\/\/www.travel3.com.br\/site\/sem-categoria\/roteiros-de-neve-na-asul-destaque-da-nova-campanha-de-incentivo-da-visual\/"},"author":{"name":"admin","@id":"https:\/\/www.travel3.com.br\/site\/#\/schema\/person\/a69d71e41a024999b6ab82369ac0bd1e"},"headline":"ROTEIROS DE NEVE NA ASUL, DESTAQUE DA NOVA CAMPANHA DE INCENTIVO DA VISUAL","datePublished":"2017-09-09T17:41:59+00:00","mainEntityOfPage":{"@id":"https:\/\/www.travel3.com.br\/site\/sem-categoria\/roteiros-de-neve-na-asul-destaque-da-nova-campanha-de-incentivo-da-visual\/"},"wordCount":323,"commentCount":0,"publisher":{"@id":"https:\/\/www.travel3.com.br\/site\/#organization"},"inLanguage":"pt-BR","potentialAction":[{"@type":"CommentAction","name":"Comment","target":["https:\/\/www.travel3.com.br\/site\/sem-categoria\/roteiros-de-neve-na-asul-destaque-da-nova-campanha-de-incentivo-da-visual\/#respond"]}]},{"@type":"WebPage","@id":"https:\/\/www.travel3.com.br\/site\/sem-categoria\/roteiros-de-neve-na-asul-destaque-da-nova-campanha-de-incentivo-da-visual\/","url":"https:\/\/www.travel3.com.br\/site\/sem-categoria\/roteiros-de-neve-na-asul-destaque-da-nova-campanha-de-incentivo-da-visual\/","name":"ROTEIROS DE NEVE NA ASUL, DESTAQUE DA NOVA CAMPANHA DE INCENTIVO DA VISUAL - Travel3","isPartOf":{"@id":"https:\/\/www.travel3.com.br\/site\/#website"},"datePublished":"2017-09-09T17:41:59+00:00","description":"A TRAVEL3 \u00e9 um portal de conte\u00fado voltado para o turismo, encontre destinos, viagens, hospedagem, passagens, guias, not\u00edcias sobre o mercado do turismo, dicas de viagem, v\u00eddeos e podcast.","breadcrumb":{"@id":"https:\/\/www.travel3.com.br\/site\/sem-categoria\/roteiros-de-neve-na-asul-destaque-da-nova-campanha-de-incentivo-da-visual\/#breadcrumb"},"inLanguage":"pt-BR","potentialAction":[{"@type":"ReadAction","target":["https:\/\/www.travel3.com.br\/site\/sem-categoria\/roteiros-de-neve-na-asul-destaque-da-nova-campanha-de-incentivo-da-visual\/"]}]},{"@type":"BreadcrumbList","@id":"https:\/\/www.travel3.com.br\/site\/sem-categoria\/roteiros-de-neve-na-asul-destaque-da-nova-campanha-de-incentivo-da-visual\/#breadcrumb","itemListElement":[{"@type":"ListItem","position":1,"name":"In\u00edcio","item":"https:\/\/www.travel3.com.br\/site\/"},{"@type":"ListItem","position":2,"name":"ROTEIROS DE NEVE NA ASUL, DESTAQUE DA NOVA CAMPANHA DE INCENTIVO DA VISUAL"}]},{"@type":"WebSite","@id":"https:\/\/www.travel3.com.br\/site\/#website","url":"https:\/\/www.travel3.com.br\/site\/","name":"Travel3","description":"Lazer + Neg&oacute;cios + Aventura","publisher":{"@id":"https:\/\/www.travel3.com.br\/site\/#organization"},"potentialAction":[{"@type":"SearchAction","target":{"@type":"EntryPoint","urlTemplate":"https:\/\/www.travel3.com.br\/site\/?s={search_term_string}"},"query-input":{"@type":"PropertyValueSpecification","valueRequired":true,"valueName":"search_term_string"}}],"inLanguage":"pt-BR"},{"@type":"Organization","@id":"https:\/\/www.travel3.com.br\/site\/#organization","name":"Travel3","url":"https:\/\/www.travel3.com.br\/site\/","logo":{"@type":"ImageObject","inLanguage":"pt-BR","@id":"https:\/\/www.travel3.com.br\/site\/#\/schema\/logo\/image\/","url":"https:\/\/www.travel3.com.br\/site\/wp-content\/uploads\/2020\/01\/logo-travel3-2020.png","contentUrl":"https:\/\/www.travel3.com.br\/site\/wp-content\/uploads\/2020\/01\/logo-travel3-2020.png","width":232,"height":79,"caption":"Travel3"},"image":{"@id":"https:\/\/www.travel3.com.br\/site\/#\/schema\/logo\/image\/"},"sameAs":["https:\/\/www.facebook.com\/travel3media\/","https:\/\/www.instagram.com\/revistatravel3\/","https:\/\/www.youtube.com\/channel\/UCno7J4paGBR3VbZQzvoJ9Eg"]},{"@type":"Person","@id":"https:\/\/www.travel3.com.br\/site\/#\/schema\/person\/a69d71e41a024999b6ab82369ac0bd1e","name":"admin","image":{"@type":"ImageObject","inLanguage":"pt-BR","@id":"https:\/\/www.travel3.com.br\/site\/#\/schema\/person\/image\/","url":"https:\/\/secure.gravatar.com\/avatar\/732a67adfd764da2a47ba10ce731c4c0?s=96&d=mm&r=g","contentUrl":"https:\/\/secure.gravatar.com\/avatar\/732a67adfd764da2a47ba10ce731c4c0?s=96&d=mm&r=g","caption":"admin"},"url":"https:\/\/www.travel3.com.br\/site\/author\/admin\/"}]}},"_links":{"self":[{"href":"https:\/\/www.travel3.com.br\/site\/wp-json\/wp\/v2\/posts\/1947","targetHints":{"allow":["GET"]}}],"collection":[{"href":"https:\/\/www.travel3.com.br\/site\/wp-json\/wp\/v2\/posts"}],"about":[{"href":"https:\/\/www.travel3.com.br\/site\/wp-json\/wp\/v2\/types\/post"}],"author":[{"embeddable":true,"href":"https:\/\/www.travel3.com.br\/site\/wp-json\/wp\/v2\/users\/1"}],"replies":[{"embeddable":true,"href":"https:\/\/www.travel3.com.br\/site\/wp-json\/wp\/v2\/comments?post=1947"}],"version-history":[{"count":0,"href":"https:\/\/www.travel3.com.br\/site\/wp-json\/wp\/v2\/posts\/1947\/revisions"}],"wp:attachment":[{"href":"https:\/\/www.travel3.com.br\/site\/wp-json\/wp\/v2\/media?parent=1947"}],"wp:term":[{"taxonomy":"category","embeddable":true,"href":"https:\/\/www.travel3.com.br\/site\/wp-json\/wp\/v2\/categories?post=1947"},{"taxonomy":"post_tag","embeddable":true,"href":"https:\/\/www.travel3.com.br\/site\/wp-json\/wp\/v2\/tags?post=1947"}],"curies":[{"name":"wp","href":"https:\/\/api.w.org\/{rel}","templated":true}]}}