{"id":1941,"date":"2020-12-14T02:55:30","date_gmt":"2020-12-14T04:55:30","guid":{"rendered":"http:\/\/www.travel3.com.br\/site\/ir-e-vir\/ar\/vinho-e-cortica-uma-relacao-que-resiste-ao-tempo\/"},"modified":"2020-12-14T02:57:36","modified_gmt":"2020-12-14T04:57:36","slug":"vinho-e-cortica","status":"publish","type":"post","link":"https:\/\/www.travel3.com.br\/site\/destaque\/vinho-e-cortica\/","title":{"rendered":"Vinho e Corti\u00e7a = Uma fant\u00e1stica viagem atrav\u00e9s do tempo"},"content":{"rendered":"\n<h3 class=\"wp-block-heading\" style=\"text-align:center\">Desde o Imp\u00e9rio Romano a rela\u00e7\u00e3o entre a bebida e a casca do sobreiro se tornou insepar\u00e1vel<\/h3>\n\n\n\n<p>Vinho e corti\u00e7a. Pensar em um \u00e9 lembrar do outro, e vice-e-versa. Desde o Imp\u00e9rio Romano, a corti\u00e7a \u00e9 utilizada para cobrir e conservar alimentos, em especial, o vinho. H\u00e1 centenas de anos, a rolha de corti\u00e7a foi especialmente desenvolvida para selar as garrafas que come\u00e7avam a ser utilizadas para acondicionar o vinho. O produto, natural, \u00e9 feito a partir da casca do sobreiro, um tipo de carvalho abundante nos pa\u00edses ib\u00e9ricos. Ainda hoje a rolha de corti\u00e7a \u00e9 o principal artefato usado para selar as garrafas de vinho.<\/p>\n\n\n\n<h2 class=\"wp-block-heading\">Vinho e Corti\u00e7a = Sin\u00f4nimo de qualidade<\/h2>\n\n\n\n<p>A maioria esmagadora dos consumidores dos principais mercados associa a rolha de corti\u00e7a ao vinho de qualidade. Segundo a Tragon Corporation, empresa norte-americana de pesquisa de mercado, tal fato se d\u00e1 com 93% dos consumidores americanos. Na Fran\u00e7a, de acordo com a Opinion Way, 84% consideram que rolha de 1\u00ba indicador na compra de um bom r\u00f3tulo. Na It\u00e1lia, uma pesquisa mostrou que 85% dos apreciadores creem na corti\u00e7a como melhor vedante. O mesmo se d\u00e1 com a Espanha (92%) e a China (84%).<\/p>\n\n\n\n<h2 class=\"wp-block-heading\">Corti\u00e7a garante o correto envelhecimento do vinho engarrafado<\/h2>\n\n\n\n<p>Os produtores da bebida acreditam que o vinho continua evoluindo depois de engarrafado, da\u00ed a necessidade de assegurar as condi\u00e7\u00f5es apropriadas para um correto envelhecimento. E nesse processo a rolha tem um papel important\u00edssimo. Se a rolha for bem estudada e preparada, garantir\u00e1 a veda\u00e7\u00e3o perfeita e a consequente evolu\u00e7\u00e3o do vinho com a forma\u00e7\u00e3o do t\u00e3o apreciado bouquet.<\/p>\n\n\n\n<h2 class=\"wp-block-heading\">Portugal \u00e9 o l\u00edder mundial na produ\u00e7\u00e3o da rolha de corti\u00e7a<\/h2>\n\n\n\n<p>O pa\u00eds \u00e9 respons\u00e1vel por 65% da comercializa\u00e7\u00e3o do produto em todo o mundo. Exportando para mais de 100 pa\u00edses, o valor da rolha de corti\u00e7a corresponde a 2% das transa\u00e7\u00f5es comerciais internacionais portuguesas. Qualitativamente, tamb\u00e9m <a rel=\"noreferrer noopener\" aria-label=\"Portugal (opens in a new tab)\" href=\"https:\/\/www.travel3.com.br\/destaque\/enoturismo-quinta-do-crasto-e-dica-de-visita-em-portugal\/\" target=\"_blank\">Portugal<\/a> \u00e9 o l\u00edder, sendo as rolhas portuguesas as preferidas das principais vin\u00edcolas do mundo.<\/p>\n","protected":false},"excerpt":{"rendered":"<p>A maioria esmagadora dos consumidores dos principais mercados consumidores de vinho associa a rolha de corti\u00e7a com vinho de qualidade<\/p>\n","protected":false},"author":6,"featured_media":37660,"comment_status":"open","ping_status":"open","sticky":false,"template":"","format":"standard","meta":{"footnotes":""},"categories":[226,6],"tags":[4356,713],"class_list":["post-1941","post","type-post","status-publish","format-standard","has-post-thumbnail","hentry","category-destaque","category-gastronomia","tag-cortica","tag-vinho"],"yoast_head":"<!-- This site is optimized with the Yoast SEO plugin v26.2 - https:\/\/yoast.com\/wordpress\/plugins\/seo\/ -->\n<title>Vinho e Corti\u00e7a = Uma fant\u00e1stica viagem atrav\u00e9s do tempo - Travel3<\/title>\n<meta name=\"description\" content=\"Vinho + Corti\u00e7a = Uma fant\u00e1stica viagem atrav\u00e9s do tempo; Desde o Imp\u00e9rio Romano a rela\u00e7\u00e3o entre a bebida e a casca do sobreiro se tornou insepar\u00e1vel\" \/>\n<meta name=\"robots\" content=\"index, follow, max-snippet:-1, max-image-preview:large, max-video-preview:-1\" \/>\n<link rel=\"canonical\" href=\"https:\/\/www.travel3.com.br\/site\/destaque\/vinho-e-cortica\/\" \/>\n<meta property=\"og:locale\" content=\"pt_BR\" \/>\n<meta property=\"og:type\" content=\"article\" \/>\n<meta property=\"og:title\" content=\"Vinho e Corti\u00e7a = Uma fant\u00e1stica viagem atrav\u00e9s do tempo - Travel3\" \/>\n<meta property=\"og:description\" content=\"Vinho + Corti\u00e7a = Uma fant\u00e1stica viagem atrav\u00e9s do tempo; Desde o Imp\u00e9rio Romano a rela\u00e7\u00e3o entre a bebida e a casca do sobreiro se tornou insepar\u00e1vel\" \/>\n<meta property=\"og:url\" content=\"https:\/\/www.travel3.com.br\/site\/destaque\/vinho-e-cortica\/\" \/>\n<meta property=\"og:site_name\" content=\"Travel3\" \/>\n<meta property=\"article:publisher\" content=\"https:\/\/www.facebook.com\/travel3media\/\" \/>\n<meta property=\"article:published_time\" content=\"2020-12-14T04:55:30+00:00\" \/>\n<meta property=\"article:modified_time\" content=\"2020-12-14T04:57:36+00:00\" \/>\n<meta property=\"og:image\" content=\"https:\/\/www.travel3.com.br\/site\/wp-content\/uploads\/2020\/11\/alcohol-1238647_1920.jpg\" \/>\n\t<meta property=\"og:image:width\" content=\"1920\" \/>\n\t<meta property=\"og:image:height\" content=\"1315\" \/>\n\t<meta property=\"og:image:type\" content=\"image\/jpeg\" \/>\n<meta name=\"author\" content=\"Reda\u00e7\u00e3o Travel3\" \/>\n<meta name=\"twitter:card\" content=\"summary_large_image\" \/>\n<meta name=\"twitter:label1\" content=\"Escrito por\" \/>\n\t<meta name=\"twitter:data1\" content=\"Reda\u00e7\u00e3o Travel3\" \/>\n\t<meta name=\"twitter:label2\" content=\"Est. tempo de leitura\" \/>\n\t<meta name=\"twitter:data2\" content=\"2 minutos\" \/>\n<script type=\"application\/ld+json\" class=\"yoast-schema-graph\">{\"@context\":\"https:\/\/schema.org\",\"@graph\":[{\"@type\":\"Article\",\"@id\":\"https:\/\/www.travel3.com.br\/site\/destaque\/vinho-e-cortica\/#article\",\"isPartOf\":{\"@id\":\"https:\/\/www.travel3.com.br\/site\/destaque\/vinho-e-cortica\/\"},\"author\":{\"name\":\"Reda\u00e7\u00e3o Travel3\",\"@id\":\"https:\/\/www.travel3.com.br\/site\/#\/schema\/person\/9cff8daac0a2f1aa0799f827b8aa8308\"},\"headline\":\"Vinho e Corti\u00e7a = Uma fant\u00e1stica viagem atrav\u00e9s do tempo\",\"datePublished\":\"2020-12-14T04:55:30+00:00\",\"dateModified\":\"2020-12-14T04:57:36+00:00\",\"mainEntityOfPage\":{\"@id\":\"https:\/\/www.travel3.com.br\/site\/destaque\/vinho-e-cortica\/\"},\"wordCount\":358,\"commentCount\":0,\"publisher\":{\"@id\":\"https:\/\/www.travel3.com.br\/site\/#organization\"},\"image\":{\"@id\":\"https:\/\/www.travel3.com.br\/site\/destaque\/vinho-e-cortica\/#primaryimage\"},\"thumbnailUrl\":\"https:\/\/www.travel3.com.br\/site\/wp-content\/uploads\/2020\/11\/alcohol-1238647_1920.jpg\",\"keywords\":[\"corti\u00e7a\",\"Vinho\"],\"articleSection\":[\"Destaque\",\"Gastronomia\"],\"inLanguage\":\"pt-BR\",\"potentialAction\":[{\"@type\":\"CommentAction\",\"name\":\"Comment\",\"target\":[\"https:\/\/www.travel3.com.br\/site\/destaque\/vinho-e-cortica\/#respond\"]}]},{\"@type\":\"WebPage\",\"@id\":\"https:\/\/www.travel3.com.br\/site\/destaque\/vinho-e-cortica\/\",\"url\":\"https:\/\/www.travel3.com.br\/site\/destaque\/vinho-e-cortica\/\",\"name\":\"Vinho e Corti\u00e7a = Uma fant\u00e1stica viagem atrav\u00e9s do tempo - Travel3\",\"isPartOf\":{\"@id\":\"https:\/\/www.travel3.com.br\/site\/#website\"},\"primaryImageOfPage\":{\"@id\":\"https:\/\/www.travel3.com.br\/site\/destaque\/vinho-e-cortica\/#primaryimage\"},\"image\":{\"@id\":\"https:\/\/www.travel3.com.br\/site\/destaque\/vinho-e-cortica\/#primaryimage\"},\"thumbnailUrl\":\"https:\/\/www.travel3.com.br\/site\/wp-content\/uploads\/2020\/11\/alcohol-1238647_1920.jpg\",\"datePublished\":\"2020-12-14T04:55:30+00:00\",\"dateModified\":\"2020-12-14T04:57:36+00:00\",\"description\":\"Vinho + Corti\u00e7a = Uma fant\u00e1stica viagem atrav\u00e9s do tempo; Desde o Imp\u00e9rio Romano a rela\u00e7\u00e3o entre a bebida e a casca do sobreiro se tornou insepar\u00e1vel\",\"breadcrumb\":{\"@id\":\"https:\/\/www.travel3.com.br\/site\/destaque\/vinho-e-cortica\/#breadcrumb\"},\"inLanguage\":\"pt-BR\",\"potentialAction\":[{\"@type\":\"ReadAction\",\"target\":[\"https:\/\/www.travel3.com.br\/site\/destaque\/vinho-e-cortica\/\"]}]},{\"@type\":\"ImageObject\",\"inLanguage\":\"pt-BR\",\"@id\":\"https:\/\/www.travel3.com.br\/site\/destaque\/vinho-e-cortica\/#primaryimage\",\"url\":\"https:\/\/www.travel3.com.br\/site\/wp-content\/uploads\/2020\/11\/alcohol-1238647_1920.jpg\",\"contentUrl\":\"https:\/\/www.travel3.com.br\/site\/wp-content\/uploads\/2020\/11\/alcohol-1238647_1920.jpg\",\"width\":1920,\"height\":1315,\"caption\":\"(Foto: Divulga\u00e7\u00e3o)\"},{\"@type\":\"BreadcrumbList\",\"@id\":\"https:\/\/www.travel3.com.br\/site\/destaque\/vinho-e-cortica\/#breadcrumb\",\"itemListElement\":[{\"@type\":\"ListItem\",\"position\":1,\"name\":\"In\u00edcio\",\"item\":\"https:\/\/www.travel3.com.br\/site\/\"},{\"@type\":\"ListItem\",\"position\":2,\"name\":\"Vinho e Corti\u00e7a = Uma fant\u00e1stica viagem atrav\u00e9s do tempo\"}]},{\"@type\":\"WebSite\",\"@id\":\"https:\/\/www.travel3.com.br\/site\/#website\",\"url\":\"https:\/\/www.travel3.com.br\/site\/\",\"name\":\"Travel3\",\"description\":\"Lazer + Neg&oacute;cios + Aventura\",\"publisher\":{\"@id\":\"https:\/\/www.travel3.com.br\/site\/#organization\"},\"potentialAction\":[{\"@type\":\"SearchAction\",\"target\":{\"@type\":\"EntryPoint\",\"urlTemplate\":\"https:\/\/www.travel3.com.br\/site\/?s={search_term_string}\"},\"query-input\":{\"@type\":\"PropertyValueSpecification\",\"valueRequired\":true,\"valueName\":\"search_term_string\"}}],\"inLanguage\":\"pt-BR\"},{\"@type\":\"Organization\",\"@id\":\"https:\/\/www.travel3.com.br\/site\/#organization\",\"name\":\"Travel3\",\"url\":\"https:\/\/www.travel3.com.br\/site\/\",\"logo\":{\"@type\":\"ImageObject\",\"inLanguage\":\"pt-BR\",\"@id\":\"https:\/\/www.travel3.com.br\/site\/#\/schema\/logo\/image\/\",\"url\":\"https:\/\/www.travel3.com.br\/site\/wp-content\/uploads\/2020\/01\/logo-travel3-2020.png\",\"contentUrl\":\"https:\/\/www.travel3.com.br\/site\/wp-content\/uploads\/2020\/01\/logo-travel3-2020.png\",\"width\":232,\"height\":79,\"caption\":\"Travel3\"},\"image\":{\"@id\":\"https:\/\/www.travel3.com.br\/site\/#\/schema\/logo\/image\/\"},\"sameAs\":[\"https:\/\/www.facebook.com\/travel3media\/\",\"https:\/\/www.instagram.com\/revistatravel3\/\",\"https:\/\/www.youtube.com\/channel\/UCno7J4paGBR3VbZQzvoJ9Eg\"]},{\"@type\":\"Person\",\"@id\":\"https:\/\/www.travel3.com.br\/site\/#\/schema\/person\/9cff8daac0a2f1aa0799f827b8aa8308\",\"name\":\"Reda\u00e7\u00e3o Travel3\",\"image\":{\"@type\":\"ImageObject\",\"inLanguage\":\"pt-BR\",\"@id\":\"https:\/\/www.travel3.com.br\/site\/#\/schema\/person\/image\/\",\"url\":\"https:\/\/secure.gravatar.com\/avatar\/6e6125525e1f04b7b8c607d71556e490?s=96&d=mm&r=g\",\"contentUrl\":\"https:\/\/secure.gravatar.com\/avatar\/6e6125525e1f04b7b8c607d71556e490?s=96&d=mm&r=g\",\"caption\":\"Reda\u00e7\u00e3o Travel3\"},\"sameAs\":[\"http:\/\/www.travel3.com.br\"],\"url\":\"https:\/\/www.travel3.com.br\/site\/author\/redacao2\/\"}]}<\/script>\n<!-- \/ Yoast SEO plugin. -->","yoast_head_json":{"title":"Vinho e Corti\u00e7a = Uma fant\u00e1stica viagem atrav\u00e9s do tempo - Travel3","description":"Vinho + Corti\u00e7a = Uma fant\u00e1stica viagem atrav\u00e9s do tempo; Desde o Imp\u00e9rio Romano a rela\u00e7\u00e3o entre a bebida e a casca do sobreiro se tornou insepar\u00e1vel","robots":{"index":"index","follow":"follow","max-snippet":"max-snippet:-1","max-image-preview":"max-image-preview:large","max-video-preview":"max-video-preview:-1"},"canonical":"https:\/\/www.travel3.com.br\/site\/destaque\/vinho-e-cortica\/","og_locale":"pt_BR","og_type":"article","og_title":"Vinho e Corti\u00e7a = Uma fant\u00e1stica viagem atrav\u00e9s do tempo - Travel3","og_description":"Vinho + Corti\u00e7a = Uma fant\u00e1stica viagem atrav\u00e9s do tempo; Desde o Imp\u00e9rio Romano a rela\u00e7\u00e3o entre a bebida e a casca do sobreiro se tornou insepar\u00e1vel","og_url":"https:\/\/www.travel3.com.br\/site\/destaque\/vinho-e-cortica\/","og_site_name":"Travel3","article_publisher":"https:\/\/www.facebook.com\/travel3media\/","article_published_time":"2020-12-14T04:55:30+00:00","article_modified_time":"2020-12-14T04:57:36+00:00","og_image":[{"width":1920,"height":1315,"url":"https:\/\/www.travel3.com.br\/site\/wp-content\/uploads\/2020\/11\/alcohol-1238647_1920.jpg","type":"image\/jpeg"}],"author":"Reda\u00e7\u00e3o Travel3","twitter_card":"summary_large_image","twitter_misc":{"Escrito por":"Reda\u00e7\u00e3o Travel3","Est. tempo de leitura":"2 minutos"},"schema":{"@context":"https:\/\/schema.org","@graph":[{"@type":"Article","@id":"https:\/\/www.travel3.com.br\/site\/destaque\/vinho-e-cortica\/#article","isPartOf":{"@id":"https:\/\/www.travel3.com.br\/site\/destaque\/vinho-e-cortica\/"},"author":{"name":"Reda\u00e7\u00e3o Travel3","@id":"https:\/\/www.travel3.com.br\/site\/#\/schema\/person\/9cff8daac0a2f1aa0799f827b8aa8308"},"headline":"Vinho e Corti\u00e7a = Uma fant\u00e1stica viagem atrav\u00e9s do tempo","datePublished":"2020-12-14T04:55:30+00:00","dateModified":"2020-12-14T04:57:36+00:00","mainEntityOfPage":{"@id":"https:\/\/www.travel3.com.br\/site\/destaque\/vinho-e-cortica\/"},"wordCount":358,"commentCount":0,"publisher":{"@id":"https:\/\/www.travel3.com.br\/site\/#organization"},"image":{"@id":"https:\/\/www.travel3.com.br\/site\/destaque\/vinho-e-cortica\/#primaryimage"},"thumbnailUrl":"https:\/\/www.travel3.com.br\/site\/wp-content\/uploads\/2020\/11\/alcohol-1238647_1920.jpg","keywords":["corti\u00e7a","Vinho"],"articleSection":["Destaque","Gastronomia"],"inLanguage":"pt-BR","potentialAction":[{"@type":"CommentAction","name":"Comment","target":["https:\/\/www.travel3.com.br\/site\/destaque\/vinho-e-cortica\/#respond"]}]},{"@type":"WebPage","@id":"https:\/\/www.travel3.com.br\/site\/destaque\/vinho-e-cortica\/","url":"https:\/\/www.travel3.com.br\/site\/destaque\/vinho-e-cortica\/","name":"Vinho e Corti\u00e7a = Uma fant\u00e1stica viagem atrav\u00e9s do tempo - Travel3","isPartOf":{"@id":"https:\/\/www.travel3.com.br\/site\/#website"},"primaryImageOfPage":{"@id":"https:\/\/www.travel3.com.br\/site\/destaque\/vinho-e-cortica\/#primaryimage"},"image":{"@id":"https:\/\/www.travel3.com.br\/site\/destaque\/vinho-e-cortica\/#primaryimage"},"thumbnailUrl":"https:\/\/www.travel3.com.br\/site\/wp-content\/uploads\/2020\/11\/alcohol-1238647_1920.jpg","datePublished":"2020-12-14T04:55:30+00:00","dateModified":"2020-12-14T04:57:36+00:00","description":"Vinho + Corti\u00e7a = Uma fant\u00e1stica viagem atrav\u00e9s do tempo; Desde o Imp\u00e9rio Romano a rela\u00e7\u00e3o entre a bebida e a casca do sobreiro se tornou insepar\u00e1vel","breadcrumb":{"@id":"https:\/\/www.travel3.com.br\/site\/destaque\/vinho-e-cortica\/#breadcrumb"},"inLanguage":"pt-BR","potentialAction":[{"@type":"ReadAction","target":["https:\/\/www.travel3.com.br\/site\/destaque\/vinho-e-cortica\/"]}]},{"@type":"ImageObject","inLanguage":"pt-BR","@id":"https:\/\/www.travel3.com.br\/site\/destaque\/vinho-e-cortica\/#primaryimage","url":"https:\/\/www.travel3.com.br\/site\/wp-content\/uploads\/2020\/11\/alcohol-1238647_1920.jpg","contentUrl":"https:\/\/www.travel3.com.br\/site\/wp-content\/uploads\/2020\/11\/alcohol-1238647_1920.jpg","width":1920,"height":1315,"caption":"(Foto: Divulga\u00e7\u00e3o)"},{"@type":"BreadcrumbList","@id":"https:\/\/www.travel3.com.br\/site\/destaque\/vinho-e-cortica\/#breadcrumb","itemListElement":[{"@type":"ListItem","position":1,"name":"In\u00edcio","item":"https:\/\/www.travel3.com.br\/site\/"},{"@type":"ListItem","position":2,"name":"Vinho e Corti\u00e7a = Uma fant\u00e1stica viagem atrav\u00e9s do tempo"}]},{"@type":"WebSite","@id":"https:\/\/www.travel3.com.br\/site\/#website","url":"https:\/\/www.travel3.com.br\/site\/","name":"Travel3","description":"Lazer + Neg&oacute;cios + Aventura","publisher":{"@id":"https:\/\/www.travel3.com.br\/site\/#organization"},"potentialAction":[{"@type":"SearchAction","target":{"@type":"EntryPoint","urlTemplate":"https:\/\/www.travel3.com.br\/site\/?s={search_term_string}"},"query-input":{"@type":"PropertyValueSpecification","valueRequired":true,"valueName":"search_term_string"}}],"inLanguage":"pt-BR"},{"@type":"Organization","@id":"https:\/\/www.travel3.com.br\/site\/#organization","name":"Travel3","url":"https:\/\/www.travel3.com.br\/site\/","logo":{"@type":"ImageObject","inLanguage":"pt-BR","@id":"https:\/\/www.travel3.com.br\/site\/#\/schema\/logo\/image\/","url":"https:\/\/www.travel3.com.br\/site\/wp-content\/uploads\/2020\/01\/logo-travel3-2020.png","contentUrl":"https:\/\/www.travel3.com.br\/site\/wp-content\/uploads\/2020\/01\/logo-travel3-2020.png","width":232,"height":79,"caption":"Travel3"},"image":{"@id":"https:\/\/www.travel3.com.br\/site\/#\/schema\/logo\/image\/"},"sameAs":["https:\/\/www.facebook.com\/travel3media\/","https:\/\/www.instagram.com\/revistatravel3\/","https:\/\/www.youtube.com\/channel\/UCno7J4paGBR3VbZQzvoJ9Eg"]},{"@type":"Person","@id":"https:\/\/www.travel3.com.br\/site\/#\/schema\/person\/9cff8daac0a2f1aa0799f827b8aa8308","name":"Reda\u00e7\u00e3o Travel3","image":{"@type":"ImageObject","inLanguage":"pt-BR","@id":"https:\/\/www.travel3.com.br\/site\/#\/schema\/person\/image\/","url":"https:\/\/secure.gravatar.com\/avatar\/6e6125525e1f04b7b8c607d71556e490?s=96&d=mm&r=g","contentUrl":"https:\/\/secure.gravatar.com\/avatar\/6e6125525e1f04b7b8c607d71556e490?s=96&d=mm&r=g","caption":"Reda\u00e7\u00e3o Travel3"},"sameAs":["http:\/\/www.travel3.com.br"],"url":"https:\/\/www.travel3.com.br\/site\/author\/redacao2\/"}]}},"_links":{"self":[{"href":"https:\/\/www.travel3.com.br\/site\/wp-json\/wp\/v2\/posts\/1941","targetHints":{"allow":["GET"]}}],"collection":[{"href":"https:\/\/www.travel3.com.br\/site\/wp-json\/wp\/v2\/posts"}],"about":[{"href":"https:\/\/www.travel3.com.br\/site\/wp-json\/wp\/v2\/types\/post"}],"author":[{"embeddable":true,"href":"https:\/\/www.travel3.com.br\/site\/wp-json\/wp\/v2\/users\/6"}],"replies":[{"embeddable":true,"href":"https:\/\/www.travel3.com.br\/site\/wp-json\/wp\/v2\/comments?post=1941"}],"version-history":[{"count":17,"href":"https:\/\/www.travel3.com.br\/site\/wp-json\/wp\/v2\/posts\/1941\/revisions"}],"predecessor-version":[{"id":37665,"href":"https:\/\/www.travel3.com.br\/site\/wp-json\/wp\/v2\/posts\/1941\/revisions\/37665"}],"wp:featuredmedia":[{"embeddable":true,"href":"https:\/\/www.travel3.com.br\/site\/wp-json\/wp\/v2\/media\/37660"}],"wp:attachment":[{"href":"https:\/\/www.travel3.com.br\/site\/wp-json\/wp\/v2\/media?parent=1941"}],"wp:term":[{"taxonomy":"category","embeddable":true,"href":"https:\/\/www.travel3.com.br\/site\/wp-json\/wp\/v2\/categories?post=1941"},{"taxonomy":"post_tag","embeddable":true,"href":"https:\/\/www.travel3.com.br\/site\/wp-json\/wp\/v2\/tags?post=1941"}],"curies":[{"name":"wp","href":"https:\/\/api.w.org\/{rel}","templated":true}]}}