{"id":1938,"date":"2017-08-24T06:55:19","date_gmt":"2017-08-24T06:55:19","guid":{"rendered":"http:\/\/www.travel3.com.br\/site\/ir-e-vir\/ar\/festuris-2017-ja-conta-com-mais-de-mil-profissionais-inscritos\/"},"modified":"2017-08-24T06:55:19","modified_gmt":"2017-08-24T06:55:19","slug":"festuris-2017-ja-conta-com-mais-de-mil-profissionais-inscritos","status":"publish","type":"post","link":"https:\/\/www.travel3.com.br\/site\/sem-categoria\/festuris-2017-ja-conta-com-mais-de-mil-profissionais-inscritos\/","title":{"rendered":"FESTURIS 2017 J\u00c1 CONTA COM MAIS DE MIL PROFISSIONAIS INSCRITOS"},"content":{"rendered":"<p><span style=\"color: #40acad; font-family: -apple-system, system-ui, 'Segoe UI', Roboto, Oxygen-Sans, Ubuntu, Cantarell, 'Helvetica Neue', sans-serif; font-size: 12px; font-weight: bold;\"><\/p>\n<p style=\"text-align:justify\">O FESTURIS Gramado &#8211; Feira Internacional de Turismo, de 09 a 12 de novembro recebe o credenciamento para agentes, trade e estudantes desde o m\u00eas passado e j\u00e1 conta com \u00a0mais de mil inscritos, de acordo com o levantamento. \u00a0<\/p>\n<p style=\"text-align:justify\">Inicialmente as inscri\u00e7\u00f5es s\u00e3o destinadas aos agentes de viagem (que podem garantir sua inscri\u00e7\u00e3o gr\u00e1tis at\u00e9 o dia 30 de junho) e profissionais do trade e estudantes que podem se inscrever com taxa reduzida at\u00e9 o dia 31 deste m\u00eas de maio.<\/p>\n<p style=\"text-align:justify\">A inscri\u00e7\u00e3o antecipada pode ser feita pelo site: www.festurisgramado.com.<\/p>\n<p style=\"text-align:justify\">\u201cO FESTURIS ter\u00e1 uma edi\u00e7\u00e3o que, em 2017, vai superar todas as expectativas. Estamos trabalhando para isso. Ao entrarmos para o ano 30 a feira, estamos nos renovando e vamos oferecer aos participantes e profissionais muitas possibilidades de neg\u00f3cios e conhecimento, agregando valor e apontando tend\u00eancias\u201d, destaca Marta Rossi, CEO do FESTURIS Gramado.<\/p>\n<p style=\"text-align:justify\"><a class=\"fancybox-media\" href=\"..\/_uploads\/_noticia\/2017-05\/martarossiexecutiva.jpg\" rel=\"portfolio\"><img decoding=\"async\" alt=\"\" src=\"..\/_uploads\/_noticia\/2017-05\/martarossiexecutiva.jpg\" \/><\/a> Marta antecipa que a feira ter\u00e1 dezenas de destinos e marcas estreantes \u00a0junto aos tradicionais expositores de todos os anos. \u201c\u00c9 o resultado de um intenso trabalho de capta\u00e7\u00e3o. Al\u00e9m disso, a parceria com as entidades, e a garantia da participa\u00e7\u00e3o de profissionais do trade de todo o pa\u00eds e do exterior, fazem com que nossa motiva\u00e7\u00e3o seja muito grande\u201d.<\/p>\n<p style=\"text-align:justify\"><strong>ESPA\u00c7O LUXURY \u00a0<\/strong><\/p>\n<p style=\"text-align:justify\">Outra novidade positiva \u00e9 a grande procura por expositores interessados em participar do Espa\u00e7o Luxury. \u00a0Que teve seu tamanho triplicado com rela\u00e7\u00e3o a feira de 2016. Restam apenas tr\u00eas espa\u00e7os dispon\u00edveis para comercializa\u00e7\u00e3o, todos os demais j\u00e1 est\u00e3o fechados.<\/p>\n<p style=\"text-align:justify\">Entre os que est\u00e3o garntidos, Mercatur Premium, Tahiti, Turks &#038; Caicos, M\u00e9xico \u2013 Los Cabos, Emirates Airlines, RCD Hotels, One &#038; Only Amawaterways, Visit Calif\u00f3rnia, AM Resorts, Unique, Hello Brazil, Saint Andrews, \u00a0Seychelles, Barbados e NCL \u2013 Norwegian Cruises.<\/p>\n<p>\u00a0<\/p>\n<p><\/span><\/p>\n","protected":false},"excerpt":{"rendered":"<p>Evento de novembro, em Gramado, tem inscri\u00e7\u00f5es para trade e estudantes at\u00e9 o final deste mes<\/p>\n","protected":false},"author":1,"featured_media":0,"comment_status":"open","ping_status":"open","sticky":false,"template":"","format":"standard","meta":{"footnotes":""},"categories":[],"tags":[],"class_list":["post-1938","post","type-post","status-publish","format-standard","hentry"],"yoast_head":"<!-- This site is optimized with the Yoast SEO plugin v26.2 - https:\/\/yoast.com\/wordpress\/plugins\/seo\/ -->\n<title>FESTURIS 2017 J\u00c1 CONTA COM MAIS DE MIL PROFISSIONAIS INSCRITOS - Travel3<\/title>\n<meta name=\"description\" content=\"A TRAVEL3 \u00e9 um portal de conte\u00fado voltado para o turismo, encontre destinos, viagens, hospedagem, passagens, guias, not\u00edcias sobre o mercado do turismo, dicas de viagem, v\u00eddeos e podcast.\" \/>\n<meta name=\"robots\" content=\"index, follow, max-snippet:-1, max-image-preview:large, max-video-preview:-1\" \/>\n<link rel=\"canonical\" href=\"https:\/\/www.travel3.com.br\/site\/sem-categoria\/festuris-2017-ja-conta-com-mais-de-mil-profissionais-inscritos\/\" \/>\n<meta property=\"og:locale\" content=\"pt_BR\" \/>\n<meta property=\"og:type\" content=\"article\" \/>\n<meta property=\"og:title\" content=\"FESTURIS 2017 J\u00c1 CONTA COM MAIS DE MIL PROFISSIONAIS INSCRITOS - Travel3\" \/>\n<meta property=\"og:description\" content=\"A TRAVEL3 \u00e9 um portal de conte\u00fado voltado para o turismo, encontre destinos, viagens, hospedagem, passagens, guias, not\u00edcias sobre o mercado do turismo, dicas de viagem, v\u00eddeos e podcast.\" \/>\n<meta property=\"og:url\" content=\"https:\/\/www.travel3.com.br\/site\/sem-categoria\/festuris-2017-ja-conta-com-mais-de-mil-profissionais-inscritos\/\" \/>\n<meta property=\"og:site_name\" content=\"Travel3\" \/>\n<meta property=\"article:publisher\" content=\"https:\/\/www.facebook.com\/travel3media\/\" \/>\n<meta property=\"article:published_time\" content=\"2017-08-24T06:55:19+00:00\" \/>\n<meta name=\"author\" content=\"admin\" \/>\n<meta name=\"twitter:card\" content=\"summary_large_image\" \/>\n<meta name=\"twitter:label1\" content=\"Escrito por\" \/>\n\t<meta name=\"twitter:data1\" content=\"admin\" \/>\n\t<meta name=\"twitter:label2\" content=\"Est. tempo de leitura\" \/>\n\t<meta name=\"twitter:data2\" content=\"1 minuto\" \/>\n<script type=\"application\/ld+json\" class=\"yoast-schema-graph\">{\"@context\":\"https:\/\/schema.org\",\"@graph\":[{\"@type\":\"Article\",\"@id\":\"https:\/\/www.travel3.com.br\/site\/sem-categoria\/festuris-2017-ja-conta-com-mais-de-mil-profissionais-inscritos\/#article\",\"isPartOf\":{\"@id\":\"https:\/\/www.travel3.com.br\/site\/sem-categoria\/festuris-2017-ja-conta-com-mais-de-mil-profissionais-inscritos\/\"},\"author\":{\"name\":\"admin\",\"@id\":\"https:\/\/www.travel3.com.br\/site\/#\/schema\/person\/a69d71e41a024999b6ab82369ac0bd1e\"},\"headline\":\"FESTURIS 2017 J\u00c1 CONTA COM MAIS DE MIL PROFISSIONAIS INSCRITOS\",\"datePublished\":\"2017-08-24T06:55:19+00:00\",\"mainEntityOfPage\":{\"@id\":\"https:\/\/www.travel3.com.br\/site\/sem-categoria\/festuris-2017-ja-conta-com-mais-de-mil-profissionais-inscritos\/\"},\"wordCount\":307,\"commentCount\":0,\"publisher\":{\"@id\":\"https:\/\/www.travel3.com.br\/site\/#organization\"},\"inLanguage\":\"pt-BR\",\"potentialAction\":[{\"@type\":\"CommentAction\",\"name\":\"Comment\",\"target\":[\"https:\/\/www.travel3.com.br\/site\/sem-categoria\/festuris-2017-ja-conta-com-mais-de-mil-profissionais-inscritos\/#respond\"]}]},{\"@type\":\"WebPage\",\"@id\":\"https:\/\/www.travel3.com.br\/site\/sem-categoria\/festuris-2017-ja-conta-com-mais-de-mil-profissionais-inscritos\/\",\"url\":\"https:\/\/www.travel3.com.br\/site\/sem-categoria\/festuris-2017-ja-conta-com-mais-de-mil-profissionais-inscritos\/\",\"name\":\"FESTURIS 2017 J\u00c1 CONTA COM MAIS DE MIL PROFISSIONAIS INSCRITOS - Travel3\",\"isPartOf\":{\"@id\":\"https:\/\/www.travel3.com.br\/site\/#website\"},\"datePublished\":\"2017-08-24T06:55:19+00:00\",\"description\":\"A TRAVEL3 \u00e9 um portal de conte\u00fado voltado para o turismo, encontre destinos, viagens, hospedagem, passagens, guias, not\u00edcias sobre o mercado do turismo, dicas de viagem, v\u00eddeos e podcast.\",\"breadcrumb\":{\"@id\":\"https:\/\/www.travel3.com.br\/site\/sem-categoria\/festuris-2017-ja-conta-com-mais-de-mil-profissionais-inscritos\/#breadcrumb\"},\"inLanguage\":\"pt-BR\",\"potentialAction\":[{\"@type\":\"ReadAction\",\"target\":[\"https:\/\/www.travel3.com.br\/site\/sem-categoria\/festuris-2017-ja-conta-com-mais-de-mil-profissionais-inscritos\/\"]}]},{\"@type\":\"BreadcrumbList\",\"@id\":\"https:\/\/www.travel3.com.br\/site\/sem-categoria\/festuris-2017-ja-conta-com-mais-de-mil-profissionais-inscritos\/#breadcrumb\",\"itemListElement\":[{\"@type\":\"ListItem\",\"position\":1,\"name\":\"In\u00edcio\",\"item\":\"https:\/\/www.travel3.com.br\/site\/\"},{\"@type\":\"ListItem\",\"position\":2,\"name\":\"FESTURIS 2017 J\u00c1 CONTA COM MAIS DE MIL PROFISSIONAIS INSCRITOS\"}]},{\"@type\":\"WebSite\",\"@id\":\"https:\/\/www.travel3.com.br\/site\/#website\",\"url\":\"https:\/\/www.travel3.com.br\/site\/\",\"name\":\"Travel3\",\"description\":\"Lazer + Neg&oacute;cios + Aventura\",\"publisher\":{\"@id\":\"https:\/\/www.travel3.com.br\/site\/#organization\"},\"potentialAction\":[{\"@type\":\"SearchAction\",\"target\":{\"@type\":\"EntryPoint\",\"urlTemplate\":\"https:\/\/www.travel3.com.br\/site\/?s={search_term_string}\"},\"query-input\":{\"@type\":\"PropertyValueSpecification\",\"valueRequired\":true,\"valueName\":\"search_term_string\"}}],\"inLanguage\":\"pt-BR\"},{\"@type\":\"Organization\",\"@id\":\"https:\/\/www.travel3.com.br\/site\/#organization\",\"name\":\"Travel3\",\"url\":\"https:\/\/www.travel3.com.br\/site\/\",\"logo\":{\"@type\":\"ImageObject\",\"inLanguage\":\"pt-BR\",\"@id\":\"https:\/\/www.travel3.com.br\/site\/#\/schema\/logo\/image\/\",\"url\":\"https:\/\/www.travel3.com.br\/site\/wp-content\/uploads\/2020\/01\/logo-travel3-2020.png\",\"contentUrl\":\"https:\/\/www.travel3.com.br\/site\/wp-content\/uploads\/2020\/01\/logo-travel3-2020.png\",\"width\":232,\"height\":79,\"caption\":\"Travel3\"},\"image\":{\"@id\":\"https:\/\/www.travel3.com.br\/site\/#\/schema\/logo\/image\/\"},\"sameAs\":[\"https:\/\/www.facebook.com\/travel3media\/\",\"https:\/\/www.instagram.com\/revistatravel3\/\",\"https:\/\/www.youtube.com\/channel\/UCno7J4paGBR3VbZQzvoJ9Eg\"]},{\"@type\":\"Person\",\"@id\":\"https:\/\/www.travel3.com.br\/site\/#\/schema\/person\/a69d71e41a024999b6ab82369ac0bd1e\",\"name\":\"admin\",\"image\":{\"@type\":\"ImageObject\",\"inLanguage\":\"pt-BR\",\"@id\":\"https:\/\/www.travel3.com.br\/site\/#\/schema\/person\/image\/\",\"url\":\"https:\/\/secure.gravatar.com\/avatar\/732a67adfd764da2a47ba10ce731c4c0?s=96&d=mm&r=g\",\"contentUrl\":\"https:\/\/secure.gravatar.com\/avatar\/732a67adfd764da2a47ba10ce731c4c0?s=96&d=mm&r=g\",\"caption\":\"admin\"},\"url\":\"https:\/\/www.travel3.com.br\/site\/author\/admin\/\"}]}<\/script>\n<!-- \/ Yoast SEO plugin. -->","yoast_head_json":{"title":"FESTURIS 2017 J\u00c1 CONTA COM MAIS DE MIL PROFISSIONAIS INSCRITOS - Travel3","description":"A TRAVEL3 \u00e9 um portal de conte\u00fado voltado para o turismo, encontre destinos, viagens, hospedagem, passagens, guias, not\u00edcias sobre o mercado do turismo, dicas de viagem, v\u00eddeos e podcast.","robots":{"index":"index","follow":"follow","max-snippet":"max-snippet:-1","max-image-preview":"max-image-preview:large","max-video-preview":"max-video-preview:-1"},"canonical":"https:\/\/www.travel3.com.br\/site\/sem-categoria\/festuris-2017-ja-conta-com-mais-de-mil-profissionais-inscritos\/","og_locale":"pt_BR","og_type":"article","og_title":"FESTURIS 2017 J\u00c1 CONTA COM MAIS DE MIL PROFISSIONAIS INSCRITOS - Travel3","og_description":"A TRAVEL3 \u00e9 um portal de conte\u00fado voltado para o turismo, encontre destinos, viagens, hospedagem, passagens, guias, not\u00edcias sobre o mercado do turismo, dicas de viagem, v\u00eddeos e podcast.","og_url":"https:\/\/www.travel3.com.br\/site\/sem-categoria\/festuris-2017-ja-conta-com-mais-de-mil-profissionais-inscritos\/","og_site_name":"Travel3","article_publisher":"https:\/\/www.facebook.com\/travel3media\/","article_published_time":"2017-08-24T06:55:19+00:00","author":"admin","twitter_card":"summary_large_image","twitter_misc":{"Escrito por":"admin","Est. tempo de leitura":"1 minuto"},"schema":{"@context":"https:\/\/schema.org","@graph":[{"@type":"Article","@id":"https:\/\/www.travel3.com.br\/site\/sem-categoria\/festuris-2017-ja-conta-com-mais-de-mil-profissionais-inscritos\/#article","isPartOf":{"@id":"https:\/\/www.travel3.com.br\/site\/sem-categoria\/festuris-2017-ja-conta-com-mais-de-mil-profissionais-inscritos\/"},"author":{"name":"admin","@id":"https:\/\/www.travel3.com.br\/site\/#\/schema\/person\/a69d71e41a024999b6ab82369ac0bd1e"},"headline":"FESTURIS 2017 J\u00c1 CONTA COM MAIS DE MIL PROFISSIONAIS INSCRITOS","datePublished":"2017-08-24T06:55:19+00:00","mainEntityOfPage":{"@id":"https:\/\/www.travel3.com.br\/site\/sem-categoria\/festuris-2017-ja-conta-com-mais-de-mil-profissionais-inscritos\/"},"wordCount":307,"commentCount":0,"publisher":{"@id":"https:\/\/www.travel3.com.br\/site\/#organization"},"inLanguage":"pt-BR","potentialAction":[{"@type":"CommentAction","name":"Comment","target":["https:\/\/www.travel3.com.br\/site\/sem-categoria\/festuris-2017-ja-conta-com-mais-de-mil-profissionais-inscritos\/#respond"]}]},{"@type":"WebPage","@id":"https:\/\/www.travel3.com.br\/site\/sem-categoria\/festuris-2017-ja-conta-com-mais-de-mil-profissionais-inscritos\/","url":"https:\/\/www.travel3.com.br\/site\/sem-categoria\/festuris-2017-ja-conta-com-mais-de-mil-profissionais-inscritos\/","name":"FESTURIS 2017 J\u00c1 CONTA COM MAIS DE MIL PROFISSIONAIS INSCRITOS - Travel3","isPartOf":{"@id":"https:\/\/www.travel3.com.br\/site\/#website"},"datePublished":"2017-08-24T06:55:19+00:00","description":"A TRAVEL3 \u00e9 um portal de conte\u00fado voltado para o turismo, encontre destinos, viagens, hospedagem, passagens, guias, not\u00edcias sobre o mercado do turismo, dicas de viagem, v\u00eddeos e podcast.","breadcrumb":{"@id":"https:\/\/www.travel3.com.br\/site\/sem-categoria\/festuris-2017-ja-conta-com-mais-de-mil-profissionais-inscritos\/#breadcrumb"},"inLanguage":"pt-BR","potentialAction":[{"@type":"ReadAction","target":["https:\/\/www.travel3.com.br\/site\/sem-categoria\/festuris-2017-ja-conta-com-mais-de-mil-profissionais-inscritos\/"]}]},{"@type":"BreadcrumbList","@id":"https:\/\/www.travel3.com.br\/site\/sem-categoria\/festuris-2017-ja-conta-com-mais-de-mil-profissionais-inscritos\/#breadcrumb","itemListElement":[{"@type":"ListItem","position":1,"name":"In\u00edcio","item":"https:\/\/www.travel3.com.br\/site\/"},{"@type":"ListItem","position":2,"name":"FESTURIS 2017 J\u00c1 CONTA COM MAIS DE MIL PROFISSIONAIS INSCRITOS"}]},{"@type":"WebSite","@id":"https:\/\/www.travel3.com.br\/site\/#website","url":"https:\/\/www.travel3.com.br\/site\/","name":"Travel3","description":"Lazer + Neg&oacute;cios + Aventura","publisher":{"@id":"https:\/\/www.travel3.com.br\/site\/#organization"},"potentialAction":[{"@type":"SearchAction","target":{"@type":"EntryPoint","urlTemplate":"https:\/\/www.travel3.com.br\/site\/?s={search_term_string}"},"query-input":{"@type":"PropertyValueSpecification","valueRequired":true,"valueName":"search_term_string"}}],"inLanguage":"pt-BR"},{"@type":"Organization","@id":"https:\/\/www.travel3.com.br\/site\/#organization","name":"Travel3","url":"https:\/\/www.travel3.com.br\/site\/","logo":{"@type":"ImageObject","inLanguage":"pt-BR","@id":"https:\/\/www.travel3.com.br\/site\/#\/schema\/logo\/image\/","url":"https:\/\/www.travel3.com.br\/site\/wp-content\/uploads\/2020\/01\/logo-travel3-2020.png","contentUrl":"https:\/\/www.travel3.com.br\/site\/wp-content\/uploads\/2020\/01\/logo-travel3-2020.png","width":232,"height":79,"caption":"Travel3"},"image":{"@id":"https:\/\/www.travel3.com.br\/site\/#\/schema\/logo\/image\/"},"sameAs":["https:\/\/www.facebook.com\/travel3media\/","https:\/\/www.instagram.com\/revistatravel3\/","https:\/\/www.youtube.com\/channel\/UCno7J4paGBR3VbZQzvoJ9Eg"]},{"@type":"Person","@id":"https:\/\/www.travel3.com.br\/site\/#\/schema\/person\/a69d71e41a024999b6ab82369ac0bd1e","name":"admin","image":{"@type":"ImageObject","inLanguage":"pt-BR","@id":"https:\/\/www.travel3.com.br\/site\/#\/schema\/person\/image\/","url":"https:\/\/secure.gravatar.com\/avatar\/732a67adfd764da2a47ba10ce731c4c0?s=96&d=mm&r=g","contentUrl":"https:\/\/secure.gravatar.com\/avatar\/732a67adfd764da2a47ba10ce731c4c0?s=96&d=mm&r=g","caption":"admin"},"url":"https:\/\/www.travel3.com.br\/site\/author\/admin\/"}]}},"_links":{"self":[{"href":"https:\/\/www.travel3.com.br\/site\/wp-json\/wp\/v2\/posts\/1938","targetHints":{"allow":["GET"]}}],"collection":[{"href":"https:\/\/www.travel3.com.br\/site\/wp-json\/wp\/v2\/posts"}],"about":[{"href":"https:\/\/www.travel3.com.br\/site\/wp-json\/wp\/v2\/types\/post"}],"author":[{"embeddable":true,"href":"https:\/\/www.travel3.com.br\/site\/wp-json\/wp\/v2\/users\/1"}],"replies":[{"embeddable":true,"href":"https:\/\/www.travel3.com.br\/site\/wp-json\/wp\/v2\/comments?post=1938"}],"version-history":[{"count":0,"href":"https:\/\/www.travel3.com.br\/site\/wp-json\/wp\/v2\/posts\/1938\/revisions"}],"wp:attachment":[{"href":"https:\/\/www.travel3.com.br\/site\/wp-json\/wp\/v2\/media?parent=1938"}],"wp:term":[{"taxonomy":"category","embeddable":true,"href":"https:\/\/www.travel3.com.br\/site\/wp-json\/wp\/v2\/categories?post=1938"},{"taxonomy":"post_tag","embeddable":true,"href":"https:\/\/www.travel3.com.br\/site\/wp-json\/wp\/v2\/tags?post=1938"}],"curies":[{"name":"wp","href":"https:\/\/api.w.org\/{rel}","templated":true}]}}