{"id":1935,"date":"2017-08-23T23:37:37","date_gmt":"2017-08-23T23:37:37","guid":{"rendered":"http:\/\/www.travel3.com.br\/site\/ir-e-vir\/ar\/ryanair-ja-programa-voos-de-madrid-e-turim-para-cardiff\/"},"modified":"2017-08-23T23:37:37","modified_gmt":"2017-08-23T23:37:37","slug":"ryanair-ja-programa-voos-de-madrid-e-turim-para-cardiff","status":"publish","type":"post","link":"https:\/\/www.travel3.com.br\/site\/sem-categoria\/ryanair-ja-programa-voos-de-madrid-e-turim-para-cardiff\/","title":{"rendered":"RYANAIR J\u00c1 PROGRAMA VOOS DE MADRID E TURIM PARA CARDIFF"},"content":{"rendered":"<p><span style=\"color: #40acad; font-family: -apple-system, system-ui, 'Segoe UI', Roboto, Oxygen-Sans, Ubuntu, Cantarell, 'Helvetica Neue', sans-serif; font-size: 12px; font-weight: bold;\"><\/p>\n<p style=\"text-align:justify\">Agil como sempre, a maior empresa europeia do sistema low cost \u00a0sai na frente como fizeram o Real e a Juventus em campo e j\u00e1 tem o anuncio de voos \u00a0especiais para Cardiff onde dever\u00e3o se encontrar \u2013 ao que tudo indica \u2013 os torcedores do clube mais vezes ganhador da Champions League e\u00a0 do time italiano que deve retornar \u00e0 disputa final do principal torneio europeu.<\/p>\n<p style=\"text-align:justify\">E se ontem foi Cristiano Ronaldo quem deu o show, confirmando sua trajet\u00f3ria impressionante como goleador e condutor do Real, hoje foi o argentino Higuain que disse o quanto a \u2018Velha Senhora\u2019 tem para retornar aos grandes feitos. \u2018Pipita\u2019, como \u00e9 chamado o goleador argentino, n\u00e3o perdoou e fez os dois gols na vit\u00f3ria em terri\u00f3rio franc\u00eas, uma vit\u00f3ria que d\u00e1 todos os cr\u00e9ditos \u00e0 Juve e deixa o \u00a0M\u00f4naco em uma situa\u00e7\u00e3o t\u00e3o dif\u00edcil como a do Atl\u00e9tico de Madrid.<\/p>\n<p style=\"text-align:justify\"><a class=\"fancybox-media\" href=\"..\/_uploads\/_noticia\/2017-05\/ryanairvooentremadridecardiff.jpg\" rel=\"portfolio\"><img decoding=\"async\" alt=\"\" src=\"..\/_uploads\/_noticia\/2017-05\/ryanairvooentremadridecardiff.jpg\" \/><\/a> Para que os torcedores madrilhenhos possam chegar mais facilmente ao est\u00e1dio Millenium, local da final\u00edssima no s\u00e1bado, 3 de junho, a Ryanair ter\u00e1 voos especiais saindo no s\u00e1bado, dia 2, com retorno de Cardiff no dia 5. L\u00f3gico que a expectativa \u00e9 de uma grande demanda e o numero de reservas \u00e9 limitado.<\/p>\n<p style=\"text-align:justify\">\u201cAs tarifas para Cardiff ser\u00e3o as mais baixas, teremos pre\u00e7os insuper\u00e1veis como de h\u00e1bito\u201d, assegurou o diretor da companhia na Espanha, Robin Kiely.<\/p>\n<p style=\"text-align:justify\">O mesmo dever\u00e1 acontecer com a divis\u00e3o italiana da companhia, pois tanto Turim como Madrid n\u00e3o contam com voos diretos at\u00e9 a capital do Pais de Gales. As op\u00e7\u00f5es a\u00e9reas existentes at\u00e9 ent\u00e3o para os torcedores dos times finalistas eram atrav\u00e9s \u00a0de Londres ou Manchester. A Ryanair j\u00e1 est\u00e1 solucionando esta quest\u00e3o, pelo menos \u00e9 o que promete com a realiza\u00e7\u00e3o de voos diretos para a capital galesa onde j\u00e1 conta com opera\u00e7\u00f5es regulares para v\u00e1rios destinos.<\/p>\n<p>\u00a0<\/p>\n<p><\/span><\/p>\n","protected":false},"excerpt":{"rendered":"<p>Com os resultados nos jogos deste meio de semana, poucos duvidam que o jogo decisivo no Pais de Gales ser\u00e1 entre Real Madrid x Juventus<\/p>\n","protected":false},"author":1,"featured_media":0,"comment_status":"open","ping_status":"open","sticky":false,"template":"","format":"standard","meta":{"footnotes":""},"categories":[],"tags":[],"class_list":["post-1935","post","type-post","status-publish","format-standard","hentry"],"yoast_head":"<!-- This site is optimized with the Yoast SEO plugin v26.2 - https:\/\/yoast.com\/wordpress\/plugins\/seo\/ -->\n<title>RYANAIR J\u00c1 PROGRAMA VOOS DE MADRID E TURIM PARA CARDIFF - Travel3<\/title>\n<meta name=\"description\" content=\"A TRAVEL3 \u00e9 um portal de conte\u00fado voltado para o turismo, encontre destinos, viagens, hospedagem, passagens, guias, not\u00edcias sobre o mercado do turismo, dicas de viagem, v\u00eddeos e podcast.\" \/>\n<meta name=\"robots\" content=\"index, follow, max-snippet:-1, max-image-preview:large, max-video-preview:-1\" \/>\n<link rel=\"canonical\" href=\"https:\/\/www.travel3.com.br\/site\/sem-categoria\/ryanair-ja-programa-voos-de-madrid-e-turim-para-cardiff\/\" \/>\n<meta property=\"og:locale\" content=\"pt_BR\" \/>\n<meta property=\"og:type\" content=\"article\" \/>\n<meta property=\"og:title\" content=\"RYANAIR J\u00c1 PROGRAMA VOOS DE MADRID E TURIM PARA CARDIFF - Travel3\" \/>\n<meta property=\"og:description\" content=\"A TRAVEL3 \u00e9 um portal de conte\u00fado voltado para o turismo, encontre destinos, viagens, hospedagem, passagens, guias, not\u00edcias sobre o mercado do turismo, dicas de viagem, v\u00eddeos e podcast.\" \/>\n<meta property=\"og:url\" content=\"https:\/\/www.travel3.com.br\/site\/sem-categoria\/ryanair-ja-programa-voos-de-madrid-e-turim-para-cardiff\/\" \/>\n<meta property=\"og:site_name\" content=\"Travel3\" \/>\n<meta property=\"article:publisher\" content=\"https:\/\/www.facebook.com\/travel3media\/\" \/>\n<meta property=\"article:published_time\" content=\"2017-08-23T23:37:37+00:00\" \/>\n<meta name=\"author\" content=\"admin\" \/>\n<meta name=\"twitter:card\" content=\"summary_large_image\" \/>\n<meta name=\"twitter:label1\" content=\"Escrito por\" \/>\n\t<meta name=\"twitter:data1\" content=\"admin\" \/>\n\t<meta name=\"twitter:label2\" content=\"Est. tempo de leitura\" \/>\n\t<meta name=\"twitter:data2\" content=\"2 minutos\" \/>\n<script type=\"application\/ld+json\" class=\"yoast-schema-graph\">{\"@context\":\"https:\/\/schema.org\",\"@graph\":[{\"@type\":\"Article\",\"@id\":\"https:\/\/www.travel3.com.br\/site\/sem-categoria\/ryanair-ja-programa-voos-de-madrid-e-turim-para-cardiff\/#article\",\"isPartOf\":{\"@id\":\"https:\/\/www.travel3.com.br\/site\/sem-categoria\/ryanair-ja-programa-voos-de-madrid-e-turim-para-cardiff\/\"},\"author\":{\"name\":\"admin\",\"@id\":\"https:\/\/www.travel3.com.br\/site\/#\/schema\/person\/a69d71e41a024999b6ab82369ac0bd1e\"},\"headline\":\"RYANAIR J\u00c1 PROGRAMA VOOS DE MADRID E TURIM PARA CARDIFF\",\"datePublished\":\"2017-08-23T23:37:37+00:00\",\"mainEntityOfPage\":{\"@id\":\"https:\/\/www.travel3.com.br\/site\/sem-categoria\/ryanair-ja-programa-voos-de-madrid-e-turim-para-cardiff\/\"},\"wordCount\":332,\"commentCount\":0,\"publisher\":{\"@id\":\"https:\/\/www.travel3.com.br\/site\/#organization\"},\"inLanguage\":\"pt-BR\",\"potentialAction\":[{\"@type\":\"CommentAction\",\"name\":\"Comment\",\"target\":[\"https:\/\/www.travel3.com.br\/site\/sem-categoria\/ryanair-ja-programa-voos-de-madrid-e-turim-para-cardiff\/#respond\"]}]},{\"@type\":\"WebPage\",\"@id\":\"https:\/\/www.travel3.com.br\/site\/sem-categoria\/ryanair-ja-programa-voos-de-madrid-e-turim-para-cardiff\/\",\"url\":\"https:\/\/www.travel3.com.br\/site\/sem-categoria\/ryanair-ja-programa-voos-de-madrid-e-turim-para-cardiff\/\",\"name\":\"RYANAIR J\u00c1 PROGRAMA VOOS DE MADRID E TURIM PARA CARDIFF - Travel3\",\"isPartOf\":{\"@id\":\"https:\/\/www.travel3.com.br\/site\/#website\"},\"datePublished\":\"2017-08-23T23:37:37+00:00\",\"description\":\"A TRAVEL3 \u00e9 um portal de conte\u00fado voltado para o turismo, encontre destinos, viagens, hospedagem, passagens, guias, not\u00edcias sobre o mercado do turismo, dicas de viagem, v\u00eddeos e podcast.\",\"breadcrumb\":{\"@id\":\"https:\/\/www.travel3.com.br\/site\/sem-categoria\/ryanair-ja-programa-voos-de-madrid-e-turim-para-cardiff\/#breadcrumb\"},\"inLanguage\":\"pt-BR\",\"potentialAction\":[{\"@type\":\"ReadAction\",\"target\":[\"https:\/\/www.travel3.com.br\/site\/sem-categoria\/ryanair-ja-programa-voos-de-madrid-e-turim-para-cardiff\/\"]}]},{\"@type\":\"BreadcrumbList\",\"@id\":\"https:\/\/www.travel3.com.br\/site\/sem-categoria\/ryanair-ja-programa-voos-de-madrid-e-turim-para-cardiff\/#breadcrumb\",\"itemListElement\":[{\"@type\":\"ListItem\",\"position\":1,\"name\":\"In\u00edcio\",\"item\":\"https:\/\/www.travel3.com.br\/site\/\"},{\"@type\":\"ListItem\",\"position\":2,\"name\":\"RYANAIR J\u00c1 PROGRAMA VOOS DE MADRID E TURIM PARA CARDIFF\"}]},{\"@type\":\"WebSite\",\"@id\":\"https:\/\/www.travel3.com.br\/site\/#website\",\"url\":\"https:\/\/www.travel3.com.br\/site\/\",\"name\":\"Travel3\",\"description\":\"Lazer + Neg&oacute;cios + Aventura\",\"publisher\":{\"@id\":\"https:\/\/www.travel3.com.br\/site\/#organization\"},\"potentialAction\":[{\"@type\":\"SearchAction\",\"target\":{\"@type\":\"EntryPoint\",\"urlTemplate\":\"https:\/\/www.travel3.com.br\/site\/?s={search_term_string}\"},\"query-input\":{\"@type\":\"PropertyValueSpecification\",\"valueRequired\":true,\"valueName\":\"search_term_string\"}}],\"inLanguage\":\"pt-BR\"},{\"@type\":\"Organization\",\"@id\":\"https:\/\/www.travel3.com.br\/site\/#organization\",\"name\":\"Travel3\",\"url\":\"https:\/\/www.travel3.com.br\/site\/\",\"logo\":{\"@type\":\"ImageObject\",\"inLanguage\":\"pt-BR\",\"@id\":\"https:\/\/www.travel3.com.br\/site\/#\/schema\/logo\/image\/\",\"url\":\"https:\/\/www.travel3.com.br\/site\/wp-content\/uploads\/2020\/01\/logo-travel3-2020.png\",\"contentUrl\":\"https:\/\/www.travel3.com.br\/site\/wp-content\/uploads\/2020\/01\/logo-travel3-2020.png\",\"width\":232,\"height\":79,\"caption\":\"Travel3\"},\"image\":{\"@id\":\"https:\/\/www.travel3.com.br\/site\/#\/schema\/logo\/image\/\"},\"sameAs\":[\"https:\/\/www.facebook.com\/travel3media\/\",\"https:\/\/www.instagram.com\/revistatravel3\/\",\"https:\/\/www.youtube.com\/channel\/UCno7J4paGBR3VbZQzvoJ9Eg\"]},{\"@type\":\"Person\",\"@id\":\"https:\/\/www.travel3.com.br\/site\/#\/schema\/person\/a69d71e41a024999b6ab82369ac0bd1e\",\"name\":\"admin\",\"image\":{\"@type\":\"ImageObject\",\"inLanguage\":\"pt-BR\",\"@id\":\"https:\/\/www.travel3.com.br\/site\/#\/schema\/person\/image\/\",\"url\":\"https:\/\/secure.gravatar.com\/avatar\/732a67adfd764da2a47ba10ce731c4c0?s=96&d=mm&r=g\",\"contentUrl\":\"https:\/\/secure.gravatar.com\/avatar\/732a67adfd764da2a47ba10ce731c4c0?s=96&d=mm&r=g\",\"caption\":\"admin\"},\"url\":\"https:\/\/www.travel3.com.br\/site\/author\/admin\/\"}]}<\/script>\n<!-- \/ Yoast SEO plugin. -->","yoast_head_json":{"title":"RYANAIR J\u00c1 PROGRAMA VOOS DE MADRID E TURIM PARA CARDIFF - Travel3","description":"A TRAVEL3 \u00e9 um portal de conte\u00fado voltado para o turismo, encontre destinos, viagens, hospedagem, passagens, guias, not\u00edcias sobre o mercado do turismo, dicas de viagem, v\u00eddeos e podcast.","robots":{"index":"index","follow":"follow","max-snippet":"max-snippet:-1","max-image-preview":"max-image-preview:large","max-video-preview":"max-video-preview:-1"},"canonical":"https:\/\/www.travel3.com.br\/site\/sem-categoria\/ryanair-ja-programa-voos-de-madrid-e-turim-para-cardiff\/","og_locale":"pt_BR","og_type":"article","og_title":"RYANAIR J\u00c1 PROGRAMA VOOS DE MADRID E TURIM PARA CARDIFF - Travel3","og_description":"A TRAVEL3 \u00e9 um portal de conte\u00fado voltado para o turismo, encontre destinos, viagens, hospedagem, passagens, guias, not\u00edcias sobre o mercado do turismo, dicas de viagem, v\u00eddeos e podcast.","og_url":"https:\/\/www.travel3.com.br\/site\/sem-categoria\/ryanair-ja-programa-voos-de-madrid-e-turim-para-cardiff\/","og_site_name":"Travel3","article_publisher":"https:\/\/www.facebook.com\/travel3media\/","article_published_time":"2017-08-23T23:37:37+00:00","author":"admin","twitter_card":"summary_large_image","twitter_misc":{"Escrito por":"admin","Est. tempo de leitura":"2 minutos"},"schema":{"@context":"https:\/\/schema.org","@graph":[{"@type":"Article","@id":"https:\/\/www.travel3.com.br\/site\/sem-categoria\/ryanair-ja-programa-voos-de-madrid-e-turim-para-cardiff\/#article","isPartOf":{"@id":"https:\/\/www.travel3.com.br\/site\/sem-categoria\/ryanair-ja-programa-voos-de-madrid-e-turim-para-cardiff\/"},"author":{"name":"admin","@id":"https:\/\/www.travel3.com.br\/site\/#\/schema\/person\/a69d71e41a024999b6ab82369ac0bd1e"},"headline":"RYANAIR J\u00c1 PROGRAMA VOOS DE MADRID E TURIM PARA CARDIFF","datePublished":"2017-08-23T23:37:37+00:00","mainEntityOfPage":{"@id":"https:\/\/www.travel3.com.br\/site\/sem-categoria\/ryanair-ja-programa-voos-de-madrid-e-turim-para-cardiff\/"},"wordCount":332,"commentCount":0,"publisher":{"@id":"https:\/\/www.travel3.com.br\/site\/#organization"},"inLanguage":"pt-BR","potentialAction":[{"@type":"CommentAction","name":"Comment","target":["https:\/\/www.travel3.com.br\/site\/sem-categoria\/ryanair-ja-programa-voos-de-madrid-e-turim-para-cardiff\/#respond"]}]},{"@type":"WebPage","@id":"https:\/\/www.travel3.com.br\/site\/sem-categoria\/ryanair-ja-programa-voos-de-madrid-e-turim-para-cardiff\/","url":"https:\/\/www.travel3.com.br\/site\/sem-categoria\/ryanair-ja-programa-voos-de-madrid-e-turim-para-cardiff\/","name":"RYANAIR J\u00c1 PROGRAMA VOOS DE MADRID E TURIM PARA CARDIFF - Travel3","isPartOf":{"@id":"https:\/\/www.travel3.com.br\/site\/#website"},"datePublished":"2017-08-23T23:37:37+00:00","description":"A TRAVEL3 \u00e9 um portal de conte\u00fado voltado para o turismo, encontre destinos, viagens, hospedagem, passagens, guias, not\u00edcias sobre o mercado do turismo, dicas de viagem, v\u00eddeos e podcast.","breadcrumb":{"@id":"https:\/\/www.travel3.com.br\/site\/sem-categoria\/ryanair-ja-programa-voos-de-madrid-e-turim-para-cardiff\/#breadcrumb"},"inLanguage":"pt-BR","potentialAction":[{"@type":"ReadAction","target":["https:\/\/www.travel3.com.br\/site\/sem-categoria\/ryanair-ja-programa-voos-de-madrid-e-turim-para-cardiff\/"]}]},{"@type":"BreadcrumbList","@id":"https:\/\/www.travel3.com.br\/site\/sem-categoria\/ryanair-ja-programa-voos-de-madrid-e-turim-para-cardiff\/#breadcrumb","itemListElement":[{"@type":"ListItem","position":1,"name":"In\u00edcio","item":"https:\/\/www.travel3.com.br\/site\/"},{"@type":"ListItem","position":2,"name":"RYANAIR J\u00c1 PROGRAMA VOOS DE MADRID E TURIM PARA CARDIFF"}]},{"@type":"WebSite","@id":"https:\/\/www.travel3.com.br\/site\/#website","url":"https:\/\/www.travel3.com.br\/site\/","name":"Travel3","description":"Lazer + Neg&oacute;cios + Aventura","publisher":{"@id":"https:\/\/www.travel3.com.br\/site\/#organization"},"potentialAction":[{"@type":"SearchAction","target":{"@type":"EntryPoint","urlTemplate":"https:\/\/www.travel3.com.br\/site\/?s={search_term_string}"},"query-input":{"@type":"PropertyValueSpecification","valueRequired":true,"valueName":"search_term_string"}}],"inLanguage":"pt-BR"},{"@type":"Organization","@id":"https:\/\/www.travel3.com.br\/site\/#organization","name":"Travel3","url":"https:\/\/www.travel3.com.br\/site\/","logo":{"@type":"ImageObject","inLanguage":"pt-BR","@id":"https:\/\/www.travel3.com.br\/site\/#\/schema\/logo\/image\/","url":"https:\/\/www.travel3.com.br\/site\/wp-content\/uploads\/2020\/01\/logo-travel3-2020.png","contentUrl":"https:\/\/www.travel3.com.br\/site\/wp-content\/uploads\/2020\/01\/logo-travel3-2020.png","width":232,"height":79,"caption":"Travel3"},"image":{"@id":"https:\/\/www.travel3.com.br\/site\/#\/schema\/logo\/image\/"},"sameAs":["https:\/\/www.facebook.com\/travel3media\/","https:\/\/www.instagram.com\/revistatravel3\/","https:\/\/www.youtube.com\/channel\/UCno7J4paGBR3VbZQzvoJ9Eg"]},{"@type":"Person","@id":"https:\/\/www.travel3.com.br\/site\/#\/schema\/person\/a69d71e41a024999b6ab82369ac0bd1e","name":"admin","image":{"@type":"ImageObject","inLanguage":"pt-BR","@id":"https:\/\/www.travel3.com.br\/site\/#\/schema\/person\/image\/","url":"https:\/\/secure.gravatar.com\/avatar\/732a67adfd764da2a47ba10ce731c4c0?s=96&d=mm&r=g","contentUrl":"https:\/\/secure.gravatar.com\/avatar\/732a67adfd764da2a47ba10ce731c4c0?s=96&d=mm&r=g","caption":"admin"},"url":"https:\/\/www.travel3.com.br\/site\/author\/admin\/"}]}},"_links":{"self":[{"href":"https:\/\/www.travel3.com.br\/site\/wp-json\/wp\/v2\/posts\/1935","targetHints":{"allow":["GET"]}}],"collection":[{"href":"https:\/\/www.travel3.com.br\/site\/wp-json\/wp\/v2\/posts"}],"about":[{"href":"https:\/\/www.travel3.com.br\/site\/wp-json\/wp\/v2\/types\/post"}],"author":[{"embeddable":true,"href":"https:\/\/www.travel3.com.br\/site\/wp-json\/wp\/v2\/users\/1"}],"replies":[{"embeddable":true,"href":"https:\/\/www.travel3.com.br\/site\/wp-json\/wp\/v2\/comments?post=1935"}],"version-history":[{"count":0,"href":"https:\/\/www.travel3.com.br\/site\/wp-json\/wp\/v2\/posts\/1935\/revisions"}],"wp:attachment":[{"href":"https:\/\/www.travel3.com.br\/site\/wp-json\/wp\/v2\/media?parent=1935"}],"wp:term":[{"taxonomy":"category","embeddable":true,"href":"https:\/\/www.travel3.com.br\/site\/wp-json\/wp\/v2\/categories?post=1935"},{"taxonomy":"post_tag","embeddable":true,"href":"https:\/\/www.travel3.com.br\/site\/wp-json\/wp\/v2\/tags?post=1935"}],"curies":[{"name":"wp","href":"https:\/\/api.w.org\/{rel}","templated":true}]}}