{"id":19133,"date":"2019-01-14T13:14:21","date_gmt":"2019-01-14T15:14:21","guid":{"rendered":"http:\/\/www.travel3.com.br\/?p=19133"},"modified":"2019-01-14T13:14:33","modified_gmt":"2019-01-14T15:14:33","slug":"no-futuro-hotel-tera-suite-autonoma-e-movel","status":"publish","type":"post","link":"https:\/\/www.travel3.com.br\/site\/acontece-no-turismo\/negocios\/no-futuro-hotel-tera-suite-autonoma-e-movel\/","title":{"rendered":"No futuro, hotel ter\u00e1 su\u00edte aut\u00f4noma e m\u00f3vel"},"content":{"rendered":"\n<p style=\"font-size:26px;text-align:center\"><strong>Escrit\u00f3rio de design canadense apresentou o projeto que pode virar realidade nos pr\u00f3ximos 10 anos<\/strong><\/p>\n\n\n\n<p class=\"has-medium-font-size\">A tecnologia continua transformando a sua, a minha, a nossa vida e isso inclui a maneira como iremos viajar um dia, talvez num breve futuro.<\/p>\n\n\n\n<p class=\"has-medium-font-size\">A <a href=\"http:\/\/www.aprilli.com\">Aprilli Design Studio<\/a>, escrit\u00f3rio de design canadense apresentou um projeto que pode virar realidade em breve. A expectativa \u00e9 que por volta do ano 2030, os carros aut\u00f4nomos, que dirigem sozinhos, sejam uma realidade. A\u00ed ser\u00e1 poss\u00edvel colocar em pr\u00e1tica a inven\u00e7\u00e3o deste canadense: a <em>Autonomous Travel Su\u00edte<\/em>.<\/p>\n\n\n\n<figure class=\"wp-block-embed-vimeo wp-block-embed is-type-video is-provider-vimeo wp-embed-aspect-16-9 wp-has-aspect-ratio\"><div class=\"wp-block-embed__wrapper\">\n<div class=\"jeg_video_container jeg_video_content\"><iframe loading=\"lazy\" title=\"Autonomous Travel Suite\" src=\"https:\/\/player.vimeo.com\/video\/293567974?dnt=1&amp;app_id=122963\" width=\"500\" height=\"281\" frameborder=\"0\" allow=\"autoplay; fullscreen; picture-in-picture; clipboard-write; encrypted-media\"><\/iframe><\/div>\n<\/div><\/figure>\n\n\n\n<p><\/p>\n\n\n\n<h2 class=\"wp-block-heading\"><strong>Esta su\u00edte de hotel m\u00f3vel acaba de ganhar o pr\u00eamio de Inova\u00e7\u00e3o Radical <\/strong><\/h2>\n\n\n\n<p class=\"has-medium-font-size\">Ela se parece muito com um trailer, um motor home. A diferen\u00e7a est\u00e1 na forma como ele se desloca \u2013 de maneira aut\u00f4noma, sem motorista \u2013 e no conte\u00fado \u2013 a ideia \u00e9 fazer uma su\u00edte com todos os itens de conforto de um hotel, ou seja, boas camas, banheiro e ainda uma cozinha completa. A su\u00edte ser\u00e1 movida a bateria, com carga suficiente para rodar 10 horas sem parar. <\/p>\n\n\n\n<p class=\"has-medium-font-size\">\u00a0A ideia \u00e9 que nos locais onde o ve\u00edculo fa\u00e7a a recarga, haja tamb\u00e9m um servi\u00e7o para limpar o interior da habita\u00e7\u00e3o-m\u00f3vel, trocar as roupas de cama, toalhas, abastecer o banheiro com novos <em>amenities<\/em>, e por a\u00ed vai.<\/p>\n\n\n\n<p class=\"has-medium-font-size\">Steve Lee, o inventor da Su\u00edte M\u00f3vel, diz que, de maneira alguma o novo conceito ir\u00e1 concorrer com as cadeias de hot\u00e9is mas, ser\u00e1 uma nova modalidade que os hot\u00e9is poder\u00e3o adotar e colocar suas bandeiras neste novo produto que, por enquanto \u00e9 apenas uma ideia no papel.<\/p>\n\n\n\n<p class=\"has-medium-font-size\">Em 2030, talvez um pouquinho antes, um pouquinho depois, a gente volta a falar sobre o assunto.<strong>\u00a0<\/strong><\/p>\n","protected":false},"excerpt":{"rendered":"<p>Escrit\u00f3rio de design canadense apresentou o projeto que pode virar realidade nos pr\u00f3ximos 10 anos A tecnologia continua transformando a sua, a minha, a nossa vida e isso inclui a maneira como iremos viajar um dia, talvez num breve futuro. A Aprilli Design Studio, escrit\u00f3rio de design canadense apresentou um projeto que pode virar realidade [&hellip;]<\/p>\n","protected":false},"author":5,"featured_media":19136,"comment_status":"open","ping_status":"open","sticky":false,"template":"","format":"standard","meta":{"footnotes":""},"categories":[226,3],"tags":[3173,583,3172],"class_list":["post-19133","post","type-post","status-publish","format-standard","has-post-thumbnail","hentry","category-destaque","category-negocios","tag-aprilli","tag-claudia-tonaco","tag-suite-autonoma-movel"],"yoast_head":"<!-- This site is optimized with the Yoast SEO plugin v26.2 - https:\/\/yoast.com\/wordpress\/plugins\/seo\/ -->\n<title>No futuro, hotel ter\u00e1 su\u00edte aut\u00f4noma e m\u00f3vel - Travel3<\/title>\n<meta name=\"description\" content=\"A TRAVEL3 \u00e9 um portal de conte\u00fado voltado para o turismo, encontre destinos, viagens, hospedagem, passagens, guias, not\u00edcias sobre o mercado do turismo, dicas de viagem, v\u00eddeos e podcast.\" \/>\n<meta name=\"robots\" content=\"index, follow, max-snippet:-1, max-image-preview:large, max-video-preview:-1\" \/>\n<link rel=\"canonical\" href=\"https:\/\/www.travel3.com.br\/site\/acontece-no-turismo\/negocios\/no-futuro-hotel-tera-suite-autonoma-e-movel\/\" \/>\n<meta property=\"og:locale\" content=\"pt_BR\" \/>\n<meta property=\"og:type\" content=\"article\" \/>\n<meta property=\"og:title\" content=\"No futuro, hotel ter\u00e1 su\u00edte aut\u00f4noma e m\u00f3vel - Travel3\" \/>\n<meta property=\"og:description\" content=\"A TRAVEL3 \u00e9 um portal de conte\u00fado voltado para o turismo, encontre destinos, viagens, hospedagem, passagens, guias, not\u00edcias sobre o mercado do turismo, dicas de viagem, v\u00eddeos e podcast.\" \/>\n<meta property=\"og:url\" content=\"https:\/\/www.travel3.com.br\/site\/acontece-no-turismo\/negocios\/no-futuro-hotel-tera-suite-autonoma-e-movel\/\" \/>\n<meta property=\"og:site_name\" content=\"Travel3\" \/>\n<meta property=\"article:publisher\" content=\"https:\/\/www.facebook.com\/travel3media\/\" \/>\n<meta property=\"article:published_time\" content=\"2019-01-14T15:14:21+00:00\" \/>\n<meta property=\"article:modified_time\" content=\"2019-01-14T15:14:33+00:00\" \/>\n<meta property=\"og:image\" content=\"https:\/\/www.travel3.com.br\/site\/wp-content\/uploads\/2019\/01\/ATS_NIGHTVIEW-2.jpg\" \/>\n\t<meta property=\"og:image:width\" content=\"1920\" \/>\n\t<meta property=\"og:image:height\" content=\"1080\" \/>\n\t<meta property=\"og:image:type\" content=\"image\/jpeg\" \/>\n<meta name=\"author\" content=\"Reda\u00e7\u00e3o Travel3\" \/>\n<meta name=\"twitter:card\" content=\"summary_large_image\" \/>\n<meta name=\"twitter:label1\" content=\"Escrito por\" \/>\n\t<meta name=\"twitter:data1\" content=\"Reda\u00e7\u00e3o Travel3\" \/>\n\t<meta name=\"twitter:label2\" content=\"Est. tempo de leitura\" \/>\n\t<meta name=\"twitter:data2\" content=\"1 minuto\" \/>\n<script type=\"application\/ld+json\" class=\"yoast-schema-graph\">{\"@context\":\"https:\/\/schema.org\",\"@graph\":[{\"@type\":\"Article\",\"@id\":\"https:\/\/www.travel3.com.br\/site\/acontece-no-turismo\/negocios\/no-futuro-hotel-tera-suite-autonoma-e-movel\/#article\",\"isPartOf\":{\"@id\":\"https:\/\/www.travel3.com.br\/site\/acontece-no-turismo\/negocios\/no-futuro-hotel-tera-suite-autonoma-e-movel\/\"},\"author\":{\"name\":\"Reda\u00e7\u00e3o Travel3\",\"@id\":\"https:\/\/www.travel3.com.br\/site\/#\/schema\/person\/89251b0320bc67697de92249f97f3fdb\"},\"headline\":\"No futuro, hotel ter\u00e1 su\u00edte aut\u00f4noma e m\u00f3vel\",\"datePublished\":\"2019-01-14T15:14:21+00:00\",\"dateModified\":\"2019-01-14T15:14:33+00:00\",\"mainEntityOfPage\":{\"@id\":\"https:\/\/www.travel3.com.br\/site\/acontece-no-turismo\/negocios\/no-futuro-hotel-tera-suite-autonoma-e-movel\/\"},\"wordCount\":306,\"commentCount\":0,\"publisher\":{\"@id\":\"https:\/\/www.travel3.com.br\/site\/#organization\"},\"image\":{\"@id\":\"https:\/\/www.travel3.com.br\/site\/acontece-no-turismo\/negocios\/no-futuro-hotel-tera-suite-autonoma-e-movel\/#primaryimage\"},\"thumbnailUrl\":\"https:\/\/www.travel3.com.br\/site\/wp-content\/uploads\/2019\/01\/ATS_NIGHTVIEW-2.jpg\",\"keywords\":[\"Aprilli\",\"Claudia Tonaco\",\"Su\u00edte Aut\u00f4noma M\u00f3vel\"],\"articleSection\":[\"Destaque\",\"Neg\u00f3cios\"],\"inLanguage\":\"pt-BR\",\"potentialAction\":[{\"@type\":\"CommentAction\",\"name\":\"Comment\",\"target\":[\"https:\/\/www.travel3.com.br\/site\/acontece-no-turismo\/negocios\/no-futuro-hotel-tera-suite-autonoma-e-movel\/#respond\"]}]},{\"@type\":\"WebPage\",\"@id\":\"https:\/\/www.travel3.com.br\/site\/acontece-no-turismo\/negocios\/no-futuro-hotel-tera-suite-autonoma-e-movel\/\",\"url\":\"https:\/\/www.travel3.com.br\/site\/acontece-no-turismo\/negocios\/no-futuro-hotel-tera-suite-autonoma-e-movel\/\",\"name\":\"No futuro, hotel ter\u00e1 su\u00edte aut\u00f4noma e m\u00f3vel - Travel3\",\"isPartOf\":{\"@id\":\"https:\/\/www.travel3.com.br\/site\/#website\"},\"primaryImageOfPage\":{\"@id\":\"https:\/\/www.travel3.com.br\/site\/acontece-no-turismo\/negocios\/no-futuro-hotel-tera-suite-autonoma-e-movel\/#primaryimage\"},\"image\":{\"@id\":\"https:\/\/www.travel3.com.br\/site\/acontece-no-turismo\/negocios\/no-futuro-hotel-tera-suite-autonoma-e-movel\/#primaryimage\"},\"thumbnailUrl\":\"https:\/\/www.travel3.com.br\/site\/wp-content\/uploads\/2019\/01\/ATS_NIGHTVIEW-2.jpg\",\"datePublished\":\"2019-01-14T15:14:21+00:00\",\"dateModified\":\"2019-01-14T15:14:33+00:00\",\"description\":\"A TRAVEL3 \u00e9 um portal de conte\u00fado voltado para o turismo, encontre destinos, viagens, hospedagem, passagens, guias, not\u00edcias sobre o mercado do turismo, dicas de viagem, v\u00eddeos e podcast.\",\"breadcrumb\":{\"@id\":\"https:\/\/www.travel3.com.br\/site\/acontece-no-turismo\/negocios\/no-futuro-hotel-tera-suite-autonoma-e-movel\/#breadcrumb\"},\"inLanguage\":\"pt-BR\",\"potentialAction\":[{\"@type\":\"ReadAction\",\"target\":[\"https:\/\/www.travel3.com.br\/site\/acontece-no-turismo\/negocios\/no-futuro-hotel-tera-suite-autonoma-e-movel\/\"]}]},{\"@type\":\"ImageObject\",\"inLanguage\":\"pt-BR\",\"@id\":\"https:\/\/www.travel3.com.br\/site\/acontece-no-turismo\/negocios\/no-futuro-hotel-tera-suite-autonoma-e-movel\/#primaryimage\",\"url\":\"https:\/\/www.travel3.com.br\/site\/wp-content\/uploads\/2019\/01\/ATS_NIGHTVIEW-2.jpg\",\"contentUrl\":\"https:\/\/www.travel3.com.br\/site\/wp-content\/uploads\/2019\/01\/ATS_NIGHTVIEW-2.jpg\",\"width\":1920,\"height\":1080,\"caption\":\"Imagem de um prot\u00f3tipo da Su\u00edte At\u00f4noma M\u00f3vel, desenvolvida pelo est\u00fadio canadense Aprilli (foto: Aprilli\/Divulga\u00e7\u00e3o)\"},{\"@type\":\"BreadcrumbList\",\"@id\":\"https:\/\/www.travel3.com.br\/site\/acontece-no-turismo\/negocios\/no-futuro-hotel-tera-suite-autonoma-e-movel\/#breadcrumb\",\"itemListElement\":[{\"@type\":\"ListItem\",\"position\":1,\"name\":\"In\u00edcio\",\"item\":\"https:\/\/www.travel3.com.br\/site\/\"},{\"@type\":\"ListItem\",\"position\":2,\"name\":\"No futuro, hotel ter\u00e1 su\u00edte aut\u00f4noma e m\u00f3vel\"}]},{\"@type\":\"WebSite\",\"@id\":\"https:\/\/www.travel3.com.br\/site\/#website\",\"url\":\"https:\/\/www.travel3.com.br\/site\/\",\"name\":\"Travel3\",\"description\":\"Lazer + Neg&oacute;cios + Aventura\",\"publisher\":{\"@id\":\"https:\/\/www.travel3.com.br\/site\/#organization\"},\"potentialAction\":[{\"@type\":\"SearchAction\",\"target\":{\"@type\":\"EntryPoint\",\"urlTemplate\":\"https:\/\/www.travel3.com.br\/site\/?s={search_term_string}\"},\"query-input\":{\"@type\":\"PropertyValueSpecification\",\"valueRequired\":true,\"valueName\":\"search_term_string\"}}],\"inLanguage\":\"pt-BR\"},{\"@type\":\"Organization\",\"@id\":\"https:\/\/www.travel3.com.br\/site\/#organization\",\"name\":\"Travel3\",\"url\":\"https:\/\/www.travel3.com.br\/site\/\",\"logo\":{\"@type\":\"ImageObject\",\"inLanguage\":\"pt-BR\",\"@id\":\"https:\/\/www.travel3.com.br\/site\/#\/schema\/logo\/image\/\",\"url\":\"https:\/\/www.travel3.com.br\/site\/wp-content\/uploads\/2020\/01\/logo-travel3-2020.png\",\"contentUrl\":\"https:\/\/www.travel3.com.br\/site\/wp-content\/uploads\/2020\/01\/logo-travel3-2020.png\",\"width\":232,\"height\":79,\"caption\":\"Travel3\"},\"image\":{\"@id\":\"https:\/\/www.travel3.com.br\/site\/#\/schema\/logo\/image\/\"},\"sameAs\":[\"https:\/\/www.facebook.com\/travel3media\/\",\"https:\/\/www.instagram.com\/revistatravel3\/\",\"https:\/\/www.youtube.com\/channel\/UCno7J4paGBR3VbZQzvoJ9Eg\"]},{\"@type\":\"Person\",\"@id\":\"https:\/\/www.travel3.com.br\/site\/#\/schema\/person\/89251b0320bc67697de92249f97f3fdb\",\"name\":\"Reda\u00e7\u00e3o Travel3\",\"image\":{\"@type\":\"ImageObject\",\"inLanguage\":\"pt-BR\",\"@id\":\"https:\/\/www.travel3.com.br\/site\/#\/schema\/person\/image\/\",\"url\":\"https:\/\/secure.gravatar.com\/avatar\/85a5ec2ad99b1932f671ebf50c117db6?s=96&d=mm&r=g\",\"contentUrl\":\"https:\/\/secure.gravatar.com\/avatar\/85a5ec2ad99b1932f671ebf50c117db6?s=96&d=mm&r=g\",\"caption\":\"Reda\u00e7\u00e3o Travel3\"},\"sameAs\":[\"http:\/\/www.travel3.com.br\/\"],\"url\":\"https:\/\/www.travel3.com.br\/site\/author\/redacao\/\"}]}<\/script>\n<!-- \/ Yoast SEO plugin. -->","yoast_head_json":{"title":"No futuro, hotel ter\u00e1 su\u00edte aut\u00f4noma e m\u00f3vel - Travel3","description":"A TRAVEL3 \u00e9 um portal de conte\u00fado voltado para o turismo, encontre destinos, viagens, hospedagem, passagens, guias, not\u00edcias sobre o mercado do turismo, dicas de viagem, v\u00eddeos e podcast.","robots":{"index":"index","follow":"follow","max-snippet":"max-snippet:-1","max-image-preview":"max-image-preview:large","max-video-preview":"max-video-preview:-1"},"canonical":"https:\/\/www.travel3.com.br\/site\/acontece-no-turismo\/negocios\/no-futuro-hotel-tera-suite-autonoma-e-movel\/","og_locale":"pt_BR","og_type":"article","og_title":"No futuro, hotel ter\u00e1 su\u00edte aut\u00f4noma e m\u00f3vel - Travel3","og_description":"A TRAVEL3 \u00e9 um portal de conte\u00fado voltado para o turismo, encontre destinos, viagens, hospedagem, passagens, guias, not\u00edcias sobre o mercado do turismo, dicas de viagem, v\u00eddeos e podcast.","og_url":"https:\/\/www.travel3.com.br\/site\/acontece-no-turismo\/negocios\/no-futuro-hotel-tera-suite-autonoma-e-movel\/","og_site_name":"Travel3","article_publisher":"https:\/\/www.facebook.com\/travel3media\/","article_published_time":"2019-01-14T15:14:21+00:00","article_modified_time":"2019-01-14T15:14:33+00:00","og_image":[{"width":1920,"height":1080,"url":"https:\/\/www.travel3.com.br\/site\/wp-content\/uploads\/2019\/01\/ATS_NIGHTVIEW-2.jpg","type":"image\/jpeg"}],"author":"Reda\u00e7\u00e3o Travel3","twitter_card":"summary_large_image","twitter_misc":{"Escrito por":"Reda\u00e7\u00e3o Travel3","Est. tempo de leitura":"1 minuto"},"schema":{"@context":"https:\/\/schema.org","@graph":[{"@type":"Article","@id":"https:\/\/www.travel3.com.br\/site\/acontece-no-turismo\/negocios\/no-futuro-hotel-tera-suite-autonoma-e-movel\/#article","isPartOf":{"@id":"https:\/\/www.travel3.com.br\/site\/acontece-no-turismo\/negocios\/no-futuro-hotel-tera-suite-autonoma-e-movel\/"},"author":{"name":"Reda\u00e7\u00e3o Travel3","@id":"https:\/\/www.travel3.com.br\/site\/#\/schema\/person\/89251b0320bc67697de92249f97f3fdb"},"headline":"No futuro, hotel ter\u00e1 su\u00edte aut\u00f4noma e m\u00f3vel","datePublished":"2019-01-14T15:14:21+00:00","dateModified":"2019-01-14T15:14:33+00:00","mainEntityOfPage":{"@id":"https:\/\/www.travel3.com.br\/site\/acontece-no-turismo\/negocios\/no-futuro-hotel-tera-suite-autonoma-e-movel\/"},"wordCount":306,"commentCount":0,"publisher":{"@id":"https:\/\/www.travel3.com.br\/site\/#organization"},"image":{"@id":"https:\/\/www.travel3.com.br\/site\/acontece-no-turismo\/negocios\/no-futuro-hotel-tera-suite-autonoma-e-movel\/#primaryimage"},"thumbnailUrl":"https:\/\/www.travel3.com.br\/site\/wp-content\/uploads\/2019\/01\/ATS_NIGHTVIEW-2.jpg","keywords":["Aprilli","Claudia Tonaco","Su\u00edte Aut\u00f4noma M\u00f3vel"],"articleSection":["Destaque","Neg\u00f3cios"],"inLanguage":"pt-BR","potentialAction":[{"@type":"CommentAction","name":"Comment","target":["https:\/\/www.travel3.com.br\/site\/acontece-no-turismo\/negocios\/no-futuro-hotel-tera-suite-autonoma-e-movel\/#respond"]}]},{"@type":"WebPage","@id":"https:\/\/www.travel3.com.br\/site\/acontece-no-turismo\/negocios\/no-futuro-hotel-tera-suite-autonoma-e-movel\/","url":"https:\/\/www.travel3.com.br\/site\/acontece-no-turismo\/negocios\/no-futuro-hotel-tera-suite-autonoma-e-movel\/","name":"No futuro, hotel ter\u00e1 su\u00edte aut\u00f4noma e m\u00f3vel - Travel3","isPartOf":{"@id":"https:\/\/www.travel3.com.br\/site\/#website"},"primaryImageOfPage":{"@id":"https:\/\/www.travel3.com.br\/site\/acontece-no-turismo\/negocios\/no-futuro-hotel-tera-suite-autonoma-e-movel\/#primaryimage"},"image":{"@id":"https:\/\/www.travel3.com.br\/site\/acontece-no-turismo\/negocios\/no-futuro-hotel-tera-suite-autonoma-e-movel\/#primaryimage"},"thumbnailUrl":"https:\/\/www.travel3.com.br\/site\/wp-content\/uploads\/2019\/01\/ATS_NIGHTVIEW-2.jpg","datePublished":"2019-01-14T15:14:21+00:00","dateModified":"2019-01-14T15:14:33+00:00","description":"A TRAVEL3 \u00e9 um portal de conte\u00fado voltado para o turismo, encontre destinos, viagens, hospedagem, passagens, guias, not\u00edcias sobre o mercado do turismo, dicas de viagem, v\u00eddeos e podcast.","breadcrumb":{"@id":"https:\/\/www.travel3.com.br\/site\/acontece-no-turismo\/negocios\/no-futuro-hotel-tera-suite-autonoma-e-movel\/#breadcrumb"},"inLanguage":"pt-BR","potentialAction":[{"@type":"ReadAction","target":["https:\/\/www.travel3.com.br\/site\/acontece-no-turismo\/negocios\/no-futuro-hotel-tera-suite-autonoma-e-movel\/"]}]},{"@type":"ImageObject","inLanguage":"pt-BR","@id":"https:\/\/www.travel3.com.br\/site\/acontece-no-turismo\/negocios\/no-futuro-hotel-tera-suite-autonoma-e-movel\/#primaryimage","url":"https:\/\/www.travel3.com.br\/site\/wp-content\/uploads\/2019\/01\/ATS_NIGHTVIEW-2.jpg","contentUrl":"https:\/\/www.travel3.com.br\/site\/wp-content\/uploads\/2019\/01\/ATS_NIGHTVIEW-2.jpg","width":1920,"height":1080,"caption":"Imagem de um prot\u00f3tipo da Su\u00edte At\u00f4noma M\u00f3vel, desenvolvida pelo est\u00fadio canadense Aprilli (foto: Aprilli\/Divulga\u00e7\u00e3o)"},{"@type":"BreadcrumbList","@id":"https:\/\/www.travel3.com.br\/site\/acontece-no-turismo\/negocios\/no-futuro-hotel-tera-suite-autonoma-e-movel\/#breadcrumb","itemListElement":[{"@type":"ListItem","position":1,"name":"In\u00edcio","item":"https:\/\/www.travel3.com.br\/site\/"},{"@type":"ListItem","position":2,"name":"No futuro, hotel ter\u00e1 su\u00edte aut\u00f4noma e m\u00f3vel"}]},{"@type":"WebSite","@id":"https:\/\/www.travel3.com.br\/site\/#website","url":"https:\/\/www.travel3.com.br\/site\/","name":"Travel3","description":"Lazer + Neg&oacute;cios + Aventura","publisher":{"@id":"https:\/\/www.travel3.com.br\/site\/#organization"},"potentialAction":[{"@type":"SearchAction","target":{"@type":"EntryPoint","urlTemplate":"https:\/\/www.travel3.com.br\/site\/?s={search_term_string}"},"query-input":{"@type":"PropertyValueSpecification","valueRequired":true,"valueName":"search_term_string"}}],"inLanguage":"pt-BR"},{"@type":"Organization","@id":"https:\/\/www.travel3.com.br\/site\/#organization","name":"Travel3","url":"https:\/\/www.travel3.com.br\/site\/","logo":{"@type":"ImageObject","inLanguage":"pt-BR","@id":"https:\/\/www.travel3.com.br\/site\/#\/schema\/logo\/image\/","url":"https:\/\/www.travel3.com.br\/site\/wp-content\/uploads\/2020\/01\/logo-travel3-2020.png","contentUrl":"https:\/\/www.travel3.com.br\/site\/wp-content\/uploads\/2020\/01\/logo-travel3-2020.png","width":232,"height":79,"caption":"Travel3"},"image":{"@id":"https:\/\/www.travel3.com.br\/site\/#\/schema\/logo\/image\/"},"sameAs":["https:\/\/www.facebook.com\/travel3media\/","https:\/\/www.instagram.com\/revistatravel3\/","https:\/\/www.youtube.com\/channel\/UCno7J4paGBR3VbZQzvoJ9Eg"]},{"@type":"Person","@id":"https:\/\/www.travel3.com.br\/site\/#\/schema\/person\/89251b0320bc67697de92249f97f3fdb","name":"Reda\u00e7\u00e3o Travel3","image":{"@type":"ImageObject","inLanguage":"pt-BR","@id":"https:\/\/www.travel3.com.br\/site\/#\/schema\/person\/image\/","url":"https:\/\/secure.gravatar.com\/avatar\/85a5ec2ad99b1932f671ebf50c117db6?s=96&d=mm&r=g","contentUrl":"https:\/\/secure.gravatar.com\/avatar\/85a5ec2ad99b1932f671ebf50c117db6?s=96&d=mm&r=g","caption":"Reda\u00e7\u00e3o Travel3"},"sameAs":["http:\/\/www.travel3.com.br\/"],"url":"https:\/\/www.travel3.com.br\/site\/author\/redacao\/"}]}},"_links":{"self":[{"href":"https:\/\/www.travel3.com.br\/site\/wp-json\/wp\/v2\/posts\/19133","targetHints":{"allow":["GET"]}}],"collection":[{"href":"https:\/\/www.travel3.com.br\/site\/wp-json\/wp\/v2\/posts"}],"about":[{"href":"https:\/\/www.travel3.com.br\/site\/wp-json\/wp\/v2\/types\/post"}],"author":[{"embeddable":true,"href":"https:\/\/www.travel3.com.br\/site\/wp-json\/wp\/v2\/users\/5"}],"replies":[{"embeddable":true,"href":"https:\/\/www.travel3.com.br\/site\/wp-json\/wp\/v2\/comments?post=19133"}],"version-history":[{"count":3,"href":"https:\/\/www.travel3.com.br\/site\/wp-json\/wp\/v2\/posts\/19133\/revisions"}],"predecessor-version":[{"id":19138,"href":"https:\/\/www.travel3.com.br\/site\/wp-json\/wp\/v2\/posts\/19133\/revisions\/19138"}],"wp:featuredmedia":[{"embeddable":true,"href":"https:\/\/www.travel3.com.br\/site\/wp-json\/wp\/v2\/media\/19136"}],"wp:attachment":[{"href":"https:\/\/www.travel3.com.br\/site\/wp-json\/wp\/v2\/media?parent=19133"}],"wp:term":[{"taxonomy":"category","embeddable":true,"href":"https:\/\/www.travel3.com.br\/site\/wp-json\/wp\/v2\/categories?post=19133"},{"taxonomy":"post_tag","embeddable":true,"href":"https:\/\/www.travel3.com.br\/site\/wp-json\/wp\/v2\/tags?post=19133"}],"curies":[{"name":"wp","href":"https:\/\/api.w.org\/{rel}","templated":true}]}}