{"id":18931,"date":"2019-01-07T10:28:42","date_gmt":"2019-01-07T12:28:42","guid":{"rendered":"http:\/\/www.travel3.com.br\/?p=18931"},"modified":"2019-01-07T10:28:55","modified_gmt":"2019-01-07T12:28:55","slug":"continue-comemorando-o-ano-novo-ao-redor-do-mundo","status":"publish","type":"post","link":"https:\/\/www.travel3.com.br\/site\/comece-a-viajar\/continue-comemorando-o-ano-novo-ao-redor-do-mundo\/","title":{"rendered":"Continue comemorando o Ano Novo ao redor do mundo"},"content":{"rendered":"\n<p style=\"font-size:26px;text-align:center\"><strong>Se voc\u00ea achou este R\u00e9veillon verdadeiramente especial, gostou de comemorar a chegada de 2019 e quer repetir a experi\u00eancia, saiba que \u00e9 poss\u00edvel<\/strong><\/p>\n\n\n\n<p class=\"has-medium-font-size\">Continuar a comemorar o Ano Novo ao redor do mundo \u00e9 poss\u00edvel para quem curte o alto astral da data.<\/p>\n\n\n\n<figure class=\"wp-block-image\"><img loading=\"lazy\" decoding=\"async\" width=\"1920\" height=\"1280\" src=\"http:\/\/www.travel3.com.br\/site\/wp-content\/uploads\/2019\/01\/sparkler-1783630_1920.jpg\" alt=\"Comemora\u00e7\u00e3o de Ano Novo R\u00e9veillon\" class=\"wp-image-18938\" srcset=\"https:\/\/www.travel3.com.br\/site\/wp-content\/uploads\/2019\/01\/sparkler-1783630_1920.jpg 1920w, https:\/\/www.travel3.com.br\/site\/wp-content\/uploads\/2019\/01\/sparkler-1783630_1920-300x200.jpg 300w, https:\/\/www.travel3.com.br\/site\/wp-content\/uploads\/2019\/01\/sparkler-1783630_1920-768x512.jpg 768w, https:\/\/www.travel3.com.br\/site\/wp-content\/uploads\/2019\/01\/sparkler-1783630_1920-1024x683.jpg 1024w, https:\/\/www.travel3.com.br\/site\/wp-content\/uploads\/2019\/01\/sparkler-1783630_1920-750x500.jpg 750w, https:\/\/www.travel3.com.br\/site\/wp-content\/uploads\/2019\/01\/sparkler-1783630_1920-1140x760.jpg 1140w\" sizes=\"auto, (max-width: 1920px) 100vw, 1920px\" \/><\/figure>\n\n\n\n<p class=\"has-medium-font-size\"><strong>Pelo mundo existem culturas com tradi\u00e7\u00f5es bem pr\u00f3prias, que celebram a chegada de um novo ciclo em datas diferentes.<\/strong><\/p>\n\n\n\n<p class=\"has-medium-font-size\"><strong>Ent\u00e3o, se voc\u00ea quer comemorar um outro Ano Novo em 2019 basta, por exemplo, se preparar para a chegada do Ano Novo Chin\u00eas. V\u00e1 para S\u00e3o Paulo, San Francisco, na Calif\u00f3rnia (EUA), Hong Kong, na \u00c1sia e at\u00e9 Paris.\u00a0<\/strong><\/p>\n\n\n\n<figure class=\"wp-block-image\"><img loading=\"lazy\" decoding=\"async\" width=\"1920\" height=\"1412\" src=\"http:\/\/www.travel3.com.br\/site\/wp-content\/uploads\/2019\/01\/paris-93532_1920.jpg\" alt=\"Comemora\u00e7\u00e3o de Ano Novo R\u00e9veillon\" class=\"wp-image-18937\" srcset=\"https:\/\/www.travel3.com.br\/site\/wp-content\/uploads\/2019\/01\/paris-93532_1920.jpg 1920w, https:\/\/www.travel3.com.br\/site\/wp-content\/uploads\/2019\/01\/paris-93532_1920-300x221.jpg 300w, https:\/\/www.travel3.com.br\/site\/wp-content\/uploads\/2019\/01\/paris-93532_1920-768x565.jpg 768w, https:\/\/www.travel3.com.br\/site\/wp-content\/uploads\/2019\/01\/paris-93532_1920-1024x753.jpg 1024w, https:\/\/www.travel3.com.br\/site\/wp-content\/uploads\/2019\/01\/paris-93532_1920-750x552.jpg 750w, https:\/\/www.travel3.com.br\/site\/wp-content\/uploads\/2019\/01\/paris-93532_1920-1140x838.jpg 1140w\" sizes=\"auto, (max-width: 1920px) 100vw, 1920px\" \/><figcaption>Em Paris, a tradicional Parada dos Drag\u00f5es Ano Novo Chin\u00eas (Fotos: Divulga\u00e7\u00e3o)<\/figcaption><\/figure>\n\n\n\n<p class=\"has-medium-font-size\"><strong>O Ano Novo Chin\u00eas \u00e9 uma data m\u00f3vel e este ano ser\u00e1 comemorado numa ter\u00e7a-feira, dia 5 de fevereiro. <\/strong><\/p>\n\n\n\n<p class=\"has-medium-font-size\"><strong>A festa segue uma tradi\u00e7\u00e3o milenar, com muitas dan\u00e7as, m\u00fasica, a famosa Parada dos Drag\u00f5es e o imperd\u00edvel espet\u00e1culo de fogos de artif\u00edcio. Lembre-se de saudar, n\u00e3o o 2019, mas o ano 4717, seguindo o calend\u00e1rio chin\u00eas.<\/strong><\/p>\n\n\n\n<figure class=\"wp-block-image\"><img loading=\"lazy\" decoding=\"async\" width=\"1280\" height=\"851\" src=\"http:\/\/www.travel3.com.br\/site\/wp-content\/uploads\/2019\/01\/greetings-2439.jpg\" alt=\"Comemora\u00e7\u00e3o de Ano Novo R\u00e9veillon\" class=\"wp-image-18936\" srcset=\"https:\/\/www.travel3.com.br\/site\/wp-content\/uploads\/2019\/01\/greetings-2439.jpg 1280w, https:\/\/www.travel3.com.br\/site\/wp-content\/uploads\/2019\/01\/greetings-2439-300x199.jpg 300w, https:\/\/www.travel3.com.br\/site\/wp-content\/uploads\/2019\/01\/greetings-2439-768x511.jpg 768w, https:\/\/www.travel3.com.br\/site\/wp-content\/uploads\/2019\/01\/greetings-2439-1024x681.jpg 1024w, https:\/\/www.travel3.com.br\/site\/wp-content\/uploads\/2019\/01\/greetings-2439-750x499.jpg 750w, https:\/\/www.travel3.com.br\/site\/wp-content\/uploads\/2019\/01\/greetings-2439-1140x758.jpg 1140w\" sizes=\"auto, (max-width: 1280px) 100vw, 1280px\" \/><\/figure>\n\n\n\n<p class=\"has-medium-font-size\"><strong>J\u00e1 na \u00cdndia, o Ano Novo \u00e9 comemorado no estilo ocidental, no dia 31 de dezembro, mas tamb\u00e9m em outubro ou novembro, durante o Diwali. A data tamb\u00e9m \u00e9 m\u00f3vel e segue o calend\u00e1rio lunar hindu. Este ano ser\u00e1 celebrada no domingo, dia 27 de outubro.<\/strong><\/p>\n\n\n\n<p class=\"has-medium-font-size\"><strong>O Diwali \u00e9 tamb\u00e9m conhecido como o Festival das Luzes e os Hindus, Sikhs e Budistas do mundo inteiro iluminam as fachadas dos pr\u00e9dios, o interior das casas e os c\u00e9us com todo o tipo de luzes, das velas e l\u00e2mpadas coloridas aos fogos de artif\u00edcio.<\/strong><\/p>\n\n\n\n<figure class=\"wp-block-image\"><img loading=\"lazy\" decoding=\"async\" width=\"1920\" height=\"1280\" src=\"http:\/\/www.travel3.com.br\/site\/wp-content\/uploads\/2019\/01\/diwali-1049141_1920.jpg\" alt=\"Comemora\u00e7\u00e3o de Ano Novo R\u00e9veillon\" class=\"wp-image-18934\" srcset=\"https:\/\/www.travel3.com.br\/site\/wp-content\/uploads\/2019\/01\/diwali-1049141_1920.jpg 1920w, https:\/\/www.travel3.com.br\/site\/wp-content\/uploads\/2019\/01\/diwali-1049141_1920-300x200.jpg 300w, https:\/\/www.travel3.com.br\/site\/wp-content\/uploads\/2019\/01\/diwali-1049141_1920-768x512.jpg 768w, https:\/\/www.travel3.com.br\/site\/wp-content\/uploads\/2019\/01\/diwali-1049141_1920-1024x683.jpg 1024w, https:\/\/www.travel3.com.br\/site\/wp-content\/uploads\/2019\/01\/diwali-1049141_1920-750x500.jpg 750w, https:\/\/www.travel3.com.br\/site\/wp-content\/uploads\/2019\/01\/diwali-1049141_1920-1140x760.jpg 1140w\" sizes=\"auto, (max-width: 1920px) 100vw, 1920px\" \/><figcaption>Decora\u00e7\u00e3o do Festival das Luzes, o Diwali, considerado o Ano Novo Hindu<\/figcaption><\/figure>\n\n\n\n<p class=\"has-medium-font-size\"><strong>Celebrar um novo momento em nossas vidas \u00e9 uma curti\u00e7\u00e3o e tanto e este tipo de comemora\u00e7\u00e3o sempre vem acompanhado de boas vibra\u00e7\u00f5es. O melhor mesmo, entretanto \u00e9 a gente fazer de 2019, ou de 4717, um ano excepcional.<\/strong><\/p>\n\n\n\n<p class=\"has-medium-font-size\"><strong>M\u00e3os a obra e Feliz Ano Novo pra voc\u00ea!<\/strong><\/p>\n","protected":false},"excerpt":{"rendered":"<p>Se voc\u00ea achou este R\u00e9veillon verdadeiramente especial, gostou de comemorar a chegada de 2019 e quer repetir a experi\u00eancia, saiba que \u00e9 poss\u00edvel Continuar a comemorar o Ano Novo ao redor do mundo \u00e9 poss\u00edvel para quem curte o alto astral da data. Pelo mundo existem culturas com tradi\u00e7\u00f5es bem pr\u00f3prias, que celebram a chegada [&hellip;]<\/p>\n","protected":false},"author":4,"featured_media":18938,"comment_status":"open","ping_status":"open","sticky":false,"template":"","format":"standard","meta":{"footnotes":""},"categories":[884,226],"tags":[3136,3133,3134,3132,291,3135],"class_list":["post-18931","post","type-post","status-publish","format-standard","has-post-thumbnail","hentry","category-comece-a-viajar","category-destaque","tag-budistas","tag-diwali","tag-hindu","tag-parada-dos-dragoes","tag-reveillon","tag-sikhs"],"yoast_head":"<!-- This site is optimized with the Yoast SEO plugin v26.2 - https:\/\/yoast.com\/wordpress\/plugins\/seo\/ -->\n<title>Continue comemorando o Ano Novo ao redor do mundo - Travel3<\/title>\n<meta name=\"description\" content=\"A TRAVEL3 \u00e9 um portal de conte\u00fado voltado para o turismo, encontre destinos, viagens, hospedagem, passagens, guias, not\u00edcias sobre o mercado do turismo, dicas de viagem, v\u00eddeos e podcast.\" \/>\n<meta name=\"robots\" content=\"index, follow, max-snippet:-1, max-image-preview:large, max-video-preview:-1\" \/>\n<link rel=\"canonical\" href=\"https:\/\/www.travel3.com.br\/site\/comece-a-viajar\/continue-comemorando-o-ano-novo-ao-redor-do-mundo\/\" \/>\n<meta property=\"og:locale\" content=\"pt_BR\" \/>\n<meta property=\"og:type\" content=\"article\" \/>\n<meta property=\"og:title\" content=\"Continue comemorando o Ano Novo ao redor do mundo - Travel3\" \/>\n<meta property=\"og:description\" content=\"A TRAVEL3 \u00e9 um portal de conte\u00fado voltado para o turismo, encontre destinos, viagens, hospedagem, passagens, guias, not\u00edcias sobre o mercado do turismo, dicas de viagem, v\u00eddeos e podcast.\" \/>\n<meta property=\"og:url\" content=\"https:\/\/www.travel3.com.br\/site\/comece-a-viajar\/continue-comemorando-o-ano-novo-ao-redor-do-mundo\/\" \/>\n<meta property=\"og:site_name\" content=\"Travel3\" \/>\n<meta property=\"article:publisher\" content=\"https:\/\/www.facebook.com\/travel3media\/\" \/>\n<meta property=\"article:published_time\" content=\"2019-01-07T12:28:42+00:00\" \/>\n<meta property=\"article:modified_time\" content=\"2019-01-07T12:28:55+00:00\" \/>\n<meta property=\"og:image\" content=\"https:\/\/www.travel3.com.br\/site\/wp-content\/uploads\/2019\/01\/sparkler-1783630_1920.jpg\" \/>\n\t<meta property=\"og:image:width\" content=\"1920\" \/>\n\t<meta property=\"og:image:height\" content=\"1280\" \/>\n\t<meta property=\"og:image:type\" content=\"image\/jpeg\" \/>\n<meta name=\"author\" content=\"Claudia Tonaco\" \/>\n<meta name=\"twitter:card\" content=\"summary_large_image\" \/>\n<meta name=\"twitter:label1\" content=\"Escrito por\" \/>\n\t<meta name=\"twitter:data1\" content=\"Claudia Tonaco\" \/>\n\t<meta name=\"twitter:label2\" content=\"Est. tempo de leitura\" \/>\n\t<meta name=\"twitter:data2\" content=\"2 minutos\" \/>\n<script type=\"application\/ld+json\" class=\"yoast-schema-graph\">{\"@context\":\"https:\/\/schema.org\",\"@graph\":[{\"@type\":\"Article\",\"@id\":\"https:\/\/www.travel3.com.br\/site\/comece-a-viajar\/continue-comemorando-o-ano-novo-ao-redor-do-mundo\/#article\",\"isPartOf\":{\"@id\":\"https:\/\/www.travel3.com.br\/site\/comece-a-viajar\/continue-comemorando-o-ano-novo-ao-redor-do-mundo\/\"},\"author\":{\"name\":\"Claudia Tonaco\",\"@id\":\"https:\/\/www.travel3.com.br\/site\/#\/schema\/person\/ad24a6ccba88dcd54877f3d2fb76c605\"},\"headline\":\"Continue comemorando o Ano Novo ao redor do mundo\",\"datePublished\":\"2019-01-07T12:28:42+00:00\",\"dateModified\":\"2019-01-07T12:28:55+00:00\",\"mainEntityOfPage\":{\"@id\":\"https:\/\/www.travel3.com.br\/site\/comece-a-viajar\/continue-comemorando-o-ano-novo-ao-redor-do-mundo\/\"},\"wordCount\":353,\"commentCount\":0,\"publisher\":{\"@id\":\"https:\/\/www.travel3.com.br\/site\/#organization\"},\"image\":{\"@id\":\"https:\/\/www.travel3.com.br\/site\/comece-a-viajar\/continue-comemorando-o-ano-novo-ao-redor-do-mundo\/#primaryimage\"},\"thumbnailUrl\":\"https:\/\/www.travel3.com.br\/site\/wp-content\/uploads\/2019\/01\/sparkler-1783630_1920.jpg\",\"keywords\":[\"Budistas\",\"Diwali\",\"Hindu\",\"Parada dos Drag\u00f5es\",\"R\u00e9veillon\",\"Sikhs\"],\"articleSection\":[\"Comece a Viajar\",\"Destaque\"],\"inLanguage\":\"pt-BR\",\"potentialAction\":[{\"@type\":\"CommentAction\",\"name\":\"Comment\",\"target\":[\"https:\/\/www.travel3.com.br\/site\/comece-a-viajar\/continue-comemorando-o-ano-novo-ao-redor-do-mundo\/#respond\"]}]},{\"@type\":\"WebPage\",\"@id\":\"https:\/\/www.travel3.com.br\/site\/comece-a-viajar\/continue-comemorando-o-ano-novo-ao-redor-do-mundo\/\",\"url\":\"https:\/\/www.travel3.com.br\/site\/comece-a-viajar\/continue-comemorando-o-ano-novo-ao-redor-do-mundo\/\",\"name\":\"Continue comemorando o Ano Novo ao redor do mundo - Travel3\",\"isPartOf\":{\"@id\":\"https:\/\/www.travel3.com.br\/site\/#website\"},\"primaryImageOfPage\":{\"@id\":\"https:\/\/www.travel3.com.br\/site\/comece-a-viajar\/continue-comemorando-o-ano-novo-ao-redor-do-mundo\/#primaryimage\"},\"image\":{\"@id\":\"https:\/\/www.travel3.com.br\/site\/comece-a-viajar\/continue-comemorando-o-ano-novo-ao-redor-do-mundo\/#primaryimage\"},\"thumbnailUrl\":\"https:\/\/www.travel3.com.br\/site\/wp-content\/uploads\/2019\/01\/sparkler-1783630_1920.jpg\",\"datePublished\":\"2019-01-07T12:28:42+00:00\",\"dateModified\":\"2019-01-07T12:28:55+00:00\",\"description\":\"A TRAVEL3 \u00e9 um portal de conte\u00fado voltado para o turismo, encontre destinos, viagens, hospedagem, passagens, guias, not\u00edcias sobre o mercado do turismo, dicas de viagem, v\u00eddeos e podcast.\",\"breadcrumb\":{\"@id\":\"https:\/\/www.travel3.com.br\/site\/comece-a-viajar\/continue-comemorando-o-ano-novo-ao-redor-do-mundo\/#breadcrumb\"},\"inLanguage\":\"pt-BR\",\"potentialAction\":[{\"@type\":\"ReadAction\",\"target\":[\"https:\/\/www.travel3.com.br\/site\/comece-a-viajar\/continue-comemorando-o-ano-novo-ao-redor-do-mundo\/\"]}]},{\"@type\":\"ImageObject\",\"inLanguage\":\"pt-BR\",\"@id\":\"https:\/\/www.travel3.com.br\/site\/comece-a-viajar\/continue-comemorando-o-ano-novo-ao-redor-do-mundo\/#primaryimage\",\"url\":\"https:\/\/www.travel3.com.br\/site\/wp-content\/uploads\/2019\/01\/sparkler-1783630_1920.jpg\",\"contentUrl\":\"https:\/\/www.travel3.com.br\/site\/wp-content\/uploads\/2019\/01\/sparkler-1783630_1920.jpg\",\"width\":1920,\"height\":1280,\"caption\":\"Comemora\u00e7\u00e3o de Ano Novo R\u00e9veillon\"},{\"@type\":\"BreadcrumbList\",\"@id\":\"https:\/\/www.travel3.com.br\/site\/comece-a-viajar\/continue-comemorando-o-ano-novo-ao-redor-do-mundo\/#breadcrumb\",\"itemListElement\":[{\"@type\":\"ListItem\",\"position\":1,\"name\":\"In\u00edcio\",\"item\":\"https:\/\/www.travel3.com.br\/site\/\"},{\"@type\":\"ListItem\",\"position\":2,\"name\":\"Continue comemorando o Ano Novo ao redor do mundo\"}]},{\"@type\":\"WebSite\",\"@id\":\"https:\/\/www.travel3.com.br\/site\/#website\",\"url\":\"https:\/\/www.travel3.com.br\/site\/\",\"name\":\"Travel3\",\"description\":\"Lazer + Neg&oacute;cios + Aventura\",\"publisher\":{\"@id\":\"https:\/\/www.travel3.com.br\/site\/#organization\"},\"potentialAction\":[{\"@type\":\"SearchAction\",\"target\":{\"@type\":\"EntryPoint\",\"urlTemplate\":\"https:\/\/www.travel3.com.br\/site\/?s={search_term_string}\"},\"query-input\":{\"@type\":\"PropertyValueSpecification\",\"valueRequired\":true,\"valueName\":\"search_term_string\"}}],\"inLanguage\":\"pt-BR\"},{\"@type\":\"Organization\",\"@id\":\"https:\/\/www.travel3.com.br\/site\/#organization\",\"name\":\"Travel3\",\"url\":\"https:\/\/www.travel3.com.br\/site\/\",\"logo\":{\"@type\":\"ImageObject\",\"inLanguage\":\"pt-BR\",\"@id\":\"https:\/\/www.travel3.com.br\/site\/#\/schema\/logo\/image\/\",\"url\":\"https:\/\/www.travel3.com.br\/site\/wp-content\/uploads\/2020\/01\/logo-travel3-2020.png\",\"contentUrl\":\"https:\/\/www.travel3.com.br\/site\/wp-content\/uploads\/2020\/01\/logo-travel3-2020.png\",\"width\":232,\"height\":79,\"caption\":\"Travel3\"},\"image\":{\"@id\":\"https:\/\/www.travel3.com.br\/site\/#\/schema\/logo\/image\/\"},\"sameAs\":[\"https:\/\/www.facebook.com\/travel3media\/\",\"https:\/\/www.instagram.com\/revistatravel3\/\",\"https:\/\/www.youtube.com\/channel\/UCno7J4paGBR3VbZQzvoJ9Eg\"]},{\"@type\":\"Person\",\"@id\":\"https:\/\/www.travel3.com.br\/site\/#\/schema\/person\/ad24a6ccba88dcd54877f3d2fb76c605\",\"name\":\"Claudia Tonaco\",\"image\":{\"@type\":\"ImageObject\",\"inLanguage\":\"pt-BR\",\"@id\":\"https:\/\/www.travel3.com.br\/site\/#\/schema\/person\/image\/\",\"url\":\"https:\/\/secure.gravatar.com\/avatar\/7c64bb31135bb8c28f49658a042f8b8a?s=96&d=mm&r=g\",\"contentUrl\":\"https:\/\/secure.gravatar.com\/avatar\/7c64bb31135bb8c28f49658a042f8b8a?s=96&d=mm&r=g\",\"caption\":\"Claudia Tonaco\"},\"sameAs\":[\"http:\/\/www.travel3.com.br\"],\"url\":\"https:\/\/www.travel3.com.br\/site\/author\/tonaco\/\"}]}<\/script>\n<!-- \/ Yoast SEO plugin. -->","yoast_head_json":{"title":"Continue comemorando o Ano Novo ao redor do mundo - Travel3","description":"A TRAVEL3 \u00e9 um portal de conte\u00fado voltado para o turismo, encontre destinos, viagens, hospedagem, passagens, guias, not\u00edcias sobre o mercado do turismo, dicas de viagem, v\u00eddeos e podcast.","robots":{"index":"index","follow":"follow","max-snippet":"max-snippet:-1","max-image-preview":"max-image-preview:large","max-video-preview":"max-video-preview:-1"},"canonical":"https:\/\/www.travel3.com.br\/site\/comece-a-viajar\/continue-comemorando-o-ano-novo-ao-redor-do-mundo\/","og_locale":"pt_BR","og_type":"article","og_title":"Continue comemorando o Ano Novo ao redor do mundo - Travel3","og_description":"A TRAVEL3 \u00e9 um portal de conte\u00fado voltado para o turismo, encontre destinos, viagens, hospedagem, passagens, guias, not\u00edcias sobre o mercado do turismo, dicas de viagem, v\u00eddeos e podcast.","og_url":"https:\/\/www.travel3.com.br\/site\/comece-a-viajar\/continue-comemorando-o-ano-novo-ao-redor-do-mundo\/","og_site_name":"Travel3","article_publisher":"https:\/\/www.facebook.com\/travel3media\/","article_published_time":"2019-01-07T12:28:42+00:00","article_modified_time":"2019-01-07T12:28:55+00:00","og_image":[{"width":1920,"height":1280,"url":"https:\/\/www.travel3.com.br\/site\/wp-content\/uploads\/2019\/01\/sparkler-1783630_1920.jpg","type":"image\/jpeg"}],"author":"Claudia Tonaco","twitter_card":"summary_large_image","twitter_misc":{"Escrito por":"Claudia Tonaco","Est. tempo de leitura":"2 minutos"},"schema":{"@context":"https:\/\/schema.org","@graph":[{"@type":"Article","@id":"https:\/\/www.travel3.com.br\/site\/comece-a-viajar\/continue-comemorando-o-ano-novo-ao-redor-do-mundo\/#article","isPartOf":{"@id":"https:\/\/www.travel3.com.br\/site\/comece-a-viajar\/continue-comemorando-o-ano-novo-ao-redor-do-mundo\/"},"author":{"name":"Claudia Tonaco","@id":"https:\/\/www.travel3.com.br\/site\/#\/schema\/person\/ad24a6ccba88dcd54877f3d2fb76c605"},"headline":"Continue comemorando o Ano Novo ao redor do mundo","datePublished":"2019-01-07T12:28:42+00:00","dateModified":"2019-01-07T12:28:55+00:00","mainEntityOfPage":{"@id":"https:\/\/www.travel3.com.br\/site\/comece-a-viajar\/continue-comemorando-o-ano-novo-ao-redor-do-mundo\/"},"wordCount":353,"commentCount":0,"publisher":{"@id":"https:\/\/www.travel3.com.br\/site\/#organization"},"image":{"@id":"https:\/\/www.travel3.com.br\/site\/comece-a-viajar\/continue-comemorando-o-ano-novo-ao-redor-do-mundo\/#primaryimage"},"thumbnailUrl":"https:\/\/www.travel3.com.br\/site\/wp-content\/uploads\/2019\/01\/sparkler-1783630_1920.jpg","keywords":["Budistas","Diwali","Hindu","Parada dos Drag\u00f5es","R\u00e9veillon","Sikhs"],"articleSection":["Comece a Viajar","Destaque"],"inLanguage":"pt-BR","potentialAction":[{"@type":"CommentAction","name":"Comment","target":["https:\/\/www.travel3.com.br\/site\/comece-a-viajar\/continue-comemorando-o-ano-novo-ao-redor-do-mundo\/#respond"]}]},{"@type":"WebPage","@id":"https:\/\/www.travel3.com.br\/site\/comece-a-viajar\/continue-comemorando-o-ano-novo-ao-redor-do-mundo\/","url":"https:\/\/www.travel3.com.br\/site\/comece-a-viajar\/continue-comemorando-o-ano-novo-ao-redor-do-mundo\/","name":"Continue comemorando o Ano Novo ao redor do mundo - Travel3","isPartOf":{"@id":"https:\/\/www.travel3.com.br\/site\/#website"},"primaryImageOfPage":{"@id":"https:\/\/www.travel3.com.br\/site\/comece-a-viajar\/continue-comemorando-o-ano-novo-ao-redor-do-mundo\/#primaryimage"},"image":{"@id":"https:\/\/www.travel3.com.br\/site\/comece-a-viajar\/continue-comemorando-o-ano-novo-ao-redor-do-mundo\/#primaryimage"},"thumbnailUrl":"https:\/\/www.travel3.com.br\/site\/wp-content\/uploads\/2019\/01\/sparkler-1783630_1920.jpg","datePublished":"2019-01-07T12:28:42+00:00","dateModified":"2019-01-07T12:28:55+00:00","description":"A TRAVEL3 \u00e9 um portal de conte\u00fado voltado para o turismo, encontre destinos, viagens, hospedagem, passagens, guias, not\u00edcias sobre o mercado do turismo, dicas de viagem, v\u00eddeos e podcast.","breadcrumb":{"@id":"https:\/\/www.travel3.com.br\/site\/comece-a-viajar\/continue-comemorando-o-ano-novo-ao-redor-do-mundo\/#breadcrumb"},"inLanguage":"pt-BR","potentialAction":[{"@type":"ReadAction","target":["https:\/\/www.travel3.com.br\/site\/comece-a-viajar\/continue-comemorando-o-ano-novo-ao-redor-do-mundo\/"]}]},{"@type":"ImageObject","inLanguage":"pt-BR","@id":"https:\/\/www.travel3.com.br\/site\/comece-a-viajar\/continue-comemorando-o-ano-novo-ao-redor-do-mundo\/#primaryimage","url":"https:\/\/www.travel3.com.br\/site\/wp-content\/uploads\/2019\/01\/sparkler-1783630_1920.jpg","contentUrl":"https:\/\/www.travel3.com.br\/site\/wp-content\/uploads\/2019\/01\/sparkler-1783630_1920.jpg","width":1920,"height":1280,"caption":"Comemora\u00e7\u00e3o de Ano Novo R\u00e9veillon"},{"@type":"BreadcrumbList","@id":"https:\/\/www.travel3.com.br\/site\/comece-a-viajar\/continue-comemorando-o-ano-novo-ao-redor-do-mundo\/#breadcrumb","itemListElement":[{"@type":"ListItem","position":1,"name":"In\u00edcio","item":"https:\/\/www.travel3.com.br\/site\/"},{"@type":"ListItem","position":2,"name":"Continue comemorando o Ano Novo ao redor do mundo"}]},{"@type":"WebSite","@id":"https:\/\/www.travel3.com.br\/site\/#website","url":"https:\/\/www.travel3.com.br\/site\/","name":"Travel3","description":"Lazer + Neg&oacute;cios + Aventura","publisher":{"@id":"https:\/\/www.travel3.com.br\/site\/#organization"},"potentialAction":[{"@type":"SearchAction","target":{"@type":"EntryPoint","urlTemplate":"https:\/\/www.travel3.com.br\/site\/?s={search_term_string}"},"query-input":{"@type":"PropertyValueSpecification","valueRequired":true,"valueName":"search_term_string"}}],"inLanguage":"pt-BR"},{"@type":"Organization","@id":"https:\/\/www.travel3.com.br\/site\/#organization","name":"Travel3","url":"https:\/\/www.travel3.com.br\/site\/","logo":{"@type":"ImageObject","inLanguage":"pt-BR","@id":"https:\/\/www.travel3.com.br\/site\/#\/schema\/logo\/image\/","url":"https:\/\/www.travel3.com.br\/site\/wp-content\/uploads\/2020\/01\/logo-travel3-2020.png","contentUrl":"https:\/\/www.travel3.com.br\/site\/wp-content\/uploads\/2020\/01\/logo-travel3-2020.png","width":232,"height":79,"caption":"Travel3"},"image":{"@id":"https:\/\/www.travel3.com.br\/site\/#\/schema\/logo\/image\/"},"sameAs":["https:\/\/www.facebook.com\/travel3media\/","https:\/\/www.instagram.com\/revistatravel3\/","https:\/\/www.youtube.com\/channel\/UCno7J4paGBR3VbZQzvoJ9Eg"]},{"@type":"Person","@id":"https:\/\/www.travel3.com.br\/site\/#\/schema\/person\/ad24a6ccba88dcd54877f3d2fb76c605","name":"Claudia Tonaco","image":{"@type":"ImageObject","inLanguage":"pt-BR","@id":"https:\/\/www.travel3.com.br\/site\/#\/schema\/person\/image\/","url":"https:\/\/secure.gravatar.com\/avatar\/7c64bb31135bb8c28f49658a042f8b8a?s=96&d=mm&r=g","contentUrl":"https:\/\/secure.gravatar.com\/avatar\/7c64bb31135bb8c28f49658a042f8b8a?s=96&d=mm&r=g","caption":"Claudia Tonaco"},"sameAs":["http:\/\/www.travel3.com.br"],"url":"https:\/\/www.travel3.com.br\/site\/author\/tonaco\/"}]}},"_links":{"self":[{"href":"https:\/\/www.travel3.com.br\/site\/wp-json\/wp\/v2\/posts\/18931","targetHints":{"allow":["GET"]}}],"collection":[{"href":"https:\/\/www.travel3.com.br\/site\/wp-json\/wp\/v2\/posts"}],"about":[{"href":"https:\/\/www.travel3.com.br\/site\/wp-json\/wp\/v2\/types\/post"}],"author":[{"embeddable":true,"href":"https:\/\/www.travel3.com.br\/site\/wp-json\/wp\/v2\/users\/4"}],"replies":[{"embeddable":true,"href":"https:\/\/www.travel3.com.br\/site\/wp-json\/wp\/v2\/comments?post=18931"}],"version-history":[{"count":5,"href":"https:\/\/www.travel3.com.br\/site\/wp-json\/wp\/v2\/posts\/18931\/revisions"}],"predecessor-version":[{"id":18941,"href":"https:\/\/www.travel3.com.br\/site\/wp-json\/wp\/v2\/posts\/18931\/revisions\/18941"}],"wp:featuredmedia":[{"embeddable":true,"href":"https:\/\/www.travel3.com.br\/site\/wp-json\/wp\/v2\/media\/18938"}],"wp:attachment":[{"href":"https:\/\/www.travel3.com.br\/site\/wp-json\/wp\/v2\/media?parent=18931"}],"wp:term":[{"taxonomy":"category","embeddable":true,"href":"https:\/\/www.travel3.com.br\/site\/wp-json\/wp\/v2\/categories?post=18931"},{"taxonomy":"post_tag","embeddable":true,"href":"https:\/\/www.travel3.com.br\/site\/wp-json\/wp\/v2\/tags?post=18931"}],"curies":[{"name":"wp","href":"https:\/\/api.w.org\/{rel}","templated":true}]}}