{"id":18722,"date":"2019-01-02T14:53:04","date_gmt":"2019-01-02T16:53:04","guid":{"rendered":"http:\/\/www.travel3.com.br\/?p=18722"},"modified":"2019-01-02T14:53:30","modified_gmt":"2019-01-02T16:53:30","slug":"em-belo-horizonte-azul-viagens-segue-plano-de-expansao","status":"publish","type":"post","link":"https:\/\/www.travel3.com.br\/site\/acontece-no-turismo\/negocios\/em-belo-horizonte-azul-viagens-segue-plano-de-expansao\/","title":{"rendered":"Em Belo Horizonte, Azul Viagens segue plano de expans\u00e3o"},"content":{"rendered":"\n<p style=\"font-size:29px;text-align:center\"><strong>Inaugura\u00e7\u00e3o da 6\u00aa loja na capital mineira leva a assinatura do empres\u00e1rio Humberto Vieira<\/strong><\/p>\n\n\n\n<p class=\"has-medium-font-size\">No final do ano o bairro Belvedere recebeu a 6\u00aa loja da Azul Viagens. A franquia em Belo Horizonte \u00e9 fruto da vis\u00e3o do empres\u00e1rio Humberto Vieira.<\/p>\n\n\n\n<figure class=\"wp-block-image\"><img loading=\"lazy\" decoding=\"async\" width=\"768\" height=\"684\" src=\"http:\/\/www.travel3.com.br\/site\/wp-content\/uploads\/2019\/01\/Humberto-Vieira-Loja-Azul_A.jpg\" alt=\"Humberto Vieira\" class=\"wp-image-18728\" srcset=\"https:\/\/www.travel3.com.br\/site\/wp-content\/uploads\/2019\/01\/Humberto-Vieira-Loja-Azul_A.jpg 768w, https:\/\/www.travel3.com.br\/site\/wp-content\/uploads\/2019\/01\/Humberto-Vieira-Loja-Azul_A-300x267.jpg 300w, https:\/\/www.travel3.com.br\/site\/wp-content\/uploads\/2019\/01\/Humberto-Vieira-Loja-Azul_A-750x668.jpg 750w\" sizes=\"auto, (max-width: 768px) 100vw, 768px\" \/><figcaption><strong>Humberto Vieira (Fotos: Divulga\u00e7\u00e3o)<\/strong><\/figcaption><\/figure>\n\n\n\n<p><\/p>\n\n\n\n<blockquote class=\"wp-block-quote is-style-large is-layout-flow wp-block-quote-is-layout-flow\"><p>\u201cEsta \u00e9 a nossa 1\u00aa experi\u00eancia com uma loja da Azul Viagens fora de um shopping. Escolhemos o Belvedere por ser um local de excelente circula\u00e7\u00e3o de p\u00fablico A e com a facilidade de ter um estacionamento na porta. <br> &nbsp;<br>Al\u00e9m da Azul Viagens no Belvedere temos lojas nos shoppings \u2013 Ita\u00fa Power, Cidade, Boulevard, Minas e Esta\u00e7\u00e3o BH.\u201d <\/p><cite>Humberto Vieira<\/cite><\/blockquote>\n\n\n\n<p class=\"has-medium-font-size\">Vieira sempre acreditou no Turismo, como um bom neg\u00f3cio e um segmento para impulsionar a economia. Uma prova \u00e9 a Primus, uma das mais antigas e tradicionais ag\u00eancias de Belo Horizonte, que pertence ao empres\u00e1rio. Sua estrat\u00e9gia \u00e9 estar presente, com a Azul Viagens, em todos os shoppings da capital mineira.<\/p>\n\n\n\n<figure class=\"wp-block-image\"><img loading=\"lazy\" decoding=\"async\" width=\"721\" height=\"960\" src=\"http:\/\/www.travel3.com.br\/site\/wp-content\/uploads\/2019\/01\/Loja-Azul-BHZ.jpg\" alt=\"Evento de inaugura\u00e7\u00e3o da Azul Viagens no Belvedere\" class=\"wp-image-18729\" srcset=\"https:\/\/www.travel3.com.br\/site\/wp-content\/uploads\/2019\/01\/Loja-Azul-BHZ.jpg 721w, https:\/\/www.travel3.com.br\/site\/wp-content\/uploads\/2019\/01\/Loja-Azul-BHZ-225x300.jpg 225w\" sizes=\"auto, (max-width: 721px) 100vw, 721px\" \/><figcaption><strong>Evento de inaugura\u00e7\u00e3o da Azul Viagens no Belvedere<\/strong><\/figcaption><\/figure>\n\n\n\n<p><\/p>\n\n\n\n<blockquote class=\"wp-block-quote is-style-large is-layout-flow wp-block-quote-is-layout-flow\"><p> \u201cVamos reformular o visual das lojas antigas para o novo padr\u00e3o e, a partir da\u00ed, prosseguiremos com o objetivo de estarmos presentes, com a Azul Viagens, em todos os shoppings de Belo Horizonte. A grande vantagem da Azul Viagem \u00e9 que utilizamos apenas os voos da Azul Linhas A\u00e9reas para os pacotes nacionais. J\u00e1 para os pacotes internacionais expandimos a atua\u00e7\u00e3o com as parcerias que a Azul tem com a TAP e United, entre outras.\u201d <\/p><\/blockquote>\n\n\n\n<p><\/p>\n","protected":false},"excerpt":{"rendered":"<p>Inaugura\u00e7\u00e3o da 6\u00aa loja na capital mineira leva a assinatura do empres\u00e1rio Humberto Vieira No final do ano o bairro Belvedere recebeu a 6\u00aa loja da Azul Viagens. A franquia em Belo Horizonte \u00e9 fruto da vis\u00e3o do empres\u00e1rio Humberto Vieira. \u201cEsta \u00e9 a nossa 1\u00aa experi\u00eancia com uma loja da Azul Viagens fora de [&hellip;]<\/p>\n","protected":false},"author":4,"featured_media":18728,"comment_status":"open","ping_status":"open","sticky":false,"template":"","format":"standard","meta":{"footnotes":""},"categories":[3],"tags":[394,3128,187],"class_list":["post-18722","post","type-post","status-publish","format-standard","has-post-thumbnail","hentry","category-negocios","tag-belo-horizonte","tag-humberto-vieira","tag-travel3"],"yoast_head":"<!-- This site is optimized with the Yoast SEO plugin v26.2 - https:\/\/yoast.com\/wordpress\/plugins\/seo\/ -->\n<title>Em Belo Horizonte, Azul Viagens segue plano de expans\u00e3o - Travel3<\/title>\n<meta name=\"description\" content=\"A TRAVEL3 \u00e9 um portal de conte\u00fado voltado para o turismo, encontre destinos, viagens, hospedagem, passagens, guias, not\u00edcias sobre o mercado do turismo, dicas de viagem, v\u00eddeos e podcast.\" \/>\n<meta name=\"robots\" content=\"index, follow, max-snippet:-1, max-image-preview:large, max-video-preview:-1\" \/>\n<link rel=\"canonical\" href=\"https:\/\/www.travel3.com.br\/site\/acontece-no-turismo\/negocios\/em-belo-horizonte-azul-viagens-segue-plano-de-expansao\/\" \/>\n<meta property=\"og:locale\" content=\"pt_BR\" \/>\n<meta property=\"og:type\" content=\"article\" \/>\n<meta property=\"og:title\" content=\"Em Belo Horizonte, Azul Viagens segue plano de expans\u00e3o - Travel3\" \/>\n<meta property=\"og:description\" content=\"A TRAVEL3 \u00e9 um portal de conte\u00fado voltado para o turismo, encontre destinos, viagens, hospedagem, passagens, guias, not\u00edcias sobre o mercado do turismo, dicas de viagem, v\u00eddeos e podcast.\" \/>\n<meta property=\"og:url\" content=\"https:\/\/www.travel3.com.br\/site\/acontece-no-turismo\/negocios\/em-belo-horizonte-azul-viagens-segue-plano-de-expansao\/\" \/>\n<meta property=\"og:site_name\" content=\"Travel3\" \/>\n<meta property=\"article:publisher\" content=\"https:\/\/www.facebook.com\/travel3media\/\" \/>\n<meta property=\"article:published_time\" content=\"2019-01-02T16:53:04+00:00\" \/>\n<meta property=\"article:modified_time\" content=\"2019-01-02T16:53:30+00:00\" \/>\n<meta property=\"og:image\" content=\"https:\/\/www.travel3.com.br\/site\/wp-content\/uploads\/2019\/01\/Humberto-Vieira-Loja-Azul_A.jpg\" \/>\n\t<meta property=\"og:image:width\" content=\"768\" \/>\n\t<meta property=\"og:image:height\" content=\"684\" \/>\n\t<meta property=\"og:image:type\" content=\"image\/jpeg\" \/>\n<meta name=\"author\" content=\"Claudia Tonaco\" \/>\n<meta name=\"twitter:card\" content=\"summary_large_image\" \/>\n<meta name=\"twitter:label1\" content=\"Escrito por\" \/>\n\t<meta name=\"twitter:data1\" content=\"Claudia Tonaco\" \/>\n\t<meta name=\"twitter:label2\" content=\"Est. tempo de leitura\" \/>\n\t<meta name=\"twitter:data2\" content=\"1 minuto\" \/>\n<script type=\"application\/ld+json\" class=\"yoast-schema-graph\">{\"@context\":\"https:\/\/schema.org\",\"@graph\":[{\"@type\":\"Article\",\"@id\":\"https:\/\/www.travel3.com.br\/site\/acontece-no-turismo\/negocios\/em-belo-horizonte-azul-viagens-segue-plano-de-expansao\/#article\",\"isPartOf\":{\"@id\":\"https:\/\/www.travel3.com.br\/site\/acontece-no-turismo\/negocios\/em-belo-horizonte-azul-viagens-segue-plano-de-expansao\/\"},\"author\":{\"name\":\"Claudia Tonaco\",\"@id\":\"https:\/\/www.travel3.com.br\/site\/#\/schema\/person\/ad24a6ccba88dcd54877f3d2fb76c605\"},\"headline\":\"Em Belo Horizonte, Azul Viagens segue plano de expans\u00e3o\",\"datePublished\":\"2019-01-02T16:53:04+00:00\",\"dateModified\":\"2019-01-02T16:53:30+00:00\",\"mainEntityOfPage\":{\"@id\":\"https:\/\/www.travel3.com.br\/site\/acontece-no-turismo\/negocios\/em-belo-horizonte-azul-viagens-segue-plano-de-expansao\/\"},\"wordCount\":259,\"commentCount\":0,\"publisher\":{\"@id\":\"https:\/\/www.travel3.com.br\/site\/#organization\"},\"image\":{\"@id\":\"https:\/\/www.travel3.com.br\/site\/acontece-no-turismo\/negocios\/em-belo-horizonte-azul-viagens-segue-plano-de-expansao\/#primaryimage\"},\"thumbnailUrl\":\"https:\/\/www.travel3.com.br\/site\/wp-content\/uploads\/2019\/01\/Humberto-Vieira-Loja-Azul_A.jpg\",\"keywords\":[\"Belo Horizonte\",\"Humberto Vieira\",\"Travel3\"],\"articleSection\":[\"Neg\u00f3cios\"],\"inLanguage\":\"pt-BR\",\"potentialAction\":[{\"@type\":\"CommentAction\",\"name\":\"Comment\",\"target\":[\"https:\/\/www.travel3.com.br\/site\/acontece-no-turismo\/negocios\/em-belo-horizonte-azul-viagens-segue-plano-de-expansao\/#respond\"]}]},{\"@type\":\"WebPage\",\"@id\":\"https:\/\/www.travel3.com.br\/site\/acontece-no-turismo\/negocios\/em-belo-horizonte-azul-viagens-segue-plano-de-expansao\/\",\"url\":\"https:\/\/www.travel3.com.br\/site\/acontece-no-turismo\/negocios\/em-belo-horizonte-azul-viagens-segue-plano-de-expansao\/\",\"name\":\"Em Belo Horizonte, Azul Viagens segue plano de expans\u00e3o - Travel3\",\"isPartOf\":{\"@id\":\"https:\/\/www.travel3.com.br\/site\/#website\"},\"primaryImageOfPage\":{\"@id\":\"https:\/\/www.travel3.com.br\/site\/acontece-no-turismo\/negocios\/em-belo-horizonte-azul-viagens-segue-plano-de-expansao\/#primaryimage\"},\"image\":{\"@id\":\"https:\/\/www.travel3.com.br\/site\/acontece-no-turismo\/negocios\/em-belo-horizonte-azul-viagens-segue-plano-de-expansao\/#primaryimage\"},\"thumbnailUrl\":\"https:\/\/www.travel3.com.br\/site\/wp-content\/uploads\/2019\/01\/Humberto-Vieira-Loja-Azul_A.jpg\",\"datePublished\":\"2019-01-02T16:53:04+00:00\",\"dateModified\":\"2019-01-02T16:53:30+00:00\",\"description\":\"A TRAVEL3 \u00e9 um portal de conte\u00fado voltado para o turismo, encontre destinos, viagens, hospedagem, passagens, guias, not\u00edcias sobre o mercado do turismo, dicas de viagem, v\u00eddeos e podcast.\",\"breadcrumb\":{\"@id\":\"https:\/\/www.travel3.com.br\/site\/acontece-no-turismo\/negocios\/em-belo-horizonte-azul-viagens-segue-plano-de-expansao\/#breadcrumb\"},\"inLanguage\":\"pt-BR\",\"potentialAction\":[{\"@type\":\"ReadAction\",\"target\":[\"https:\/\/www.travel3.com.br\/site\/acontece-no-turismo\/negocios\/em-belo-horizonte-azul-viagens-segue-plano-de-expansao\/\"]}]},{\"@type\":\"ImageObject\",\"inLanguage\":\"pt-BR\",\"@id\":\"https:\/\/www.travel3.com.br\/site\/acontece-no-turismo\/negocios\/em-belo-horizonte-azul-viagens-segue-plano-de-expansao\/#primaryimage\",\"url\":\"https:\/\/www.travel3.com.br\/site\/wp-content\/uploads\/2019\/01\/Humberto-Vieira-Loja-Azul_A.jpg\",\"contentUrl\":\"https:\/\/www.travel3.com.br\/site\/wp-content\/uploads\/2019\/01\/Humberto-Vieira-Loja-Azul_A.jpg\",\"width\":768,\"height\":684,\"caption\":\"Humberto Vieira (Fotos: Divulga\u00e7\u00e3o)\"},{\"@type\":\"BreadcrumbList\",\"@id\":\"https:\/\/www.travel3.com.br\/site\/acontece-no-turismo\/negocios\/em-belo-horizonte-azul-viagens-segue-plano-de-expansao\/#breadcrumb\",\"itemListElement\":[{\"@type\":\"ListItem\",\"position\":1,\"name\":\"In\u00edcio\",\"item\":\"https:\/\/www.travel3.com.br\/site\/\"},{\"@type\":\"ListItem\",\"position\":2,\"name\":\"Em Belo Horizonte, Azul Viagens segue plano de expans\u00e3o\"}]},{\"@type\":\"WebSite\",\"@id\":\"https:\/\/www.travel3.com.br\/site\/#website\",\"url\":\"https:\/\/www.travel3.com.br\/site\/\",\"name\":\"Travel3\",\"description\":\"Lazer + Neg&oacute;cios + Aventura\",\"publisher\":{\"@id\":\"https:\/\/www.travel3.com.br\/site\/#organization\"},\"potentialAction\":[{\"@type\":\"SearchAction\",\"target\":{\"@type\":\"EntryPoint\",\"urlTemplate\":\"https:\/\/www.travel3.com.br\/site\/?s={search_term_string}\"},\"query-input\":{\"@type\":\"PropertyValueSpecification\",\"valueRequired\":true,\"valueName\":\"search_term_string\"}}],\"inLanguage\":\"pt-BR\"},{\"@type\":\"Organization\",\"@id\":\"https:\/\/www.travel3.com.br\/site\/#organization\",\"name\":\"Travel3\",\"url\":\"https:\/\/www.travel3.com.br\/site\/\",\"logo\":{\"@type\":\"ImageObject\",\"inLanguage\":\"pt-BR\",\"@id\":\"https:\/\/www.travel3.com.br\/site\/#\/schema\/logo\/image\/\",\"url\":\"https:\/\/www.travel3.com.br\/site\/wp-content\/uploads\/2020\/01\/logo-travel3-2020.png\",\"contentUrl\":\"https:\/\/www.travel3.com.br\/site\/wp-content\/uploads\/2020\/01\/logo-travel3-2020.png\",\"width\":232,\"height\":79,\"caption\":\"Travel3\"},\"image\":{\"@id\":\"https:\/\/www.travel3.com.br\/site\/#\/schema\/logo\/image\/\"},\"sameAs\":[\"https:\/\/www.facebook.com\/travel3media\/\",\"https:\/\/www.instagram.com\/revistatravel3\/\",\"https:\/\/www.youtube.com\/channel\/UCno7J4paGBR3VbZQzvoJ9Eg\"]},{\"@type\":\"Person\",\"@id\":\"https:\/\/www.travel3.com.br\/site\/#\/schema\/person\/ad24a6ccba88dcd54877f3d2fb76c605\",\"name\":\"Claudia Tonaco\",\"image\":{\"@type\":\"ImageObject\",\"inLanguage\":\"pt-BR\",\"@id\":\"https:\/\/www.travel3.com.br\/site\/#\/schema\/person\/image\/\",\"url\":\"https:\/\/secure.gravatar.com\/avatar\/7c64bb31135bb8c28f49658a042f8b8a?s=96&d=mm&r=g\",\"contentUrl\":\"https:\/\/secure.gravatar.com\/avatar\/7c64bb31135bb8c28f49658a042f8b8a?s=96&d=mm&r=g\",\"caption\":\"Claudia Tonaco\"},\"sameAs\":[\"http:\/\/www.travel3.com.br\"],\"url\":\"https:\/\/www.travel3.com.br\/site\/author\/tonaco\/\"}]}<\/script>\n<!-- \/ Yoast SEO plugin. -->","yoast_head_json":{"title":"Em Belo Horizonte, Azul Viagens segue plano de expans\u00e3o - Travel3","description":"A TRAVEL3 \u00e9 um portal de conte\u00fado voltado para o turismo, encontre destinos, viagens, hospedagem, passagens, guias, not\u00edcias sobre o mercado do turismo, dicas de viagem, v\u00eddeos e podcast.","robots":{"index":"index","follow":"follow","max-snippet":"max-snippet:-1","max-image-preview":"max-image-preview:large","max-video-preview":"max-video-preview:-1"},"canonical":"https:\/\/www.travel3.com.br\/site\/acontece-no-turismo\/negocios\/em-belo-horizonte-azul-viagens-segue-plano-de-expansao\/","og_locale":"pt_BR","og_type":"article","og_title":"Em Belo Horizonte, Azul Viagens segue plano de expans\u00e3o - Travel3","og_description":"A TRAVEL3 \u00e9 um portal de conte\u00fado voltado para o turismo, encontre destinos, viagens, hospedagem, passagens, guias, not\u00edcias sobre o mercado do turismo, dicas de viagem, v\u00eddeos e podcast.","og_url":"https:\/\/www.travel3.com.br\/site\/acontece-no-turismo\/negocios\/em-belo-horizonte-azul-viagens-segue-plano-de-expansao\/","og_site_name":"Travel3","article_publisher":"https:\/\/www.facebook.com\/travel3media\/","article_published_time":"2019-01-02T16:53:04+00:00","article_modified_time":"2019-01-02T16:53:30+00:00","og_image":[{"width":768,"height":684,"url":"https:\/\/www.travel3.com.br\/site\/wp-content\/uploads\/2019\/01\/Humberto-Vieira-Loja-Azul_A.jpg","type":"image\/jpeg"}],"author":"Claudia Tonaco","twitter_card":"summary_large_image","twitter_misc":{"Escrito por":"Claudia Tonaco","Est. tempo de leitura":"1 minuto"},"schema":{"@context":"https:\/\/schema.org","@graph":[{"@type":"Article","@id":"https:\/\/www.travel3.com.br\/site\/acontece-no-turismo\/negocios\/em-belo-horizonte-azul-viagens-segue-plano-de-expansao\/#article","isPartOf":{"@id":"https:\/\/www.travel3.com.br\/site\/acontece-no-turismo\/negocios\/em-belo-horizonte-azul-viagens-segue-plano-de-expansao\/"},"author":{"name":"Claudia Tonaco","@id":"https:\/\/www.travel3.com.br\/site\/#\/schema\/person\/ad24a6ccba88dcd54877f3d2fb76c605"},"headline":"Em Belo Horizonte, Azul Viagens segue plano de expans\u00e3o","datePublished":"2019-01-02T16:53:04+00:00","dateModified":"2019-01-02T16:53:30+00:00","mainEntityOfPage":{"@id":"https:\/\/www.travel3.com.br\/site\/acontece-no-turismo\/negocios\/em-belo-horizonte-azul-viagens-segue-plano-de-expansao\/"},"wordCount":259,"commentCount":0,"publisher":{"@id":"https:\/\/www.travel3.com.br\/site\/#organization"},"image":{"@id":"https:\/\/www.travel3.com.br\/site\/acontece-no-turismo\/negocios\/em-belo-horizonte-azul-viagens-segue-plano-de-expansao\/#primaryimage"},"thumbnailUrl":"https:\/\/www.travel3.com.br\/site\/wp-content\/uploads\/2019\/01\/Humberto-Vieira-Loja-Azul_A.jpg","keywords":["Belo Horizonte","Humberto Vieira","Travel3"],"articleSection":["Neg\u00f3cios"],"inLanguage":"pt-BR","potentialAction":[{"@type":"CommentAction","name":"Comment","target":["https:\/\/www.travel3.com.br\/site\/acontece-no-turismo\/negocios\/em-belo-horizonte-azul-viagens-segue-plano-de-expansao\/#respond"]}]},{"@type":"WebPage","@id":"https:\/\/www.travel3.com.br\/site\/acontece-no-turismo\/negocios\/em-belo-horizonte-azul-viagens-segue-plano-de-expansao\/","url":"https:\/\/www.travel3.com.br\/site\/acontece-no-turismo\/negocios\/em-belo-horizonte-azul-viagens-segue-plano-de-expansao\/","name":"Em Belo Horizonte, Azul Viagens segue plano de expans\u00e3o - Travel3","isPartOf":{"@id":"https:\/\/www.travel3.com.br\/site\/#website"},"primaryImageOfPage":{"@id":"https:\/\/www.travel3.com.br\/site\/acontece-no-turismo\/negocios\/em-belo-horizonte-azul-viagens-segue-plano-de-expansao\/#primaryimage"},"image":{"@id":"https:\/\/www.travel3.com.br\/site\/acontece-no-turismo\/negocios\/em-belo-horizonte-azul-viagens-segue-plano-de-expansao\/#primaryimage"},"thumbnailUrl":"https:\/\/www.travel3.com.br\/site\/wp-content\/uploads\/2019\/01\/Humberto-Vieira-Loja-Azul_A.jpg","datePublished":"2019-01-02T16:53:04+00:00","dateModified":"2019-01-02T16:53:30+00:00","description":"A TRAVEL3 \u00e9 um portal de conte\u00fado voltado para o turismo, encontre destinos, viagens, hospedagem, passagens, guias, not\u00edcias sobre o mercado do turismo, dicas de viagem, v\u00eddeos e podcast.","breadcrumb":{"@id":"https:\/\/www.travel3.com.br\/site\/acontece-no-turismo\/negocios\/em-belo-horizonte-azul-viagens-segue-plano-de-expansao\/#breadcrumb"},"inLanguage":"pt-BR","potentialAction":[{"@type":"ReadAction","target":["https:\/\/www.travel3.com.br\/site\/acontece-no-turismo\/negocios\/em-belo-horizonte-azul-viagens-segue-plano-de-expansao\/"]}]},{"@type":"ImageObject","inLanguage":"pt-BR","@id":"https:\/\/www.travel3.com.br\/site\/acontece-no-turismo\/negocios\/em-belo-horizonte-azul-viagens-segue-plano-de-expansao\/#primaryimage","url":"https:\/\/www.travel3.com.br\/site\/wp-content\/uploads\/2019\/01\/Humberto-Vieira-Loja-Azul_A.jpg","contentUrl":"https:\/\/www.travel3.com.br\/site\/wp-content\/uploads\/2019\/01\/Humberto-Vieira-Loja-Azul_A.jpg","width":768,"height":684,"caption":"Humberto Vieira (Fotos: Divulga\u00e7\u00e3o)"},{"@type":"BreadcrumbList","@id":"https:\/\/www.travel3.com.br\/site\/acontece-no-turismo\/negocios\/em-belo-horizonte-azul-viagens-segue-plano-de-expansao\/#breadcrumb","itemListElement":[{"@type":"ListItem","position":1,"name":"In\u00edcio","item":"https:\/\/www.travel3.com.br\/site\/"},{"@type":"ListItem","position":2,"name":"Em Belo Horizonte, Azul Viagens segue plano de expans\u00e3o"}]},{"@type":"WebSite","@id":"https:\/\/www.travel3.com.br\/site\/#website","url":"https:\/\/www.travel3.com.br\/site\/","name":"Travel3","description":"Lazer + Neg&oacute;cios + Aventura","publisher":{"@id":"https:\/\/www.travel3.com.br\/site\/#organization"},"potentialAction":[{"@type":"SearchAction","target":{"@type":"EntryPoint","urlTemplate":"https:\/\/www.travel3.com.br\/site\/?s={search_term_string}"},"query-input":{"@type":"PropertyValueSpecification","valueRequired":true,"valueName":"search_term_string"}}],"inLanguage":"pt-BR"},{"@type":"Organization","@id":"https:\/\/www.travel3.com.br\/site\/#organization","name":"Travel3","url":"https:\/\/www.travel3.com.br\/site\/","logo":{"@type":"ImageObject","inLanguage":"pt-BR","@id":"https:\/\/www.travel3.com.br\/site\/#\/schema\/logo\/image\/","url":"https:\/\/www.travel3.com.br\/site\/wp-content\/uploads\/2020\/01\/logo-travel3-2020.png","contentUrl":"https:\/\/www.travel3.com.br\/site\/wp-content\/uploads\/2020\/01\/logo-travel3-2020.png","width":232,"height":79,"caption":"Travel3"},"image":{"@id":"https:\/\/www.travel3.com.br\/site\/#\/schema\/logo\/image\/"},"sameAs":["https:\/\/www.facebook.com\/travel3media\/","https:\/\/www.instagram.com\/revistatravel3\/","https:\/\/www.youtube.com\/channel\/UCno7J4paGBR3VbZQzvoJ9Eg"]},{"@type":"Person","@id":"https:\/\/www.travel3.com.br\/site\/#\/schema\/person\/ad24a6ccba88dcd54877f3d2fb76c605","name":"Claudia Tonaco","image":{"@type":"ImageObject","inLanguage":"pt-BR","@id":"https:\/\/www.travel3.com.br\/site\/#\/schema\/person\/image\/","url":"https:\/\/secure.gravatar.com\/avatar\/7c64bb31135bb8c28f49658a042f8b8a?s=96&d=mm&r=g","contentUrl":"https:\/\/secure.gravatar.com\/avatar\/7c64bb31135bb8c28f49658a042f8b8a?s=96&d=mm&r=g","caption":"Claudia Tonaco"},"sameAs":["http:\/\/www.travel3.com.br"],"url":"https:\/\/www.travel3.com.br\/site\/author\/tonaco\/"}]}},"_links":{"self":[{"href":"https:\/\/www.travel3.com.br\/site\/wp-json\/wp\/v2\/posts\/18722","targetHints":{"allow":["GET"]}}],"collection":[{"href":"https:\/\/www.travel3.com.br\/site\/wp-json\/wp\/v2\/posts"}],"about":[{"href":"https:\/\/www.travel3.com.br\/site\/wp-json\/wp\/v2\/types\/post"}],"author":[{"embeddable":true,"href":"https:\/\/www.travel3.com.br\/site\/wp-json\/wp\/v2\/users\/4"}],"replies":[{"embeddable":true,"href":"https:\/\/www.travel3.com.br\/site\/wp-json\/wp\/v2\/comments?post=18722"}],"version-history":[{"count":5,"href":"https:\/\/www.travel3.com.br\/site\/wp-json\/wp\/v2\/posts\/18722\/revisions"}],"predecessor-version":[{"id":18730,"href":"https:\/\/www.travel3.com.br\/site\/wp-json\/wp\/v2\/posts\/18722\/revisions\/18730"}],"wp:featuredmedia":[{"embeddable":true,"href":"https:\/\/www.travel3.com.br\/site\/wp-json\/wp\/v2\/media\/18728"}],"wp:attachment":[{"href":"https:\/\/www.travel3.com.br\/site\/wp-json\/wp\/v2\/media?parent=18722"}],"wp:term":[{"taxonomy":"category","embeddable":true,"href":"https:\/\/www.travel3.com.br\/site\/wp-json\/wp\/v2\/categories?post=18722"},{"taxonomy":"post_tag","embeddable":true,"href":"https:\/\/www.travel3.com.br\/site\/wp-json\/wp\/v2\/tags?post=18722"}],"curies":[{"name":"wp","href":"https:\/\/api.w.org\/{rel}","templated":true}]}}