{"id":1849,"date":"2017-09-01T11:40:28","date_gmt":"2017-09-01T11:40:28","guid":{"rendered":"http:\/\/www.travel3.com.br\/site\/ir-e-vir\/ar\/intercambio-sp-recebe-em-maio-o-forum-brasil-internacional\/"},"modified":"2017-09-01T11:40:28","modified_gmt":"2017-09-01T11:40:28","slug":"intercambio-sp-recebe-em-maio-o-forum-brasil-internacional","status":"publish","type":"post","link":"https:\/\/www.travel3.com.br\/site\/sem-categoria\/intercambio-sp-recebe-em-maio-o-forum-brasil-internacional\/","title":{"rendered":"INTERC\u00c2MBIO: SP RECEBE EM MAIO O FORUM BRASIL INTERNACIONAL"},"content":{"rendered":"<p><span style=\"color: #40acad; font-family: -apple-system, system-ui, 'Segoe UI', Roboto, Oxygen-Sans, Ubuntu, Cantarell, 'Helvetica Neue', sans-serif; font-size: 12px; font-weight: bold;\"><\/p>\n<p style=\"text-align:justify\">A capital paulista ter\u00e1 este importante evento promovido pela Belta \u2013 Associa\u00e7\u00e3o das Ag\u00eancias de Interc\u00e2mbio \u2013 e que vai discutir as principais tend\u00eancias do mercado de interc\u00e2mbio, al\u00e9m de apresentar os dados da Pesquisa Selo Belta 2017, com o comportamento do segmento no ano passado.<\/p>\n<p style=\"text-align:justify\"><a class=\"fancybox-media\" href=\"..\/_uploads\/_noticia\/2017-05\/intercambioimagemilustrativa.jpg\" rel=\"portfolio\"><img decoding=\"async\" alt=\"\" src=\"..\/_uploads\/_noticia\/2017-05\/intercambioimagemilustrativa.jpg\" \/><\/a> O\u00a0ForBEI\u00a0acontecer\u00e1 das 9h \u00e1s 18h no audit\u00f3rio da FGV (Funda\u00e7\u00e3o Get\u00falio Vargas), na Av. Berrini, e contar\u00e1 com a participa\u00e7\u00e3o de profissionais do setor educacional, de \u00f3rg\u00e3os governamentais e profissionais da \u00e1rea de recursos humanos. Os temas \u00a0ser\u00e3o em torno dos ganhos que os brasileiros t\u00eam ao incluir uma experi\u00eancia internacional no curr\u00edculo, quanto uma forma\u00e7\u00e3o no exterior pode contribuir para a carreira do estudante, do incremento de a\u00e7\u00f5es e pr\u00e1ticas na \u00e1rea de educa\u00e7\u00e3o internacional e das compet\u00eancias e potencialidades de atua\u00e7\u00e3o integrada de diversos setores nesse mercado, incluindo o turismo.<\/p>\n<p style=\"text-align:justify\">Maura Le\u00e3o, presidente da\u00a0Belta,\u00a0da Felca\u00a0(sigla em ingl\u00eas para Associa\u00e7\u00e3o de Federa\u00e7\u00e3o de Educa\u00e7\u00e3o e Consultores de idiomas), al\u00e9m de\u00a0CEO e s\u00f3cia fundadora de uma ag\u00eancia de interc\u00e2mbio\u00a0Selo Belta\u00a0explica que cada parceiro do\u00a0ForBEI\u00a0ter\u00e1 um representante na cerim\u00f4nia para falar das oportunidades de estudos no pa\u00eds que representa.\u00a0<\/p>\n<p style=\"text-align:justify\">A confer\u00eancia de abertura estar\u00e1 a cargo de Anderson Pereira com o tema \u201cViabilidade para estudar no exterior\u201d.<\/p>\n<p style=\"text-align:justify\">Depois da confer\u00eancia, Maura Le\u00e3o apresentar\u00e1 os dados da\u00a0Pesquisa Selo Belta\u00a02017. Os dados apresentados ser\u00e3o uma preliminar da pesquisa completa que ser\u00e1 lan\u00e7ada pela\u00a0Belta\u00a0ainda neste primeiro semestre de 2017, com dados do mercado e interesse dos estudantes brasileiros.<\/p>\n<p style=\"text-align:justify\">Dois pain\u00e9is ser\u00e3o realizados na sequ\u00eancia e a partir das 16 horas, os participantes ter\u00e3o um per\u00edodo de duas horas para o di\u00e1logo e debates com os profissionais. As inscri\u00e7\u00f5es podem ser feitas atrav\u00e9s do site:www.eventbrite.com.br\/e\/iii-forbei-forum-brasil-de-educacao-internacional-tickets-33494657422<\/p>\n<p style=\"text-align:justify\">Entre os Parceiros do ForBEI est\u00e3o o Austrade \u2013 Australian Government; o Britsh Council; Consulado do Reino Unido; Campus France; Consulado da Irlanda Consulado do Canad\u00e1; Education in Ireland; Education New Zealand; Embaixada dos Estados Unidos\/US Commercial Service.<\/p>\n<p style=\"text-align:justify\">O Escrit\u00f3rio de Turismo da Embaixada da Espanha, as Universidades Santander e a Universia s\u00e3o os patrocinadores.<\/p>\n<p style=\"text-align:justify\">O audit\u00f3rio da FGV &#8211; Funda\u00e7\u00e3o Get\u00falio Vargas est\u00e1 na Av. das Na\u00e7\u00f5es Unidas, 12.495 \u2013 2\u00ba andar<\/p>\n<p>\u00a0<\/p>\n<p><\/span><\/p>\n","protected":false},"excerpt":{"rendered":"<p>O III ForBei ser\u00e1 no dia 23, na Funda\u00e7\u00e3o Getulio Vargas, com o tema \u2018Estudar Fora, Desafios e Interc\u00e2mbios\u2019<\/p>\n","protected":false},"author":1,"featured_media":0,"comment_status":"open","ping_status":"open","sticky":false,"template":"","format":"standard","meta":{"footnotes":""},"categories":[],"tags":[],"class_list":["post-1849","post","type-post","status-publish","format-standard","hentry"],"yoast_head":"<!-- This site is optimized with the Yoast SEO plugin v26.2 - https:\/\/yoast.com\/wordpress\/plugins\/seo\/ -->\n<title>INTERC\u00c2MBIO: SP RECEBE EM MAIO O FORUM BRASIL INTERNACIONAL - Travel3<\/title>\n<meta name=\"description\" content=\"A TRAVEL3 \u00e9 um portal de conte\u00fado voltado para o turismo, encontre destinos, viagens, hospedagem, passagens, guias, not\u00edcias sobre o mercado do turismo, dicas de viagem, v\u00eddeos e podcast.\" \/>\n<meta name=\"robots\" content=\"index, follow, max-snippet:-1, max-image-preview:large, max-video-preview:-1\" \/>\n<link rel=\"canonical\" href=\"https:\/\/www.travel3.com.br\/site\/sem-categoria\/intercambio-sp-recebe-em-maio-o-forum-brasil-internacional\/\" \/>\n<meta property=\"og:locale\" content=\"pt_BR\" \/>\n<meta property=\"og:type\" content=\"article\" \/>\n<meta property=\"og:title\" content=\"INTERC\u00c2MBIO: SP RECEBE EM MAIO O FORUM BRASIL INTERNACIONAL - Travel3\" \/>\n<meta property=\"og:description\" content=\"A TRAVEL3 \u00e9 um portal de conte\u00fado voltado para o turismo, encontre destinos, viagens, hospedagem, passagens, guias, not\u00edcias sobre o mercado do turismo, dicas de viagem, v\u00eddeos e podcast.\" \/>\n<meta property=\"og:url\" content=\"https:\/\/www.travel3.com.br\/site\/sem-categoria\/intercambio-sp-recebe-em-maio-o-forum-brasil-internacional\/\" \/>\n<meta property=\"og:site_name\" content=\"Travel3\" \/>\n<meta property=\"article:publisher\" content=\"https:\/\/www.facebook.com\/travel3media\/\" \/>\n<meta property=\"article:published_time\" content=\"2017-09-01T11:40:28+00:00\" \/>\n<meta name=\"author\" content=\"admin\" \/>\n<meta name=\"twitter:card\" content=\"summary_large_image\" \/>\n<meta name=\"twitter:label1\" content=\"Escrito por\" \/>\n\t<meta name=\"twitter:data1\" content=\"admin\" \/>\n\t<meta name=\"twitter:label2\" content=\"Est. tempo de leitura\" \/>\n\t<meta name=\"twitter:data2\" content=\"2 minutos\" \/>\n<script type=\"application\/ld+json\" class=\"yoast-schema-graph\">{\"@context\":\"https:\/\/schema.org\",\"@graph\":[{\"@type\":\"Article\",\"@id\":\"https:\/\/www.travel3.com.br\/site\/sem-categoria\/intercambio-sp-recebe-em-maio-o-forum-brasil-internacional\/#article\",\"isPartOf\":{\"@id\":\"https:\/\/www.travel3.com.br\/site\/sem-categoria\/intercambio-sp-recebe-em-maio-o-forum-brasil-internacional\/\"},\"author\":{\"name\":\"admin\",\"@id\":\"https:\/\/www.travel3.com.br\/site\/#\/schema\/person\/a69d71e41a024999b6ab82369ac0bd1e\"},\"headline\":\"INTERC\u00c2MBIO: SP RECEBE EM MAIO O FORUM BRASIL INTERNACIONAL\",\"datePublished\":\"2017-09-01T11:40:28+00:00\",\"mainEntityOfPage\":{\"@id\":\"https:\/\/www.travel3.com.br\/site\/sem-categoria\/intercambio-sp-recebe-em-maio-o-forum-brasil-internacional\/\"},\"wordCount\":422,\"commentCount\":0,\"publisher\":{\"@id\":\"https:\/\/www.travel3.com.br\/site\/#organization\"},\"inLanguage\":\"pt-BR\",\"potentialAction\":[{\"@type\":\"CommentAction\",\"name\":\"Comment\",\"target\":[\"https:\/\/www.travel3.com.br\/site\/sem-categoria\/intercambio-sp-recebe-em-maio-o-forum-brasil-internacional\/#respond\"]}]},{\"@type\":\"WebPage\",\"@id\":\"https:\/\/www.travel3.com.br\/site\/sem-categoria\/intercambio-sp-recebe-em-maio-o-forum-brasil-internacional\/\",\"url\":\"https:\/\/www.travel3.com.br\/site\/sem-categoria\/intercambio-sp-recebe-em-maio-o-forum-brasil-internacional\/\",\"name\":\"INTERC\u00c2MBIO: SP RECEBE EM MAIO O FORUM BRASIL INTERNACIONAL - Travel3\",\"isPartOf\":{\"@id\":\"https:\/\/www.travel3.com.br\/site\/#website\"},\"datePublished\":\"2017-09-01T11:40:28+00:00\",\"description\":\"A TRAVEL3 \u00e9 um portal de conte\u00fado voltado para o turismo, encontre destinos, viagens, hospedagem, passagens, guias, not\u00edcias sobre o mercado do turismo, dicas de viagem, v\u00eddeos e podcast.\",\"breadcrumb\":{\"@id\":\"https:\/\/www.travel3.com.br\/site\/sem-categoria\/intercambio-sp-recebe-em-maio-o-forum-brasil-internacional\/#breadcrumb\"},\"inLanguage\":\"pt-BR\",\"potentialAction\":[{\"@type\":\"ReadAction\",\"target\":[\"https:\/\/www.travel3.com.br\/site\/sem-categoria\/intercambio-sp-recebe-em-maio-o-forum-brasil-internacional\/\"]}]},{\"@type\":\"BreadcrumbList\",\"@id\":\"https:\/\/www.travel3.com.br\/site\/sem-categoria\/intercambio-sp-recebe-em-maio-o-forum-brasil-internacional\/#breadcrumb\",\"itemListElement\":[{\"@type\":\"ListItem\",\"position\":1,\"name\":\"In\u00edcio\",\"item\":\"https:\/\/www.travel3.com.br\/site\/\"},{\"@type\":\"ListItem\",\"position\":2,\"name\":\"INTERC\u00c2MBIO: SP RECEBE EM MAIO O FORUM BRASIL INTERNACIONAL\"}]},{\"@type\":\"WebSite\",\"@id\":\"https:\/\/www.travel3.com.br\/site\/#website\",\"url\":\"https:\/\/www.travel3.com.br\/site\/\",\"name\":\"Travel3\",\"description\":\"Lazer + Neg&oacute;cios + Aventura\",\"publisher\":{\"@id\":\"https:\/\/www.travel3.com.br\/site\/#organization\"},\"potentialAction\":[{\"@type\":\"SearchAction\",\"target\":{\"@type\":\"EntryPoint\",\"urlTemplate\":\"https:\/\/www.travel3.com.br\/site\/?s={search_term_string}\"},\"query-input\":{\"@type\":\"PropertyValueSpecification\",\"valueRequired\":true,\"valueName\":\"search_term_string\"}}],\"inLanguage\":\"pt-BR\"},{\"@type\":\"Organization\",\"@id\":\"https:\/\/www.travel3.com.br\/site\/#organization\",\"name\":\"Travel3\",\"url\":\"https:\/\/www.travel3.com.br\/site\/\",\"logo\":{\"@type\":\"ImageObject\",\"inLanguage\":\"pt-BR\",\"@id\":\"https:\/\/www.travel3.com.br\/site\/#\/schema\/logo\/image\/\",\"url\":\"https:\/\/www.travel3.com.br\/site\/wp-content\/uploads\/2020\/01\/logo-travel3-2020.png\",\"contentUrl\":\"https:\/\/www.travel3.com.br\/site\/wp-content\/uploads\/2020\/01\/logo-travel3-2020.png\",\"width\":232,\"height\":79,\"caption\":\"Travel3\"},\"image\":{\"@id\":\"https:\/\/www.travel3.com.br\/site\/#\/schema\/logo\/image\/\"},\"sameAs\":[\"https:\/\/www.facebook.com\/travel3media\/\",\"https:\/\/www.instagram.com\/revistatravel3\/\",\"https:\/\/www.youtube.com\/channel\/UCno7J4paGBR3VbZQzvoJ9Eg\"]},{\"@type\":\"Person\",\"@id\":\"https:\/\/www.travel3.com.br\/site\/#\/schema\/person\/a69d71e41a024999b6ab82369ac0bd1e\",\"name\":\"admin\",\"image\":{\"@type\":\"ImageObject\",\"inLanguage\":\"pt-BR\",\"@id\":\"https:\/\/www.travel3.com.br\/site\/#\/schema\/person\/image\/\",\"url\":\"https:\/\/secure.gravatar.com\/avatar\/732a67adfd764da2a47ba10ce731c4c0?s=96&d=mm&r=g\",\"contentUrl\":\"https:\/\/secure.gravatar.com\/avatar\/732a67adfd764da2a47ba10ce731c4c0?s=96&d=mm&r=g\",\"caption\":\"admin\"},\"url\":\"https:\/\/www.travel3.com.br\/site\/author\/admin\/\"}]}<\/script>\n<!-- \/ Yoast SEO plugin. -->","yoast_head_json":{"title":"INTERC\u00c2MBIO: SP RECEBE EM MAIO O FORUM BRASIL INTERNACIONAL - Travel3","description":"A TRAVEL3 \u00e9 um portal de conte\u00fado voltado para o turismo, encontre destinos, viagens, hospedagem, passagens, guias, not\u00edcias sobre o mercado do turismo, dicas de viagem, v\u00eddeos e podcast.","robots":{"index":"index","follow":"follow","max-snippet":"max-snippet:-1","max-image-preview":"max-image-preview:large","max-video-preview":"max-video-preview:-1"},"canonical":"https:\/\/www.travel3.com.br\/site\/sem-categoria\/intercambio-sp-recebe-em-maio-o-forum-brasil-internacional\/","og_locale":"pt_BR","og_type":"article","og_title":"INTERC\u00c2MBIO: SP RECEBE EM MAIO O FORUM BRASIL INTERNACIONAL - Travel3","og_description":"A TRAVEL3 \u00e9 um portal de conte\u00fado voltado para o turismo, encontre destinos, viagens, hospedagem, passagens, guias, not\u00edcias sobre o mercado do turismo, dicas de viagem, v\u00eddeos e podcast.","og_url":"https:\/\/www.travel3.com.br\/site\/sem-categoria\/intercambio-sp-recebe-em-maio-o-forum-brasil-internacional\/","og_site_name":"Travel3","article_publisher":"https:\/\/www.facebook.com\/travel3media\/","article_published_time":"2017-09-01T11:40:28+00:00","author":"admin","twitter_card":"summary_large_image","twitter_misc":{"Escrito por":"admin","Est. tempo de leitura":"2 minutos"},"schema":{"@context":"https:\/\/schema.org","@graph":[{"@type":"Article","@id":"https:\/\/www.travel3.com.br\/site\/sem-categoria\/intercambio-sp-recebe-em-maio-o-forum-brasil-internacional\/#article","isPartOf":{"@id":"https:\/\/www.travel3.com.br\/site\/sem-categoria\/intercambio-sp-recebe-em-maio-o-forum-brasil-internacional\/"},"author":{"name":"admin","@id":"https:\/\/www.travel3.com.br\/site\/#\/schema\/person\/a69d71e41a024999b6ab82369ac0bd1e"},"headline":"INTERC\u00c2MBIO: SP RECEBE EM MAIO O FORUM BRASIL INTERNACIONAL","datePublished":"2017-09-01T11:40:28+00:00","mainEntityOfPage":{"@id":"https:\/\/www.travel3.com.br\/site\/sem-categoria\/intercambio-sp-recebe-em-maio-o-forum-brasil-internacional\/"},"wordCount":422,"commentCount":0,"publisher":{"@id":"https:\/\/www.travel3.com.br\/site\/#organization"},"inLanguage":"pt-BR","potentialAction":[{"@type":"CommentAction","name":"Comment","target":["https:\/\/www.travel3.com.br\/site\/sem-categoria\/intercambio-sp-recebe-em-maio-o-forum-brasil-internacional\/#respond"]}]},{"@type":"WebPage","@id":"https:\/\/www.travel3.com.br\/site\/sem-categoria\/intercambio-sp-recebe-em-maio-o-forum-brasil-internacional\/","url":"https:\/\/www.travel3.com.br\/site\/sem-categoria\/intercambio-sp-recebe-em-maio-o-forum-brasil-internacional\/","name":"INTERC\u00c2MBIO: SP RECEBE EM MAIO O FORUM BRASIL INTERNACIONAL - Travel3","isPartOf":{"@id":"https:\/\/www.travel3.com.br\/site\/#website"},"datePublished":"2017-09-01T11:40:28+00:00","description":"A TRAVEL3 \u00e9 um portal de conte\u00fado voltado para o turismo, encontre destinos, viagens, hospedagem, passagens, guias, not\u00edcias sobre o mercado do turismo, dicas de viagem, v\u00eddeos e podcast.","breadcrumb":{"@id":"https:\/\/www.travel3.com.br\/site\/sem-categoria\/intercambio-sp-recebe-em-maio-o-forum-brasil-internacional\/#breadcrumb"},"inLanguage":"pt-BR","potentialAction":[{"@type":"ReadAction","target":["https:\/\/www.travel3.com.br\/site\/sem-categoria\/intercambio-sp-recebe-em-maio-o-forum-brasil-internacional\/"]}]},{"@type":"BreadcrumbList","@id":"https:\/\/www.travel3.com.br\/site\/sem-categoria\/intercambio-sp-recebe-em-maio-o-forum-brasil-internacional\/#breadcrumb","itemListElement":[{"@type":"ListItem","position":1,"name":"In\u00edcio","item":"https:\/\/www.travel3.com.br\/site\/"},{"@type":"ListItem","position":2,"name":"INTERC\u00c2MBIO: SP RECEBE EM MAIO O FORUM BRASIL INTERNACIONAL"}]},{"@type":"WebSite","@id":"https:\/\/www.travel3.com.br\/site\/#website","url":"https:\/\/www.travel3.com.br\/site\/","name":"Travel3","description":"Lazer + Neg&oacute;cios + Aventura","publisher":{"@id":"https:\/\/www.travel3.com.br\/site\/#organization"},"potentialAction":[{"@type":"SearchAction","target":{"@type":"EntryPoint","urlTemplate":"https:\/\/www.travel3.com.br\/site\/?s={search_term_string}"},"query-input":{"@type":"PropertyValueSpecification","valueRequired":true,"valueName":"search_term_string"}}],"inLanguage":"pt-BR"},{"@type":"Organization","@id":"https:\/\/www.travel3.com.br\/site\/#organization","name":"Travel3","url":"https:\/\/www.travel3.com.br\/site\/","logo":{"@type":"ImageObject","inLanguage":"pt-BR","@id":"https:\/\/www.travel3.com.br\/site\/#\/schema\/logo\/image\/","url":"https:\/\/www.travel3.com.br\/site\/wp-content\/uploads\/2020\/01\/logo-travel3-2020.png","contentUrl":"https:\/\/www.travel3.com.br\/site\/wp-content\/uploads\/2020\/01\/logo-travel3-2020.png","width":232,"height":79,"caption":"Travel3"},"image":{"@id":"https:\/\/www.travel3.com.br\/site\/#\/schema\/logo\/image\/"},"sameAs":["https:\/\/www.facebook.com\/travel3media\/","https:\/\/www.instagram.com\/revistatravel3\/","https:\/\/www.youtube.com\/channel\/UCno7J4paGBR3VbZQzvoJ9Eg"]},{"@type":"Person","@id":"https:\/\/www.travel3.com.br\/site\/#\/schema\/person\/a69d71e41a024999b6ab82369ac0bd1e","name":"admin","image":{"@type":"ImageObject","inLanguage":"pt-BR","@id":"https:\/\/www.travel3.com.br\/site\/#\/schema\/person\/image\/","url":"https:\/\/secure.gravatar.com\/avatar\/732a67adfd764da2a47ba10ce731c4c0?s=96&d=mm&r=g","contentUrl":"https:\/\/secure.gravatar.com\/avatar\/732a67adfd764da2a47ba10ce731c4c0?s=96&d=mm&r=g","caption":"admin"},"url":"https:\/\/www.travel3.com.br\/site\/author\/admin\/"}]}},"_links":{"self":[{"href":"https:\/\/www.travel3.com.br\/site\/wp-json\/wp\/v2\/posts\/1849","targetHints":{"allow":["GET"]}}],"collection":[{"href":"https:\/\/www.travel3.com.br\/site\/wp-json\/wp\/v2\/posts"}],"about":[{"href":"https:\/\/www.travel3.com.br\/site\/wp-json\/wp\/v2\/types\/post"}],"author":[{"embeddable":true,"href":"https:\/\/www.travel3.com.br\/site\/wp-json\/wp\/v2\/users\/1"}],"replies":[{"embeddable":true,"href":"https:\/\/www.travel3.com.br\/site\/wp-json\/wp\/v2\/comments?post=1849"}],"version-history":[{"count":0,"href":"https:\/\/www.travel3.com.br\/site\/wp-json\/wp\/v2\/posts\/1849\/revisions"}],"wp:attachment":[{"href":"https:\/\/www.travel3.com.br\/site\/wp-json\/wp\/v2\/media?parent=1849"}],"wp:term":[{"taxonomy":"category","embeddable":true,"href":"https:\/\/www.travel3.com.br\/site\/wp-json\/wp\/v2\/categories?post=1849"},{"taxonomy":"post_tag","embeddable":true,"href":"https:\/\/www.travel3.com.br\/site\/wp-json\/wp\/v2\/tags?post=1849"}],"curies":[{"name":"wp","href":"https:\/\/api.w.org\/{rel}","templated":true}]}}