{"id":1842,"date":"2017-09-12T09:18:32","date_gmt":"2017-09-12T09:18:32","guid":{"rendered":"http:\/\/www.travel3.com.br\/site\/ir-e-vir\/ar\/so-mais-uma-semana-para-visitar-o-jardim-mais-bonito-do-mundo\/"},"modified":"2017-09-12T09:18:32","modified_gmt":"2017-09-12T09:18:32","slug":"so-mais-uma-semana-para-visitar-o-jardim-mais-bonito-do-mundo","status":"publish","type":"post","link":"https:\/\/www.travel3.com.br\/site\/sem-categoria\/so-mais-uma-semana-para-visitar-o-jardim-mais-bonito-do-mundo\/","title":{"rendered":"S\u00d3 MAIS UMA SEMANA PARA VISITAR O JARDIM MAIS BONITO DO MUNDO"},"content":{"rendered":"<p><span style=\"color: #40acad; font-family: -apple-system, system-ui, 'Segoe UI', Roboto, Oxygen-Sans, Ubuntu, Cantarell, 'Helvetica Neue', sans-serif; font-size: 12px; font-weight: bold;\"><\/p>\n<p style=\"text-align:justify\">E se neste ano j\u00e1 n\u00e3o \u00e9 mais possivel, que tal pensar para a pr\u00f3xima Primavera, programar-se para ir nesta \u00e9poca (entre o final de mar\u00e7o e\u00a0 inicio de maio) para a Holanda. O Keukenhof \u00e9 um das atra\u00e7\u00f5es tur\u00edsticas mais procuradas por viajantes e turistas na Holanda, al\u00e9m dos pr\u00f3prios holandeses,\u00a0 e todos tem a mesma admira\u00e7\u00e3o: \u00e9 bonito demais,lindo mesmo!!!<\/p>\n<p style=\"text-align:justify\">Pena que seja t\u00e3o pouco tempo a cada ano, menos de dois meses. O Keukenhof (ou Jardim das Tulipas, como \u00e9 popularmente chamado), somente fica com port\u00f5es abertos at\u00e9 o domingo que vem, dia 21 de maio, com uma temporada que teve inicio a 23 de mar\u00e7o.<\/p>\n<p style=\"text-align:justify\"><a class=\"fancybox-media\" href=\"..\/_uploads\/_noticia\/2017-05\/jardimmaisbonitocomtulipasevisitas.jpg\" rel=\"portfolio\"><img decoding=\"async\" alt=\"\" src=\"..\/_uploads\/_noticia\/2017-05\/jardimmaisbonitocomtulipasevisitas.jpg\" \/><\/a><\/p>\n<p style=\"text-align:justify\">O parque fica a uma hora de Amsterdam, e \u00e9 famoso pelos jardins caprichosamente desenhados. S\u00e3o dois hectares de flores de todas as cores e em seu melhor momento.<\/p>\n<p style=\"text-align:justify\"><a class=\"fancybox-media\" href=\"..\/_uploads\/_noticia\/2017-05\/jardimkeuenhofparquedastulipas.jpg\" rel=\"portfolio\"><img decoding=\"async\" alt=\"\" src=\"..\/_uploads\/_noticia\/2017-05\/jardimkeuenhofparquedastulipas.jpg\" \/><\/a><\/p>\n<p style=\"text-align:justify\">Outras flores tamb\u00e9m desabrocham sob cuidados especiais, como os narcisos e jacintos. H\u00e1 tamb\u00e9m um antigo castelo, constru\u00eddo em 1641 que tem visita\u00e7\u00e3o regulada e tamb\u00e9m o povoado de Lisse que tem um encanto holand\u00eas e florido.<\/p>\n<p style=\"text-align:justify\">O esquema de visita\u00e7\u00e3o funciona assim \u2013 menos de dois meses por ano\u00a0 &#8211; desde 1949. \u00a0Para chegar ao parque \u00e9 bem f\u00e1cil, h\u00e1 transporte publico direto do aeroporto de Amsterdam, o \u00a0Schiphol.\u00a0\u00e9 a linha 858, da companhia Conexxion<\/p>\n<p style=\"text-align:justify\">O parque funciona diariamente at\u00e9 18h30, tem tr\u00eas op\u00e7\u00f5es de ingressos e possui uma \u00f3tima infra estrutura para os visitantes; com op\u00e7\u00f5es para alimenta\u00e7\u00e3o \u00a0em restaurantes e quiosques. Para visitar quase tudo s\u00e3o necess\u00e1rias mais de tr\u00eas horas.<\/p>\n<p style=\"text-align:justify\"><a class=\"fancybox-media\" href=\"..\/_uploads\/_noticia\/2017-05\/jardimmaisbonitodomundo.jpg\" rel=\"portfolio\"><img decoding=\"async\" alt=\"\" src=\"..\/_uploads\/_noticia\/2017-05\/jardimmaisbonitodomundo.jpg\" \/><\/a><\/p>\n<p>\u00a0<\/p>\n<p>\u00a0<\/p>\n<p>\u00a0<\/p>\n<p><\/span><\/p>\n","protected":false},"excerpt":{"rendered":"<p>Temporada de visita\u00e7\u00e3o no parque holand\u00eas de Keukenhof, pertinho de Amsterdam, termina no pr\u00f3ximo domingo, dia 21 de maio<\/p>\n","protected":false},"author":1,"featured_media":0,"comment_status":"open","ping_status":"open","sticky":false,"template":"","format":"standard","meta":{"footnotes":""},"categories":[],"tags":[],"class_list":["post-1842","post","type-post","status-publish","format-standard","hentry"],"yoast_head":"<!-- This site is optimized with the Yoast SEO plugin v26.2 - https:\/\/yoast.com\/wordpress\/plugins\/seo\/ -->\n<title>S\u00d3 MAIS UMA SEMANA PARA VISITAR O JARDIM MAIS BONITO DO MUNDO - Travel3<\/title>\n<meta name=\"description\" content=\"A TRAVEL3 \u00e9 um portal de conte\u00fado voltado para o turismo, encontre destinos, viagens, hospedagem, passagens, guias, not\u00edcias sobre o mercado do turismo, dicas de viagem, v\u00eddeos e podcast.\" \/>\n<meta name=\"robots\" content=\"index, follow, max-snippet:-1, max-image-preview:large, max-video-preview:-1\" \/>\n<link rel=\"canonical\" href=\"https:\/\/www.travel3.com.br\/site\/sem-categoria\/so-mais-uma-semana-para-visitar-o-jardim-mais-bonito-do-mundo\/\" \/>\n<meta property=\"og:locale\" content=\"pt_BR\" \/>\n<meta property=\"og:type\" content=\"article\" \/>\n<meta property=\"og:title\" content=\"S\u00d3 MAIS UMA SEMANA PARA VISITAR O JARDIM MAIS BONITO DO MUNDO - Travel3\" \/>\n<meta property=\"og:description\" content=\"A TRAVEL3 \u00e9 um portal de conte\u00fado voltado para o turismo, encontre destinos, viagens, hospedagem, passagens, guias, not\u00edcias sobre o mercado do turismo, dicas de viagem, v\u00eddeos e podcast.\" \/>\n<meta property=\"og:url\" content=\"https:\/\/www.travel3.com.br\/site\/sem-categoria\/so-mais-uma-semana-para-visitar-o-jardim-mais-bonito-do-mundo\/\" \/>\n<meta property=\"og:site_name\" content=\"Travel3\" \/>\n<meta property=\"article:publisher\" content=\"https:\/\/www.facebook.com\/travel3media\/\" \/>\n<meta property=\"article:published_time\" content=\"2017-09-12T09:18:32+00:00\" \/>\n<meta name=\"author\" content=\"admin\" \/>\n<meta name=\"twitter:card\" content=\"summary_large_image\" \/>\n<meta name=\"twitter:label1\" content=\"Escrito por\" \/>\n\t<meta name=\"twitter:data1\" content=\"admin\" \/>\n\t<meta name=\"twitter:label2\" content=\"Est. tempo de leitura\" \/>\n\t<meta name=\"twitter:data2\" content=\"1 minuto\" \/>\n<script type=\"application\/ld+json\" class=\"yoast-schema-graph\">{\"@context\":\"https:\/\/schema.org\",\"@graph\":[{\"@type\":\"Article\",\"@id\":\"https:\/\/www.travel3.com.br\/site\/sem-categoria\/so-mais-uma-semana-para-visitar-o-jardim-mais-bonito-do-mundo\/#article\",\"isPartOf\":{\"@id\":\"https:\/\/www.travel3.com.br\/site\/sem-categoria\/so-mais-uma-semana-para-visitar-o-jardim-mais-bonito-do-mundo\/\"},\"author\":{\"name\":\"admin\",\"@id\":\"https:\/\/www.travel3.com.br\/site\/#\/schema\/person\/a69d71e41a024999b6ab82369ac0bd1e\"},\"headline\":\"S\u00d3 MAIS UMA SEMANA PARA VISITAR O JARDIM MAIS BONITO DO MUNDO\",\"datePublished\":\"2017-09-12T09:18:32+00:00\",\"mainEntityOfPage\":{\"@id\":\"https:\/\/www.travel3.com.br\/site\/sem-categoria\/so-mais-uma-semana-para-visitar-o-jardim-mais-bonito-do-mundo\/\"},\"wordCount\":280,\"commentCount\":0,\"publisher\":{\"@id\":\"https:\/\/www.travel3.com.br\/site\/#organization\"},\"inLanguage\":\"pt-BR\",\"potentialAction\":[{\"@type\":\"CommentAction\",\"name\":\"Comment\",\"target\":[\"https:\/\/www.travel3.com.br\/site\/sem-categoria\/so-mais-uma-semana-para-visitar-o-jardim-mais-bonito-do-mundo\/#respond\"]}]},{\"@type\":\"WebPage\",\"@id\":\"https:\/\/www.travel3.com.br\/site\/sem-categoria\/so-mais-uma-semana-para-visitar-o-jardim-mais-bonito-do-mundo\/\",\"url\":\"https:\/\/www.travel3.com.br\/site\/sem-categoria\/so-mais-uma-semana-para-visitar-o-jardim-mais-bonito-do-mundo\/\",\"name\":\"S\u00d3 MAIS UMA SEMANA PARA VISITAR O JARDIM MAIS BONITO DO MUNDO - Travel3\",\"isPartOf\":{\"@id\":\"https:\/\/www.travel3.com.br\/site\/#website\"},\"datePublished\":\"2017-09-12T09:18:32+00:00\",\"description\":\"A TRAVEL3 \u00e9 um portal de conte\u00fado voltado para o turismo, encontre destinos, viagens, hospedagem, passagens, guias, not\u00edcias sobre o mercado do turismo, dicas de viagem, v\u00eddeos e podcast.\",\"breadcrumb\":{\"@id\":\"https:\/\/www.travel3.com.br\/site\/sem-categoria\/so-mais-uma-semana-para-visitar-o-jardim-mais-bonito-do-mundo\/#breadcrumb\"},\"inLanguage\":\"pt-BR\",\"potentialAction\":[{\"@type\":\"ReadAction\",\"target\":[\"https:\/\/www.travel3.com.br\/site\/sem-categoria\/so-mais-uma-semana-para-visitar-o-jardim-mais-bonito-do-mundo\/\"]}]},{\"@type\":\"BreadcrumbList\",\"@id\":\"https:\/\/www.travel3.com.br\/site\/sem-categoria\/so-mais-uma-semana-para-visitar-o-jardim-mais-bonito-do-mundo\/#breadcrumb\",\"itemListElement\":[{\"@type\":\"ListItem\",\"position\":1,\"name\":\"In\u00edcio\",\"item\":\"https:\/\/www.travel3.com.br\/site\/\"},{\"@type\":\"ListItem\",\"position\":2,\"name\":\"S\u00d3 MAIS UMA SEMANA PARA VISITAR O JARDIM MAIS BONITO DO MUNDO\"}]},{\"@type\":\"WebSite\",\"@id\":\"https:\/\/www.travel3.com.br\/site\/#website\",\"url\":\"https:\/\/www.travel3.com.br\/site\/\",\"name\":\"Travel3\",\"description\":\"Lazer + Neg&oacute;cios + Aventura\",\"publisher\":{\"@id\":\"https:\/\/www.travel3.com.br\/site\/#organization\"},\"potentialAction\":[{\"@type\":\"SearchAction\",\"target\":{\"@type\":\"EntryPoint\",\"urlTemplate\":\"https:\/\/www.travel3.com.br\/site\/?s={search_term_string}\"},\"query-input\":{\"@type\":\"PropertyValueSpecification\",\"valueRequired\":true,\"valueName\":\"search_term_string\"}}],\"inLanguage\":\"pt-BR\"},{\"@type\":\"Organization\",\"@id\":\"https:\/\/www.travel3.com.br\/site\/#organization\",\"name\":\"Travel3\",\"url\":\"https:\/\/www.travel3.com.br\/site\/\",\"logo\":{\"@type\":\"ImageObject\",\"inLanguage\":\"pt-BR\",\"@id\":\"https:\/\/www.travel3.com.br\/site\/#\/schema\/logo\/image\/\",\"url\":\"https:\/\/www.travel3.com.br\/site\/wp-content\/uploads\/2020\/01\/logo-travel3-2020.png\",\"contentUrl\":\"https:\/\/www.travel3.com.br\/site\/wp-content\/uploads\/2020\/01\/logo-travel3-2020.png\",\"width\":232,\"height\":79,\"caption\":\"Travel3\"},\"image\":{\"@id\":\"https:\/\/www.travel3.com.br\/site\/#\/schema\/logo\/image\/\"},\"sameAs\":[\"https:\/\/www.facebook.com\/travel3media\/\",\"https:\/\/www.instagram.com\/revistatravel3\/\",\"https:\/\/www.youtube.com\/channel\/UCno7J4paGBR3VbZQzvoJ9Eg\"]},{\"@type\":\"Person\",\"@id\":\"https:\/\/www.travel3.com.br\/site\/#\/schema\/person\/a69d71e41a024999b6ab82369ac0bd1e\",\"name\":\"admin\",\"image\":{\"@type\":\"ImageObject\",\"inLanguage\":\"pt-BR\",\"@id\":\"https:\/\/www.travel3.com.br\/site\/#\/schema\/person\/image\/\",\"url\":\"https:\/\/secure.gravatar.com\/avatar\/732a67adfd764da2a47ba10ce731c4c0?s=96&d=mm&r=g\",\"contentUrl\":\"https:\/\/secure.gravatar.com\/avatar\/732a67adfd764da2a47ba10ce731c4c0?s=96&d=mm&r=g\",\"caption\":\"admin\"},\"url\":\"https:\/\/www.travel3.com.br\/site\/author\/admin\/\"}]}<\/script>\n<!-- \/ Yoast SEO plugin. -->","yoast_head_json":{"title":"S\u00d3 MAIS UMA SEMANA PARA VISITAR O JARDIM MAIS BONITO DO MUNDO - Travel3","description":"A TRAVEL3 \u00e9 um portal de conte\u00fado voltado para o turismo, encontre destinos, viagens, hospedagem, passagens, guias, not\u00edcias sobre o mercado do turismo, dicas de viagem, v\u00eddeos e podcast.","robots":{"index":"index","follow":"follow","max-snippet":"max-snippet:-1","max-image-preview":"max-image-preview:large","max-video-preview":"max-video-preview:-1"},"canonical":"https:\/\/www.travel3.com.br\/site\/sem-categoria\/so-mais-uma-semana-para-visitar-o-jardim-mais-bonito-do-mundo\/","og_locale":"pt_BR","og_type":"article","og_title":"S\u00d3 MAIS UMA SEMANA PARA VISITAR O JARDIM MAIS BONITO DO MUNDO - Travel3","og_description":"A TRAVEL3 \u00e9 um portal de conte\u00fado voltado para o turismo, encontre destinos, viagens, hospedagem, passagens, guias, not\u00edcias sobre o mercado do turismo, dicas de viagem, v\u00eddeos e podcast.","og_url":"https:\/\/www.travel3.com.br\/site\/sem-categoria\/so-mais-uma-semana-para-visitar-o-jardim-mais-bonito-do-mundo\/","og_site_name":"Travel3","article_publisher":"https:\/\/www.facebook.com\/travel3media\/","article_published_time":"2017-09-12T09:18:32+00:00","author":"admin","twitter_card":"summary_large_image","twitter_misc":{"Escrito por":"admin","Est. tempo de leitura":"1 minuto"},"schema":{"@context":"https:\/\/schema.org","@graph":[{"@type":"Article","@id":"https:\/\/www.travel3.com.br\/site\/sem-categoria\/so-mais-uma-semana-para-visitar-o-jardim-mais-bonito-do-mundo\/#article","isPartOf":{"@id":"https:\/\/www.travel3.com.br\/site\/sem-categoria\/so-mais-uma-semana-para-visitar-o-jardim-mais-bonito-do-mundo\/"},"author":{"name":"admin","@id":"https:\/\/www.travel3.com.br\/site\/#\/schema\/person\/a69d71e41a024999b6ab82369ac0bd1e"},"headline":"S\u00d3 MAIS UMA SEMANA PARA VISITAR O JARDIM MAIS BONITO DO MUNDO","datePublished":"2017-09-12T09:18:32+00:00","mainEntityOfPage":{"@id":"https:\/\/www.travel3.com.br\/site\/sem-categoria\/so-mais-uma-semana-para-visitar-o-jardim-mais-bonito-do-mundo\/"},"wordCount":280,"commentCount":0,"publisher":{"@id":"https:\/\/www.travel3.com.br\/site\/#organization"},"inLanguage":"pt-BR","potentialAction":[{"@type":"CommentAction","name":"Comment","target":["https:\/\/www.travel3.com.br\/site\/sem-categoria\/so-mais-uma-semana-para-visitar-o-jardim-mais-bonito-do-mundo\/#respond"]}]},{"@type":"WebPage","@id":"https:\/\/www.travel3.com.br\/site\/sem-categoria\/so-mais-uma-semana-para-visitar-o-jardim-mais-bonito-do-mundo\/","url":"https:\/\/www.travel3.com.br\/site\/sem-categoria\/so-mais-uma-semana-para-visitar-o-jardim-mais-bonito-do-mundo\/","name":"S\u00d3 MAIS UMA SEMANA PARA VISITAR O JARDIM MAIS BONITO DO MUNDO - Travel3","isPartOf":{"@id":"https:\/\/www.travel3.com.br\/site\/#website"},"datePublished":"2017-09-12T09:18:32+00:00","description":"A TRAVEL3 \u00e9 um portal de conte\u00fado voltado para o turismo, encontre destinos, viagens, hospedagem, passagens, guias, not\u00edcias sobre o mercado do turismo, dicas de viagem, v\u00eddeos e podcast.","breadcrumb":{"@id":"https:\/\/www.travel3.com.br\/site\/sem-categoria\/so-mais-uma-semana-para-visitar-o-jardim-mais-bonito-do-mundo\/#breadcrumb"},"inLanguage":"pt-BR","potentialAction":[{"@type":"ReadAction","target":["https:\/\/www.travel3.com.br\/site\/sem-categoria\/so-mais-uma-semana-para-visitar-o-jardim-mais-bonito-do-mundo\/"]}]},{"@type":"BreadcrumbList","@id":"https:\/\/www.travel3.com.br\/site\/sem-categoria\/so-mais-uma-semana-para-visitar-o-jardim-mais-bonito-do-mundo\/#breadcrumb","itemListElement":[{"@type":"ListItem","position":1,"name":"In\u00edcio","item":"https:\/\/www.travel3.com.br\/site\/"},{"@type":"ListItem","position":2,"name":"S\u00d3 MAIS UMA SEMANA PARA VISITAR O JARDIM MAIS BONITO DO MUNDO"}]},{"@type":"WebSite","@id":"https:\/\/www.travel3.com.br\/site\/#website","url":"https:\/\/www.travel3.com.br\/site\/","name":"Travel3","description":"Lazer + Neg&oacute;cios + Aventura","publisher":{"@id":"https:\/\/www.travel3.com.br\/site\/#organization"},"potentialAction":[{"@type":"SearchAction","target":{"@type":"EntryPoint","urlTemplate":"https:\/\/www.travel3.com.br\/site\/?s={search_term_string}"},"query-input":{"@type":"PropertyValueSpecification","valueRequired":true,"valueName":"search_term_string"}}],"inLanguage":"pt-BR"},{"@type":"Organization","@id":"https:\/\/www.travel3.com.br\/site\/#organization","name":"Travel3","url":"https:\/\/www.travel3.com.br\/site\/","logo":{"@type":"ImageObject","inLanguage":"pt-BR","@id":"https:\/\/www.travel3.com.br\/site\/#\/schema\/logo\/image\/","url":"https:\/\/www.travel3.com.br\/site\/wp-content\/uploads\/2020\/01\/logo-travel3-2020.png","contentUrl":"https:\/\/www.travel3.com.br\/site\/wp-content\/uploads\/2020\/01\/logo-travel3-2020.png","width":232,"height":79,"caption":"Travel3"},"image":{"@id":"https:\/\/www.travel3.com.br\/site\/#\/schema\/logo\/image\/"},"sameAs":["https:\/\/www.facebook.com\/travel3media\/","https:\/\/www.instagram.com\/revistatravel3\/","https:\/\/www.youtube.com\/channel\/UCno7J4paGBR3VbZQzvoJ9Eg"]},{"@type":"Person","@id":"https:\/\/www.travel3.com.br\/site\/#\/schema\/person\/a69d71e41a024999b6ab82369ac0bd1e","name":"admin","image":{"@type":"ImageObject","inLanguage":"pt-BR","@id":"https:\/\/www.travel3.com.br\/site\/#\/schema\/person\/image\/","url":"https:\/\/secure.gravatar.com\/avatar\/732a67adfd764da2a47ba10ce731c4c0?s=96&d=mm&r=g","contentUrl":"https:\/\/secure.gravatar.com\/avatar\/732a67adfd764da2a47ba10ce731c4c0?s=96&d=mm&r=g","caption":"admin"},"url":"https:\/\/www.travel3.com.br\/site\/author\/admin\/"}]}},"_links":{"self":[{"href":"https:\/\/www.travel3.com.br\/site\/wp-json\/wp\/v2\/posts\/1842","targetHints":{"allow":["GET"]}}],"collection":[{"href":"https:\/\/www.travel3.com.br\/site\/wp-json\/wp\/v2\/posts"}],"about":[{"href":"https:\/\/www.travel3.com.br\/site\/wp-json\/wp\/v2\/types\/post"}],"author":[{"embeddable":true,"href":"https:\/\/www.travel3.com.br\/site\/wp-json\/wp\/v2\/users\/1"}],"replies":[{"embeddable":true,"href":"https:\/\/www.travel3.com.br\/site\/wp-json\/wp\/v2\/comments?post=1842"}],"version-history":[{"count":0,"href":"https:\/\/www.travel3.com.br\/site\/wp-json\/wp\/v2\/posts\/1842\/revisions"}],"wp:attachment":[{"href":"https:\/\/www.travel3.com.br\/site\/wp-json\/wp\/v2\/media?parent=1842"}],"wp:term":[{"taxonomy":"category","embeddable":true,"href":"https:\/\/www.travel3.com.br\/site\/wp-json\/wp\/v2\/categories?post=1842"},{"taxonomy":"post_tag","embeddable":true,"href":"https:\/\/www.travel3.com.br\/site\/wp-json\/wp\/v2\/tags?post=1842"}],"curies":[{"name":"wp","href":"https:\/\/api.w.org\/{rel}","templated":true}]}}