{"id":1820,"date":"2017-09-05T17:16:08","date_gmt":"2017-09-05T17:16:08","guid":{"rendered":"http:\/\/www.travel3.com.br\/site\/ir-e-vir\/ar\/barcelo-faturou-125-milhoes-de-euros-em-2016-e-quer-150-em-2017\/"},"modified":"2017-09-05T17:16:08","modified_gmt":"2017-09-05T17:16:08","slug":"barcelo-faturou-125-milhoes-de-euros-em-2016-e-quer-150-em-2017","status":"publish","type":"post","link":"https:\/\/www.travel3.com.br\/site\/sem-categoria\/barcelo-faturou-125-milhoes-de-euros-em-2016-e-quer-150-em-2017\/","title":{"rendered":"BARCEL\u00d3 FATUROU 125 MILH\u00d5ES DE EUROS EM 2016 E QUER 150 EM 2017"},"content":{"rendered":"<p><span style=\"color: #40acad; font-family: -apple-system, system-ui, 'Segoe UI', Roboto, Oxygen-Sans, Ubuntu, Cantarell, 'Helvetica Neue', sans-serif; font-size: 12px; font-weight: bold;\"><\/p>\n<p style=\"text-align:justify\">Nesta ultimo final de semana o grupo \u00a0Barcel\u00f3 \u00a0realizou na Republica Dominicana a sua XVI conven\u00e7\u00e3o de diretores da Europa, Oriente Medio e \u00c1frica, com cerca de 120 participantes e\u00a0 a presid\u00eancia de Sim\u00f3n Pedro Barcel\u00f3.<\/p>\n<p style=\"text-align:justify\"><a class=\"fancybox-media\" href=\"..\/_uploads\/_noticia\/2017-05\/barcelogrupopresidencte.jpg\" rel=\"portfolio\"><img decoding=\"async\" alt=\"\" src=\"..\/_uploads\/_noticia\/2017-05\/barcelogrupopresidencte.jpg\" \/><\/a><\/p>\n<p style=\"text-align:justify\">O ano fiscal que passou foi bom, com evolu\u00e7\u00e3o vantajosa em todas as divis\u00f5es do grupo e os n\u00fameros comprovam: 125,4 milh\u00f5es de euros no lucro, com 25% a mais no faturamento comparado com o anterior. Agora, nas previs\u00f5es para 2018 o grupo Barcel\u00f3 j\u00e1 estende a possibilidade de alcan\u00e7ar 150 milh\u00f5es de euros.<\/p>\n<p style=\"text-align:justify\">No total, os neg\u00f3cios do Barcel\u00f3 foram de 2.854,9 bih\u00f5es de euros em 2016, com um crescimento de 15,1%. Do total, mais da metade \u2013 1.537 bi \u2013 tem proced\u00eancia da Barcel\u00f3 Viajes, com suas 622 unidades e os 1.387,9 restantes da Barcel\u00f3 Hoteles.<\/p>\n<p style=\"text-align:justify\">No relat\u00f3rio anual, o grupo afirma que \u2018os ventos sopraram a favor\u2019 na maioria dos destinos onde opera e destaca o acerto dos investimentos, como no aumento da empresa na Am\u00e9rica Latina \u2013 como a aquisi\u00e7\u00e3o dos hot\u00e9is Occidental e novas incorpora\u00e7\u00f5es em El Salvador, Panam\u00e1 e Quer\u00e9taro (Mexico) \u2013 e as reformas realizadas na hotelaria da rede, tanto na Europa como nas Am\u00e9rias, com mais de 140 milh\u00f5es de euros aplicados.<\/p>\n<p style=\"text-align:justify\"><a class=\"fancybox-media\" href=\"..\/_uploads\/_noticia\/2017-05\/barcelohotelesoccidental.jpg\" rel=\"portfolio\"><img decoding=\"async\" alt=\"\" src=\"..\/_uploads\/_noticia\/2017-05\/barcelohotelesoccidental.jpg\" \/><\/a> A Am\u00e9rica Latina continua sendo o motor principal para os resultados positivos do grupo que em sua divis\u00e3o de hot\u00e9is conta com 229 estabelecimentos em 21 paises e um total de 50.486 mil leitos. 17% deles s\u00e3o de propriedade direta do grupo, os demais sob gest\u00e3o. 69% s\u00e3o \u00a0urbanos e 31% de lazer (resorts). No ano passado foram incorporados 13 novos hot\u00e9is.<\/p>\n<p style=\"text-align:justify\">Desde o ano passado o grupo tem uma nova estrat\u00e9gia de marcas \u2013 quatro diferenciadas \u2013 Royal Hideaway, Barcel\u00f3, Occidental e Allegro \u2013 para diferentes necessidades e prefer\u00eancias de seus h\u00f3spedes.<\/p>\n<p style=\"text-align:justify\">\n\u00a0<\/p>\n<p>\n\u00a0<\/p>\n<p>\u00a0<\/p>\n<p>\u00a0<\/p>\n<p><\/span><\/p>\n","protected":false},"excerpt":{"rendered":"<p>Grupo hoteleiro teve 25% a mais de arrecada\u00e7\u00e3o no ano passado, numeros apresentados na Conven\u00e7\u00e3o de Diretores realizada na Rep\u00fablica Dominicana<\/p>\n","protected":false},"author":1,"featured_media":0,"comment_status":"open","ping_status":"open","sticky":false,"template":"","format":"standard","meta":{"footnotes":""},"categories":[],"tags":[],"class_list":["post-1820","post","type-post","status-publish","format-standard","hentry"],"yoast_head":"<!-- This site is optimized with the Yoast SEO plugin v26.2 - https:\/\/yoast.com\/wordpress\/plugins\/seo\/ -->\n<title>BARCEL\u00d3 FATUROU 125 MILH\u00d5ES DE EUROS EM 2016 E QUER 150 EM 2017 - Travel3<\/title>\n<meta name=\"description\" content=\"A TRAVEL3 \u00e9 um portal de conte\u00fado voltado para o turismo, encontre destinos, viagens, hospedagem, passagens, guias, not\u00edcias sobre o mercado do turismo, dicas de viagem, v\u00eddeos e podcast.\" \/>\n<meta name=\"robots\" content=\"index, follow, max-snippet:-1, max-image-preview:large, max-video-preview:-1\" \/>\n<link rel=\"canonical\" href=\"https:\/\/www.travel3.com.br\/site\/sem-categoria\/barcelo-faturou-125-milhoes-de-euros-em-2016-e-quer-150-em-2017\/\" \/>\n<meta property=\"og:locale\" content=\"pt_BR\" \/>\n<meta property=\"og:type\" content=\"article\" \/>\n<meta property=\"og:title\" content=\"BARCEL\u00d3 FATUROU 125 MILH\u00d5ES DE EUROS EM 2016 E QUER 150 EM 2017 - Travel3\" \/>\n<meta property=\"og:description\" content=\"A TRAVEL3 \u00e9 um portal de conte\u00fado voltado para o turismo, encontre destinos, viagens, hospedagem, passagens, guias, not\u00edcias sobre o mercado do turismo, dicas de viagem, v\u00eddeos e podcast.\" \/>\n<meta property=\"og:url\" content=\"https:\/\/www.travel3.com.br\/site\/sem-categoria\/barcelo-faturou-125-milhoes-de-euros-em-2016-e-quer-150-em-2017\/\" \/>\n<meta property=\"og:site_name\" content=\"Travel3\" \/>\n<meta property=\"article:publisher\" content=\"https:\/\/www.facebook.com\/travel3media\/\" \/>\n<meta property=\"article:published_time\" content=\"2017-09-05T17:16:08+00:00\" \/>\n<meta name=\"author\" content=\"admin\" \/>\n<meta name=\"twitter:card\" content=\"summary_large_image\" \/>\n<meta name=\"twitter:label1\" content=\"Escrito por\" \/>\n\t<meta name=\"twitter:data1\" content=\"admin\" \/>\n\t<meta name=\"twitter:label2\" content=\"Est. tempo de leitura\" \/>\n\t<meta name=\"twitter:data2\" content=\"2 minutos\" \/>\n<script type=\"application\/ld+json\" class=\"yoast-schema-graph\">{\"@context\":\"https:\/\/schema.org\",\"@graph\":[{\"@type\":\"Article\",\"@id\":\"https:\/\/www.travel3.com.br\/site\/sem-categoria\/barcelo-faturou-125-milhoes-de-euros-em-2016-e-quer-150-em-2017\/#article\",\"isPartOf\":{\"@id\":\"https:\/\/www.travel3.com.br\/site\/sem-categoria\/barcelo-faturou-125-milhoes-de-euros-em-2016-e-quer-150-em-2017\/\"},\"author\":{\"name\":\"admin\",\"@id\":\"https:\/\/www.travel3.com.br\/site\/#\/schema\/person\/a69d71e41a024999b6ab82369ac0bd1e\"},\"headline\":\"BARCEL\u00d3 FATUROU 125 MILH\u00d5ES DE EUROS EM 2016 E QUER 150 EM 2017\",\"datePublished\":\"2017-09-05T17:16:08+00:00\",\"mainEntityOfPage\":{\"@id\":\"https:\/\/www.travel3.com.br\/site\/sem-categoria\/barcelo-faturou-125-milhoes-de-euros-em-2016-e-quer-150-em-2017\/\"},\"wordCount\":314,\"commentCount\":0,\"publisher\":{\"@id\":\"https:\/\/www.travel3.com.br\/site\/#organization\"},\"inLanguage\":\"pt-BR\",\"potentialAction\":[{\"@type\":\"CommentAction\",\"name\":\"Comment\",\"target\":[\"https:\/\/www.travel3.com.br\/site\/sem-categoria\/barcelo-faturou-125-milhoes-de-euros-em-2016-e-quer-150-em-2017\/#respond\"]}]},{\"@type\":\"WebPage\",\"@id\":\"https:\/\/www.travel3.com.br\/site\/sem-categoria\/barcelo-faturou-125-milhoes-de-euros-em-2016-e-quer-150-em-2017\/\",\"url\":\"https:\/\/www.travel3.com.br\/site\/sem-categoria\/barcelo-faturou-125-milhoes-de-euros-em-2016-e-quer-150-em-2017\/\",\"name\":\"BARCEL\u00d3 FATUROU 125 MILH\u00d5ES DE EUROS EM 2016 E QUER 150 EM 2017 - Travel3\",\"isPartOf\":{\"@id\":\"https:\/\/www.travel3.com.br\/site\/#website\"},\"datePublished\":\"2017-09-05T17:16:08+00:00\",\"description\":\"A TRAVEL3 \u00e9 um portal de conte\u00fado voltado para o turismo, encontre destinos, viagens, hospedagem, passagens, guias, not\u00edcias sobre o mercado do turismo, dicas de viagem, v\u00eddeos e podcast.\",\"breadcrumb\":{\"@id\":\"https:\/\/www.travel3.com.br\/site\/sem-categoria\/barcelo-faturou-125-milhoes-de-euros-em-2016-e-quer-150-em-2017\/#breadcrumb\"},\"inLanguage\":\"pt-BR\",\"potentialAction\":[{\"@type\":\"ReadAction\",\"target\":[\"https:\/\/www.travel3.com.br\/site\/sem-categoria\/barcelo-faturou-125-milhoes-de-euros-em-2016-e-quer-150-em-2017\/\"]}]},{\"@type\":\"BreadcrumbList\",\"@id\":\"https:\/\/www.travel3.com.br\/site\/sem-categoria\/barcelo-faturou-125-milhoes-de-euros-em-2016-e-quer-150-em-2017\/#breadcrumb\",\"itemListElement\":[{\"@type\":\"ListItem\",\"position\":1,\"name\":\"In\u00edcio\",\"item\":\"https:\/\/www.travel3.com.br\/site\/\"},{\"@type\":\"ListItem\",\"position\":2,\"name\":\"BARCEL\u00d3 FATUROU 125 MILH\u00d5ES DE EUROS EM 2016 E QUER 150 EM 2017\"}]},{\"@type\":\"WebSite\",\"@id\":\"https:\/\/www.travel3.com.br\/site\/#website\",\"url\":\"https:\/\/www.travel3.com.br\/site\/\",\"name\":\"Travel3\",\"description\":\"Lazer + Neg&oacute;cios + Aventura\",\"publisher\":{\"@id\":\"https:\/\/www.travel3.com.br\/site\/#organization\"},\"potentialAction\":[{\"@type\":\"SearchAction\",\"target\":{\"@type\":\"EntryPoint\",\"urlTemplate\":\"https:\/\/www.travel3.com.br\/site\/?s={search_term_string}\"},\"query-input\":{\"@type\":\"PropertyValueSpecification\",\"valueRequired\":true,\"valueName\":\"search_term_string\"}}],\"inLanguage\":\"pt-BR\"},{\"@type\":\"Organization\",\"@id\":\"https:\/\/www.travel3.com.br\/site\/#organization\",\"name\":\"Travel3\",\"url\":\"https:\/\/www.travel3.com.br\/site\/\",\"logo\":{\"@type\":\"ImageObject\",\"inLanguage\":\"pt-BR\",\"@id\":\"https:\/\/www.travel3.com.br\/site\/#\/schema\/logo\/image\/\",\"url\":\"https:\/\/www.travel3.com.br\/site\/wp-content\/uploads\/2020\/01\/logo-travel3-2020.png\",\"contentUrl\":\"https:\/\/www.travel3.com.br\/site\/wp-content\/uploads\/2020\/01\/logo-travel3-2020.png\",\"width\":232,\"height\":79,\"caption\":\"Travel3\"},\"image\":{\"@id\":\"https:\/\/www.travel3.com.br\/site\/#\/schema\/logo\/image\/\"},\"sameAs\":[\"https:\/\/www.facebook.com\/travel3media\/\",\"https:\/\/www.instagram.com\/revistatravel3\/\",\"https:\/\/www.youtube.com\/channel\/UCno7J4paGBR3VbZQzvoJ9Eg\"]},{\"@type\":\"Person\",\"@id\":\"https:\/\/www.travel3.com.br\/site\/#\/schema\/person\/a69d71e41a024999b6ab82369ac0bd1e\",\"name\":\"admin\",\"image\":{\"@type\":\"ImageObject\",\"inLanguage\":\"pt-BR\",\"@id\":\"https:\/\/www.travel3.com.br\/site\/#\/schema\/person\/image\/\",\"url\":\"https:\/\/secure.gravatar.com\/avatar\/732a67adfd764da2a47ba10ce731c4c0?s=96&d=mm&r=g\",\"contentUrl\":\"https:\/\/secure.gravatar.com\/avatar\/732a67adfd764da2a47ba10ce731c4c0?s=96&d=mm&r=g\",\"caption\":\"admin\"},\"url\":\"https:\/\/www.travel3.com.br\/site\/author\/admin\/\"}]}<\/script>\n<!-- \/ Yoast SEO plugin. -->","yoast_head_json":{"title":"BARCEL\u00d3 FATUROU 125 MILH\u00d5ES DE EUROS EM 2016 E QUER 150 EM 2017 - Travel3","description":"A TRAVEL3 \u00e9 um portal de conte\u00fado voltado para o turismo, encontre destinos, viagens, hospedagem, passagens, guias, not\u00edcias sobre o mercado do turismo, dicas de viagem, v\u00eddeos e podcast.","robots":{"index":"index","follow":"follow","max-snippet":"max-snippet:-1","max-image-preview":"max-image-preview:large","max-video-preview":"max-video-preview:-1"},"canonical":"https:\/\/www.travel3.com.br\/site\/sem-categoria\/barcelo-faturou-125-milhoes-de-euros-em-2016-e-quer-150-em-2017\/","og_locale":"pt_BR","og_type":"article","og_title":"BARCEL\u00d3 FATUROU 125 MILH\u00d5ES DE EUROS EM 2016 E QUER 150 EM 2017 - Travel3","og_description":"A TRAVEL3 \u00e9 um portal de conte\u00fado voltado para o turismo, encontre destinos, viagens, hospedagem, passagens, guias, not\u00edcias sobre o mercado do turismo, dicas de viagem, v\u00eddeos e podcast.","og_url":"https:\/\/www.travel3.com.br\/site\/sem-categoria\/barcelo-faturou-125-milhoes-de-euros-em-2016-e-quer-150-em-2017\/","og_site_name":"Travel3","article_publisher":"https:\/\/www.facebook.com\/travel3media\/","article_published_time":"2017-09-05T17:16:08+00:00","author":"admin","twitter_card":"summary_large_image","twitter_misc":{"Escrito por":"admin","Est. tempo de leitura":"2 minutos"},"schema":{"@context":"https:\/\/schema.org","@graph":[{"@type":"Article","@id":"https:\/\/www.travel3.com.br\/site\/sem-categoria\/barcelo-faturou-125-milhoes-de-euros-em-2016-e-quer-150-em-2017\/#article","isPartOf":{"@id":"https:\/\/www.travel3.com.br\/site\/sem-categoria\/barcelo-faturou-125-milhoes-de-euros-em-2016-e-quer-150-em-2017\/"},"author":{"name":"admin","@id":"https:\/\/www.travel3.com.br\/site\/#\/schema\/person\/a69d71e41a024999b6ab82369ac0bd1e"},"headline":"BARCEL\u00d3 FATUROU 125 MILH\u00d5ES DE EUROS EM 2016 E QUER 150 EM 2017","datePublished":"2017-09-05T17:16:08+00:00","mainEntityOfPage":{"@id":"https:\/\/www.travel3.com.br\/site\/sem-categoria\/barcelo-faturou-125-milhoes-de-euros-em-2016-e-quer-150-em-2017\/"},"wordCount":314,"commentCount":0,"publisher":{"@id":"https:\/\/www.travel3.com.br\/site\/#organization"},"inLanguage":"pt-BR","potentialAction":[{"@type":"CommentAction","name":"Comment","target":["https:\/\/www.travel3.com.br\/site\/sem-categoria\/barcelo-faturou-125-milhoes-de-euros-em-2016-e-quer-150-em-2017\/#respond"]}]},{"@type":"WebPage","@id":"https:\/\/www.travel3.com.br\/site\/sem-categoria\/barcelo-faturou-125-milhoes-de-euros-em-2016-e-quer-150-em-2017\/","url":"https:\/\/www.travel3.com.br\/site\/sem-categoria\/barcelo-faturou-125-milhoes-de-euros-em-2016-e-quer-150-em-2017\/","name":"BARCEL\u00d3 FATUROU 125 MILH\u00d5ES DE EUROS EM 2016 E QUER 150 EM 2017 - Travel3","isPartOf":{"@id":"https:\/\/www.travel3.com.br\/site\/#website"},"datePublished":"2017-09-05T17:16:08+00:00","description":"A TRAVEL3 \u00e9 um portal de conte\u00fado voltado para o turismo, encontre destinos, viagens, hospedagem, passagens, guias, not\u00edcias sobre o mercado do turismo, dicas de viagem, v\u00eddeos e podcast.","breadcrumb":{"@id":"https:\/\/www.travel3.com.br\/site\/sem-categoria\/barcelo-faturou-125-milhoes-de-euros-em-2016-e-quer-150-em-2017\/#breadcrumb"},"inLanguage":"pt-BR","potentialAction":[{"@type":"ReadAction","target":["https:\/\/www.travel3.com.br\/site\/sem-categoria\/barcelo-faturou-125-milhoes-de-euros-em-2016-e-quer-150-em-2017\/"]}]},{"@type":"BreadcrumbList","@id":"https:\/\/www.travel3.com.br\/site\/sem-categoria\/barcelo-faturou-125-milhoes-de-euros-em-2016-e-quer-150-em-2017\/#breadcrumb","itemListElement":[{"@type":"ListItem","position":1,"name":"In\u00edcio","item":"https:\/\/www.travel3.com.br\/site\/"},{"@type":"ListItem","position":2,"name":"BARCEL\u00d3 FATUROU 125 MILH\u00d5ES DE EUROS EM 2016 E QUER 150 EM 2017"}]},{"@type":"WebSite","@id":"https:\/\/www.travel3.com.br\/site\/#website","url":"https:\/\/www.travel3.com.br\/site\/","name":"Travel3","description":"Lazer + Neg&oacute;cios + Aventura","publisher":{"@id":"https:\/\/www.travel3.com.br\/site\/#organization"},"potentialAction":[{"@type":"SearchAction","target":{"@type":"EntryPoint","urlTemplate":"https:\/\/www.travel3.com.br\/site\/?s={search_term_string}"},"query-input":{"@type":"PropertyValueSpecification","valueRequired":true,"valueName":"search_term_string"}}],"inLanguage":"pt-BR"},{"@type":"Organization","@id":"https:\/\/www.travel3.com.br\/site\/#organization","name":"Travel3","url":"https:\/\/www.travel3.com.br\/site\/","logo":{"@type":"ImageObject","inLanguage":"pt-BR","@id":"https:\/\/www.travel3.com.br\/site\/#\/schema\/logo\/image\/","url":"https:\/\/www.travel3.com.br\/site\/wp-content\/uploads\/2020\/01\/logo-travel3-2020.png","contentUrl":"https:\/\/www.travel3.com.br\/site\/wp-content\/uploads\/2020\/01\/logo-travel3-2020.png","width":232,"height":79,"caption":"Travel3"},"image":{"@id":"https:\/\/www.travel3.com.br\/site\/#\/schema\/logo\/image\/"},"sameAs":["https:\/\/www.facebook.com\/travel3media\/","https:\/\/www.instagram.com\/revistatravel3\/","https:\/\/www.youtube.com\/channel\/UCno7J4paGBR3VbZQzvoJ9Eg"]},{"@type":"Person","@id":"https:\/\/www.travel3.com.br\/site\/#\/schema\/person\/a69d71e41a024999b6ab82369ac0bd1e","name":"admin","image":{"@type":"ImageObject","inLanguage":"pt-BR","@id":"https:\/\/www.travel3.com.br\/site\/#\/schema\/person\/image\/","url":"https:\/\/secure.gravatar.com\/avatar\/732a67adfd764da2a47ba10ce731c4c0?s=96&d=mm&r=g","contentUrl":"https:\/\/secure.gravatar.com\/avatar\/732a67adfd764da2a47ba10ce731c4c0?s=96&d=mm&r=g","caption":"admin"},"url":"https:\/\/www.travel3.com.br\/site\/author\/admin\/"}]}},"_links":{"self":[{"href":"https:\/\/www.travel3.com.br\/site\/wp-json\/wp\/v2\/posts\/1820","targetHints":{"allow":["GET"]}}],"collection":[{"href":"https:\/\/www.travel3.com.br\/site\/wp-json\/wp\/v2\/posts"}],"about":[{"href":"https:\/\/www.travel3.com.br\/site\/wp-json\/wp\/v2\/types\/post"}],"author":[{"embeddable":true,"href":"https:\/\/www.travel3.com.br\/site\/wp-json\/wp\/v2\/users\/1"}],"replies":[{"embeddable":true,"href":"https:\/\/www.travel3.com.br\/site\/wp-json\/wp\/v2\/comments?post=1820"}],"version-history":[{"count":0,"href":"https:\/\/www.travel3.com.br\/site\/wp-json\/wp\/v2\/posts\/1820\/revisions"}],"wp:attachment":[{"href":"https:\/\/www.travel3.com.br\/site\/wp-json\/wp\/v2\/media?parent=1820"}],"wp:term":[{"taxonomy":"category","embeddable":true,"href":"https:\/\/www.travel3.com.br\/site\/wp-json\/wp\/v2\/categories?post=1820"},{"taxonomy":"post_tag","embeddable":true,"href":"https:\/\/www.travel3.com.br\/site\/wp-json\/wp\/v2\/tags?post=1820"}],"curies":[{"name":"wp","href":"https:\/\/api.w.org\/{rel}","templated":true}]}}