{"id":1804,"date":"2017-08-05T04:03:01","date_gmt":"2017-08-05T04:03:01","guid":{"rendered":"http:\/\/www.travel3.com.br\/site\/ir-e-vir\/ar\/conotel-2017-comeca-logo-mais-no-final-da-tarde\/"},"modified":"2017-08-05T04:03:01","modified_gmt":"2017-08-05T04:03:01","slug":"conotel-2017-comeca-logo-mais-no-final-da-tarde","status":"publish","type":"post","link":"https:\/\/www.travel3.com.br\/site\/sem-categoria\/conotel-2017-comeca-logo-mais-no-final-da-tarde\/","title":{"rendered":"CONOTEL 2017 COME\u00c7A LOGO MAIS NO FINAL DA TARDE"},"content":{"rendered":"<p><span style=\"color: #40acad; font-family: -apple-system, system-ui, 'Segoe UI', Roboto, Oxygen-Sans, Ubuntu, Cantarell, 'Helvetica Neue', sans-serif; font-size: 12px; font-weight: bold;\"><\/p>\n<p style=\"text-align:justify\">Os avan\u00e7os legislativos e \u00a0o debate sobre a regulamenta\u00e7\u00e3o de economia capitalista de massa estar\u00e3o no contexto geral do congresso dos hoteleiros de todo o Pa\u00eds que come\u00e7a no final da tarde desta quarta (17) e segue at\u00e9 sexta (19), no Centro de Conven\u00e7\u00f5es Frei Caneca, em S\u00e3o Paulo<\/p>\n<p style=\"text-align:justify\">\u00c9 a 59\u00aa edi\u00e7\u00e3o do\u00a0Congresso Nacional de Hot\u00e9is \u2013 Conotel 2017\u00a0que tem sua tem\u00e1tica sobre o crescimento sustent\u00e1vel da hotelaria rumo a 2020. \u00c0s 18h,\u00a0a \u00a0abertura oficial do CONOTEL 2017\u00a0ter\u00e1 \u00a0as presen\u00e7as do Ministro do Turismo, Marx Beltr\u00e3o Lima Siqueira, do Ministro do Trabalho, Ronaldo Nogueira de Oliveira e do presidente da Embratur,\u00a0Vinicius Lemmertz.<\/p>\n<p style=\"text-align:justify\">Na pauta inicial, destaque para o convidado Rodolfo Tsunetaka Tamanaha \u2013 Diretor de Direitos Intelectuais do Minist\u00e9rio da Cultura \u2013 que falar\u00e1 sobre \u201cDireitos Autorais e o Setor Hoteleiro\u201d<\/p>\n<p style=\"text-align:justify\">Nestes dois dias ser\u00e3o abordados assuntos t\u00e9cnicos\u00a0-econ\u00f4micos\/mercadol\u00f3gicos e jur\u00eddicos\/legislativos, apontando para a\u00a0urg\u00eancia de uma adequa\u00e7\u00e3o da legisla\u00e7\u00e3o brasileira\u00a0para que o mercado possa absorver as demandas que as novas tecnologias apresenta:<\/p>\n<p style=\"text-align:justify\">A insuport\u00e1vel carga tribut\u00e1ria entre 30% e 40%, as plataformas estrangeiras \u00a0que n\u00e3o contribuem com os encargos do custo Brasil\u201d s\u00e3o pontos defendidos e que \u00a0ser\u00e3o expostos por \u00a0 D\u00edlson Jatahy, presidente da Associa\u00e7\u00e3o Brasileira da Ind\u00fastria de Hot\u00e9is \u2013 ABIH Nacional \u2013 e seus pares..<\/p>\n<p style=\"text-align:justify\"><a class=\"fancybox-media\" href=\"..\/_uploads\/_noticia\/2017-05\/abihdilson-jatahy-jr-e-bruno-omori.jpg\" rel=\"portfolio\"><img decoding=\"async\" alt=\"\" src=\"..\/_uploads\/_noticia\/2017-05\/abihdilson-jatahy-jr-e-bruno-omori.jpg\" \/><\/a> <strong>Dilson Jathay, presidente da ABIH-Nacional e o mais uma vez anfitri\u00e3o do congresso, Bruno Omori, da ABIH-SP<\/strong><\/p>\n<p style=\"text-align:justify\">Servi\u00e7o:<\/p>\n<p style=\"text-align:justify\">CONOTEL 2017<\/p>\n<p style=\"text-align:justify\">\u00a017 a 19 de maio de 2017<\/p>\n<p style=\"text-align:justify\">Hor\u00e1rio: De 14h \u00e0s 19h<\/p>\n<p style=\"text-align:justify\">Local: Centro de Conven\u00e7\u00f5es Frei Caneca \u2013 Av. Frei Caneca,\u00a0569, Consola\u00e7\u00e3o, S\u00e3o Paulo, SP<\/p>\n<p style=\"text-align:justify\">www.conotel2017.com.br<\/p>\n<p style=\"text-align:justify\">\u00a0<\/p>\n<p>\u00a0<\/p>\n<p><\/span><\/p>\n","protected":false},"excerpt":{"rendered":"<p>Perspectivas para os pr\u00f3ximos anos do setor estar\u00e3o na pauta do 59\u00ba.  Congresso Nacional de Hot\u00e9is que tem inicio hoje em S\u00e3o Paulo<\/p>\n","protected":false},"author":1,"featured_media":0,"comment_status":"open","ping_status":"open","sticky":false,"template":"","format":"standard","meta":{"footnotes":""},"categories":[],"tags":[],"class_list":["post-1804","post","type-post","status-publish","format-standard","hentry"],"yoast_head":"<!-- This site is optimized with the Yoast SEO plugin v26.2 - https:\/\/yoast.com\/wordpress\/plugins\/seo\/ -->\n<title>CONOTEL 2017 COME\u00c7A LOGO MAIS NO FINAL DA TARDE - Travel3<\/title>\n<meta name=\"description\" content=\"A TRAVEL3 \u00e9 um portal de conte\u00fado voltado para o turismo, encontre destinos, viagens, hospedagem, passagens, guias, not\u00edcias sobre o mercado do turismo, dicas de viagem, v\u00eddeos e podcast.\" \/>\n<meta name=\"robots\" content=\"index, follow, max-snippet:-1, max-image-preview:large, max-video-preview:-1\" \/>\n<link rel=\"canonical\" href=\"https:\/\/www.travel3.com.br\/site\/sem-categoria\/conotel-2017-comeca-logo-mais-no-final-da-tarde\/\" \/>\n<meta property=\"og:locale\" content=\"pt_BR\" \/>\n<meta property=\"og:type\" content=\"article\" \/>\n<meta property=\"og:title\" content=\"CONOTEL 2017 COME\u00c7A LOGO MAIS NO FINAL DA TARDE - Travel3\" \/>\n<meta property=\"og:description\" content=\"A TRAVEL3 \u00e9 um portal de conte\u00fado voltado para o turismo, encontre destinos, viagens, hospedagem, passagens, guias, not\u00edcias sobre o mercado do turismo, dicas de viagem, v\u00eddeos e podcast.\" \/>\n<meta property=\"og:url\" content=\"https:\/\/www.travel3.com.br\/site\/sem-categoria\/conotel-2017-comeca-logo-mais-no-final-da-tarde\/\" \/>\n<meta property=\"og:site_name\" content=\"Travel3\" \/>\n<meta property=\"article:publisher\" content=\"https:\/\/www.facebook.com\/travel3media\/\" \/>\n<meta property=\"article:published_time\" content=\"2017-08-05T04:03:01+00:00\" \/>\n<meta name=\"author\" content=\"admin\" \/>\n<meta name=\"twitter:card\" content=\"summary_large_image\" \/>\n<meta name=\"twitter:label1\" content=\"Escrito por\" \/>\n\t<meta name=\"twitter:data1\" content=\"admin\" \/>\n\t<meta name=\"twitter:label2\" content=\"Est. tempo de leitura\" \/>\n\t<meta name=\"twitter:data2\" content=\"1 minuto\" \/>\n<script type=\"application\/ld+json\" class=\"yoast-schema-graph\">{\"@context\":\"https:\/\/schema.org\",\"@graph\":[{\"@type\":\"Article\",\"@id\":\"https:\/\/www.travel3.com.br\/site\/sem-categoria\/conotel-2017-comeca-logo-mais-no-final-da-tarde\/#article\",\"isPartOf\":{\"@id\":\"https:\/\/www.travel3.com.br\/site\/sem-categoria\/conotel-2017-comeca-logo-mais-no-final-da-tarde\/\"},\"author\":{\"name\":\"admin\",\"@id\":\"https:\/\/www.travel3.com.br\/site\/#\/schema\/person\/a69d71e41a024999b6ab82369ac0bd1e\"},\"headline\":\"CONOTEL 2017 COME\u00c7A LOGO MAIS NO FINAL DA TARDE\",\"datePublished\":\"2017-08-05T04:03:01+00:00\",\"mainEntityOfPage\":{\"@id\":\"https:\/\/www.travel3.com.br\/site\/sem-categoria\/conotel-2017-comeca-logo-mais-no-final-da-tarde\/\"},\"wordCount\":294,\"commentCount\":0,\"publisher\":{\"@id\":\"https:\/\/www.travel3.com.br\/site\/#organization\"},\"inLanguage\":\"pt-BR\",\"potentialAction\":[{\"@type\":\"CommentAction\",\"name\":\"Comment\",\"target\":[\"https:\/\/www.travel3.com.br\/site\/sem-categoria\/conotel-2017-comeca-logo-mais-no-final-da-tarde\/#respond\"]}]},{\"@type\":\"WebPage\",\"@id\":\"https:\/\/www.travel3.com.br\/site\/sem-categoria\/conotel-2017-comeca-logo-mais-no-final-da-tarde\/\",\"url\":\"https:\/\/www.travel3.com.br\/site\/sem-categoria\/conotel-2017-comeca-logo-mais-no-final-da-tarde\/\",\"name\":\"CONOTEL 2017 COME\u00c7A LOGO MAIS NO FINAL DA TARDE - Travel3\",\"isPartOf\":{\"@id\":\"https:\/\/www.travel3.com.br\/site\/#website\"},\"datePublished\":\"2017-08-05T04:03:01+00:00\",\"description\":\"A TRAVEL3 \u00e9 um portal de conte\u00fado voltado para o turismo, encontre destinos, viagens, hospedagem, passagens, guias, not\u00edcias sobre o mercado do turismo, dicas de viagem, v\u00eddeos e podcast.\",\"breadcrumb\":{\"@id\":\"https:\/\/www.travel3.com.br\/site\/sem-categoria\/conotel-2017-comeca-logo-mais-no-final-da-tarde\/#breadcrumb\"},\"inLanguage\":\"pt-BR\",\"potentialAction\":[{\"@type\":\"ReadAction\",\"target\":[\"https:\/\/www.travel3.com.br\/site\/sem-categoria\/conotel-2017-comeca-logo-mais-no-final-da-tarde\/\"]}]},{\"@type\":\"BreadcrumbList\",\"@id\":\"https:\/\/www.travel3.com.br\/site\/sem-categoria\/conotel-2017-comeca-logo-mais-no-final-da-tarde\/#breadcrumb\",\"itemListElement\":[{\"@type\":\"ListItem\",\"position\":1,\"name\":\"In\u00edcio\",\"item\":\"https:\/\/www.travel3.com.br\/site\/\"},{\"@type\":\"ListItem\",\"position\":2,\"name\":\"CONOTEL 2017 COME\u00c7A LOGO MAIS NO FINAL DA TARDE\"}]},{\"@type\":\"WebSite\",\"@id\":\"https:\/\/www.travel3.com.br\/site\/#website\",\"url\":\"https:\/\/www.travel3.com.br\/site\/\",\"name\":\"Travel3\",\"description\":\"Lazer + Neg&oacute;cios + Aventura\",\"publisher\":{\"@id\":\"https:\/\/www.travel3.com.br\/site\/#organization\"},\"potentialAction\":[{\"@type\":\"SearchAction\",\"target\":{\"@type\":\"EntryPoint\",\"urlTemplate\":\"https:\/\/www.travel3.com.br\/site\/?s={search_term_string}\"},\"query-input\":{\"@type\":\"PropertyValueSpecification\",\"valueRequired\":true,\"valueName\":\"search_term_string\"}}],\"inLanguage\":\"pt-BR\"},{\"@type\":\"Organization\",\"@id\":\"https:\/\/www.travel3.com.br\/site\/#organization\",\"name\":\"Travel3\",\"url\":\"https:\/\/www.travel3.com.br\/site\/\",\"logo\":{\"@type\":\"ImageObject\",\"inLanguage\":\"pt-BR\",\"@id\":\"https:\/\/www.travel3.com.br\/site\/#\/schema\/logo\/image\/\",\"url\":\"https:\/\/www.travel3.com.br\/site\/wp-content\/uploads\/2020\/01\/logo-travel3-2020.png\",\"contentUrl\":\"https:\/\/www.travel3.com.br\/site\/wp-content\/uploads\/2020\/01\/logo-travel3-2020.png\",\"width\":232,\"height\":79,\"caption\":\"Travel3\"},\"image\":{\"@id\":\"https:\/\/www.travel3.com.br\/site\/#\/schema\/logo\/image\/\"},\"sameAs\":[\"https:\/\/www.facebook.com\/travel3media\/\",\"https:\/\/www.instagram.com\/revistatravel3\/\",\"https:\/\/www.youtube.com\/channel\/UCno7J4paGBR3VbZQzvoJ9Eg\"]},{\"@type\":\"Person\",\"@id\":\"https:\/\/www.travel3.com.br\/site\/#\/schema\/person\/a69d71e41a024999b6ab82369ac0bd1e\",\"name\":\"admin\",\"image\":{\"@type\":\"ImageObject\",\"inLanguage\":\"pt-BR\",\"@id\":\"https:\/\/www.travel3.com.br\/site\/#\/schema\/person\/image\/\",\"url\":\"https:\/\/secure.gravatar.com\/avatar\/732a67adfd764da2a47ba10ce731c4c0?s=96&d=mm&r=g\",\"contentUrl\":\"https:\/\/secure.gravatar.com\/avatar\/732a67adfd764da2a47ba10ce731c4c0?s=96&d=mm&r=g\",\"caption\":\"admin\"},\"url\":\"https:\/\/www.travel3.com.br\/site\/author\/admin\/\"}]}<\/script>\n<!-- \/ Yoast SEO plugin. -->","yoast_head_json":{"title":"CONOTEL 2017 COME\u00c7A LOGO MAIS NO FINAL DA TARDE - Travel3","description":"A TRAVEL3 \u00e9 um portal de conte\u00fado voltado para o turismo, encontre destinos, viagens, hospedagem, passagens, guias, not\u00edcias sobre o mercado do turismo, dicas de viagem, v\u00eddeos e podcast.","robots":{"index":"index","follow":"follow","max-snippet":"max-snippet:-1","max-image-preview":"max-image-preview:large","max-video-preview":"max-video-preview:-1"},"canonical":"https:\/\/www.travel3.com.br\/site\/sem-categoria\/conotel-2017-comeca-logo-mais-no-final-da-tarde\/","og_locale":"pt_BR","og_type":"article","og_title":"CONOTEL 2017 COME\u00c7A LOGO MAIS NO FINAL DA TARDE - Travel3","og_description":"A TRAVEL3 \u00e9 um portal de conte\u00fado voltado para o turismo, encontre destinos, viagens, hospedagem, passagens, guias, not\u00edcias sobre o mercado do turismo, dicas de viagem, v\u00eddeos e podcast.","og_url":"https:\/\/www.travel3.com.br\/site\/sem-categoria\/conotel-2017-comeca-logo-mais-no-final-da-tarde\/","og_site_name":"Travel3","article_publisher":"https:\/\/www.facebook.com\/travel3media\/","article_published_time":"2017-08-05T04:03:01+00:00","author":"admin","twitter_card":"summary_large_image","twitter_misc":{"Escrito por":"admin","Est. tempo de leitura":"1 minuto"},"schema":{"@context":"https:\/\/schema.org","@graph":[{"@type":"Article","@id":"https:\/\/www.travel3.com.br\/site\/sem-categoria\/conotel-2017-comeca-logo-mais-no-final-da-tarde\/#article","isPartOf":{"@id":"https:\/\/www.travel3.com.br\/site\/sem-categoria\/conotel-2017-comeca-logo-mais-no-final-da-tarde\/"},"author":{"name":"admin","@id":"https:\/\/www.travel3.com.br\/site\/#\/schema\/person\/a69d71e41a024999b6ab82369ac0bd1e"},"headline":"CONOTEL 2017 COME\u00c7A LOGO MAIS NO FINAL DA TARDE","datePublished":"2017-08-05T04:03:01+00:00","mainEntityOfPage":{"@id":"https:\/\/www.travel3.com.br\/site\/sem-categoria\/conotel-2017-comeca-logo-mais-no-final-da-tarde\/"},"wordCount":294,"commentCount":0,"publisher":{"@id":"https:\/\/www.travel3.com.br\/site\/#organization"},"inLanguage":"pt-BR","potentialAction":[{"@type":"CommentAction","name":"Comment","target":["https:\/\/www.travel3.com.br\/site\/sem-categoria\/conotel-2017-comeca-logo-mais-no-final-da-tarde\/#respond"]}]},{"@type":"WebPage","@id":"https:\/\/www.travel3.com.br\/site\/sem-categoria\/conotel-2017-comeca-logo-mais-no-final-da-tarde\/","url":"https:\/\/www.travel3.com.br\/site\/sem-categoria\/conotel-2017-comeca-logo-mais-no-final-da-tarde\/","name":"CONOTEL 2017 COME\u00c7A LOGO MAIS NO FINAL DA TARDE - Travel3","isPartOf":{"@id":"https:\/\/www.travel3.com.br\/site\/#website"},"datePublished":"2017-08-05T04:03:01+00:00","description":"A TRAVEL3 \u00e9 um portal de conte\u00fado voltado para o turismo, encontre destinos, viagens, hospedagem, passagens, guias, not\u00edcias sobre o mercado do turismo, dicas de viagem, v\u00eddeos e podcast.","breadcrumb":{"@id":"https:\/\/www.travel3.com.br\/site\/sem-categoria\/conotel-2017-comeca-logo-mais-no-final-da-tarde\/#breadcrumb"},"inLanguage":"pt-BR","potentialAction":[{"@type":"ReadAction","target":["https:\/\/www.travel3.com.br\/site\/sem-categoria\/conotel-2017-comeca-logo-mais-no-final-da-tarde\/"]}]},{"@type":"BreadcrumbList","@id":"https:\/\/www.travel3.com.br\/site\/sem-categoria\/conotel-2017-comeca-logo-mais-no-final-da-tarde\/#breadcrumb","itemListElement":[{"@type":"ListItem","position":1,"name":"In\u00edcio","item":"https:\/\/www.travel3.com.br\/site\/"},{"@type":"ListItem","position":2,"name":"CONOTEL 2017 COME\u00c7A LOGO MAIS NO FINAL DA TARDE"}]},{"@type":"WebSite","@id":"https:\/\/www.travel3.com.br\/site\/#website","url":"https:\/\/www.travel3.com.br\/site\/","name":"Travel3","description":"Lazer + Neg&oacute;cios + Aventura","publisher":{"@id":"https:\/\/www.travel3.com.br\/site\/#organization"},"potentialAction":[{"@type":"SearchAction","target":{"@type":"EntryPoint","urlTemplate":"https:\/\/www.travel3.com.br\/site\/?s={search_term_string}"},"query-input":{"@type":"PropertyValueSpecification","valueRequired":true,"valueName":"search_term_string"}}],"inLanguage":"pt-BR"},{"@type":"Organization","@id":"https:\/\/www.travel3.com.br\/site\/#organization","name":"Travel3","url":"https:\/\/www.travel3.com.br\/site\/","logo":{"@type":"ImageObject","inLanguage":"pt-BR","@id":"https:\/\/www.travel3.com.br\/site\/#\/schema\/logo\/image\/","url":"https:\/\/www.travel3.com.br\/site\/wp-content\/uploads\/2020\/01\/logo-travel3-2020.png","contentUrl":"https:\/\/www.travel3.com.br\/site\/wp-content\/uploads\/2020\/01\/logo-travel3-2020.png","width":232,"height":79,"caption":"Travel3"},"image":{"@id":"https:\/\/www.travel3.com.br\/site\/#\/schema\/logo\/image\/"},"sameAs":["https:\/\/www.facebook.com\/travel3media\/","https:\/\/www.instagram.com\/revistatravel3\/","https:\/\/www.youtube.com\/channel\/UCno7J4paGBR3VbZQzvoJ9Eg"]},{"@type":"Person","@id":"https:\/\/www.travel3.com.br\/site\/#\/schema\/person\/a69d71e41a024999b6ab82369ac0bd1e","name":"admin","image":{"@type":"ImageObject","inLanguage":"pt-BR","@id":"https:\/\/www.travel3.com.br\/site\/#\/schema\/person\/image\/","url":"https:\/\/secure.gravatar.com\/avatar\/732a67adfd764da2a47ba10ce731c4c0?s=96&d=mm&r=g","contentUrl":"https:\/\/secure.gravatar.com\/avatar\/732a67adfd764da2a47ba10ce731c4c0?s=96&d=mm&r=g","caption":"admin"},"url":"https:\/\/www.travel3.com.br\/site\/author\/admin\/"}]}},"_links":{"self":[{"href":"https:\/\/www.travel3.com.br\/site\/wp-json\/wp\/v2\/posts\/1804","targetHints":{"allow":["GET"]}}],"collection":[{"href":"https:\/\/www.travel3.com.br\/site\/wp-json\/wp\/v2\/posts"}],"about":[{"href":"https:\/\/www.travel3.com.br\/site\/wp-json\/wp\/v2\/types\/post"}],"author":[{"embeddable":true,"href":"https:\/\/www.travel3.com.br\/site\/wp-json\/wp\/v2\/users\/1"}],"replies":[{"embeddable":true,"href":"https:\/\/www.travel3.com.br\/site\/wp-json\/wp\/v2\/comments?post=1804"}],"version-history":[{"count":0,"href":"https:\/\/www.travel3.com.br\/site\/wp-json\/wp\/v2\/posts\/1804\/revisions"}],"wp:attachment":[{"href":"https:\/\/www.travel3.com.br\/site\/wp-json\/wp\/v2\/media?parent=1804"}],"wp:term":[{"taxonomy":"category","embeddable":true,"href":"https:\/\/www.travel3.com.br\/site\/wp-json\/wp\/v2\/categories?post=1804"},{"taxonomy":"post_tag","embeddable":true,"href":"https:\/\/www.travel3.com.br\/site\/wp-json\/wp\/v2\/tags?post=1804"}],"curies":[{"name":"wp","href":"https:\/\/api.w.org\/{rel}","templated":true}]}}