{"id":1738,"date":"2017-08-27T03:11:45","date_gmt":"2017-08-27T03:11:45","guid":{"rendered":"http:\/\/www.travel3.com.br\/site\/ir-e-vir\/ar\/forum-cientifico-do-festival-das-cataratas-confirma-palestrantes\/"},"modified":"2017-08-27T03:11:45","modified_gmt":"2017-08-27T03:11:45","slug":"forum-cientifico-do-festival-das-cataratas-confirma-palestrantes","status":"publish","type":"post","link":"https:\/\/www.travel3.com.br\/site\/sem-categoria\/forum-cientifico-do-festival-das-cataratas-confirma-palestrantes\/","title":{"rendered":"FORUM CIENTIFICO DO FESTIVAL DAS CATARATAS CONFIRMA PALESTRANTES"},"content":{"rendered":"<p><span style=\"color: #40acad; font-family: -apple-system, system-ui, 'Segoe UI', Roboto, Oxygen-Sans, Ubuntu, Cantarell, 'Helvetica Neue', sans-serif; font-size: 12px; font-weight: bold;\"><\/p>\n<p style=\"text-align:justify\">Um dos determinantes do sucesso continuo de cada ano do Festival das Cataratas em Foz do Igua\u00e7u \u00e9 o F\u00f3rum Internacional de Turismo. O evento promovido pela De Angeli em parceria com o Programa de Mestrado e Doutorado em Turismo e Hotelaria da Universidade do Vale do Itaja\u00ed (UNIVALI), com apoio de diversas universidades e institutos brasileiros e da revista TRAVEL3, apoiadora de m\u00eddia do Festival. In\u00e9dito dentro do setor, o F\u00f3rum oportuniza a academia \u00a0para interagir diretamente com o mercado do turismo.<\/p>\n<p style=\"text-align:justify\"><a class=\"fancybox-media\" href=\"..\/_uploads\/_noticia\/2017-05\/forumcienificocataratas.jpg\" rel=\"portfolio\"><img decoding=\"async\" alt=\"\" src=\"..\/_uploads\/_noticia\/2017-05\/forumcienificocataratas.jpg\" \/><\/a> Nos \u00faltimos anos, tem possibilitado uma importante discuss\u00e3o sobre os trabalhos produzidos em diversas institui\u00e7\u00f5es de ensino do Brasil. Os melhores trabalhos apresentados s\u00e3o publicados em livros (colet\u00e2neas), revistas cient\u00edficas nacionais e anais on-line.<\/p>\n<p style=\"text-align:justify\">Para a edi\u00e7\u00e3o deste ano, os coordenador do evento confirmaram a participa\u00e7\u00e3o de dois renomados especialistas, que ser\u00e1 realizada entre os dias 28 e\u00a030 de junho\u00a0em Foz do Igua\u00e7u (PR) paralelamente ao Festival das Cataratas.<\/p>\n<p style=\"text-align:justify\">No dia\u00a029 de junho, Luiz Gonzaga God\u00f3i Trigo, professor titular da Escola de Artes, Ci\u00eancias e Humanidades da Universidade da Universidade de S\u00e3o Paulo (USP) e Mary Sandra Guerra Ashton, professora titular e pesquisadora na Universidade Feevale, ser\u00e3o respons\u00e1veis por ministrar a palestra de abertura<br \/>\ncujo tema ser\u00e1 &#8220;Turismo e Cidades Criativas&#8221;.<\/p>\n<p style=\"text-align:justify\">Trigo pretende levar novas informa\u00e7\u00f5es e desafios com refer\u00eancias ao setor de experi\u00eancias e prazeres das sociedades contempor\u00e2neas. Ainda dever\u00e1 abordar as quest\u00f5es do lazer e turismo relacionadas com o setor de entretenimento, cultura, design e criatividade.<\/p>\n<p style=\"text-align:justify\">J\u00e1 Mary Sandra vislumbra a participa\u00e7\u00e3o no F\u00f3rum como uma oportunidade de fortalecer sua linha de atua\u00e7\u00e3o. &#8220;Tenho projeto de pesquisa em andamento nessa tem\u00e1tica com fomento CNPq, al\u00e9m de estar organizando um livro com esse t\u00edtulo que ser\u00e1 lan\u00e7ado em breve&#8221;, explica.<\/p>\n<p style=\"text-align:justify\">Durante a programa\u00e7\u00e3o do F\u00f3rum, ser\u00e1 lan\u00e7ado o livro &#39;Turismo e Megaeventos&#39;, com 133 trabalhos selecionados em 2016. A obra foi organizada por Francisco Ant\u00f4nio dos Anjos; Newton Paulo Angeli; e Sara Joana Gadotti dos Anjos, e aborda dez eixos estruturantes, com a rela\u00e7\u00e3o do Turismo com temas como Meio Ambiente; Inova\u00e7\u00e3o e Tecnologia; Gastronomia; Eventos; Planejamento e Pol\u00edtica P\u00fablica.<\/p>\n<p style=\"text-align:justify\">Em 2017, mais uma vez o F\u00f3rum bateu recorde no n\u00famero de trabalhos recebidos. Ao todo, foram 270, entre artigos cient\u00edficos e resumos expandidos provenientes de 30 institui\u00e7\u00f5es de ensino de 13 estados brasileiros. A lista dos trabalhos aprovados deve ser divulgada no dia 1\u00ba de junho pelo site\u00a0www.festivaldascataratas.com.<\/p>\n<p>\u00a0<\/p>\n<p>\u00a0<\/p>\n<p><\/span><\/p>\n","protected":false},"excerpt":{"rendered":"<p>Principal evento t\u00e9cnico cientifico do setor confirma os nomes de Luiz Gonzaga Trigo e Mary Sandra Ashton e recorde no numero de trabalhos<\/p>\n","protected":false},"author":1,"featured_media":0,"comment_status":"open","ping_status":"open","sticky":false,"template":"","format":"standard","meta":{"footnotes":""},"categories":[],"tags":[],"class_list":["post-1738","post","type-post","status-publish","format-standard","hentry"],"yoast_head":"<!-- This site is optimized with the Yoast SEO plugin v26.2 - https:\/\/yoast.com\/wordpress\/plugins\/seo\/ -->\n<title>FORUM CIENTIFICO DO FESTIVAL DAS CATARATAS CONFIRMA PALESTRANTES - Travel3<\/title>\n<meta name=\"description\" content=\"A TRAVEL3 \u00e9 um portal de conte\u00fado voltado para o turismo, encontre destinos, viagens, hospedagem, passagens, guias, not\u00edcias sobre o mercado do turismo, dicas de viagem, v\u00eddeos e podcast.\" \/>\n<meta name=\"robots\" content=\"index, follow, max-snippet:-1, max-image-preview:large, max-video-preview:-1\" \/>\n<link rel=\"canonical\" href=\"https:\/\/www.travel3.com.br\/site\/sem-categoria\/forum-cientifico-do-festival-das-cataratas-confirma-palestrantes\/\" \/>\n<meta property=\"og:locale\" content=\"pt_BR\" \/>\n<meta property=\"og:type\" content=\"article\" \/>\n<meta property=\"og:title\" content=\"FORUM CIENTIFICO DO FESTIVAL DAS CATARATAS CONFIRMA PALESTRANTES - Travel3\" \/>\n<meta property=\"og:description\" content=\"A TRAVEL3 \u00e9 um portal de conte\u00fado voltado para o turismo, encontre destinos, viagens, hospedagem, passagens, guias, not\u00edcias sobre o mercado do turismo, dicas de viagem, v\u00eddeos e podcast.\" \/>\n<meta property=\"og:url\" content=\"https:\/\/www.travel3.com.br\/site\/sem-categoria\/forum-cientifico-do-festival-das-cataratas-confirma-palestrantes\/\" \/>\n<meta property=\"og:site_name\" content=\"Travel3\" \/>\n<meta property=\"article:publisher\" content=\"https:\/\/www.facebook.com\/travel3media\/\" \/>\n<meta property=\"article:published_time\" content=\"2017-08-27T03:11:45+00:00\" \/>\n<meta name=\"author\" content=\"admin\" \/>\n<meta name=\"twitter:card\" content=\"summary_large_image\" \/>\n<meta name=\"twitter:label1\" content=\"Escrito por\" \/>\n\t<meta name=\"twitter:data1\" content=\"admin\" \/>\n\t<meta name=\"twitter:label2\" content=\"Est. tempo de leitura\" \/>\n\t<meta name=\"twitter:data2\" content=\"2 minutos\" \/>\n<script type=\"application\/ld+json\" class=\"yoast-schema-graph\">{\"@context\":\"https:\/\/schema.org\",\"@graph\":[{\"@type\":\"Article\",\"@id\":\"https:\/\/www.travel3.com.br\/site\/sem-categoria\/forum-cientifico-do-festival-das-cataratas-confirma-palestrantes\/#article\",\"isPartOf\":{\"@id\":\"https:\/\/www.travel3.com.br\/site\/sem-categoria\/forum-cientifico-do-festival-das-cataratas-confirma-palestrantes\/\"},\"author\":{\"name\":\"admin\",\"@id\":\"https:\/\/www.travel3.com.br\/site\/#\/schema\/person\/a69d71e41a024999b6ab82369ac0bd1e\"},\"headline\":\"FORUM CIENTIFICO DO FESTIVAL DAS CATARATAS CONFIRMA PALESTRANTES\",\"datePublished\":\"2017-08-27T03:11:45+00:00\",\"mainEntityOfPage\":{\"@id\":\"https:\/\/www.travel3.com.br\/site\/sem-categoria\/forum-cientifico-do-festival-das-cataratas-confirma-palestrantes\/\"},\"wordCount\":438,\"commentCount\":0,\"publisher\":{\"@id\":\"https:\/\/www.travel3.com.br\/site\/#organization\"},\"inLanguage\":\"pt-BR\",\"potentialAction\":[{\"@type\":\"CommentAction\",\"name\":\"Comment\",\"target\":[\"https:\/\/www.travel3.com.br\/site\/sem-categoria\/forum-cientifico-do-festival-das-cataratas-confirma-palestrantes\/#respond\"]}]},{\"@type\":\"WebPage\",\"@id\":\"https:\/\/www.travel3.com.br\/site\/sem-categoria\/forum-cientifico-do-festival-das-cataratas-confirma-palestrantes\/\",\"url\":\"https:\/\/www.travel3.com.br\/site\/sem-categoria\/forum-cientifico-do-festival-das-cataratas-confirma-palestrantes\/\",\"name\":\"FORUM CIENTIFICO DO FESTIVAL DAS CATARATAS CONFIRMA PALESTRANTES - Travel3\",\"isPartOf\":{\"@id\":\"https:\/\/www.travel3.com.br\/site\/#website\"},\"datePublished\":\"2017-08-27T03:11:45+00:00\",\"description\":\"A TRAVEL3 \u00e9 um portal de conte\u00fado voltado para o turismo, encontre destinos, viagens, hospedagem, passagens, guias, not\u00edcias sobre o mercado do turismo, dicas de viagem, v\u00eddeos e podcast.\",\"breadcrumb\":{\"@id\":\"https:\/\/www.travel3.com.br\/site\/sem-categoria\/forum-cientifico-do-festival-das-cataratas-confirma-palestrantes\/#breadcrumb\"},\"inLanguage\":\"pt-BR\",\"potentialAction\":[{\"@type\":\"ReadAction\",\"target\":[\"https:\/\/www.travel3.com.br\/site\/sem-categoria\/forum-cientifico-do-festival-das-cataratas-confirma-palestrantes\/\"]}]},{\"@type\":\"BreadcrumbList\",\"@id\":\"https:\/\/www.travel3.com.br\/site\/sem-categoria\/forum-cientifico-do-festival-das-cataratas-confirma-palestrantes\/#breadcrumb\",\"itemListElement\":[{\"@type\":\"ListItem\",\"position\":1,\"name\":\"In\u00edcio\",\"item\":\"https:\/\/www.travel3.com.br\/site\/\"},{\"@type\":\"ListItem\",\"position\":2,\"name\":\"FORUM CIENTIFICO DO FESTIVAL DAS CATARATAS CONFIRMA PALESTRANTES\"}]},{\"@type\":\"WebSite\",\"@id\":\"https:\/\/www.travel3.com.br\/site\/#website\",\"url\":\"https:\/\/www.travel3.com.br\/site\/\",\"name\":\"Travel3\",\"description\":\"Lazer + Neg&oacute;cios + Aventura\",\"publisher\":{\"@id\":\"https:\/\/www.travel3.com.br\/site\/#organization\"},\"potentialAction\":[{\"@type\":\"SearchAction\",\"target\":{\"@type\":\"EntryPoint\",\"urlTemplate\":\"https:\/\/www.travel3.com.br\/site\/?s={search_term_string}\"},\"query-input\":{\"@type\":\"PropertyValueSpecification\",\"valueRequired\":true,\"valueName\":\"search_term_string\"}}],\"inLanguage\":\"pt-BR\"},{\"@type\":\"Organization\",\"@id\":\"https:\/\/www.travel3.com.br\/site\/#organization\",\"name\":\"Travel3\",\"url\":\"https:\/\/www.travel3.com.br\/site\/\",\"logo\":{\"@type\":\"ImageObject\",\"inLanguage\":\"pt-BR\",\"@id\":\"https:\/\/www.travel3.com.br\/site\/#\/schema\/logo\/image\/\",\"url\":\"https:\/\/www.travel3.com.br\/site\/wp-content\/uploads\/2020\/01\/logo-travel3-2020.png\",\"contentUrl\":\"https:\/\/www.travel3.com.br\/site\/wp-content\/uploads\/2020\/01\/logo-travel3-2020.png\",\"width\":232,\"height\":79,\"caption\":\"Travel3\"},\"image\":{\"@id\":\"https:\/\/www.travel3.com.br\/site\/#\/schema\/logo\/image\/\"},\"sameAs\":[\"https:\/\/www.facebook.com\/travel3media\/\",\"https:\/\/www.instagram.com\/revistatravel3\/\",\"https:\/\/www.youtube.com\/channel\/UCno7J4paGBR3VbZQzvoJ9Eg\"]},{\"@type\":\"Person\",\"@id\":\"https:\/\/www.travel3.com.br\/site\/#\/schema\/person\/a69d71e41a024999b6ab82369ac0bd1e\",\"name\":\"admin\",\"image\":{\"@type\":\"ImageObject\",\"inLanguage\":\"pt-BR\",\"@id\":\"https:\/\/www.travel3.com.br\/site\/#\/schema\/person\/image\/\",\"url\":\"https:\/\/secure.gravatar.com\/avatar\/732a67adfd764da2a47ba10ce731c4c0?s=96&d=mm&r=g\",\"contentUrl\":\"https:\/\/secure.gravatar.com\/avatar\/732a67adfd764da2a47ba10ce731c4c0?s=96&d=mm&r=g\",\"caption\":\"admin\"},\"url\":\"https:\/\/www.travel3.com.br\/site\/author\/admin\/\"}]}<\/script>\n<!-- \/ Yoast SEO plugin. -->","yoast_head_json":{"title":"FORUM CIENTIFICO DO FESTIVAL DAS CATARATAS CONFIRMA PALESTRANTES - Travel3","description":"A TRAVEL3 \u00e9 um portal de conte\u00fado voltado para o turismo, encontre destinos, viagens, hospedagem, passagens, guias, not\u00edcias sobre o mercado do turismo, dicas de viagem, v\u00eddeos e podcast.","robots":{"index":"index","follow":"follow","max-snippet":"max-snippet:-1","max-image-preview":"max-image-preview:large","max-video-preview":"max-video-preview:-1"},"canonical":"https:\/\/www.travel3.com.br\/site\/sem-categoria\/forum-cientifico-do-festival-das-cataratas-confirma-palestrantes\/","og_locale":"pt_BR","og_type":"article","og_title":"FORUM CIENTIFICO DO FESTIVAL DAS CATARATAS CONFIRMA PALESTRANTES - Travel3","og_description":"A TRAVEL3 \u00e9 um portal de conte\u00fado voltado para o turismo, encontre destinos, viagens, hospedagem, passagens, guias, not\u00edcias sobre o mercado do turismo, dicas de viagem, v\u00eddeos e podcast.","og_url":"https:\/\/www.travel3.com.br\/site\/sem-categoria\/forum-cientifico-do-festival-das-cataratas-confirma-palestrantes\/","og_site_name":"Travel3","article_publisher":"https:\/\/www.facebook.com\/travel3media\/","article_published_time":"2017-08-27T03:11:45+00:00","author":"admin","twitter_card":"summary_large_image","twitter_misc":{"Escrito por":"admin","Est. tempo de leitura":"2 minutos"},"schema":{"@context":"https:\/\/schema.org","@graph":[{"@type":"Article","@id":"https:\/\/www.travel3.com.br\/site\/sem-categoria\/forum-cientifico-do-festival-das-cataratas-confirma-palestrantes\/#article","isPartOf":{"@id":"https:\/\/www.travel3.com.br\/site\/sem-categoria\/forum-cientifico-do-festival-das-cataratas-confirma-palestrantes\/"},"author":{"name":"admin","@id":"https:\/\/www.travel3.com.br\/site\/#\/schema\/person\/a69d71e41a024999b6ab82369ac0bd1e"},"headline":"FORUM CIENTIFICO DO FESTIVAL DAS CATARATAS CONFIRMA PALESTRANTES","datePublished":"2017-08-27T03:11:45+00:00","mainEntityOfPage":{"@id":"https:\/\/www.travel3.com.br\/site\/sem-categoria\/forum-cientifico-do-festival-das-cataratas-confirma-palestrantes\/"},"wordCount":438,"commentCount":0,"publisher":{"@id":"https:\/\/www.travel3.com.br\/site\/#organization"},"inLanguage":"pt-BR","potentialAction":[{"@type":"CommentAction","name":"Comment","target":["https:\/\/www.travel3.com.br\/site\/sem-categoria\/forum-cientifico-do-festival-das-cataratas-confirma-palestrantes\/#respond"]}]},{"@type":"WebPage","@id":"https:\/\/www.travel3.com.br\/site\/sem-categoria\/forum-cientifico-do-festival-das-cataratas-confirma-palestrantes\/","url":"https:\/\/www.travel3.com.br\/site\/sem-categoria\/forum-cientifico-do-festival-das-cataratas-confirma-palestrantes\/","name":"FORUM CIENTIFICO DO FESTIVAL DAS CATARATAS CONFIRMA PALESTRANTES - Travel3","isPartOf":{"@id":"https:\/\/www.travel3.com.br\/site\/#website"},"datePublished":"2017-08-27T03:11:45+00:00","description":"A TRAVEL3 \u00e9 um portal de conte\u00fado voltado para o turismo, encontre destinos, viagens, hospedagem, passagens, guias, not\u00edcias sobre o mercado do turismo, dicas de viagem, v\u00eddeos e podcast.","breadcrumb":{"@id":"https:\/\/www.travel3.com.br\/site\/sem-categoria\/forum-cientifico-do-festival-das-cataratas-confirma-palestrantes\/#breadcrumb"},"inLanguage":"pt-BR","potentialAction":[{"@type":"ReadAction","target":["https:\/\/www.travel3.com.br\/site\/sem-categoria\/forum-cientifico-do-festival-das-cataratas-confirma-palestrantes\/"]}]},{"@type":"BreadcrumbList","@id":"https:\/\/www.travel3.com.br\/site\/sem-categoria\/forum-cientifico-do-festival-das-cataratas-confirma-palestrantes\/#breadcrumb","itemListElement":[{"@type":"ListItem","position":1,"name":"In\u00edcio","item":"https:\/\/www.travel3.com.br\/site\/"},{"@type":"ListItem","position":2,"name":"FORUM CIENTIFICO DO FESTIVAL DAS CATARATAS CONFIRMA PALESTRANTES"}]},{"@type":"WebSite","@id":"https:\/\/www.travel3.com.br\/site\/#website","url":"https:\/\/www.travel3.com.br\/site\/","name":"Travel3","description":"Lazer + Neg&oacute;cios + Aventura","publisher":{"@id":"https:\/\/www.travel3.com.br\/site\/#organization"},"potentialAction":[{"@type":"SearchAction","target":{"@type":"EntryPoint","urlTemplate":"https:\/\/www.travel3.com.br\/site\/?s={search_term_string}"},"query-input":{"@type":"PropertyValueSpecification","valueRequired":true,"valueName":"search_term_string"}}],"inLanguage":"pt-BR"},{"@type":"Organization","@id":"https:\/\/www.travel3.com.br\/site\/#organization","name":"Travel3","url":"https:\/\/www.travel3.com.br\/site\/","logo":{"@type":"ImageObject","inLanguage":"pt-BR","@id":"https:\/\/www.travel3.com.br\/site\/#\/schema\/logo\/image\/","url":"https:\/\/www.travel3.com.br\/site\/wp-content\/uploads\/2020\/01\/logo-travel3-2020.png","contentUrl":"https:\/\/www.travel3.com.br\/site\/wp-content\/uploads\/2020\/01\/logo-travel3-2020.png","width":232,"height":79,"caption":"Travel3"},"image":{"@id":"https:\/\/www.travel3.com.br\/site\/#\/schema\/logo\/image\/"},"sameAs":["https:\/\/www.facebook.com\/travel3media\/","https:\/\/www.instagram.com\/revistatravel3\/","https:\/\/www.youtube.com\/channel\/UCno7J4paGBR3VbZQzvoJ9Eg"]},{"@type":"Person","@id":"https:\/\/www.travel3.com.br\/site\/#\/schema\/person\/a69d71e41a024999b6ab82369ac0bd1e","name":"admin","image":{"@type":"ImageObject","inLanguage":"pt-BR","@id":"https:\/\/www.travel3.com.br\/site\/#\/schema\/person\/image\/","url":"https:\/\/secure.gravatar.com\/avatar\/732a67adfd764da2a47ba10ce731c4c0?s=96&d=mm&r=g","contentUrl":"https:\/\/secure.gravatar.com\/avatar\/732a67adfd764da2a47ba10ce731c4c0?s=96&d=mm&r=g","caption":"admin"},"url":"https:\/\/www.travel3.com.br\/site\/author\/admin\/"}]}},"_links":{"self":[{"href":"https:\/\/www.travel3.com.br\/site\/wp-json\/wp\/v2\/posts\/1738","targetHints":{"allow":["GET"]}}],"collection":[{"href":"https:\/\/www.travel3.com.br\/site\/wp-json\/wp\/v2\/posts"}],"about":[{"href":"https:\/\/www.travel3.com.br\/site\/wp-json\/wp\/v2\/types\/post"}],"author":[{"embeddable":true,"href":"https:\/\/www.travel3.com.br\/site\/wp-json\/wp\/v2\/users\/1"}],"replies":[{"embeddable":true,"href":"https:\/\/www.travel3.com.br\/site\/wp-json\/wp\/v2\/comments?post=1738"}],"version-history":[{"count":0,"href":"https:\/\/www.travel3.com.br\/site\/wp-json\/wp\/v2\/posts\/1738\/revisions"}],"wp:attachment":[{"href":"https:\/\/www.travel3.com.br\/site\/wp-json\/wp\/v2\/media?parent=1738"}],"wp:term":[{"taxonomy":"category","embeddable":true,"href":"https:\/\/www.travel3.com.br\/site\/wp-json\/wp\/v2\/categories?post=1738"},{"taxonomy":"post_tag","embeddable":true,"href":"https:\/\/www.travel3.com.br\/site\/wp-json\/wp\/v2\/tags?post=1738"}],"curies":[{"name":"wp","href":"https:\/\/api.w.org\/{rel}","templated":true}]}}