{"id":1709,"date":"2017-09-12T06:36:17","date_gmt":"2017-09-12T06:36:17","guid":{"rendered":"http:\/\/www.travel3.com.br\/site\/ir-e-vir\/ar\/reacoes-sobre-a-possivel-proibicao-dos-laptops-nas-cabines-de-voo\/"},"modified":"2017-09-12T06:36:17","modified_gmt":"2017-09-12T06:36:17","slug":"reacoes-sobre-a-possivel-proibicao-dos-laptops-nas-cabines-de-voo","status":"publish","type":"post","link":"https:\/\/www.travel3.com.br\/site\/sem-categoria\/reacoes-sobre-a-possivel-proibicao-dos-laptops-nas-cabines-de-voo\/","title":{"rendered":"REA\u00c7\u00d5ES  SOBRE A POSSIVEL PROIBI\u00c7\u00c3O DOS LAPTOPS NAS CABINES DE VOO"},"content":{"rendered":"<p><span style=\"color: #40acad; font-family: -apple-system, system-ui, 'Segoe UI', Roboto, Oxygen-Sans, Ubuntu, Cantarell, 'Helvetica Neue', sans-serif; font-size: 12px; font-weight: bold;\"><\/p>\n<p style=\"text-align:justify\">O secret\u00e1rio de Seguran\u00e7a Interna, John Kelly, \u00a0afirmou taxativamente que &#8220;talvez&#8221; considere expandir a proibi\u00e7\u00e3o de aparelhos eletr\u00f4nicos maiores do que um celular na bagagem de m\u00e3o em todos os v\u00f4os internacionais que entram ou saem dos Estados Unidos.<\/p>\n<p style=\"text-align:justify\">A declara\u00e7\u00e3o durante entrevista no programa\u00a0Fox News Sunday, est\u00e1 causando enorme repercuss\u00e3o, especialmente nos meios relacionados ao setor a\u00e9reo e comercializa\u00e7\u00e3o de operadores e ag\u00eancias do turismo.<\/p>\n<p style=\"text-align:justify\">Na entrevista, Kelly foi\u00a0convidado pelo apresentador\u00a0Chris Wallace, a responder sobre se planejava proibir &#8220;laptops da cabine em todos os v\u00f4os internacionais dentro e fora dos Estados Unidos&#8221;, e ele\u00a0 respondeu taxativamente: &#8220;Eu posso&#8221;.<\/p>\n<p style=\"text-align:justify\"><a class=\"fancybox-media\" href=\"..\/_uploads\/_noticia\/2017-05\/euajohnkellysecretarioseguranca.jpg\" rel=\"portfolio\"><img decoding=\"async\" alt=\"\" src=\"..\/_uploads\/_noticia\/2017-05\/euajohnkellysecretarioseguranca.jpg\" \/><\/a><\/p>\n<p style=\"text-align:justify\">Na justificativa, o secret\u00e1rio aludiu que os terroristas est\u00e3o &#8220;obcecados&#8221; com a id\u00e9ia de &#8220;derrubar um avi\u00e3o em v\u00f4o, especialmente \u00a0de alguma companhia dos EUA, \u00a0principalmente se ele estiver cheio \u00a0de cidad\u00e3os americanos&#8221;.<\/p>\n<p style=\"text-align:justify\">Desde mar\u00e7o, o Departamento de Seguran\u00e7a Interna (DHS) decretou uma\u00a0restri\u00e7\u00e3o de laptops e outros aparelhos eletr\u00f4nicos de grande porte\u00a0em voos provenientes de nove aeroportos do Oriente M\u00e9dio, uma decis\u00e3o que afetou cerca de 10 transportadoras do Oriente M\u00e9dio e cerca de 50 v\u00f4os por dia.<\/p>\n<p style=\"text-align:justify\">Pelo menos uma transportadora, a Emirates, afirmou que a proibi\u00e7\u00e3o foi &#8211; pelo menos parcialmente \u2013 a respons\u00e1vel por uma\u00a0queda\u00a0significativa\u00a0 no desempenho do transporte a\u00e9reo para os EUA\u00a0.\u00a0A companhia a\u00e9rea cortou recentemente pelo menos 20% de seus voos para os EUA, \u00a0em raz\u00e3o das medidas de seguran\u00e7a adotadas pelo governo de Washington. \u00a0<\/p>\n<p style=\"text-align:justify\">Em abril, come\u00e7aram a circular rumores de que o DHS estava considerando aumentar ainda mais sua restri\u00e7\u00e3o em grandes eletr\u00f4nicos para incluir v\u00f4os de entrada para os Estados Unidos a partir de alguns aeroportos\u00a0europeus.<\/p>\n<p style=\"text-align:justify\">No in\u00edcio deste m\u00eas, o\u00a0DHS deu credibilidade a esses rumores.embora ainda sem uma posi\u00e7\u00e3o final. \u00a0Apenas considerou, no entanto, \u00a0que o assunto estava em an\u00e1lise&#8221;. Em comunicado afirmou que o \u00a0&#8220;DHS continua a avaliar o ambiente de amea\u00e7a e far\u00e1 altera\u00e7\u00f5es quando necess\u00e1rio para manter a seguran\u00e7a dos viajantes a\u00e9reos\u201d. \u00a0<\/p>\n<p style=\"text-align:justify\">A IATA &#8211; International Air Transport Transport &#8211; \u00a0divulgou uma declara\u00e7\u00e3o afirmando que isto poderia\u00a0custar \u00e0\u00a0ind\u00fastria\u00a0da avia\u00e7\u00e3o internacional,\u00a0mais de US $ 1 bilh\u00e3o.<\/p>\n<p style=\"text-align:justify\">A Sociedade Americana de Agentes de Viagens (ASTA) divulgou sua declara\u00e7\u00e3o, pedindo isen\u00e7\u00f5es da proibi\u00e7\u00e3o para os passageiros inscritos em programas de viajantes confi\u00e1veis, os da Global Entry e programas equivalentes.<\/p>\n<p style=\"text-align:justify\">O que n\u00e3o se constatou diretamente com a promessa do secret\u00e1rio de governo sobre a afirmativa final em sua entrevista. \u201cVamos aumentar a barreira para, em geral, a seguran\u00e7a da avia\u00e7\u00e3o, \u00a0ser muito maior do que \u00e9 agora. &#8220;<\/p>\n<p style=\"text-align:justify\"><a class=\"fancybox-media\" href=\"..\/_uploads\/_noticia\/2017-05\/aviaoasaemdimagempixabay.jpg\" rel=\"portfolio\"><img decoding=\"async\" alt=\"\" src=\"..\/_uploads\/_noticia\/2017-05\/aviaoasaemdimagempixabay.jpg\" \/><\/a><\/p>\n<p>\u00a0<\/p>\n<p>\u00a0<\/p>\n<p>\u00a0<\/p>\n<p><\/span><\/p>\n","protected":false},"excerpt":{"rendered":"<p>Secretario  de Seguran\u00e7a dos EUA afirma que pode realmente determinar a proibi\u00e7\u00e3o, IATA diz que preju\u00edzos podem somar US$ 1 bilh\u00e3o<\/p>\n","protected":false},"author":1,"featured_media":0,"comment_status":"open","ping_status":"open","sticky":false,"template":"","format":"standard","meta":{"footnotes":""},"categories":[],"tags":[],"class_list":["post-1709","post","type-post","status-publish","format-standard","hentry"],"yoast_head":"<!-- This site is optimized with the Yoast SEO plugin v26.2 - https:\/\/yoast.com\/wordpress\/plugins\/seo\/ -->\n<title>REA\u00c7\u00d5ES SOBRE A POSSIVEL PROIBI\u00c7\u00c3O DOS LAPTOPS NAS CABINES DE VOO - Travel3<\/title>\n<meta name=\"description\" content=\"A TRAVEL3 \u00e9 um portal de conte\u00fado voltado para o turismo, encontre destinos, viagens, hospedagem, passagens, guias, not\u00edcias sobre o mercado do turismo, dicas de viagem, v\u00eddeos e podcast.\" \/>\n<meta name=\"robots\" content=\"index, follow, max-snippet:-1, max-image-preview:large, max-video-preview:-1\" \/>\n<link rel=\"canonical\" href=\"https:\/\/www.travel3.com.br\/site\/sem-categoria\/reacoes-sobre-a-possivel-proibicao-dos-laptops-nas-cabines-de-voo\/\" \/>\n<meta property=\"og:locale\" content=\"pt_BR\" \/>\n<meta property=\"og:type\" content=\"article\" \/>\n<meta property=\"og:title\" content=\"REA\u00c7\u00d5ES SOBRE A POSSIVEL PROIBI\u00c7\u00c3O DOS LAPTOPS NAS CABINES DE VOO - Travel3\" \/>\n<meta property=\"og:description\" content=\"A TRAVEL3 \u00e9 um portal de conte\u00fado voltado para o turismo, encontre destinos, viagens, hospedagem, passagens, guias, not\u00edcias sobre o mercado do turismo, dicas de viagem, v\u00eddeos e podcast.\" \/>\n<meta property=\"og:url\" content=\"https:\/\/www.travel3.com.br\/site\/sem-categoria\/reacoes-sobre-a-possivel-proibicao-dos-laptops-nas-cabines-de-voo\/\" \/>\n<meta property=\"og:site_name\" content=\"Travel3\" \/>\n<meta property=\"article:publisher\" content=\"https:\/\/www.facebook.com\/travel3media\/\" \/>\n<meta property=\"article:published_time\" content=\"2017-09-12T06:36:17+00:00\" \/>\n<meta name=\"author\" content=\"admin\" \/>\n<meta name=\"twitter:card\" content=\"summary_large_image\" \/>\n<meta name=\"twitter:label1\" content=\"Escrito por\" \/>\n\t<meta name=\"twitter:data1\" content=\"admin\" \/>\n\t<meta name=\"twitter:label2\" content=\"Est. tempo de leitura\" \/>\n\t<meta name=\"twitter:data2\" content=\"2 minutos\" \/>\n<script type=\"application\/ld+json\" class=\"yoast-schema-graph\">{\"@context\":\"https:\/\/schema.org\",\"@graph\":[{\"@type\":\"Article\",\"@id\":\"https:\/\/www.travel3.com.br\/site\/sem-categoria\/reacoes-sobre-a-possivel-proibicao-dos-laptops-nas-cabines-de-voo\/#article\",\"isPartOf\":{\"@id\":\"https:\/\/www.travel3.com.br\/site\/sem-categoria\/reacoes-sobre-a-possivel-proibicao-dos-laptops-nas-cabines-de-voo\/\"},\"author\":{\"name\":\"admin\",\"@id\":\"https:\/\/www.travel3.com.br\/site\/#\/schema\/person\/a69d71e41a024999b6ab82369ac0bd1e\"},\"headline\":\"REA\u00c7\u00d5ES SOBRE A POSSIVEL PROIBI\u00c7\u00c3O DOS LAPTOPS NAS CABINES DE VOO\",\"datePublished\":\"2017-09-12T06:36:17+00:00\",\"mainEntityOfPage\":{\"@id\":\"https:\/\/www.travel3.com.br\/site\/sem-categoria\/reacoes-sobre-a-possivel-proibicao-dos-laptops-nas-cabines-de-voo\/\"},\"wordCount\":482,\"commentCount\":0,\"publisher\":{\"@id\":\"https:\/\/www.travel3.com.br\/site\/#organization\"},\"inLanguage\":\"pt-BR\",\"potentialAction\":[{\"@type\":\"CommentAction\",\"name\":\"Comment\",\"target\":[\"https:\/\/www.travel3.com.br\/site\/sem-categoria\/reacoes-sobre-a-possivel-proibicao-dos-laptops-nas-cabines-de-voo\/#respond\"]}]},{\"@type\":\"WebPage\",\"@id\":\"https:\/\/www.travel3.com.br\/site\/sem-categoria\/reacoes-sobre-a-possivel-proibicao-dos-laptops-nas-cabines-de-voo\/\",\"url\":\"https:\/\/www.travel3.com.br\/site\/sem-categoria\/reacoes-sobre-a-possivel-proibicao-dos-laptops-nas-cabines-de-voo\/\",\"name\":\"REA\u00c7\u00d5ES SOBRE A POSSIVEL PROIBI\u00c7\u00c3O DOS LAPTOPS NAS CABINES DE VOO - Travel3\",\"isPartOf\":{\"@id\":\"https:\/\/www.travel3.com.br\/site\/#website\"},\"datePublished\":\"2017-09-12T06:36:17+00:00\",\"description\":\"A TRAVEL3 \u00e9 um portal de conte\u00fado voltado para o turismo, encontre destinos, viagens, hospedagem, passagens, guias, not\u00edcias sobre o mercado do turismo, dicas de viagem, v\u00eddeos e podcast.\",\"breadcrumb\":{\"@id\":\"https:\/\/www.travel3.com.br\/site\/sem-categoria\/reacoes-sobre-a-possivel-proibicao-dos-laptops-nas-cabines-de-voo\/#breadcrumb\"},\"inLanguage\":\"pt-BR\",\"potentialAction\":[{\"@type\":\"ReadAction\",\"target\":[\"https:\/\/www.travel3.com.br\/site\/sem-categoria\/reacoes-sobre-a-possivel-proibicao-dos-laptops-nas-cabines-de-voo\/\"]}]},{\"@type\":\"BreadcrumbList\",\"@id\":\"https:\/\/www.travel3.com.br\/site\/sem-categoria\/reacoes-sobre-a-possivel-proibicao-dos-laptops-nas-cabines-de-voo\/#breadcrumb\",\"itemListElement\":[{\"@type\":\"ListItem\",\"position\":1,\"name\":\"In\u00edcio\",\"item\":\"https:\/\/www.travel3.com.br\/site\/\"},{\"@type\":\"ListItem\",\"position\":2,\"name\":\"REA\u00c7\u00d5ES SOBRE A POSSIVEL PROIBI\u00c7\u00c3O DOS LAPTOPS NAS CABINES DE VOO\"}]},{\"@type\":\"WebSite\",\"@id\":\"https:\/\/www.travel3.com.br\/site\/#website\",\"url\":\"https:\/\/www.travel3.com.br\/site\/\",\"name\":\"Travel3\",\"description\":\"Lazer + Neg&oacute;cios + Aventura\",\"publisher\":{\"@id\":\"https:\/\/www.travel3.com.br\/site\/#organization\"},\"potentialAction\":[{\"@type\":\"SearchAction\",\"target\":{\"@type\":\"EntryPoint\",\"urlTemplate\":\"https:\/\/www.travel3.com.br\/site\/?s={search_term_string}\"},\"query-input\":{\"@type\":\"PropertyValueSpecification\",\"valueRequired\":true,\"valueName\":\"search_term_string\"}}],\"inLanguage\":\"pt-BR\"},{\"@type\":\"Organization\",\"@id\":\"https:\/\/www.travel3.com.br\/site\/#organization\",\"name\":\"Travel3\",\"url\":\"https:\/\/www.travel3.com.br\/site\/\",\"logo\":{\"@type\":\"ImageObject\",\"inLanguage\":\"pt-BR\",\"@id\":\"https:\/\/www.travel3.com.br\/site\/#\/schema\/logo\/image\/\",\"url\":\"https:\/\/www.travel3.com.br\/site\/wp-content\/uploads\/2020\/01\/logo-travel3-2020.png\",\"contentUrl\":\"https:\/\/www.travel3.com.br\/site\/wp-content\/uploads\/2020\/01\/logo-travel3-2020.png\",\"width\":232,\"height\":79,\"caption\":\"Travel3\"},\"image\":{\"@id\":\"https:\/\/www.travel3.com.br\/site\/#\/schema\/logo\/image\/\"},\"sameAs\":[\"https:\/\/www.facebook.com\/travel3media\/\",\"https:\/\/www.instagram.com\/revistatravel3\/\",\"https:\/\/www.youtube.com\/channel\/UCno7J4paGBR3VbZQzvoJ9Eg\"]},{\"@type\":\"Person\",\"@id\":\"https:\/\/www.travel3.com.br\/site\/#\/schema\/person\/a69d71e41a024999b6ab82369ac0bd1e\",\"name\":\"admin\",\"image\":{\"@type\":\"ImageObject\",\"inLanguage\":\"pt-BR\",\"@id\":\"https:\/\/www.travel3.com.br\/site\/#\/schema\/person\/image\/\",\"url\":\"https:\/\/secure.gravatar.com\/avatar\/732a67adfd764da2a47ba10ce731c4c0?s=96&d=mm&r=g\",\"contentUrl\":\"https:\/\/secure.gravatar.com\/avatar\/732a67adfd764da2a47ba10ce731c4c0?s=96&d=mm&r=g\",\"caption\":\"admin\"},\"url\":\"https:\/\/www.travel3.com.br\/site\/author\/admin\/\"}]}<\/script>\n<!-- \/ Yoast SEO plugin. -->","yoast_head_json":{"title":"REA\u00c7\u00d5ES SOBRE A POSSIVEL PROIBI\u00c7\u00c3O DOS LAPTOPS NAS CABINES DE VOO - Travel3","description":"A TRAVEL3 \u00e9 um portal de conte\u00fado voltado para o turismo, encontre destinos, viagens, hospedagem, passagens, guias, not\u00edcias sobre o mercado do turismo, dicas de viagem, v\u00eddeos e podcast.","robots":{"index":"index","follow":"follow","max-snippet":"max-snippet:-1","max-image-preview":"max-image-preview:large","max-video-preview":"max-video-preview:-1"},"canonical":"https:\/\/www.travel3.com.br\/site\/sem-categoria\/reacoes-sobre-a-possivel-proibicao-dos-laptops-nas-cabines-de-voo\/","og_locale":"pt_BR","og_type":"article","og_title":"REA\u00c7\u00d5ES SOBRE A POSSIVEL PROIBI\u00c7\u00c3O DOS LAPTOPS NAS CABINES DE VOO - Travel3","og_description":"A TRAVEL3 \u00e9 um portal de conte\u00fado voltado para o turismo, encontre destinos, viagens, hospedagem, passagens, guias, not\u00edcias sobre o mercado do turismo, dicas de viagem, v\u00eddeos e podcast.","og_url":"https:\/\/www.travel3.com.br\/site\/sem-categoria\/reacoes-sobre-a-possivel-proibicao-dos-laptops-nas-cabines-de-voo\/","og_site_name":"Travel3","article_publisher":"https:\/\/www.facebook.com\/travel3media\/","article_published_time":"2017-09-12T06:36:17+00:00","author":"admin","twitter_card":"summary_large_image","twitter_misc":{"Escrito por":"admin","Est. tempo de leitura":"2 minutos"},"schema":{"@context":"https:\/\/schema.org","@graph":[{"@type":"Article","@id":"https:\/\/www.travel3.com.br\/site\/sem-categoria\/reacoes-sobre-a-possivel-proibicao-dos-laptops-nas-cabines-de-voo\/#article","isPartOf":{"@id":"https:\/\/www.travel3.com.br\/site\/sem-categoria\/reacoes-sobre-a-possivel-proibicao-dos-laptops-nas-cabines-de-voo\/"},"author":{"name":"admin","@id":"https:\/\/www.travel3.com.br\/site\/#\/schema\/person\/a69d71e41a024999b6ab82369ac0bd1e"},"headline":"REA\u00c7\u00d5ES SOBRE A POSSIVEL PROIBI\u00c7\u00c3O DOS LAPTOPS NAS CABINES DE VOO","datePublished":"2017-09-12T06:36:17+00:00","mainEntityOfPage":{"@id":"https:\/\/www.travel3.com.br\/site\/sem-categoria\/reacoes-sobre-a-possivel-proibicao-dos-laptops-nas-cabines-de-voo\/"},"wordCount":482,"commentCount":0,"publisher":{"@id":"https:\/\/www.travel3.com.br\/site\/#organization"},"inLanguage":"pt-BR","potentialAction":[{"@type":"CommentAction","name":"Comment","target":["https:\/\/www.travel3.com.br\/site\/sem-categoria\/reacoes-sobre-a-possivel-proibicao-dos-laptops-nas-cabines-de-voo\/#respond"]}]},{"@type":"WebPage","@id":"https:\/\/www.travel3.com.br\/site\/sem-categoria\/reacoes-sobre-a-possivel-proibicao-dos-laptops-nas-cabines-de-voo\/","url":"https:\/\/www.travel3.com.br\/site\/sem-categoria\/reacoes-sobre-a-possivel-proibicao-dos-laptops-nas-cabines-de-voo\/","name":"REA\u00c7\u00d5ES SOBRE A POSSIVEL PROIBI\u00c7\u00c3O DOS LAPTOPS NAS CABINES DE VOO - Travel3","isPartOf":{"@id":"https:\/\/www.travel3.com.br\/site\/#website"},"datePublished":"2017-09-12T06:36:17+00:00","description":"A TRAVEL3 \u00e9 um portal de conte\u00fado voltado para o turismo, encontre destinos, viagens, hospedagem, passagens, guias, not\u00edcias sobre o mercado do turismo, dicas de viagem, v\u00eddeos e podcast.","breadcrumb":{"@id":"https:\/\/www.travel3.com.br\/site\/sem-categoria\/reacoes-sobre-a-possivel-proibicao-dos-laptops-nas-cabines-de-voo\/#breadcrumb"},"inLanguage":"pt-BR","potentialAction":[{"@type":"ReadAction","target":["https:\/\/www.travel3.com.br\/site\/sem-categoria\/reacoes-sobre-a-possivel-proibicao-dos-laptops-nas-cabines-de-voo\/"]}]},{"@type":"BreadcrumbList","@id":"https:\/\/www.travel3.com.br\/site\/sem-categoria\/reacoes-sobre-a-possivel-proibicao-dos-laptops-nas-cabines-de-voo\/#breadcrumb","itemListElement":[{"@type":"ListItem","position":1,"name":"In\u00edcio","item":"https:\/\/www.travel3.com.br\/site\/"},{"@type":"ListItem","position":2,"name":"REA\u00c7\u00d5ES SOBRE A POSSIVEL PROIBI\u00c7\u00c3O DOS LAPTOPS NAS CABINES DE VOO"}]},{"@type":"WebSite","@id":"https:\/\/www.travel3.com.br\/site\/#website","url":"https:\/\/www.travel3.com.br\/site\/","name":"Travel3","description":"Lazer + Neg&oacute;cios + Aventura","publisher":{"@id":"https:\/\/www.travel3.com.br\/site\/#organization"},"potentialAction":[{"@type":"SearchAction","target":{"@type":"EntryPoint","urlTemplate":"https:\/\/www.travel3.com.br\/site\/?s={search_term_string}"},"query-input":{"@type":"PropertyValueSpecification","valueRequired":true,"valueName":"search_term_string"}}],"inLanguage":"pt-BR"},{"@type":"Organization","@id":"https:\/\/www.travel3.com.br\/site\/#organization","name":"Travel3","url":"https:\/\/www.travel3.com.br\/site\/","logo":{"@type":"ImageObject","inLanguage":"pt-BR","@id":"https:\/\/www.travel3.com.br\/site\/#\/schema\/logo\/image\/","url":"https:\/\/www.travel3.com.br\/site\/wp-content\/uploads\/2020\/01\/logo-travel3-2020.png","contentUrl":"https:\/\/www.travel3.com.br\/site\/wp-content\/uploads\/2020\/01\/logo-travel3-2020.png","width":232,"height":79,"caption":"Travel3"},"image":{"@id":"https:\/\/www.travel3.com.br\/site\/#\/schema\/logo\/image\/"},"sameAs":["https:\/\/www.facebook.com\/travel3media\/","https:\/\/www.instagram.com\/revistatravel3\/","https:\/\/www.youtube.com\/channel\/UCno7J4paGBR3VbZQzvoJ9Eg"]},{"@type":"Person","@id":"https:\/\/www.travel3.com.br\/site\/#\/schema\/person\/a69d71e41a024999b6ab82369ac0bd1e","name":"admin","image":{"@type":"ImageObject","inLanguage":"pt-BR","@id":"https:\/\/www.travel3.com.br\/site\/#\/schema\/person\/image\/","url":"https:\/\/secure.gravatar.com\/avatar\/732a67adfd764da2a47ba10ce731c4c0?s=96&d=mm&r=g","contentUrl":"https:\/\/secure.gravatar.com\/avatar\/732a67adfd764da2a47ba10ce731c4c0?s=96&d=mm&r=g","caption":"admin"},"url":"https:\/\/www.travel3.com.br\/site\/author\/admin\/"}]}},"_links":{"self":[{"href":"https:\/\/www.travel3.com.br\/site\/wp-json\/wp\/v2\/posts\/1709","targetHints":{"allow":["GET"]}}],"collection":[{"href":"https:\/\/www.travel3.com.br\/site\/wp-json\/wp\/v2\/posts"}],"about":[{"href":"https:\/\/www.travel3.com.br\/site\/wp-json\/wp\/v2\/types\/post"}],"author":[{"embeddable":true,"href":"https:\/\/www.travel3.com.br\/site\/wp-json\/wp\/v2\/users\/1"}],"replies":[{"embeddable":true,"href":"https:\/\/www.travel3.com.br\/site\/wp-json\/wp\/v2\/comments?post=1709"}],"version-history":[{"count":0,"href":"https:\/\/www.travel3.com.br\/site\/wp-json\/wp\/v2\/posts\/1709\/revisions"}],"wp:attachment":[{"href":"https:\/\/www.travel3.com.br\/site\/wp-json\/wp\/v2\/media?parent=1709"}],"wp:term":[{"taxonomy":"category","embeddable":true,"href":"https:\/\/www.travel3.com.br\/site\/wp-json\/wp\/v2\/categories?post=1709"},{"taxonomy":"post_tag","embeddable":true,"href":"https:\/\/www.travel3.com.br\/site\/wp-json\/wp\/v2\/tags?post=1709"}],"curies":[{"name":"wp","href":"https:\/\/api.w.org\/{rel}","templated":true}]}}