{"id":16951,"date":"2018-11-15T04:12:15","date_gmt":"2018-11-15T06:12:15","guid":{"rendered":"http:\/\/www.travel3.com.br\/?p=16951"},"modified":"2018-12-17T10:23:27","modified_gmt":"2018-12-17T12:23:27","slug":"leia-na-integra-o-comunicado-do-grupo-flytour-sobre-a-saida-de-michael-barkoczy","status":"publish","type":"post","link":"https:\/\/www.travel3.com.br\/site\/acontece-no-turismo\/leia-na-integra-o-comunicado-do-grupo-flytour-sobre-a-saida-de-michael-barkoczy\/","title":{"rendered":"LEIA NA \u00cdNTEGRA O COMUNICADO DO GRUPO FLYTOUR SOBRE A SA\u00cdDA DE MICHAEL BARKOCZY"},"content":{"rendered":"<h1 style=\"text-align: center;\">Comunica\u00e7\u00e3o oficial foi feita por\u00a0Christiano Oliveira, CEO do Grupo Flytour;\u00a0Fabio Oliveira \u00e9 o Diretor Executivo da Flytour MMT Viagens<\/h1>\n<p><em>&#8220;Em 2012 iniciou o sonho de construir o que se tornaria uma das maiores e mais completas operadoras de turismo do pa\u00eds. Isso s\u00f3 foi poss\u00edvel porque unimos mais de 30 anos de experi\u00eancia de Michael Barkoczy, aos 44 anos de hist\u00f3ria do Grupo Flytour e, principalmente, a um grande time de peso e relev\u00e2ncia da ind\u00fastria que acreditou e nos ajudou a transformar esse sonho em realidade.<\/em><\/p>\n<p><em>Hoje, encerra-se o ciclo de Michael Barkoczy junto ao Grupo Flytour. Ele deixar\u00e1 a sociedade para dedicar-se a projetos pessoais dentro e fora do segmento de turismo e o Grupo Flytour passa a ser o \u00fanico acionista da Operadora Flytour MMT Viagens.<\/em><\/p>\n<p><em>Ao Michael, fica a nossa enorme gratid\u00e3o por todo empenho e dedica\u00e7\u00e3o ao Grupo em todos esses anos. Estaremos sempre \u00e0 disposi\u00e7\u00e3o para apoi\u00e1-lo rumo ao sucesso em sua nova jornada.<\/em><\/p>\n<p><em>O Grupo Flytour tem a felicidade de anunciar Fabio Oliveira como o novo Diretor Executivo da Flytour MMT Viagens. Fabio acumula mais de 20 anos de atua\u00e7\u00e3o no grupo, passando pelas diretorias de Opera\u00e7\u00f5es e Marketing antes de assumir a dire\u00e7\u00e3o da Flytour Franchising e Vai Voando.<\/em><\/p>\n<p><em>A chegada do Fabio Oliveira a esse grande time da Flytour MMT Viagens fortalece ainda mais nossa operadora, garantindo o compromisso de sempre encantar nossos clientes atrav\u00e9s de uma distribui\u00e7\u00e3o com qualidade no atendimento aos nossos principais parceiros que s\u00e3o as ag\u00eancias de viagens e fornecedores.<\/em><\/p>\n<p><em>Desejamos ao Fabio e a todos do time da Flytour MMT Viagens ainda mais sucesso e realiza\u00e7\u00f5es!&#8221;<\/em><\/p>\n<p><strong>Christiano Oliveira<\/strong><\/p>\n<p><strong>CEO do Grupo Flytour<\/strong><\/p>\n","protected":false},"excerpt":{"rendered":"<p>Comunica\u00e7\u00e3o oficial foi feita por\u00a0Christiano Oliveira, CEO do Grupo Flytour;\u00a0Fabio Oliveira \u00e9 o Diretor Executivo da Flytour MMT Viagens &#8220;Em 2012 iniciou o sonho de construir o que se tornaria uma das maiores e mais completas operadoras de turismo do pa\u00eds. Isso s\u00f3 foi poss\u00edvel porque unimos mais de 30 anos de experi\u00eancia de Michael [&hellip;]<\/p>\n","protected":false},"author":5,"featured_media":16953,"comment_status":"open","ping_status":"open","sticky":false,"template":"","format":"standard","meta":{"footnotes":""},"categories":[969,226,4],"tags":[1947,2957,583,2956,2039,891,187],"class_list":["post-16951","post","type-post","status-publish","format-standard","has-post-thumbnail","hentry","category-acontece-no-turismo","category-destaque","category-operadoras","tag-acontece","tag-christiano-oliveira","tag-claudia-tonaco","tag-fabio-oliveira","tag-flytour-mmt-viagens","tag-michael-barkoczy","tag-travel3"],"yoast_head":"<!-- This site is optimized with the Yoast SEO plugin v26.2 - https:\/\/yoast.com\/wordpress\/plugins\/seo\/ -->\n<title>LEIA NA \u00cdNTEGRA O COMUNICADO DO GRUPO FLYTOUR SOBRE A SA\u00cdDA DE MICHAEL BARKOCZY - Travel3<\/title>\n<meta name=\"description\" content=\"A TRAVEL3 \u00e9 um portal de conte\u00fado voltado para o turismo, encontre destinos, viagens, hospedagem, passagens, guias, not\u00edcias sobre o mercado do turismo, dicas de viagem, v\u00eddeos e podcast.\" \/>\n<meta name=\"robots\" content=\"index, follow, max-snippet:-1, max-image-preview:large, max-video-preview:-1\" \/>\n<link rel=\"canonical\" href=\"https:\/\/www.travel3.com.br\/site\/acontece-no-turismo\/leia-na-integra-o-comunicado-do-grupo-flytour-sobre-a-saida-de-michael-barkoczy\/\" \/>\n<meta property=\"og:locale\" content=\"pt_BR\" \/>\n<meta property=\"og:type\" content=\"article\" \/>\n<meta property=\"og:title\" content=\"LEIA NA \u00cdNTEGRA O COMUNICADO DO GRUPO FLYTOUR SOBRE A SA\u00cdDA DE MICHAEL BARKOCZY - Travel3\" \/>\n<meta property=\"og:description\" content=\"A TRAVEL3 \u00e9 um portal de conte\u00fado voltado para o turismo, encontre destinos, viagens, hospedagem, passagens, guias, not\u00edcias sobre o mercado do turismo, dicas de viagem, v\u00eddeos e podcast.\" \/>\n<meta property=\"og:url\" content=\"https:\/\/www.travel3.com.br\/site\/acontece-no-turismo\/leia-na-integra-o-comunicado-do-grupo-flytour-sobre-a-saida-de-michael-barkoczy\/\" \/>\n<meta property=\"og:site_name\" content=\"Travel3\" \/>\n<meta property=\"article:publisher\" content=\"https:\/\/www.facebook.com\/travel3media\/\" \/>\n<meta property=\"article:published_time\" content=\"2018-11-15T06:12:15+00:00\" \/>\n<meta property=\"article:modified_time\" content=\"2018-12-17T12:23:27+00:00\" \/>\n<meta property=\"og:image\" content=\"https:\/\/www.travel3.com.br\/site\/wp-content\/uploads\/2018\/11\/hiper-feirao-flytour2_a.jpg\" \/>\n\t<meta property=\"og:image:width\" content=\"722\" \/>\n\t<meta property=\"og:image:height\" content=\"781\" \/>\n\t<meta property=\"og:image:type\" content=\"image\/jpeg\" \/>\n<meta name=\"author\" content=\"Reda\u00e7\u00e3o Travel3\" \/>\n<meta name=\"twitter:card\" content=\"summary_large_image\" \/>\n<meta name=\"twitter:label1\" content=\"Escrito por\" \/>\n\t<meta name=\"twitter:data1\" content=\"Reda\u00e7\u00e3o Travel3\" \/>\n\t<meta name=\"twitter:label2\" content=\"Est. tempo de leitura\" \/>\n\t<meta name=\"twitter:data2\" content=\"1 minuto\" \/>\n<script type=\"application\/ld+json\" class=\"yoast-schema-graph\">{\"@context\":\"https:\/\/schema.org\",\"@graph\":[{\"@type\":\"Article\",\"@id\":\"https:\/\/www.travel3.com.br\/site\/acontece-no-turismo\/leia-na-integra-o-comunicado-do-grupo-flytour-sobre-a-saida-de-michael-barkoczy\/#article\",\"isPartOf\":{\"@id\":\"https:\/\/www.travel3.com.br\/site\/acontece-no-turismo\/leia-na-integra-o-comunicado-do-grupo-flytour-sobre-a-saida-de-michael-barkoczy\/\"},\"author\":{\"name\":\"Reda\u00e7\u00e3o Travel3\",\"@id\":\"https:\/\/www.travel3.com.br\/site\/#\/schema\/person\/89251b0320bc67697de92249f97f3fdb\"},\"headline\":\"LEIA NA \u00cdNTEGRA O COMUNICADO DO GRUPO FLYTOUR SOBRE A SA\u00cdDA DE MICHAEL BARKOCZY\",\"datePublished\":\"2018-11-15T06:12:15+00:00\",\"dateModified\":\"2018-12-17T12:23:27+00:00\",\"mainEntityOfPage\":{\"@id\":\"https:\/\/www.travel3.com.br\/site\/acontece-no-turismo\/leia-na-integra-o-comunicado-do-grupo-flytour-sobre-a-saida-de-michael-barkoczy\/\"},\"wordCount\":306,\"commentCount\":0,\"publisher\":{\"@id\":\"https:\/\/www.travel3.com.br\/site\/#organization\"},\"image\":{\"@id\":\"https:\/\/www.travel3.com.br\/site\/acontece-no-turismo\/leia-na-integra-o-comunicado-do-grupo-flytour-sobre-a-saida-de-michael-barkoczy\/#primaryimage\"},\"thumbnailUrl\":\"https:\/\/www.travel3.com.br\/site\/wp-content\/uploads\/2018\/11\/hiper-feirao-flytour2_a.jpg\",\"keywords\":[\"acontece\",\"Christiano Oliveira\",\"Claudia Tonaco\",\"Fabio Oliveira\",\"flytour mmt viagens\",\"Michael Barkoczy\",\"Travel3\"],\"articleSection\":[\"Acontece no Turismo\",\"Destaque\",\"Operadoras\"],\"inLanguage\":\"pt-BR\",\"potentialAction\":[{\"@type\":\"CommentAction\",\"name\":\"Comment\",\"target\":[\"https:\/\/www.travel3.com.br\/site\/acontece-no-turismo\/leia-na-integra-o-comunicado-do-grupo-flytour-sobre-a-saida-de-michael-barkoczy\/#respond\"]}]},{\"@type\":\"WebPage\",\"@id\":\"https:\/\/www.travel3.com.br\/site\/acontece-no-turismo\/leia-na-integra-o-comunicado-do-grupo-flytour-sobre-a-saida-de-michael-barkoczy\/\",\"url\":\"https:\/\/www.travel3.com.br\/site\/acontece-no-turismo\/leia-na-integra-o-comunicado-do-grupo-flytour-sobre-a-saida-de-michael-barkoczy\/\",\"name\":\"LEIA NA \u00cdNTEGRA O COMUNICADO DO GRUPO FLYTOUR SOBRE A SA\u00cdDA DE MICHAEL BARKOCZY - Travel3\",\"isPartOf\":{\"@id\":\"https:\/\/www.travel3.com.br\/site\/#website\"},\"primaryImageOfPage\":{\"@id\":\"https:\/\/www.travel3.com.br\/site\/acontece-no-turismo\/leia-na-integra-o-comunicado-do-grupo-flytour-sobre-a-saida-de-michael-barkoczy\/#primaryimage\"},\"image\":{\"@id\":\"https:\/\/www.travel3.com.br\/site\/acontece-no-turismo\/leia-na-integra-o-comunicado-do-grupo-flytour-sobre-a-saida-de-michael-barkoczy\/#primaryimage\"},\"thumbnailUrl\":\"https:\/\/www.travel3.com.br\/site\/wp-content\/uploads\/2018\/11\/hiper-feirao-flytour2_a.jpg\",\"datePublished\":\"2018-11-15T06:12:15+00:00\",\"dateModified\":\"2018-12-17T12:23:27+00:00\",\"description\":\"A TRAVEL3 \u00e9 um portal de conte\u00fado voltado para o turismo, encontre destinos, viagens, hospedagem, passagens, guias, not\u00edcias sobre o mercado do turismo, dicas de viagem, v\u00eddeos e podcast.\",\"breadcrumb\":{\"@id\":\"https:\/\/www.travel3.com.br\/site\/acontece-no-turismo\/leia-na-integra-o-comunicado-do-grupo-flytour-sobre-a-saida-de-michael-barkoczy\/#breadcrumb\"},\"inLanguage\":\"pt-BR\",\"potentialAction\":[{\"@type\":\"ReadAction\",\"target\":[\"https:\/\/www.travel3.com.br\/site\/acontece-no-turismo\/leia-na-integra-o-comunicado-do-grupo-flytour-sobre-a-saida-de-michael-barkoczy\/\"]}]},{\"@type\":\"ImageObject\",\"inLanguage\":\"pt-BR\",\"@id\":\"https:\/\/www.travel3.com.br\/site\/acontece-no-turismo\/leia-na-integra-o-comunicado-do-grupo-flytour-sobre-a-saida-de-michael-barkoczy\/#primaryimage\",\"url\":\"https:\/\/www.travel3.com.br\/site\/wp-content\/uploads\/2018\/11\/hiper-feirao-flytour2_a.jpg\",\"contentUrl\":\"https:\/\/www.travel3.com.br\/site\/wp-content\/uploads\/2018\/11\/hiper-feirao-flytour2_a.jpg\",\"width\":722,\"height\":781,\"caption\":\"Michael Barcokczy e Cristiano Oliveira durante o Hiper Feir\u00e3o de Viagens (Foto: S\u00e1via Reis)\"},{\"@type\":\"BreadcrumbList\",\"@id\":\"https:\/\/www.travel3.com.br\/site\/acontece-no-turismo\/leia-na-integra-o-comunicado-do-grupo-flytour-sobre-a-saida-de-michael-barkoczy\/#breadcrumb\",\"itemListElement\":[{\"@type\":\"ListItem\",\"position\":1,\"name\":\"In\u00edcio\",\"item\":\"https:\/\/www.travel3.com.br\/site\/\"},{\"@type\":\"ListItem\",\"position\":2,\"name\":\"LEIA NA \u00cdNTEGRA O COMUNICADO DO GRUPO FLYTOUR SOBRE A SA\u00cdDA DE MICHAEL BARKOCZY\"}]},{\"@type\":\"WebSite\",\"@id\":\"https:\/\/www.travel3.com.br\/site\/#website\",\"url\":\"https:\/\/www.travel3.com.br\/site\/\",\"name\":\"Travel3\",\"description\":\"Lazer + Neg&oacute;cios + Aventura\",\"publisher\":{\"@id\":\"https:\/\/www.travel3.com.br\/site\/#organization\"},\"potentialAction\":[{\"@type\":\"SearchAction\",\"target\":{\"@type\":\"EntryPoint\",\"urlTemplate\":\"https:\/\/www.travel3.com.br\/site\/?s={search_term_string}\"},\"query-input\":{\"@type\":\"PropertyValueSpecification\",\"valueRequired\":true,\"valueName\":\"search_term_string\"}}],\"inLanguage\":\"pt-BR\"},{\"@type\":\"Organization\",\"@id\":\"https:\/\/www.travel3.com.br\/site\/#organization\",\"name\":\"Travel3\",\"url\":\"https:\/\/www.travel3.com.br\/site\/\",\"logo\":{\"@type\":\"ImageObject\",\"inLanguage\":\"pt-BR\",\"@id\":\"https:\/\/www.travel3.com.br\/site\/#\/schema\/logo\/image\/\",\"url\":\"https:\/\/www.travel3.com.br\/site\/wp-content\/uploads\/2020\/01\/logo-travel3-2020.png\",\"contentUrl\":\"https:\/\/www.travel3.com.br\/site\/wp-content\/uploads\/2020\/01\/logo-travel3-2020.png\",\"width\":232,\"height\":79,\"caption\":\"Travel3\"},\"image\":{\"@id\":\"https:\/\/www.travel3.com.br\/site\/#\/schema\/logo\/image\/\"},\"sameAs\":[\"https:\/\/www.facebook.com\/travel3media\/\",\"https:\/\/www.instagram.com\/revistatravel3\/\",\"https:\/\/www.youtube.com\/channel\/UCno7J4paGBR3VbZQzvoJ9Eg\"]},{\"@type\":\"Person\",\"@id\":\"https:\/\/www.travel3.com.br\/site\/#\/schema\/person\/89251b0320bc67697de92249f97f3fdb\",\"name\":\"Reda\u00e7\u00e3o Travel3\",\"image\":{\"@type\":\"ImageObject\",\"inLanguage\":\"pt-BR\",\"@id\":\"https:\/\/www.travel3.com.br\/site\/#\/schema\/person\/image\/\",\"url\":\"https:\/\/secure.gravatar.com\/avatar\/85a5ec2ad99b1932f671ebf50c117db6?s=96&d=mm&r=g\",\"contentUrl\":\"https:\/\/secure.gravatar.com\/avatar\/85a5ec2ad99b1932f671ebf50c117db6?s=96&d=mm&r=g\",\"caption\":\"Reda\u00e7\u00e3o Travel3\"},\"sameAs\":[\"http:\/\/www.travel3.com.br\/\"],\"url\":\"https:\/\/www.travel3.com.br\/site\/author\/redacao\/\"}]}<\/script>\n<!-- \/ Yoast SEO plugin. -->","yoast_head_json":{"title":"LEIA NA \u00cdNTEGRA O COMUNICADO DO GRUPO FLYTOUR SOBRE A SA\u00cdDA DE MICHAEL BARKOCZY - Travel3","description":"A TRAVEL3 \u00e9 um portal de conte\u00fado voltado para o turismo, encontre destinos, viagens, hospedagem, passagens, guias, not\u00edcias sobre o mercado do turismo, dicas de viagem, v\u00eddeos e podcast.","robots":{"index":"index","follow":"follow","max-snippet":"max-snippet:-1","max-image-preview":"max-image-preview:large","max-video-preview":"max-video-preview:-1"},"canonical":"https:\/\/www.travel3.com.br\/site\/acontece-no-turismo\/leia-na-integra-o-comunicado-do-grupo-flytour-sobre-a-saida-de-michael-barkoczy\/","og_locale":"pt_BR","og_type":"article","og_title":"LEIA NA \u00cdNTEGRA O COMUNICADO DO GRUPO FLYTOUR SOBRE A SA\u00cdDA DE MICHAEL BARKOCZY - Travel3","og_description":"A TRAVEL3 \u00e9 um portal de conte\u00fado voltado para o turismo, encontre destinos, viagens, hospedagem, passagens, guias, not\u00edcias sobre o mercado do turismo, dicas de viagem, v\u00eddeos e podcast.","og_url":"https:\/\/www.travel3.com.br\/site\/acontece-no-turismo\/leia-na-integra-o-comunicado-do-grupo-flytour-sobre-a-saida-de-michael-barkoczy\/","og_site_name":"Travel3","article_publisher":"https:\/\/www.facebook.com\/travel3media\/","article_published_time":"2018-11-15T06:12:15+00:00","article_modified_time":"2018-12-17T12:23:27+00:00","og_image":[{"width":722,"height":781,"url":"https:\/\/www.travel3.com.br\/site\/wp-content\/uploads\/2018\/11\/hiper-feirao-flytour2_a.jpg","type":"image\/jpeg"}],"author":"Reda\u00e7\u00e3o Travel3","twitter_card":"summary_large_image","twitter_misc":{"Escrito por":"Reda\u00e7\u00e3o Travel3","Est. tempo de leitura":"1 minuto"},"schema":{"@context":"https:\/\/schema.org","@graph":[{"@type":"Article","@id":"https:\/\/www.travel3.com.br\/site\/acontece-no-turismo\/leia-na-integra-o-comunicado-do-grupo-flytour-sobre-a-saida-de-michael-barkoczy\/#article","isPartOf":{"@id":"https:\/\/www.travel3.com.br\/site\/acontece-no-turismo\/leia-na-integra-o-comunicado-do-grupo-flytour-sobre-a-saida-de-michael-barkoczy\/"},"author":{"name":"Reda\u00e7\u00e3o Travel3","@id":"https:\/\/www.travel3.com.br\/site\/#\/schema\/person\/89251b0320bc67697de92249f97f3fdb"},"headline":"LEIA NA \u00cdNTEGRA O COMUNICADO DO GRUPO FLYTOUR SOBRE A SA\u00cdDA DE MICHAEL BARKOCZY","datePublished":"2018-11-15T06:12:15+00:00","dateModified":"2018-12-17T12:23:27+00:00","mainEntityOfPage":{"@id":"https:\/\/www.travel3.com.br\/site\/acontece-no-turismo\/leia-na-integra-o-comunicado-do-grupo-flytour-sobre-a-saida-de-michael-barkoczy\/"},"wordCount":306,"commentCount":0,"publisher":{"@id":"https:\/\/www.travel3.com.br\/site\/#organization"},"image":{"@id":"https:\/\/www.travel3.com.br\/site\/acontece-no-turismo\/leia-na-integra-o-comunicado-do-grupo-flytour-sobre-a-saida-de-michael-barkoczy\/#primaryimage"},"thumbnailUrl":"https:\/\/www.travel3.com.br\/site\/wp-content\/uploads\/2018\/11\/hiper-feirao-flytour2_a.jpg","keywords":["acontece","Christiano Oliveira","Claudia Tonaco","Fabio Oliveira","flytour mmt viagens","Michael Barkoczy","Travel3"],"articleSection":["Acontece no Turismo","Destaque","Operadoras"],"inLanguage":"pt-BR","potentialAction":[{"@type":"CommentAction","name":"Comment","target":["https:\/\/www.travel3.com.br\/site\/acontece-no-turismo\/leia-na-integra-o-comunicado-do-grupo-flytour-sobre-a-saida-de-michael-barkoczy\/#respond"]}]},{"@type":"WebPage","@id":"https:\/\/www.travel3.com.br\/site\/acontece-no-turismo\/leia-na-integra-o-comunicado-do-grupo-flytour-sobre-a-saida-de-michael-barkoczy\/","url":"https:\/\/www.travel3.com.br\/site\/acontece-no-turismo\/leia-na-integra-o-comunicado-do-grupo-flytour-sobre-a-saida-de-michael-barkoczy\/","name":"LEIA NA \u00cdNTEGRA O COMUNICADO DO GRUPO FLYTOUR SOBRE A SA\u00cdDA DE MICHAEL BARKOCZY - Travel3","isPartOf":{"@id":"https:\/\/www.travel3.com.br\/site\/#website"},"primaryImageOfPage":{"@id":"https:\/\/www.travel3.com.br\/site\/acontece-no-turismo\/leia-na-integra-o-comunicado-do-grupo-flytour-sobre-a-saida-de-michael-barkoczy\/#primaryimage"},"image":{"@id":"https:\/\/www.travel3.com.br\/site\/acontece-no-turismo\/leia-na-integra-o-comunicado-do-grupo-flytour-sobre-a-saida-de-michael-barkoczy\/#primaryimage"},"thumbnailUrl":"https:\/\/www.travel3.com.br\/site\/wp-content\/uploads\/2018\/11\/hiper-feirao-flytour2_a.jpg","datePublished":"2018-11-15T06:12:15+00:00","dateModified":"2018-12-17T12:23:27+00:00","description":"A TRAVEL3 \u00e9 um portal de conte\u00fado voltado para o turismo, encontre destinos, viagens, hospedagem, passagens, guias, not\u00edcias sobre o mercado do turismo, dicas de viagem, v\u00eddeos e podcast.","breadcrumb":{"@id":"https:\/\/www.travel3.com.br\/site\/acontece-no-turismo\/leia-na-integra-o-comunicado-do-grupo-flytour-sobre-a-saida-de-michael-barkoczy\/#breadcrumb"},"inLanguage":"pt-BR","potentialAction":[{"@type":"ReadAction","target":["https:\/\/www.travel3.com.br\/site\/acontece-no-turismo\/leia-na-integra-o-comunicado-do-grupo-flytour-sobre-a-saida-de-michael-barkoczy\/"]}]},{"@type":"ImageObject","inLanguage":"pt-BR","@id":"https:\/\/www.travel3.com.br\/site\/acontece-no-turismo\/leia-na-integra-o-comunicado-do-grupo-flytour-sobre-a-saida-de-michael-barkoczy\/#primaryimage","url":"https:\/\/www.travel3.com.br\/site\/wp-content\/uploads\/2018\/11\/hiper-feirao-flytour2_a.jpg","contentUrl":"https:\/\/www.travel3.com.br\/site\/wp-content\/uploads\/2018\/11\/hiper-feirao-flytour2_a.jpg","width":722,"height":781,"caption":"Michael Barcokczy e Cristiano Oliveira durante o Hiper Feir\u00e3o de Viagens (Foto: S\u00e1via Reis)"},{"@type":"BreadcrumbList","@id":"https:\/\/www.travel3.com.br\/site\/acontece-no-turismo\/leia-na-integra-o-comunicado-do-grupo-flytour-sobre-a-saida-de-michael-barkoczy\/#breadcrumb","itemListElement":[{"@type":"ListItem","position":1,"name":"In\u00edcio","item":"https:\/\/www.travel3.com.br\/site\/"},{"@type":"ListItem","position":2,"name":"LEIA NA \u00cdNTEGRA O COMUNICADO DO GRUPO FLYTOUR SOBRE A SA\u00cdDA DE MICHAEL BARKOCZY"}]},{"@type":"WebSite","@id":"https:\/\/www.travel3.com.br\/site\/#website","url":"https:\/\/www.travel3.com.br\/site\/","name":"Travel3","description":"Lazer + Neg&oacute;cios + Aventura","publisher":{"@id":"https:\/\/www.travel3.com.br\/site\/#organization"},"potentialAction":[{"@type":"SearchAction","target":{"@type":"EntryPoint","urlTemplate":"https:\/\/www.travel3.com.br\/site\/?s={search_term_string}"},"query-input":{"@type":"PropertyValueSpecification","valueRequired":true,"valueName":"search_term_string"}}],"inLanguage":"pt-BR"},{"@type":"Organization","@id":"https:\/\/www.travel3.com.br\/site\/#organization","name":"Travel3","url":"https:\/\/www.travel3.com.br\/site\/","logo":{"@type":"ImageObject","inLanguage":"pt-BR","@id":"https:\/\/www.travel3.com.br\/site\/#\/schema\/logo\/image\/","url":"https:\/\/www.travel3.com.br\/site\/wp-content\/uploads\/2020\/01\/logo-travel3-2020.png","contentUrl":"https:\/\/www.travel3.com.br\/site\/wp-content\/uploads\/2020\/01\/logo-travel3-2020.png","width":232,"height":79,"caption":"Travel3"},"image":{"@id":"https:\/\/www.travel3.com.br\/site\/#\/schema\/logo\/image\/"},"sameAs":["https:\/\/www.facebook.com\/travel3media\/","https:\/\/www.instagram.com\/revistatravel3\/","https:\/\/www.youtube.com\/channel\/UCno7J4paGBR3VbZQzvoJ9Eg"]},{"@type":"Person","@id":"https:\/\/www.travel3.com.br\/site\/#\/schema\/person\/89251b0320bc67697de92249f97f3fdb","name":"Reda\u00e7\u00e3o Travel3","image":{"@type":"ImageObject","inLanguage":"pt-BR","@id":"https:\/\/www.travel3.com.br\/site\/#\/schema\/person\/image\/","url":"https:\/\/secure.gravatar.com\/avatar\/85a5ec2ad99b1932f671ebf50c117db6?s=96&d=mm&r=g","contentUrl":"https:\/\/secure.gravatar.com\/avatar\/85a5ec2ad99b1932f671ebf50c117db6?s=96&d=mm&r=g","caption":"Reda\u00e7\u00e3o Travel3"},"sameAs":["http:\/\/www.travel3.com.br\/"],"url":"https:\/\/www.travel3.com.br\/site\/author\/redacao\/"}]}},"_links":{"self":[{"href":"https:\/\/www.travel3.com.br\/site\/wp-json\/wp\/v2\/posts\/16951","targetHints":{"allow":["GET"]}}],"collection":[{"href":"https:\/\/www.travel3.com.br\/site\/wp-json\/wp\/v2\/posts"}],"about":[{"href":"https:\/\/www.travel3.com.br\/site\/wp-json\/wp\/v2\/types\/post"}],"author":[{"embeddable":true,"href":"https:\/\/www.travel3.com.br\/site\/wp-json\/wp\/v2\/users\/5"}],"replies":[{"embeddable":true,"href":"https:\/\/www.travel3.com.br\/site\/wp-json\/wp\/v2\/comments?post=16951"}],"version-history":[{"count":2,"href":"https:\/\/www.travel3.com.br\/site\/wp-json\/wp\/v2\/posts\/16951\/revisions"}],"predecessor-version":[{"id":16954,"href":"https:\/\/www.travel3.com.br\/site\/wp-json\/wp\/v2\/posts\/16951\/revisions\/16954"}],"wp:featuredmedia":[{"embeddable":true,"href":"https:\/\/www.travel3.com.br\/site\/wp-json\/wp\/v2\/media\/16953"}],"wp:attachment":[{"href":"https:\/\/www.travel3.com.br\/site\/wp-json\/wp\/v2\/media?parent=16951"}],"wp:term":[{"taxonomy":"category","embeddable":true,"href":"https:\/\/www.travel3.com.br\/site\/wp-json\/wp\/v2\/categories?post=16951"},{"taxonomy":"post_tag","embeddable":true,"href":"https:\/\/www.travel3.com.br\/site\/wp-json\/wp\/v2\/tags?post=16951"}],"curies":[{"name":"wp","href":"https:\/\/api.w.org\/{rel}","templated":true}]}}