{"id":1666,"date":"2017-09-09T21:22:14","date_gmt":"2017-09-09T21:22:14","guid":{"rendered":"http:\/\/www.travel3.com.br\/site\/ir-e-vir\/ar\/ville-real-e-perfeito-para-uma-estadia-romantica-no-interior-mineiro\/"},"modified":"2017-09-09T21:22:14","modified_gmt":"2017-09-09T21:22:14","slug":"ville-real-e-perfeito-para-uma-estadia-romantica-no-interior-mineiro","status":"publish","type":"post","link":"https:\/\/www.travel3.com.br\/site\/sem-categoria\/ville-real-e-perfeito-para-uma-estadia-romantica-no-interior-mineiro\/","title":{"rendered":"VILLE REAL \u00c9 PERFEITO PARA UMA ESTADIA ROM\u00c2NTICA NO INTERIOR MINEIRO"},"content":{"rendered":"<p><span style=\"color: #40acad; font-family: -apple-system, system-ui, 'Segoe UI', Roboto, Oxygen-Sans, Ubuntu, Cantarell, 'Helvetica Neue', sans-serif; font-size: 12px; font-weight: bold;\"><\/p>\n<p style=\"text-align:justify\"><strong>O projeto arquitet\u00f4nico do Ville Real \u00e9 totalmente cenogr\u00e1fico e d\u00e1 ao h\u00f3spede, a impress\u00e3o de estar em uma vila dos tempos colonias (Fotos: Hotel Ville Real\/Ana Amelia Bitar\/Divulga\u00e7\u00e3o)\u00a0<\/strong><\/p>\n<p style=\"text-align:justify\">Aproveitar um final de semana ou um feriado prolongado para relaxar e curtir o clima do interior de Minas Gerais \u00e9 um excelente pretexto para se hospedar no Hotel Ville Real.<\/p>\n<p style=\"text-align:justify\"><a class=\"fancybox-media\" href=\"..\/_uploads\/_noticia\/2017-06\/apartamentos-luxo.jpg\" rel=\"portfolio\"><img decoding=\"async\" alt=\"\" src=\"..\/_uploads\/_noticia\/2017-06\/apartamentos-luxo.jpg\" \/><\/a><strong>Detalhe de um dos apartamentos padr\u00e3o Luxo do Ville Real<\/strong><\/p>\n<p style=\"text-align:justify\">Distante 75 km de Belo Horizonte, o Ville Real est\u00e1 localizado em Santo Antonio do Leite, distrito de Ouro Preto, e oferece 28 apartamentos com decora\u00e7\u00e3o de bom gosto, nas categorias = Luxo + Super Luxo +\u00a0Solar com Hidromassagem + Sobrado Duplex (para at\u00e9 4 pessoas).<\/p>\n<p style=\"text-align:justify\"><a class=\"fancybox-media\" href=\"..\/_uploads\/_noticia\/2017-06\/2014-0802-casamento-mariantonio-02-16h09m--mg-3676-guilhermeguedes.com-.br-.jpg\" rel=\"portfolio\"><img decoding=\"async\" alt=\"\" src=\"..\/_uploads\/_noticia\/2017-06\/2014-0802-casamento-mariantonio-02-16h09m--mg-3676-guilhermeguedes.com-.br-.jpg\" \/><\/a><strong>O\u00a0paisagismo do hotel cria\u00a0o\u00a0ambiente ideal para a realiza\u00e7\u00e3o de casamentos (Foto: Guilherme Guedes\/Divulga\u00e7\u00e3o)<\/strong><\/p>\n<p style=\"text-align:justify\">As habita\u00e7\u00f5es s\u00e3o equipadas com\u00a0com ar condicionado split, frigobar, TV a cabo, telefone, wi-fi, cofre e ducha com aquecimento central.\u00a0<\/p>\n<p style=\"text-align:justify\">O projeto arquitet\u00f4nico foi feito para dar ao\u00a0h\u00f3spede\u00a0a impress\u00e3o de estar em uma pequena vila colonial, caminhando por buc\u00f3licas ruas com cal\u00e7amento de pedra, que remete ao cen\u00e1rio da antiga Vila Rica.<\/p>\n<p style=\"text-align:justify\">Ao entrar o visitante j\u00e1 se surpreende com a recep\u00e7\u00e3o do hotel, instalada na antiga sede de uma fazenda do per\u00edodo colonial brasileiro.<\/p>\n<p style=\"text-align:justify\"><a class=\"fancybox-media\" href=\"..\/_uploads\/_noticia\/2017-06\/foto--daniel-diniz-95.jpg\" rel=\"portfolio\"><img decoding=\"async\" alt=\"\" src=\"..\/_uploads\/_noticia\/2017-06\/foto--daniel-diniz-95.jpg\" \/><\/a><strong>O espa\u00e7o de eventos oferece infraesturura para recep\u00e7\u00f5es, coquet\u00e9is e congra\u00e7amentos corporativos<\/strong><\/p>\n<p style=\"text-align:justify\">Faz parte da infraestrutura do hotel uma ampla \u00e1rea verde + piscina + sala de massagem + sala de gin\u00e1stica + estrutura de monitores para oferecer aos h\u00f3spedes passeios de bicicleta e cavalgadas pela regi\u00e3o + espa\u00e7o de eventos + \u00e1rea de recrea\u00e7\u00e3o + sala de jogos\u00a0+ capela.<\/p>\n<p style=\"text-align:justify\">O restaurante est\u00e1 aberto ao p\u00fablico e tem como especialidade os pratos t\u00edpicos, todos deliciosos, da\u00a0culin\u00e1ria mineira, servidos em buffet ou \u00e0 la carte.<\/p>\n<p style=\"text-align:justify\"><a class=\"fancybox-media\" href=\"..\/_uploads\/_noticia\/2017-06\/o-1b1h25u0oa0jq5jnlpouvfib47.jpg\" rel=\"portfolio\"><img decoding=\"async\" alt=\"\" src=\"..\/_uploads\/_noticia\/2017-06\/o-1b1h25u0oa0jq5jnlpouvfib47.jpg\" \/><\/a><strong>Capela, durante celebra\u00e7\u00e3o de casamento, no hotel de\u00a0Santo Antonio do Leite<\/strong><\/p>\n<p style=\"text-align:justify\">Pelo cen\u00e1rio rom\u00e2ntico e muito bem cuidado, atrai n\u00e3o apenas casais para curtir o final de semana, como em lua de mel. O hotel tamb\u00e9m realiza cerim\u00f4nias de casamento, bodas ou renova\u00e7\u00e3o de votos.<\/p>\n<p style=\"text-align:justify\">Saiba mais =\u00a0<a href=\"http:\/\/www.villereal.com.br\">www.villereal.com.br<\/a> +\u00a0(031)3553 4440 + (31) 91352245 + (31) 87441704.<\/p>\n<p><\/span><\/p>\n","protected":false},"excerpt":{"rendered":"<p>Com 28 apartamentos confort\u00e1veis e bem decorados, hotel est\u00e1 em Santo Ant\u00f4nio do Leite, distrito de Ouro Preto, a 75km de BH<\/p>\n","protected":false},"author":1,"featured_media":0,"comment_status":"open","ping_status":"open","sticky":false,"template":"","format":"standard","meta":{"footnotes":""},"categories":[],"tags":[],"class_list":["post-1666","post","type-post","status-publish","format-standard","hentry"],"yoast_head":"<!-- This site is optimized with the Yoast SEO plugin v26.2 - https:\/\/yoast.com\/wordpress\/plugins\/seo\/ -->\n<title>VILLE REAL \u00c9 PERFEITO PARA UMA ESTADIA ROM\u00c2NTICA NO INTERIOR MINEIRO - Travel3<\/title>\n<meta name=\"description\" content=\"A TRAVEL3 \u00e9 um portal de conte\u00fado voltado para o turismo, encontre destinos, viagens, hospedagem, passagens, guias, not\u00edcias sobre o mercado do turismo, dicas de viagem, v\u00eddeos e podcast.\" \/>\n<meta name=\"robots\" content=\"index, follow, max-snippet:-1, max-image-preview:large, max-video-preview:-1\" \/>\n<link rel=\"canonical\" href=\"https:\/\/www.travel3.com.br\/site\/sem-categoria\/ville-real-e-perfeito-para-uma-estadia-romantica-no-interior-mineiro\/\" \/>\n<meta property=\"og:locale\" content=\"pt_BR\" \/>\n<meta property=\"og:type\" content=\"article\" \/>\n<meta property=\"og:title\" content=\"VILLE REAL \u00c9 PERFEITO PARA UMA ESTADIA ROM\u00c2NTICA NO INTERIOR MINEIRO - Travel3\" \/>\n<meta property=\"og:description\" content=\"A TRAVEL3 \u00e9 um portal de conte\u00fado voltado para o turismo, encontre destinos, viagens, hospedagem, passagens, guias, not\u00edcias sobre o mercado do turismo, dicas de viagem, v\u00eddeos e podcast.\" \/>\n<meta property=\"og:url\" content=\"https:\/\/www.travel3.com.br\/site\/sem-categoria\/ville-real-e-perfeito-para-uma-estadia-romantica-no-interior-mineiro\/\" \/>\n<meta property=\"og:site_name\" content=\"Travel3\" \/>\n<meta property=\"article:publisher\" content=\"https:\/\/www.facebook.com\/travel3media\/\" \/>\n<meta property=\"article:published_time\" content=\"2017-09-09T21:22:14+00:00\" \/>\n<meta name=\"author\" content=\"admin\" \/>\n<meta name=\"twitter:card\" content=\"summary_large_image\" \/>\n<meta name=\"twitter:label1\" content=\"Escrito por\" \/>\n\t<meta name=\"twitter:data1\" content=\"admin\" \/>\n\t<meta name=\"twitter:label2\" content=\"Est. tempo de leitura\" \/>\n\t<meta name=\"twitter:data2\" content=\"2 minutos\" \/>\n<script type=\"application\/ld+json\" class=\"yoast-schema-graph\">{\"@context\":\"https:\/\/schema.org\",\"@graph\":[{\"@type\":\"Article\",\"@id\":\"https:\/\/www.travel3.com.br\/site\/sem-categoria\/ville-real-e-perfeito-para-uma-estadia-romantica-no-interior-mineiro\/#article\",\"isPartOf\":{\"@id\":\"https:\/\/www.travel3.com.br\/site\/sem-categoria\/ville-real-e-perfeito-para-uma-estadia-romantica-no-interior-mineiro\/\"},\"author\":{\"name\":\"admin\",\"@id\":\"https:\/\/www.travel3.com.br\/site\/#\/schema\/person\/a69d71e41a024999b6ab82369ac0bd1e\"},\"headline\":\"VILLE REAL \u00c9 PERFEITO PARA UMA ESTADIA ROM\u00c2NTICA NO INTERIOR MINEIRO\",\"datePublished\":\"2017-09-09T21:22:14+00:00\",\"mainEntityOfPage\":{\"@id\":\"https:\/\/www.travel3.com.br\/site\/sem-categoria\/ville-real-e-perfeito-para-uma-estadia-romantica-no-interior-mineiro\/\"},\"wordCount\":383,\"commentCount\":0,\"publisher\":{\"@id\":\"https:\/\/www.travel3.com.br\/site\/#organization\"},\"inLanguage\":\"pt-BR\",\"potentialAction\":[{\"@type\":\"CommentAction\",\"name\":\"Comment\",\"target\":[\"https:\/\/www.travel3.com.br\/site\/sem-categoria\/ville-real-e-perfeito-para-uma-estadia-romantica-no-interior-mineiro\/#respond\"]}]},{\"@type\":\"WebPage\",\"@id\":\"https:\/\/www.travel3.com.br\/site\/sem-categoria\/ville-real-e-perfeito-para-uma-estadia-romantica-no-interior-mineiro\/\",\"url\":\"https:\/\/www.travel3.com.br\/site\/sem-categoria\/ville-real-e-perfeito-para-uma-estadia-romantica-no-interior-mineiro\/\",\"name\":\"VILLE REAL \u00c9 PERFEITO PARA UMA ESTADIA ROM\u00c2NTICA NO INTERIOR MINEIRO - Travel3\",\"isPartOf\":{\"@id\":\"https:\/\/www.travel3.com.br\/site\/#website\"},\"datePublished\":\"2017-09-09T21:22:14+00:00\",\"description\":\"A TRAVEL3 \u00e9 um portal de conte\u00fado voltado para o turismo, encontre destinos, viagens, hospedagem, passagens, guias, not\u00edcias sobre o mercado do turismo, dicas de viagem, v\u00eddeos e podcast.\",\"breadcrumb\":{\"@id\":\"https:\/\/www.travel3.com.br\/site\/sem-categoria\/ville-real-e-perfeito-para-uma-estadia-romantica-no-interior-mineiro\/#breadcrumb\"},\"inLanguage\":\"pt-BR\",\"potentialAction\":[{\"@type\":\"ReadAction\",\"target\":[\"https:\/\/www.travel3.com.br\/site\/sem-categoria\/ville-real-e-perfeito-para-uma-estadia-romantica-no-interior-mineiro\/\"]}]},{\"@type\":\"BreadcrumbList\",\"@id\":\"https:\/\/www.travel3.com.br\/site\/sem-categoria\/ville-real-e-perfeito-para-uma-estadia-romantica-no-interior-mineiro\/#breadcrumb\",\"itemListElement\":[{\"@type\":\"ListItem\",\"position\":1,\"name\":\"In\u00edcio\",\"item\":\"https:\/\/www.travel3.com.br\/site\/\"},{\"@type\":\"ListItem\",\"position\":2,\"name\":\"VILLE REAL \u00c9 PERFEITO PARA UMA ESTADIA ROM\u00c2NTICA NO INTERIOR MINEIRO\"}]},{\"@type\":\"WebSite\",\"@id\":\"https:\/\/www.travel3.com.br\/site\/#website\",\"url\":\"https:\/\/www.travel3.com.br\/site\/\",\"name\":\"Travel3\",\"description\":\"Lazer + Neg&oacute;cios + Aventura\",\"publisher\":{\"@id\":\"https:\/\/www.travel3.com.br\/site\/#organization\"},\"potentialAction\":[{\"@type\":\"SearchAction\",\"target\":{\"@type\":\"EntryPoint\",\"urlTemplate\":\"https:\/\/www.travel3.com.br\/site\/?s={search_term_string}\"},\"query-input\":{\"@type\":\"PropertyValueSpecification\",\"valueRequired\":true,\"valueName\":\"search_term_string\"}}],\"inLanguage\":\"pt-BR\"},{\"@type\":\"Organization\",\"@id\":\"https:\/\/www.travel3.com.br\/site\/#organization\",\"name\":\"Travel3\",\"url\":\"https:\/\/www.travel3.com.br\/site\/\",\"logo\":{\"@type\":\"ImageObject\",\"inLanguage\":\"pt-BR\",\"@id\":\"https:\/\/www.travel3.com.br\/site\/#\/schema\/logo\/image\/\",\"url\":\"https:\/\/www.travel3.com.br\/site\/wp-content\/uploads\/2020\/01\/logo-travel3-2020.png\",\"contentUrl\":\"https:\/\/www.travel3.com.br\/site\/wp-content\/uploads\/2020\/01\/logo-travel3-2020.png\",\"width\":232,\"height\":79,\"caption\":\"Travel3\"},\"image\":{\"@id\":\"https:\/\/www.travel3.com.br\/site\/#\/schema\/logo\/image\/\"},\"sameAs\":[\"https:\/\/www.facebook.com\/travel3media\/\",\"https:\/\/www.instagram.com\/revistatravel3\/\",\"https:\/\/www.youtube.com\/channel\/UCno7J4paGBR3VbZQzvoJ9Eg\"]},{\"@type\":\"Person\",\"@id\":\"https:\/\/www.travel3.com.br\/site\/#\/schema\/person\/a69d71e41a024999b6ab82369ac0bd1e\",\"name\":\"admin\",\"image\":{\"@type\":\"ImageObject\",\"inLanguage\":\"pt-BR\",\"@id\":\"https:\/\/www.travel3.com.br\/site\/#\/schema\/person\/image\/\",\"url\":\"https:\/\/secure.gravatar.com\/avatar\/732a67adfd764da2a47ba10ce731c4c0?s=96&d=mm&r=g\",\"contentUrl\":\"https:\/\/secure.gravatar.com\/avatar\/732a67adfd764da2a47ba10ce731c4c0?s=96&d=mm&r=g\",\"caption\":\"admin\"},\"url\":\"https:\/\/www.travel3.com.br\/site\/author\/admin\/\"}]}<\/script>\n<!-- \/ Yoast SEO plugin. -->","yoast_head_json":{"title":"VILLE REAL \u00c9 PERFEITO PARA UMA ESTADIA ROM\u00c2NTICA NO INTERIOR MINEIRO - Travel3","description":"A TRAVEL3 \u00e9 um portal de conte\u00fado voltado para o turismo, encontre destinos, viagens, hospedagem, passagens, guias, not\u00edcias sobre o mercado do turismo, dicas de viagem, v\u00eddeos e podcast.","robots":{"index":"index","follow":"follow","max-snippet":"max-snippet:-1","max-image-preview":"max-image-preview:large","max-video-preview":"max-video-preview:-1"},"canonical":"https:\/\/www.travel3.com.br\/site\/sem-categoria\/ville-real-e-perfeito-para-uma-estadia-romantica-no-interior-mineiro\/","og_locale":"pt_BR","og_type":"article","og_title":"VILLE REAL \u00c9 PERFEITO PARA UMA ESTADIA ROM\u00c2NTICA NO INTERIOR MINEIRO - Travel3","og_description":"A TRAVEL3 \u00e9 um portal de conte\u00fado voltado para o turismo, encontre destinos, viagens, hospedagem, passagens, guias, not\u00edcias sobre o mercado do turismo, dicas de viagem, v\u00eddeos e podcast.","og_url":"https:\/\/www.travel3.com.br\/site\/sem-categoria\/ville-real-e-perfeito-para-uma-estadia-romantica-no-interior-mineiro\/","og_site_name":"Travel3","article_publisher":"https:\/\/www.facebook.com\/travel3media\/","article_published_time":"2017-09-09T21:22:14+00:00","author":"admin","twitter_card":"summary_large_image","twitter_misc":{"Escrito por":"admin","Est. tempo de leitura":"2 minutos"},"schema":{"@context":"https:\/\/schema.org","@graph":[{"@type":"Article","@id":"https:\/\/www.travel3.com.br\/site\/sem-categoria\/ville-real-e-perfeito-para-uma-estadia-romantica-no-interior-mineiro\/#article","isPartOf":{"@id":"https:\/\/www.travel3.com.br\/site\/sem-categoria\/ville-real-e-perfeito-para-uma-estadia-romantica-no-interior-mineiro\/"},"author":{"name":"admin","@id":"https:\/\/www.travel3.com.br\/site\/#\/schema\/person\/a69d71e41a024999b6ab82369ac0bd1e"},"headline":"VILLE REAL \u00c9 PERFEITO PARA UMA ESTADIA ROM\u00c2NTICA NO INTERIOR MINEIRO","datePublished":"2017-09-09T21:22:14+00:00","mainEntityOfPage":{"@id":"https:\/\/www.travel3.com.br\/site\/sem-categoria\/ville-real-e-perfeito-para-uma-estadia-romantica-no-interior-mineiro\/"},"wordCount":383,"commentCount":0,"publisher":{"@id":"https:\/\/www.travel3.com.br\/site\/#organization"},"inLanguage":"pt-BR","potentialAction":[{"@type":"CommentAction","name":"Comment","target":["https:\/\/www.travel3.com.br\/site\/sem-categoria\/ville-real-e-perfeito-para-uma-estadia-romantica-no-interior-mineiro\/#respond"]}]},{"@type":"WebPage","@id":"https:\/\/www.travel3.com.br\/site\/sem-categoria\/ville-real-e-perfeito-para-uma-estadia-romantica-no-interior-mineiro\/","url":"https:\/\/www.travel3.com.br\/site\/sem-categoria\/ville-real-e-perfeito-para-uma-estadia-romantica-no-interior-mineiro\/","name":"VILLE REAL \u00c9 PERFEITO PARA UMA ESTADIA ROM\u00c2NTICA NO INTERIOR MINEIRO - Travel3","isPartOf":{"@id":"https:\/\/www.travel3.com.br\/site\/#website"},"datePublished":"2017-09-09T21:22:14+00:00","description":"A TRAVEL3 \u00e9 um portal de conte\u00fado voltado para o turismo, encontre destinos, viagens, hospedagem, passagens, guias, not\u00edcias sobre o mercado do turismo, dicas de viagem, v\u00eddeos e podcast.","breadcrumb":{"@id":"https:\/\/www.travel3.com.br\/site\/sem-categoria\/ville-real-e-perfeito-para-uma-estadia-romantica-no-interior-mineiro\/#breadcrumb"},"inLanguage":"pt-BR","potentialAction":[{"@type":"ReadAction","target":["https:\/\/www.travel3.com.br\/site\/sem-categoria\/ville-real-e-perfeito-para-uma-estadia-romantica-no-interior-mineiro\/"]}]},{"@type":"BreadcrumbList","@id":"https:\/\/www.travel3.com.br\/site\/sem-categoria\/ville-real-e-perfeito-para-uma-estadia-romantica-no-interior-mineiro\/#breadcrumb","itemListElement":[{"@type":"ListItem","position":1,"name":"In\u00edcio","item":"https:\/\/www.travel3.com.br\/site\/"},{"@type":"ListItem","position":2,"name":"VILLE REAL \u00c9 PERFEITO PARA UMA ESTADIA ROM\u00c2NTICA NO INTERIOR MINEIRO"}]},{"@type":"WebSite","@id":"https:\/\/www.travel3.com.br\/site\/#website","url":"https:\/\/www.travel3.com.br\/site\/","name":"Travel3","description":"Lazer + Neg&oacute;cios + Aventura","publisher":{"@id":"https:\/\/www.travel3.com.br\/site\/#organization"},"potentialAction":[{"@type":"SearchAction","target":{"@type":"EntryPoint","urlTemplate":"https:\/\/www.travel3.com.br\/site\/?s={search_term_string}"},"query-input":{"@type":"PropertyValueSpecification","valueRequired":true,"valueName":"search_term_string"}}],"inLanguage":"pt-BR"},{"@type":"Organization","@id":"https:\/\/www.travel3.com.br\/site\/#organization","name":"Travel3","url":"https:\/\/www.travel3.com.br\/site\/","logo":{"@type":"ImageObject","inLanguage":"pt-BR","@id":"https:\/\/www.travel3.com.br\/site\/#\/schema\/logo\/image\/","url":"https:\/\/www.travel3.com.br\/site\/wp-content\/uploads\/2020\/01\/logo-travel3-2020.png","contentUrl":"https:\/\/www.travel3.com.br\/site\/wp-content\/uploads\/2020\/01\/logo-travel3-2020.png","width":232,"height":79,"caption":"Travel3"},"image":{"@id":"https:\/\/www.travel3.com.br\/site\/#\/schema\/logo\/image\/"},"sameAs":["https:\/\/www.facebook.com\/travel3media\/","https:\/\/www.instagram.com\/revistatravel3\/","https:\/\/www.youtube.com\/channel\/UCno7J4paGBR3VbZQzvoJ9Eg"]},{"@type":"Person","@id":"https:\/\/www.travel3.com.br\/site\/#\/schema\/person\/a69d71e41a024999b6ab82369ac0bd1e","name":"admin","image":{"@type":"ImageObject","inLanguage":"pt-BR","@id":"https:\/\/www.travel3.com.br\/site\/#\/schema\/person\/image\/","url":"https:\/\/secure.gravatar.com\/avatar\/732a67adfd764da2a47ba10ce731c4c0?s=96&d=mm&r=g","contentUrl":"https:\/\/secure.gravatar.com\/avatar\/732a67adfd764da2a47ba10ce731c4c0?s=96&d=mm&r=g","caption":"admin"},"url":"https:\/\/www.travel3.com.br\/site\/author\/admin\/"}]}},"_links":{"self":[{"href":"https:\/\/www.travel3.com.br\/site\/wp-json\/wp\/v2\/posts\/1666","targetHints":{"allow":["GET"]}}],"collection":[{"href":"https:\/\/www.travel3.com.br\/site\/wp-json\/wp\/v2\/posts"}],"about":[{"href":"https:\/\/www.travel3.com.br\/site\/wp-json\/wp\/v2\/types\/post"}],"author":[{"embeddable":true,"href":"https:\/\/www.travel3.com.br\/site\/wp-json\/wp\/v2\/users\/1"}],"replies":[{"embeddable":true,"href":"https:\/\/www.travel3.com.br\/site\/wp-json\/wp\/v2\/comments?post=1666"}],"version-history":[{"count":0,"href":"https:\/\/www.travel3.com.br\/site\/wp-json\/wp\/v2\/posts\/1666\/revisions"}],"wp:attachment":[{"href":"https:\/\/www.travel3.com.br\/site\/wp-json\/wp\/v2\/media?parent=1666"}],"wp:term":[{"taxonomy":"category","embeddable":true,"href":"https:\/\/www.travel3.com.br\/site\/wp-json\/wp\/v2\/categories?post=1666"},{"taxonomy":"post_tag","embeddable":true,"href":"https:\/\/www.travel3.com.br\/site\/wp-json\/wp\/v2\/tags?post=1666"}],"curies":[{"name":"wp","href":"https:\/\/api.w.org\/{rel}","templated":true}]}}