{"id":1595,"date":"2017-08-21T09:48:42","date_gmt":"2017-08-21T09:48:42","guid":{"rendered":"http:\/\/www.travel3.com.br\/site\/ir-e-vir\/ar\/olharecife-promove-passeio-para-pesquisadores-do-brasil-e-exterior\/"},"modified":"2017-08-21T09:48:42","modified_gmt":"2017-08-21T09:48:42","slug":"olharecife-promove-passeio-para-pesquisadores-do-brasil-e-exterior","status":"publish","type":"post","link":"https:\/\/www.travel3.com.br\/site\/sem-categoria\/olharecife-promove-passeio-para-pesquisadores-do-brasil-e-exterior\/","title":{"rendered":"&apos;OLHA!RECIFE&apos; PROMOVE PASSEIO PARA PESQUISADORES DO BRASIL E EXTERIOR"},"content":{"rendered":"<p><span style=\"color: #40acad; font-family: -apple-system, system-ui, 'Segoe UI', Roboto, Oxygen-Sans, Ubuntu, Cantarell, 'Helvetica Neue', sans-serif; font-size: 12px; font-weight: bold;\"><\/p>\n<p style=\"text-align:justify\">Um grupo de 60 professores e pesquisadores do Brasil e exterior, vindos da Espanha, Austr\u00e1lia, Holanda e Estados Unidos, participaram na tarde desta quarta (7), \u00a0de um passeio tur\u00edstico no Bairro do Recife, \u00a0promovido pela Secretaria de Turismo, Esporte e Lazer, dentro do projeto Olha!Recife.<\/p>\n<p style=\"text-align:justify\">O evento encerrou oficialmente a programa\u00e7\u00e3o da 1\u00aa Confer\u00eancia Atlas das Am\u00e9ricas, \u00a0que come\u00e7ou na segunda-feira (05) no campus da Universidade Federal-PE, na Cidade Universit\u00e1ria, e reuniu mais de 100 pesquisadores nacionais e internacionais ligados as \u00e1reas de turismo e hotelaria.<\/p>\n<p style=\"text-align:justify\">Esta foi \u00a0a primeira vez que uma confer\u00eancia do Atlas acontece fora da Europa. \u201cA capta\u00e7\u00e3o do evento foi fruto de uma articula\u00e7\u00e3o da UFPE com entidades tur\u00edsticas pernambucanas e contou com apoio da Prefeitura do Recife\u201d,informou Br\u00e1ulio Moura, gerente de projetos tur\u00edsticos da secretaria municipal de turismo da capital pernambucana. \u201cA capta\u00e7\u00e3o do evento foi fruto de uma articula\u00e7\u00e3o da \u00a0Universidade Federal com entidades tur\u00edsticas pernambucanas e contou com apoio da Prefeitura do Recife\u201d, informou.<\/p>\n<p style=\"text-align:justify\">As articula\u00e7\u00f5es come\u00e7aram em 2015 durante o evento em Lisboa, e Recife levou a melhor sobre o Rio de Janeiro e Brasilia, com a preponder\u00e2ncia do aspecto cultural. O tema do evento foi \u201cTurismo e Criatividade\u201d, com novas oportunidades para o desenvolvimento tur\u00edstico na Am\u00e9rica Latina.<\/p>\n<p style=\"text-align:justify\"><a class=\"fancybox-media\" href=\"..\/_uploads\/_noticia\/2017-06\/070617---olha-recife---sinagoga---foto-marcos-pastich-pcr--4-.jpg\" rel=\"portfolio\"><img decoding=\"async\" alt=\"\" src=\"..\/_uploads\/_noticia\/2017-06\/070617---olha-recife---sinagoga---foto-marcos-pastich-pcr--4-.jpg\" \/><\/a> Os visitantes puderam conhecer a 1\u00aa \u00a0sinagoga das Am\u00e9ricas, a Kahal Zur Israel, que mereceu ampla aten\u00e7\u00e3o or suas caracter\u00edsticas.<\/p>\n<p style=\"text-align:justify\"><a class=\"fancybox-media\" href=\"..\/_uploads\/_noticia\/2017-06\/070617--cais-do-sertao---olha-recife---foto-marcos-pastich-pcr--36-.jpg\" rel=\"portfolio\"><img decoding=\"async\" alt=\"\" src=\"..\/_uploads\/_noticia\/2017-06\/070617--cais-do-sertao---olha-recife---foto-marcos-pastich-pcr--36-.jpg\" \/><\/a> Foram visitados tamb\u00e9m o museu Cais do Sert\u00e3o e o Pa\u00e7o do Frevo, al\u00e9m do Marco Zero e toda riqueza arquitet\u00f4nica do Recife Antigo.<\/p>\n<p style=\"text-align:justify\">De acordo com Br\u00e1ulio Moura, gerente de Projetos Tur\u00edsticos da Secretaria de Turismo, Esporte e Lazer do Recife, essa \u00e9 a primeira vez que uma confer\u00eancia do Atlas acontece fora da Europa. \u201cA capta\u00e7\u00e3o do evento foi fruto de uma articula\u00e7\u00e3o da UFPE com entidades tur\u00edsticas pernambucanas e contou com apoio da Prefeitura do Recife\u201d, revelou.<\/p>\n<p style=\"text-align:justify\"><a class=\"fancybox-media\" href=\"..\/_uploads\/_noticia\/2017-06\/070617--cais-do-sertao---olha-recife---foto-marcos-pastich-pcr--37-.jpg\" rel=\"portfolio\"><img decoding=\"async\" alt=\"\" src=\"..\/_uploads\/_noticia\/2017-06\/070617--cais-do-sertao---olha-recife---foto-marcos-pastich-pcr--37-.jpg\" \/><\/a> Durante a visita ao Cais do Sert\u00e3o, a professora Marisa de Brito, da Universidade de Ci\u00eancias Aplicadas de Brenda, na Holanda, \u00a0afirmou sobre a import\u00e2ncia do 1\u00ba Atlas das Am\u00e9ricas fora da Europa. \u201c\u00c9 com certeza um evento hist\u00f3rico e coloca em pr\u00e1tica alguns objetivos importantes do Atlas, como dar voz aos pesquisadores da Am\u00e9rica Latina, visando aumentar o fluxo tur\u00edstico entre as Am\u00e9ricas e os pa\u00edses europeus\u201d.\u00a0<\/p>\n<p style=\"text-align:justify\"><a class=\"fancybox-media\" href=\"..\/_uploads\/_noticia\/2017-06\/070617---olha-recife--bom-jesus---foto-marcos-pastich-pcr--31---1-.jpg\" rel=\"portfolio\"><img decoding=\"async\" alt=\"\" src=\"..\/_uploads\/_noticia\/2017-06\/070617---olha-recife--bom-jesus---foto-marcos-pastich-pcr--31---1-.jpg\" \/><\/a> (<em>Fotos\/Marcos \/ Marcos Pastich\/PCR Divulga\u00e7\u00e3o\/)<\/em><\/p>\n<p style=\"text-align:justify\">\u00a0<\/p>\n<p style=\"text-align:justify\">&#8212;\u00a0<\/p>\n<p>\u00a0<\/p>\n<p>\u00a0<\/p>\n<p>\u00a0<\/p>\n<p>\u00a0<\/p>\n<p><\/span><\/p>\n","protected":false},"excerpt":{"rendered":"<p>Recife Antigo atraiu a aten\u00e7\u00e3o geral dos profissionais de ensino e cultura que estiveram na Confer\u00eancia Atlas das Am\u00e9ricas<\/p>\n","protected":false},"author":1,"featured_media":0,"comment_status":"open","ping_status":"open","sticky":false,"template":"","format":"standard","meta":{"footnotes":""},"categories":[],"tags":[],"class_list":["post-1595","post","type-post","status-publish","format-standard","hentry"],"yoast_head":"<!-- This site is optimized with the Yoast SEO plugin v26.2 - https:\/\/yoast.com\/wordpress\/plugins\/seo\/ -->\n<title>&amp;apos;OLHA!RECIFE&amp;apos; PROMOVE PASSEIO PARA PESQUISADORES DO BRASIL E EXTERIOR - Travel3<\/title>\n<meta name=\"description\" content=\"A TRAVEL3 \u00e9 um portal de conte\u00fado voltado para o turismo, encontre destinos, viagens, hospedagem, passagens, guias, not\u00edcias sobre o mercado do turismo, dicas de viagem, v\u00eddeos e podcast.\" \/>\n<meta name=\"robots\" content=\"index, follow, max-snippet:-1, max-image-preview:large, max-video-preview:-1\" \/>\n<link rel=\"canonical\" href=\"https:\/\/www.travel3.com.br\/site\/sem-categoria\/olharecife-promove-passeio-para-pesquisadores-do-brasil-e-exterior\/\" \/>\n<meta property=\"og:locale\" content=\"pt_BR\" \/>\n<meta property=\"og:type\" content=\"article\" \/>\n<meta property=\"og:title\" content=\"&amp;apos;OLHA!RECIFE&amp;apos; PROMOVE PASSEIO PARA PESQUISADORES DO BRASIL E EXTERIOR - Travel3\" \/>\n<meta property=\"og:description\" content=\"A TRAVEL3 \u00e9 um portal de conte\u00fado voltado para o turismo, encontre destinos, viagens, hospedagem, passagens, guias, not\u00edcias sobre o mercado do turismo, dicas de viagem, v\u00eddeos e podcast.\" \/>\n<meta property=\"og:url\" content=\"https:\/\/www.travel3.com.br\/site\/sem-categoria\/olharecife-promove-passeio-para-pesquisadores-do-brasil-e-exterior\/\" \/>\n<meta property=\"og:site_name\" content=\"Travel3\" \/>\n<meta property=\"article:publisher\" content=\"https:\/\/www.facebook.com\/travel3media\/\" \/>\n<meta property=\"article:published_time\" content=\"2017-08-21T09:48:42+00:00\" \/>\n<meta name=\"author\" content=\"admin\" \/>\n<meta name=\"twitter:card\" content=\"summary_large_image\" \/>\n<meta name=\"twitter:label1\" content=\"Escrito por\" \/>\n\t<meta name=\"twitter:data1\" content=\"admin\" \/>\n\t<meta name=\"twitter:label2\" content=\"Est. tempo de leitura\" \/>\n\t<meta name=\"twitter:data2\" content=\"2 minutos\" \/>\n<script type=\"application\/ld+json\" class=\"yoast-schema-graph\">{\"@context\":\"https:\/\/schema.org\",\"@graph\":[{\"@type\":\"Article\",\"@id\":\"https:\/\/www.travel3.com.br\/site\/sem-categoria\/olharecife-promove-passeio-para-pesquisadores-do-brasil-e-exterior\/#article\",\"isPartOf\":{\"@id\":\"https:\/\/www.travel3.com.br\/site\/sem-categoria\/olharecife-promove-passeio-para-pesquisadores-do-brasil-e-exterior\/\"},\"author\":{\"name\":\"admin\",\"@id\":\"https:\/\/www.travel3.com.br\/site\/#\/schema\/person\/a69d71e41a024999b6ab82369ac0bd1e\"},\"headline\":\"&apos;OLHA!RECIFE&apos; PROMOVE PASSEIO PARA PESQUISADORES DO BRASIL E EXTERIOR\",\"datePublished\":\"2017-08-21T09:48:42+00:00\",\"mainEntityOfPage\":{\"@id\":\"https:\/\/www.travel3.com.br\/site\/sem-categoria\/olharecife-promove-passeio-para-pesquisadores-do-brasil-e-exterior\/\"},\"wordCount\":433,\"commentCount\":0,\"publisher\":{\"@id\":\"https:\/\/www.travel3.com.br\/site\/#organization\"},\"inLanguage\":\"pt-BR\",\"potentialAction\":[{\"@type\":\"CommentAction\",\"name\":\"Comment\",\"target\":[\"https:\/\/www.travel3.com.br\/site\/sem-categoria\/olharecife-promove-passeio-para-pesquisadores-do-brasil-e-exterior\/#respond\"]}]},{\"@type\":\"WebPage\",\"@id\":\"https:\/\/www.travel3.com.br\/site\/sem-categoria\/olharecife-promove-passeio-para-pesquisadores-do-brasil-e-exterior\/\",\"url\":\"https:\/\/www.travel3.com.br\/site\/sem-categoria\/olharecife-promove-passeio-para-pesquisadores-do-brasil-e-exterior\/\",\"name\":\"&apos;OLHA!RECIFE&apos; PROMOVE PASSEIO PARA PESQUISADORES DO BRASIL E EXTERIOR - Travel3\",\"isPartOf\":{\"@id\":\"https:\/\/www.travel3.com.br\/site\/#website\"},\"datePublished\":\"2017-08-21T09:48:42+00:00\",\"description\":\"A TRAVEL3 \u00e9 um portal de conte\u00fado voltado para o turismo, encontre destinos, viagens, hospedagem, passagens, guias, not\u00edcias sobre o mercado do turismo, dicas de viagem, v\u00eddeos e podcast.\",\"breadcrumb\":{\"@id\":\"https:\/\/www.travel3.com.br\/site\/sem-categoria\/olharecife-promove-passeio-para-pesquisadores-do-brasil-e-exterior\/#breadcrumb\"},\"inLanguage\":\"pt-BR\",\"potentialAction\":[{\"@type\":\"ReadAction\",\"target\":[\"https:\/\/www.travel3.com.br\/site\/sem-categoria\/olharecife-promove-passeio-para-pesquisadores-do-brasil-e-exterior\/\"]}]},{\"@type\":\"BreadcrumbList\",\"@id\":\"https:\/\/www.travel3.com.br\/site\/sem-categoria\/olharecife-promove-passeio-para-pesquisadores-do-brasil-e-exterior\/#breadcrumb\",\"itemListElement\":[{\"@type\":\"ListItem\",\"position\":1,\"name\":\"In\u00edcio\",\"item\":\"https:\/\/www.travel3.com.br\/site\/\"},{\"@type\":\"ListItem\",\"position\":2,\"name\":\"&apos;OLHA!RECIFE&apos; PROMOVE PASSEIO PARA PESQUISADORES DO BRASIL E EXTERIOR\"}]},{\"@type\":\"WebSite\",\"@id\":\"https:\/\/www.travel3.com.br\/site\/#website\",\"url\":\"https:\/\/www.travel3.com.br\/site\/\",\"name\":\"Travel3\",\"description\":\"Lazer + Neg&oacute;cios + Aventura\",\"publisher\":{\"@id\":\"https:\/\/www.travel3.com.br\/site\/#organization\"},\"potentialAction\":[{\"@type\":\"SearchAction\",\"target\":{\"@type\":\"EntryPoint\",\"urlTemplate\":\"https:\/\/www.travel3.com.br\/site\/?s={search_term_string}\"},\"query-input\":{\"@type\":\"PropertyValueSpecification\",\"valueRequired\":true,\"valueName\":\"search_term_string\"}}],\"inLanguage\":\"pt-BR\"},{\"@type\":\"Organization\",\"@id\":\"https:\/\/www.travel3.com.br\/site\/#organization\",\"name\":\"Travel3\",\"url\":\"https:\/\/www.travel3.com.br\/site\/\",\"logo\":{\"@type\":\"ImageObject\",\"inLanguage\":\"pt-BR\",\"@id\":\"https:\/\/www.travel3.com.br\/site\/#\/schema\/logo\/image\/\",\"url\":\"https:\/\/www.travel3.com.br\/site\/wp-content\/uploads\/2020\/01\/logo-travel3-2020.png\",\"contentUrl\":\"https:\/\/www.travel3.com.br\/site\/wp-content\/uploads\/2020\/01\/logo-travel3-2020.png\",\"width\":232,\"height\":79,\"caption\":\"Travel3\"},\"image\":{\"@id\":\"https:\/\/www.travel3.com.br\/site\/#\/schema\/logo\/image\/\"},\"sameAs\":[\"https:\/\/www.facebook.com\/travel3media\/\",\"https:\/\/www.instagram.com\/revistatravel3\/\",\"https:\/\/www.youtube.com\/channel\/UCno7J4paGBR3VbZQzvoJ9Eg\"]},{\"@type\":\"Person\",\"@id\":\"https:\/\/www.travel3.com.br\/site\/#\/schema\/person\/a69d71e41a024999b6ab82369ac0bd1e\",\"name\":\"admin\",\"image\":{\"@type\":\"ImageObject\",\"inLanguage\":\"pt-BR\",\"@id\":\"https:\/\/www.travel3.com.br\/site\/#\/schema\/person\/image\/\",\"url\":\"https:\/\/secure.gravatar.com\/avatar\/732a67adfd764da2a47ba10ce731c4c0?s=96&d=mm&r=g\",\"contentUrl\":\"https:\/\/secure.gravatar.com\/avatar\/732a67adfd764da2a47ba10ce731c4c0?s=96&d=mm&r=g\",\"caption\":\"admin\"},\"url\":\"https:\/\/www.travel3.com.br\/site\/author\/admin\/\"}]}<\/script>\n<!-- \/ Yoast SEO plugin. -->","yoast_head_json":{"title":"&apos;OLHA!RECIFE&apos; PROMOVE PASSEIO PARA PESQUISADORES DO BRASIL E EXTERIOR - Travel3","description":"A TRAVEL3 \u00e9 um portal de conte\u00fado voltado para o turismo, encontre destinos, viagens, hospedagem, passagens, guias, not\u00edcias sobre o mercado do turismo, dicas de viagem, v\u00eddeos e podcast.","robots":{"index":"index","follow":"follow","max-snippet":"max-snippet:-1","max-image-preview":"max-image-preview:large","max-video-preview":"max-video-preview:-1"},"canonical":"https:\/\/www.travel3.com.br\/site\/sem-categoria\/olharecife-promove-passeio-para-pesquisadores-do-brasil-e-exterior\/","og_locale":"pt_BR","og_type":"article","og_title":"&apos;OLHA!RECIFE&apos; PROMOVE PASSEIO PARA PESQUISADORES DO BRASIL E EXTERIOR - Travel3","og_description":"A TRAVEL3 \u00e9 um portal de conte\u00fado voltado para o turismo, encontre destinos, viagens, hospedagem, passagens, guias, not\u00edcias sobre o mercado do turismo, dicas de viagem, v\u00eddeos e podcast.","og_url":"https:\/\/www.travel3.com.br\/site\/sem-categoria\/olharecife-promove-passeio-para-pesquisadores-do-brasil-e-exterior\/","og_site_name":"Travel3","article_publisher":"https:\/\/www.facebook.com\/travel3media\/","article_published_time":"2017-08-21T09:48:42+00:00","author":"admin","twitter_card":"summary_large_image","twitter_misc":{"Escrito por":"admin","Est. tempo de leitura":"2 minutos"},"schema":{"@context":"https:\/\/schema.org","@graph":[{"@type":"Article","@id":"https:\/\/www.travel3.com.br\/site\/sem-categoria\/olharecife-promove-passeio-para-pesquisadores-do-brasil-e-exterior\/#article","isPartOf":{"@id":"https:\/\/www.travel3.com.br\/site\/sem-categoria\/olharecife-promove-passeio-para-pesquisadores-do-brasil-e-exterior\/"},"author":{"name":"admin","@id":"https:\/\/www.travel3.com.br\/site\/#\/schema\/person\/a69d71e41a024999b6ab82369ac0bd1e"},"headline":"&apos;OLHA!RECIFE&apos; PROMOVE PASSEIO PARA PESQUISADORES DO BRASIL E EXTERIOR","datePublished":"2017-08-21T09:48:42+00:00","mainEntityOfPage":{"@id":"https:\/\/www.travel3.com.br\/site\/sem-categoria\/olharecife-promove-passeio-para-pesquisadores-do-brasil-e-exterior\/"},"wordCount":433,"commentCount":0,"publisher":{"@id":"https:\/\/www.travel3.com.br\/site\/#organization"},"inLanguage":"pt-BR","potentialAction":[{"@type":"CommentAction","name":"Comment","target":["https:\/\/www.travel3.com.br\/site\/sem-categoria\/olharecife-promove-passeio-para-pesquisadores-do-brasil-e-exterior\/#respond"]}]},{"@type":"WebPage","@id":"https:\/\/www.travel3.com.br\/site\/sem-categoria\/olharecife-promove-passeio-para-pesquisadores-do-brasil-e-exterior\/","url":"https:\/\/www.travel3.com.br\/site\/sem-categoria\/olharecife-promove-passeio-para-pesquisadores-do-brasil-e-exterior\/","name":"&apos;OLHA!RECIFE&apos; PROMOVE PASSEIO PARA PESQUISADORES DO BRASIL E EXTERIOR - Travel3","isPartOf":{"@id":"https:\/\/www.travel3.com.br\/site\/#website"},"datePublished":"2017-08-21T09:48:42+00:00","description":"A TRAVEL3 \u00e9 um portal de conte\u00fado voltado para o turismo, encontre destinos, viagens, hospedagem, passagens, guias, not\u00edcias sobre o mercado do turismo, dicas de viagem, v\u00eddeos e podcast.","breadcrumb":{"@id":"https:\/\/www.travel3.com.br\/site\/sem-categoria\/olharecife-promove-passeio-para-pesquisadores-do-brasil-e-exterior\/#breadcrumb"},"inLanguage":"pt-BR","potentialAction":[{"@type":"ReadAction","target":["https:\/\/www.travel3.com.br\/site\/sem-categoria\/olharecife-promove-passeio-para-pesquisadores-do-brasil-e-exterior\/"]}]},{"@type":"BreadcrumbList","@id":"https:\/\/www.travel3.com.br\/site\/sem-categoria\/olharecife-promove-passeio-para-pesquisadores-do-brasil-e-exterior\/#breadcrumb","itemListElement":[{"@type":"ListItem","position":1,"name":"In\u00edcio","item":"https:\/\/www.travel3.com.br\/site\/"},{"@type":"ListItem","position":2,"name":"&apos;OLHA!RECIFE&apos; PROMOVE PASSEIO PARA PESQUISADORES DO BRASIL E EXTERIOR"}]},{"@type":"WebSite","@id":"https:\/\/www.travel3.com.br\/site\/#website","url":"https:\/\/www.travel3.com.br\/site\/","name":"Travel3","description":"Lazer + Neg&oacute;cios + Aventura","publisher":{"@id":"https:\/\/www.travel3.com.br\/site\/#organization"},"potentialAction":[{"@type":"SearchAction","target":{"@type":"EntryPoint","urlTemplate":"https:\/\/www.travel3.com.br\/site\/?s={search_term_string}"},"query-input":{"@type":"PropertyValueSpecification","valueRequired":true,"valueName":"search_term_string"}}],"inLanguage":"pt-BR"},{"@type":"Organization","@id":"https:\/\/www.travel3.com.br\/site\/#organization","name":"Travel3","url":"https:\/\/www.travel3.com.br\/site\/","logo":{"@type":"ImageObject","inLanguage":"pt-BR","@id":"https:\/\/www.travel3.com.br\/site\/#\/schema\/logo\/image\/","url":"https:\/\/www.travel3.com.br\/site\/wp-content\/uploads\/2020\/01\/logo-travel3-2020.png","contentUrl":"https:\/\/www.travel3.com.br\/site\/wp-content\/uploads\/2020\/01\/logo-travel3-2020.png","width":232,"height":79,"caption":"Travel3"},"image":{"@id":"https:\/\/www.travel3.com.br\/site\/#\/schema\/logo\/image\/"},"sameAs":["https:\/\/www.facebook.com\/travel3media\/","https:\/\/www.instagram.com\/revistatravel3\/","https:\/\/www.youtube.com\/channel\/UCno7J4paGBR3VbZQzvoJ9Eg"]},{"@type":"Person","@id":"https:\/\/www.travel3.com.br\/site\/#\/schema\/person\/a69d71e41a024999b6ab82369ac0bd1e","name":"admin","image":{"@type":"ImageObject","inLanguage":"pt-BR","@id":"https:\/\/www.travel3.com.br\/site\/#\/schema\/person\/image\/","url":"https:\/\/secure.gravatar.com\/avatar\/732a67adfd764da2a47ba10ce731c4c0?s=96&d=mm&r=g","contentUrl":"https:\/\/secure.gravatar.com\/avatar\/732a67adfd764da2a47ba10ce731c4c0?s=96&d=mm&r=g","caption":"admin"},"url":"https:\/\/www.travel3.com.br\/site\/author\/admin\/"}]}},"_links":{"self":[{"href":"https:\/\/www.travel3.com.br\/site\/wp-json\/wp\/v2\/posts\/1595","targetHints":{"allow":["GET"]}}],"collection":[{"href":"https:\/\/www.travel3.com.br\/site\/wp-json\/wp\/v2\/posts"}],"about":[{"href":"https:\/\/www.travel3.com.br\/site\/wp-json\/wp\/v2\/types\/post"}],"author":[{"embeddable":true,"href":"https:\/\/www.travel3.com.br\/site\/wp-json\/wp\/v2\/users\/1"}],"replies":[{"embeddable":true,"href":"https:\/\/www.travel3.com.br\/site\/wp-json\/wp\/v2\/comments?post=1595"}],"version-history":[{"count":0,"href":"https:\/\/www.travel3.com.br\/site\/wp-json\/wp\/v2\/posts\/1595\/revisions"}],"wp:attachment":[{"href":"https:\/\/www.travel3.com.br\/site\/wp-json\/wp\/v2\/media?parent=1595"}],"wp:term":[{"taxonomy":"category","embeddable":true,"href":"https:\/\/www.travel3.com.br\/site\/wp-json\/wp\/v2\/categories?post=1595"},{"taxonomy":"post_tag","embeddable":true,"href":"https:\/\/www.travel3.com.br\/site\/wp-json\/wp\/v2\/tags?post=1595"}],"curies":[{"name":"wp","href":"https:\/\/api.w.org\/{rel}","templated":true}]}}