{"id":1583,"date":"2017-09-05T14:18:35","date_gmt":"2017-09-05T14:18:35","guid":{"rendered":"http:\/\/www.travel3.com.br\/site\/ir-e-vir\/ar\/bntm-a-feira-do-nordeste-ja-foi-a-mais-animada-hoje-e-a-mais-discreta\/"},"modified":"2017-09-05T14:18:35","modified_gmt":"2017-09-05T14:18:35","slug":"bntm-a-feira-do-nordeste-ja-foi-a-mais-animada-hoje-e-a-mais-discreta","status":"publish","type":"post","link":"https:\/\/www.travel3.com.br\/site\/sem-categoria\/bntm-a-feira-do-nordeste-ja-foi-a-mais-animada-hoje-e-a-mais-discreta\/","title":{"rendered":"BNTM, A FEIRA DO NORDESTE,  J\u00c1 FOI A MAIS ANIMADA,  HOJE \u00c9 A MAIS DISCRETA"},"content":{"rendered":"<p><span style=\"color: #40acad; font-family: -apple-system, system-ui, 'Segoe UI', Roboto, Oxygen-Sans, Ubuntu, Cantarell, 'Helvetica Neue', sans-serif; font-size: 12px; font-weight: bold;\"><\/p>\n<p style=\"text-align:justify\">A capital baiana recebe a partir desta quinta-feira (08), a\u00a025\u00aa Brazil National Tourism Mart (BNTM). Organizado pela Comiss\u00e3o de Turismo Integrado do Nordeste (CTI-NE), o encontro que vai at\u00e9 s\u00e1bado (10) re\u00fane os estados do Nordeste, hotelaria, operadoras, \u00a0membros do mercado internacional e o intuito de serem gerados neg\u00f3cios e parcerias comerciais.<\/p>\n<p style=\"text-align:justify\">Ao longo deste quarto de s\u00e9culo, a feira da BNTM que j\u00e1 rodou por todos os nove estados nordestinos, foi uma das mais importantes no cen\u00e1rio de mercado com o objetivo da venda do destino \u2013 a regi\u00e3o como um todo \u2013 para o mercado exterior. Desta vez, esta muito discreta, sem contar que quase n\u00e3o se confirmou a sua realiza\u00e7\u00e3o.<\/p>\n<p style=\"text-align:justify\">Para que se tenha uma id\u00e9ia real, a imprensa baiana, sempre t\u00e3o \u00e1vida pelos assuntos relacionados ao turismo em geral, especialmente os da \u2018Boa Terra\u2019, praticamente ignorou o inicio da BNTM no dia de hoje.<\/p>\n<p style=\"text-align:justify\">Apoiado pelo Minist\u00e9rio do Turismo, o evento \u00e9 uma oportunidade de desenvolvimento. A BNTM \u00e9 realizada desde 1992 e \u00a0em seus melhores tempos, as pesquisas coordenadas pela Funda\u00e7\u00e3o CTI-NE indicam que, a cada edi\u00e7\u00e3o, o turismo no nordeste cresce de 8 a 10%. Para o estado que sedia, esse percentual pode chegar a 14%.\u00a0<\/p>\n<p style=\"text-align:justify\">Praia, sol e mar, ecoturismo, aventura, hist\u00f3ria, cultura e gastronomia, \u00a0s\u00e3o v\u00e1rios motivos que intensificam o fluxo tur\u00edstico\u201d, renova o indicativo o secret\u00e1rio de turismo da Bahia, Jos\u00e9 Alves, anfitri\u00e3o deste a edi\u00e7\u00e3o que re\u00fane players de 20 paises, a maioria da Am\u00e9rica do Sul.<\/p>\n<p style=\"text-align:justify\"><a class=\"fancybox-media\" href=\"..\/_uploads\/_noticia\/2017-06\/salvadorpelourinhovisual.jpg\" rel=\"portfolio\"><img decoding=\"async\" alt=\"\" src=\"..\/_uploads\/_noticia\/2017-06\/salvadorpelourinhovisual.jpg\" \/><\/a> A programa\u00e7\u00e3o desta quinta teve muitos passeios durante todo o dia, praticamente dedicada aos buyers, com percurso pelos tesouros da Costa de Itapu\u00e3, depois do almo\u00e7o t\u00edpico, roteiro pelo centro hist\u00f3rico da Barra, o Pelourinho (<em>foto<\/em>) e Rio Vermelho e a abertura oficial \u00e0 noite, no Solar do Unh\u00e3o.<\/p>\n<p style=\"text-align:justify\">A BNTM deste ano tem o apoio das companhias a\u00e9reas Avianca, Aerolineas Argentinas e Air Europa.<\/p>\n<p style=\"text-align:justify\">\u00a0<\/p>\n<p>\u00a0<\/p>\n<p><\/span><\/p>\n","protected":false},"excerpt":{"rendered":"<p>25\u00aa.edi\u00e7\u00e3o da Brazil National Tourism Mart acontece em Salvador e n\u00e3o tem um grande impacto de participa\u00e7\u00e3o<\/p>\n","protected":false},"author":1,"featured_media":0,"comment_status":"open","ping_status":"open","sticky":false,"template":"","format":"standard","meta":{"footnotes":""},"categories":[],"tags":[],"class_list":["post-1583","post","type-post","status-publish","format-standard","hentry"],"yoast_head":"<!-- This site is optimized with the Yoast SEO plugin v26.2 - https:\/\/yoast.com\/wordpress\/plugins\/seo\/ -->\n<title>BNTM, A FEIRA DO NORDESTE, J\u00c1 FOI A MAIS ANIMADA, HOJE \u00c9 A MAIS DISCRETA - Travel3<\/title>\n<meta name=\"description\" content=\"A TRAVEL3 \u00e9 um portal de conte\u00fado voltado para o turismo, encontre destinos, viagens, hospedagem, passagens, guias, not\u00edcias sobre o mercado do turismo, dicas de viagem, v\u00eddeos e podcast.\" \/>\n<meta name=\"robots\" content=\"index, follow, max-snippet:-1, max-image-preview:large, max-video-preview:-1\" \/>\n<link rel=\"canonical\" href=\"https:\/\/www.travel3.com.br\/site\/sem-categoria\/bntm-a-feira-do-nordeste-ja-foi-a-mais-animada-hoje-e-a-mais-discreta\/\" \/>\n<meta property=\"og:locale\" content=\"pt_BR\" \/>\n<meta property=\"og:type\" content=\"article\" \/>\n<meta property=\"og:title\" content=\"BNTM, A FEIRA DO NORDESTE, J\u00c1 FOI A MAIS ANIMADA, HOJE \u00c9 A MAIS DISCRETA - Travel3\" \/>\n<meta property=\"og:description\" content=\"A TRAVEL3 \u00e9 um portal de conte\u00fado voltado para o turismo, encontre destinos, viagens, hospedagem, passagens, guias, not\u00edcias sobre o mercado do turismo, dicas de viagem, v\u00eddeos e podcast.\" \/>\n<meta property=\"og:url\" content=\"https:\/\/www.travel3.com.br\/site\/sem-categoria\/bntm-a-feira-do-nordeste-ja-foi-a-mais-animada-hoje-e-a-mais-discreta\/\" \/>\n<meta property=\"og:site_name\" content=\"Travel3\" \/>\n<meta property=\"article:publisher\" content=\"https:\/\/www.facebook.com\/travel3media\/\" \/>\n<meta property=\"article:published_time\" content=\"2017-09-05T14:18:35+00:00\" \/>\n<meta name=\"author\" content=\"admin\" \/>\n<meta name=\"twitter:card\" content=\"summary_large_image\" \/>\n<meta name=\"twitter:label1\" content=\"Escrito por\" \/>\n\t<meta name=\"twitter:data1\" content=\"admin\" \/>\n\t<meta name=\"twitter:label2\" content=\"Est. tempo de leitura\" \/>\n\t<meta name=\"twitter:data2\" content=\"2 minutos\" \/>\n<script type=\"application\/ld+json\" class=\"yoast-schema-graph\">{\"@context\":\"https:\/\/schema.org\",\"@graph\":[{\"@type\":\"Article\",\"@id\":\"https:\/\/www.travel3.com.br\/site\/sem-categoria\/bntm-a-feira-do-nordeste-ja-foi-a-mais-animada-hoje-e-a-mais-discreta\/#article\",\"isPartOf\":{\"@id\":\"https:\/\/www.travel3.com.br\/site\/sem-categoria\/bntm-a-feira-do-nordeste-ja-foi-a-mais-animada-hoje-e-a-mais-discreta\/\"},\"author\":{\"name\":\"admin\",\"@id\":\"https:\/\/www.travel3.com.br\/site\/#\/schema\/person\/a69d71e41a024999b6ab82369ac0bd1e\"},\"headline\":\"BNTM, A FEIRA DO NORDESTE, J\u00c1 FOI A MAIS ANIMADA, HOJE \u00c9 A MAIS DISCRETA\",\"datePublished\":\"2017-09-05T14:18:35+00:00\",\"mainEntityOfPage\":{\"@id\":\"https:\/\/www.travel3.com.br\/site\/sem-categoria\/bntm-a-feira-do-nordeste-ja-foi-a-mais-animada-hoje-e-a-mais-discreta\/\"},\"wordCount\":343,\"commentCount\":0,\"publisher\":{\"@id\":\"https:\/\/www.travel3.com.br\/site\/#organization\"},\"inLanguage\":\"pt-BR\",\"potentialAction\":[{\"@type\":\"CommentAction\",\"name\":\"Comment\",\"target\":[\"https:\/\/www.travel3.com.br\/site\/sem-categoria\/bntm-a-feira-do-nordeste-ja-foi-a-mais-animada-hoje-e-a-mais-discreta\/#respond\"]}]},{\"@type\":\"WebPage\",\"@id\":\"https:\/\/www.travel3.com.br\/site\/sem-categoria\/bntm-a-feira-do-nordeste-ja-foi-a-mais-animada-hoje-e-a-mais-discreta\/\",\"url\":\"https:\/\/www.travel3.com.br\/site\/sem-categoria\/bntm-a-feira-do-nordeste-ja-foi-a-mais-animada-hoje-e-a-mais-discreta\/\",\"name\":\"BNTM, A FEIRA DO NORDESTE, J\u00c1 FOI A MAIS ANIMADA, HOJE \u00c9 A MAIS DISCRETA - Travel3\",\"isPartOf\":{\"@id\":\"https:\/\/www.travel3.com.br\/site\/#website\"},\"datePublished\":\"2017-09-05T14:18:35+00:00\",\"description\":\"A TRAVEL3 \u00e9 um portal de conte\u00fado voltado para o turismo, encontre destinos, viagens, hospedagem, passagens, guias, not\u00edcias sobre o mercado do turismo, dicas de viagem, v\u00eddeos e podcast.\",\"breadcrumb\":{\"@id\":\"https:\/\/www.travel3.com.br\/site\/sem-categoria\/bntm-a-feira-do-nordeste-ja-foi-a-mais-animada-hoje-e-a-mais-discreta\/#breadcrumb\"},\"inLanguage\":\"pt-BR\",\"potentialAction\":[{\"@type\":\"ReadAction\",\"target\":[\"https:\/\/www.travel3.com.br\/site\/sem-categoria\/bntm-a-feira-do-nordeste-ja-foi-a-mais-animada-hoje-e-a-mais-discreta\/\"]}]},{\"@type\":\"BreadcrumbList\",\"@id\":\"https:\/\/www.travel3.com.br\/site\/sem-categoria\/bntm-a-feira-do-nordeste-ja-foi-a-mais-animada-hoje-e-a-mais-discreta\/#breadcrumb\",\"itemListElement\":[{\"@type\":\"ListItem\",\"position\":1,\"name\":\"In\u00edcio\",\"item\":\"https:\/\/www.travel3.com.br\/site\/\"},{\"@type\":\"ListItem\",\"position\":2,\"name\":\"BNTM, A FEIRA DO NORDESTE, J\u00c1 FOI A MAIS ANIMADA, HOJE \u00c9 A MAIS DISCRETA\"}]},{\"@type\":\"WebSite\",\"@id\":\"https:\/\/www.travel3.com.br\/site\/#website\",\"url\":\"https:\/\/www.travel3.com.br\/site\/\",\"name\":\"Travel3\",\"description\":\"Lazer + Neg&oacute;cios + Aventura\",\"publisher\":{\"@id\":\"https:\/\/www.travel3.com.br\/site\/#organization\"},\"potentialAction\":[{\"@type\":\"SearchAction\",\"target\":{\"@type\":\"EntryPoint\",\"urlTemplate\":\"https:\/\/www.travel3.com.br\/site\/?s={search_term_string}\"},\"query-input\":{\"@type\":\"PropertyValueSpecification\",\"valueRequired\":true,\"valueName\":\"search_term_string\"}}],\"inLanguage\":\"pt-BR\"},{\"@type\":\"Organization\",\"@id\":\"https:\/\/www.travel3.com.br\/site\/#organization\",\"name\":\"Travel3\",\"url\":\"https:\/\/www.travel3.com.br\/site\/\",\"logo\":{\"@type\":\"ImageObject\",\"inLanguage\":\"pt-BR\",\"@id\":\"https:\/\/www.travel3.com.br\/site\/#\/schema\/logo\/image\/\",\"url\":\"https:\/\/www.travel3.com.br\/site\/wp-content\/uploads\/2020\/01\/logo-travel3-2020.png\",\"contentUrl\":\"https:\/\/www.travel3.com.br\/site\/wp-content\/uploads\/2020\/01\/logo-travel3-2020.png\",\"width\":232,\"height\":79,\"caption\":\"Travel3\"},\"image\":{\"@id\":\"https:\/\/www.travel3.com.br\/site\/#\/schema\/logo\/image\/\"},\"sameAs\":[\"https:\/\/www.facebook.com\/travel3media\/\",\"https:\/\/www.instagram.com\/revistatravel3\/\",\"https:\/\/www.youtube.com\/channel\/UCno7J4paGBR3VbZQzvoJ9Eg\"]},{\"@type\":\"Person\",\"@id\":\"https:\/\/www.travel3.com.br\/site\/#\/schema\/person\/a69d71e41a024999b6ab82369ac0bd1e\",\"name\":\"admin\",\"image\":{\"@type\":\"ImageObject\",\"inLanguage\":\"pt-BR\",\"@id\":\"https:\/\/www.travel3.com.br\/site\/#\/schema\/person\/image\/\",\"url\":\"https:\/\/secure.gravatar.com\/avatar\/732a67adfd764da2a47ba10ce731c4c0?s=96&d=mm&r=g\",\"contentUrl\":\"https:\/\/secure.gravatar.com\/avatar\/732a67adfd764da2a47ba10ce731c4c0?s=96&d=mm&r=g\",\"caption\":\"admin\"},\"url\":\"https:\/\/www.travel3.com.br\/site\/author\/admin\/\"}]}<\/script>\n<!-- \/ Yoast SEO plugin. -->","yoast_head_json":{"title":"BNTM, A FEIRA DO NORDESTE, J\u00c1 FOI A MAIS ANIMADA, HOJE \u00c9 A MAIS DISCRETA - Travel3","description":"A TRAVEL3 \u00e9 um portal de conte\u00fado voltado para o turismo, encontre destinos, viagens, hospedagem, passagens, guias, not\u00edcias sobre o mercado do turismo, dicas de viagem, v\u00eddeos e podcast.","robots":{"index":"index","follow":"follow","max-snippet":"max-snippet:-1","max-image-preview":"max-image-preview:large","max-video-preview":"max-video-preview:-1"},"canonical":"https:\/\/www.travel3.com.br\/site\/sem-categoria\/bntm-a-feira-do-nordeste-ja-foi-a-mais-animada-hoje-e-a-mais-discreta\/","og_locale":"pt_BR","og_type":"article","og_title":"BNTM, A FEIRA DO NORDESTE, J\u00c1 FOI A MAIS ANIMADA, HOJE \u00c9 A MAIS DISCRETA - Travel3","og_description":"A TRAVEL3 \u00e9 um portal de conte\u00fado voltado para o turismo, encontre destinos, viagens, hospedagem, passagens, guias, not\u00edcias sobre o mercado do turismo, dicas de viagem, v\u00eddeos e podcast.","og_url":"https:\/\/www.travel3.com.br\/site\/sem-categoria\/bntm-a-feira-do-nordeste-ja-foi-a-mais-animada-hoje-e-a-mais-discreta\/","og_site_name":"Travel3","article_publisher":"https:\/\/www.facebook.com\/travel3media\/","article_published_time":"2017-09-05T14:18:35+00:00","author":"admin","twitter_card":"summary_large_image","twitter_misc":{"Escrito por":"admin","Est. tempo de leitura":"2 minutos"},"schema":{"@context":"https:\/\/schema.org","@graph":[{"@type":"Article","@id":"https:\/\/www.travel3.com.br\/site\/sem-categoria\/bntm-a-feira-do-nordeste-ja-foi-a-mais-animada-hoje-e-a-mais-discreta\/#article","isPartOf":{"@id":"https:\/\/www.travel3.com.br\/site\/sem-categoria\/bntm-a-feira-do-nordeste-ja-foi-a-mais-animada-hoje-e-a-mais-discreta\/"},"author":{"name":"admin","@id":"https:\/\/www.travel3.com.br\/site\/#\/schema\/person\/a69d71e41a024999b6ab82369ac0bd1e"},"headline":"BNTM, A FEIRA DO NORDESTE, J\u00c1 FOI A MAIS ANIMADA, HOJE \u00c9 A MAIS DISCRETA","datePublished":"2017-09-05T14:18:35+00:00","mainEntityOfPage":{"@id":"https:\/\/www.travel3.com.br\/site\/sem-categoria\/bntm-a-feira-do-nordeste-ja-foi-a-mais-animada-hoje-e-a-mais-discreta\/"},"wordCount":343,"commentCount":0,"publisher":{"@id":"https:\/\/www.travel3.com.br\/site\/#organization"},"inLanguage":"pt-BR","potentialAction":[{"@type":"CommentAction","name":"Comment","target":["https:\/\/www.travel3.com.br\/site\/sem-categoria\/bntm-a-feira-do-nordeste-ja-foi-a-mais-animada-hoje-e-a-mais-discreta\/#respond"]}]},{"@type":"WebPage","@id":"https:\/\/www.travel3.com.br\/site\/sem-categoria\/bntm-a-feira-do-nordeste-ja-foi-a-mais-animada-hoje-e-a-mais-discreta\/","url":"https:\/\/www.travel3.com.br\/site\/sem-categoria\/bntm-a-feira-do-nordeste-ja-foi-a-mais-animada-hoje-e-a-mais-discreta\/","name":"BNTM, A FEIRA DO NORDESTE, J\u00c1 FOI A MAIS ANIMADA, HOJE \u00c9 A MAIS DISCRETA - Travel3","isPartOf":{"@id":"https:\/\/www.travel3.com.br\/site\/#website"},"datePublished":"2017-09-05T14:18:35+00:00","description":"A TRAVEL3 \u00e9 um portal de conte\u00fado voltado para o turismo, encontre destinos, viagens, hospedagem, passagens, guias, not\u00edcias sobre o mercado do turismo, dicas de viagem, v\u00eddeos e podcast.","breadcrumb":{"@id":"https:\/\/www.travel3.com.br\/site\/sem-categoria\/bntm-a-feira-do-nordeste-ja-foi-a-mais-animada-hoje-e-a-mais-discreta\/#breadcrumb"},"inLanguage":"pt-BR","potentialAction":[{"@type":"ReadAction","target":["https:\/\/www.travel3.com.br\/site\/sem-categoria\/bntm-a-feira-do-nordeste-ja-foi-a-mais-animada-hoje-e-a-mais-discreta\/"]}]},{"@type":"BreadcrumbList","@id":"https:\/\/www.travel3.com.br\/site\/sem-categoria\/bntm-a-feira-do-nordeste-ja-foi-a-mais-animada-hoje-e-a-mais-discreta\/#breadcrumb","itemListElement":[{"@type":"ListItem","position":1,"name":"In\u00edcio","item":"https:\/\/www.travel3.com.br\/site\/"},{"@type":"ListItem","position":2,"name":"BNTM, A FEIRA DO NORDESTE, J\u00c1 FOI A MAIS ANIMADA, HOJE \u00c9 A MAIS DISCRETA"}]},{"@type":"WebSite","@id":"https:\/\/www.travel3.com.br\/site\/#website","url":"https:\/\/www.travel3.com.br\/site\/","name":"Travel3","description":"Lazer + Neg&oacute;cios + Aventura","publisher":{"@id":"https:\/\/www.travel3.com.br\/site\/#organization"},"potentialAction":[{"@type":"SearchAction","target":{"@type":"EntryPoint","urlTemplate":"https:\/\/www.travel3.com.br\/site\/?s={search_term_string}"},"query-input":{"@type":"PropertyValueSpecification","valueRequired":true,"valueName":"search_term_string"}}],"inLanguage":"pt-BR"},{"@type":"Organization","@id":"https:\/\/www.travel3.com.br\/site\/#organization","name":"Travel3","url":"https:\/\/www.travel3.com.br\/site\/","logo":{"@type":"ImageObject","inLanguage":"pt-BR","@id":"https:\/\/www.travel3.com.br\/site\/#\/schema\/logo\/image\/","url":"https:\/\/www.travel3.com.br\/site\/wp-content\/uploads\/2020\/01\/logo-travel3-2020.png","contentUrl":"https:\/\/www.travel3.com.br\/site\/wp-content\/uploads\/2020\/01\/logo-travel3-2020.png","width":232,"height":79,"caption":"Travel3"},"image":{"@id":"https:\/\/www.travel3.com.br\/site\/#\/schema\/logo\/image\/"},"sameAs":["https:\/\/www.facebook.com\/travel3media\/","https:\/\/www.instagram.com\/revistatravel3\/","https:\/\/www.youtube.com\/channel\/UCno7J4paGBR3VbZQzvoJ9Eg"]},{"@type":"Person","@id":"https:\/\/www.travel3.com.br\/site\/#\/schema\/person\/a69d71e41a024999b6ab82369ac0bd1e","name":"admin","image":{"@type":"ImageObject","inLanguage":"pt-BR","@id":"https:\/\/www.travel3.com.br\/site\/#\/schema\/person\/image\/","url":"https:\/\/secure.gravatar.com\/avatar\/732a67adfd764da2a47ba10ce731c4c0?s=96&d=mm&r=g","contentUrl":"https:\/\/secure.gravatar.com\/avatar\/732a67adfd764da2a47ba10ce731c4c0?s=96&d=mm&r=g","caption":"admin"},"url":"https:\/\/www.travel3.com.br\/site\/author\/admin\/"}]}},"_links":{"self":[{"href":"https:\/\/www.travel3.com.br\/site\/wp-json\/wp\/v2\/posts\/1583","targetHints":{"allow":["GET"]}}],"collection":[{"href":"https:\/\/www.travel3.com.br\/site\/wp-json\/wp\/v2\/posts"}],"about":[{"href":"https:\/\/www.travel3.com.br\/site\/wp-json\/wp\/v2\/types\/post"}],"author":[{"embeddable":true,"href":"https:\/\/www.travel3.com.br\/site\/wp-json\/wp\/v2\/users\/1"}],"replies":[{"embeddable":true,"href":"https:\/\/www.travel3.com.br\/site\/wp-json\/wp\/v2\/comments?post=1583"}],"version-history":[{"count":0,"href":"https:\/\/www.travel3.com.br\/site\/wp-json\/wp\/v2\/posts\/1583\/revisions"}],"wp:attachment":[{"href":"https:\/\/www.travel3.com.br\/site\/wp-json\/wp\/v2\/media?parent=1583"}],"wp:term":[{"taxonomy":"category","embeddable":true,"href":"https:\/\/www.travel3.com.br\/site\/wp-json\/wp\/v2\/categories?post=1583"},{"taxonomy":"post_tag","embeddable":true,"href":"https:\/\/www.travel3.com.br\/site\/wp-json\/wp\/v2\/tags?post=1583"}],"curies":[{"name":"wp","href":"https:\/\/api.w.org\/{rel}","templated":true}]}}