{"id":1582,"date":"2017-09-09T16:09:22","date_gmt":"2017-09-09T16:09:22","guid":{"rendered":"http:\/\/www.travel3.com.br\/site\/ir-e-vir\/ar\/avirrp-tem-relacao-completa-das-caravanas-que-trara-para-a-feira-2017\/"},"modified":"2017-09-09T16:09:22","modified_gmt":"2017-09-09T16:09:22","slug":"avirrp-tem-relacao-completa-das-caravanas-que-trara-para-a-feira-2017","status":"publish","type":"post","link":"https:\/\/www.travel3.com.br\/site\/sem-categoria\/avirrp-tem-relacao-completa-das-caravanas-que-trara-para-a-feira-2017\/","title":{"rendered":"AVIRRP TEM RELA\u00c7\u00c3O COMPLETA DAS CARAVANAS QUE TRAR\u00c1 PARA A FEIRA 2017"},"content":{"rendered":"<p><span style=\"color: #40acad; font-family: -apple-system, system-ui, 'Segoe UI', Roboto, Oxygen-Sans, Ubuntu, Cantarell, 'Helvetica Neue', sans-serif; font-size: 12px; font-weight: bold;\"><\/p>\n<p style=\"text-align:justify\">A 21\u00aa. Feira de Turismo AVIRRP 2017, \u00a0est\u00e1 divulgando as Caravanas \/ roteiros e cidades que\u00a0\u00a0atender\u00e3o os Agentes de Viagem inscritos para o evento de agosto nos dias 04 e\u00a005 de agosto. Incluindo uma di\u00e1ria de hospedagem\u00a0\u00a0<\/p>\n<p style=\"text-align:justify\">Entre as passagens por 45 capitais e cidades de 7 estados, um total de 20 caravanas vai atender aos roteiros que possibilitar\u00e3o uma grande presen\u00e7a de agentes de viagens<\/p>\n<p style=\"text-align:justify\">Ara\u00e7atuba, Birigui, Pen\u00e1polis, Lins, Bauru, Ja\u00fa, Araraquara, Campinas, Sumar\u00e9, Nova Odessa, Americana, Santa Barbara D\u00b4Oeste, Piracicaba, Franca, Batatais, Presidente Prudente, Tup\u00e3, Marilia, Santos, S\u00e3o Jos\u00e9 do Rio Preto, Catanduva, Bebedouro, S\u00e3o Paulo, Sorocaba, Itu , Rio Claro, Goi\u00e2nia, Cuiab\u00e1, Belo Horizonte, Divin\u00f3polis, Passos, S\u00e3o Sebasti\u00e3o do Paraiso, Uberl\u00e2ndia, Uberaba, Maring\u00e1, Londrina, Assis, Rio\u00a0de Janeiro, Niter\u00f3i, Porto Alegre, Florian\u00f3polis, Cambori\u00fa, Joinville, Curitiba<\/p>\n<p style=\"text-align:justify\">\u00a0As Informa\u00e7\u00f5es completas com hor\u00e1rios de sa\u00eddas e local, est\u00e3o no site de consultas\u00a0\u00a0www.feiraavirrp.com.br\u00a0\u00a0e \u00a0as duvidas sobre as caravanas:\u00a0caravans@avirrp.com.br\u00a0\u00a0fone \u00a0(16) 39117606<\/p>\n<p style=\"text-align:justify\">A Feira da AVIRRP tem um dos maiores relacionamentos na participa\u00e7\u00e3o e presen\u00e7a dos agentes de viagens e este \u00e9 um dos pontos principais no sucesso do evento, com uma mescla de profissionais de v\u00e1rias regi\u00f5es.\u00a0 O evento deste ano ser\u00e1, uma vez mais, no Centro Twain, regi\u00e3o pr\u00f3xima \u00e0 Ribeir\u00e3o Preto e na programa\u00e7\u00e3o que est\u00e1 sendo elaborada, algumas boas novidades est\u00e3o previstas.<\/p>\n<p style=\"text-align:justify\"><a class=\"fancybox-media\" href=\"..\/_uploads\/_noticia\/2017-06\/dscn0906.jpg\" rel=\"portfolio\"><img decoding=\"async\" alt=\"\" src=\"..\/_uploads\/_noticia\/2017-06\/dscn0906.jpg\" \/><\/a> .\u00a0<\/p>\n<p>\u00a0<\/p>\n<p>\u00a0<\/p>\n<p><\/span><\/p>\n","protected":false},"excerpt":{"rendered":"<p>Ser\u00e3o 20 caravanas que far\u00e3o o percurso por 45 cidades do interior paulista, de Santa Catarina, Minas Gerais, Goi\u00e2nia, Cuiab\u00e1, Porto Alegre, Florian\u00f3polis e Curitiba<\/p>\n","protected":false},"author":1,"featured_media":0,"comment_status":"open","ping_status":"open","sticky":false,"template":"","format":"standard","meta":{"footnotes":""},"categories":[],"tags":[],"class_list":["post-1582","post","type-post","status-publish","format-standard","hentry"],"yoast_head":"<!-- This site is optimized with the Yoast SEO plugin v26.2 - https:\/\/yoast.com\/wordpress\/plugins\/seo\/ -->\n<title>AVIRRP TEM RELA\u00c7\u00c3O COMPLETA DAS CARAVANAS QUE TRAR\u00c1 PARA A FEIRA 2017 - Travel3<\/title>\n<meta name=\"description\" content=\"A TRAVEL3 \u00e9 um portal de conte\u00fado voltado para o turismo, encontre destinos, viagens, hospedagem, passagens, guias, not\u00edcias sobre o mercado do turismo, dicas de viagem, v\u00eddeos e podcast.\" \/>\n<meta name=\"robots\" content=\"index, follow, max-snippet:-1, max-image-preview:large, max-video-preview:-1\" \/>\n<link rel=\"canonical\" href=\"https:\/\/www.travel3.com.br\/site\/sem-categoria\/avirrp-tem-relacao-completa-das-caravanas-que-trara-para-a-feira-2017\/\" \/>\n<meta property=\"og:locale\" content=\"pt_BR\" \/>\n<meta property=\"og:type\" content=\"article\" \/>\n<meta property=\"og:title\" content=\"AVIRRP TEM RELA\u00c7\u00c3O COMPLETA DAS CARAVANAS QUE TRAR\u00c1 PARA A FEIRA 2017 - Travel3\" \/>\n<meta property=\"og:description\" content=\"A TRAVEL3 \u00e9 um portal de conte\u00fado voltado para o turismo, encontre destinos, viagens, hospedagem, passagens, guias, not\u00edcias sobre o mercado do turismo, dicas de viagem, v\u00eddeos e podcast.\" \/>\n<meta property=\"og:url\" content=\"https:\/\/www.travel3.com.br\/site\/sem-categoria\/avirrp-tem-relacao-completa-das-caravanas-que-trara-para-a-feira-2017\/\" \/>\n<meta property=\"og:site_name\" content=\"Travel3\" \/>\n<meta property=\"article:publisher\" content=\"https:\/\/www.facebook.com\/travel3media\/\" \/>\n<meta property=\"article:published_time\" content=\"2017-09-09T16:09:22+00:00\" \/>\n<meta name=\"author\" content=\"admin\" \/>\n<meta name=\"twitter:card\" content=\"summary_large_image\" \/>\n<meta name=\"twitter:label1\" content=\"Escrito por\" \/>\n\t<meta name=\"twitter:data1\" content=\"admin\" \/>\n\t<meta name=\"twitter:label2\" content=\"Est. tempo de leitura\" \/>\n\t<meta name=\"twitter:data2\" content=\"1 minuto\" \/>\n<script type=\"application\/ld+json\" class=\"yoast-schema-graph\">{\"@context\":\"https:\/\/schema.org\",\"@graph\":[{\"@type\":\"Article\",\"@id\":\"https:\/\/www.travel3.com.br\/site\/sem-categoria\/avirrp-tem-relacao-completa-das-caravanas-que-trara-para-a-feira-2017\/#article\",\"isPartOf\":{\"@id\":\"https:\/\/www.travel3.com.br\/site\/sem-categoria\/avirrp-tem-relacao-completa-das-caravanas-que-trara-para-a-feira-2017\/\"},\"author\":{\"name\":\"admin\",\"@id\":\"https:\/\/www.travel3.com.br\/site\/#\/schema\/person\/a69d71e41a024999b6ab82369ac0bd1e\"},\"headline\":\"AVIRRP TEM RELA\u00c7\u00c3O COMPLETA DAS CARAVANAS QUE TRAR\u00c1 PARA A FEIRA 2017\",\"datePublished\":\"2017-09-09T16:09:22+00:00\",\"mainEntityOfPage\":{\"@id\":\"https:\/\/www.travel3.com.br\/site\/sem-categoria\/avirrp-tem-relacao-completa-das-caravanas-que-trara-para-a-feira-2017\/\"},\"wordCount\":253,\"commentCount\":0,\"publisher\":{\"@id\":\"https:\/\/www.travel3.com.br\/site\/#organization\"},\"inLanguage\":\"pt-BR\",\"potentialAction\":[{\"@type\":\"CommentAction\",\"name\":\"Comment\",\"target\":[\"https:\/\/www.travel3.com.br\/site\/sem-categoria\/avirrp-tem-relacao-completa-das-caravanas-que-trara-para-a-feira-2017\/#respond\"]}]},{\"@type\":\"WebPage\",\"@id\":\"https:\/\/www.travel3.com.br\/site\/sem-categoria\/avirrp-tem-relacao-completa-das-caravanas-que-trara-para-a-feira-2017\/\",\"url\":\"https:\/\/www.travel3.com.br\/site\/sem-categoria\/avirrp-tem-relacao-completa-das-caravanas-que-trara-para-a-feira-2017\/\",\"name\":\"AVIRRP TEM RELA\u00c7\u00c3O COMPLETA DAS CARAVANAS QUE TRAR\u00c1 PARA A FEIRA 2017 - Travel3\",\"isPartOf\":{\"@id\":\"https:\/\/www.travel3.com.br\/site\/#website\"},\"datePublished\":\"2017-09-09T16:09:22+00:00\",\"description\":\"A TRAVEL3 \u00e9 um portal de conte\u00fado voltado para o turismo, encontre destinos, viagens, hospedagem, passagens, guias, not\u00edcias sobre o mercado do turismo, dicas de viagem, v\u00eddeos e podcast.\",\"breadcrumb\":{\"@id\":\"https:\/\/www.travel3.com.br\/site\/sem-categoria\/avirrp-tem-relacao-completa-das-caravanas-que-trara-para-a-feira-2017\/#breadcrumb\"},\"inLanguage\":\"pt-BR\",\"potentialAction\":[{\"@type\":\"ReadAction\",\"target\":[\"https:\/\/www.travel3.com.br\/site\/sem-categoria\/avirrp-tem-relacao-completa-das-caravanas-que-trara-para-a-feira-2017\/\"]}]},{\"@type\":\"BreadcrumbList\",\"@id\":\"https:\/\/www.travel3.com.br\/site\/sem-categoria\/avirrp-tem-relacao-completa-das-caravanas-que-trara-para-a-feira-2017\/#breadcrumb\",\"itemListElement\":[{\"@type\":\"ListItem\",\"position\":1,\"name\":\"In\u00edcio\",\"item\":\"https:\/\/www.travel3.com.br\/site\/\"},{\"@type\":\"ListItem\",\"position\":2,\"name\":\"AVIRRP TEM RELA\u00c7\u00c3O COMPLETA DAS CARAVANAS QUE TRAR\u00c1 PARA A FEIRA 2017\"}]},{\"@type\":\"WebSite\",\"@id\":\"https:\/\/www.travel3.com.br\/site\/#website\",\"url\":\"https:\/\/www.travel3.com.br\/site\/\",\"name\":\"Travel3\",\"description\":\"Lazer + Neg&oacute;cios + Aventura\",\"publisher\":{\"@id\":\"https:\/\/www.travel3.com.br\/site\/#organization\"},\"potentialAction\":[{\"@type\":\"SearchAction\",\"target\":{\"@type\":\"EntryPoint\",\"urlTemplate\":\"https:\/\/www.travel3.com.br\/site\/?s={search_term_string}\"},\"query-input\":{\"@type\":\"PropertyValueSpecification\",\"valueRequired\":true,\"valueName\":\"search_term_string\"}}],\"inLanguage\":\"pt-BR\"},{\"@type\":\"Organization\",\"@id\":\"https:\/\/www.travel3.com.br\/site\/#organization\",\"name\":\"Travel3\",\"url\":\"https:\/\/www.travel3.com.br\/site\/\",\"logo\":{\"@type\":\"ImageObject\",\"inLanguage\":\"pt-BR\",\"@id\":\"https:\/\/www.travel3.com.br\/site\/#\/schema\/logo\/image\/\",\"url\":\"https:\/\/www.travel3.com.br\/site\/wp-content\/uploads\/2020\/01\/logo-travel3-2020.png\",\"contentUrl\":\"https:\/\/www.travel3.com.br\/site\/wp-content\/uploads\/2020\/01\/logo-travel3-2020.png\",\"width\":232,\"height\":79,\"caption\":\"Travel3\"},\"image\":{\"@id\":\"https:\/\/www.travel3.com.br\/site\/#\/schema\/logo\/image\/\"},\"sameAs\":[\"https:\/\/www.facebook.com\/travel3media\/\",\"https:\/\/www.instagram.com\/revistatravel3\/\",\"https:\/\/www.youtube.com\/channel\/UCno7J4paGBR3VbZQzvoJ9Eg\"]},{\"@type\":\"Person\",\"@id\":\"https:\/\/www.travel3.com.br\/site\/#\/schema\/person\/a69d71e41a024999b6ab82369ac0bd1e\",\"name\":\"admin\",\"image\":{\"@type\":\"ImageObject\",\"inLanguage\":\"pt-BR\",\"@id\":\"https:\/\/www.travel3.com.br\/site\/#\/schema\/person\/image\/\",\"url\":\"https:\/\/secure.gravatar.com\/avatar\/732a67adfd764da2a47ba10ce731c4c0?s=96&d=mm&r=g\",\"contentUrl\":\"https:\/\/secure.gravatar.com\/avatar\/732a67adfd764da2a47ba10ce731c4c0?s=96&d=mm&r=g\",\"caption\":\"admin\"},\"url\":\"https:\/\/www.travel3.com.br\/site\/author\/admin\/\"}]}<\/script>\n<!-- \/ Yoast SEO plugin. -->","yoast_head_json":{"title":"AVIRRP TEM RELA\u00c7\u00c3O COMPLETA DAS CARAVANAS QUE TRAR\u00c1 PARA A FEIRA 2017 - Travel3","description":"A TRAVEL3 \u00e9 um portal de conte\u00fado voltado para o turismo, encontre destinos, viagens, hospedagem, passagens, guias, not\u00edcias sobre o mercado do turismo, dicas de viagem, v\u00eddeos e podcast.","robots":{"index":"index","follow":"follow","max-snippet":"max-snippet:-1","max-image-preview":"max-image-preview:large","max-video-preview":"max-video-preview:-1"},"canonical":"https:\/\/www.travel3.com.br\/site\/sem-categoria\/avirrp-tem-relacao-completa-das-caravanas-que-trara-para-a-feira-2017\/","og_locale":"pt_BR","og_type":"article","og_title":"AVIRRP TEM RELA\u00c7\u00c3O COMPLETA DAS CARAVANAS QUE TRAR\u00c1 PARA A FEIRA 2017 - Travel3","og_description":"A TRAVEL3 \u00e9 um portal de conte\u00fado voltado para o turismo, encontre destinos, viagens, hospedagem, passagens, guias, not\u00edcias sobre o mercado do turismo, dicas de viagem, v\u00eddeos e podcast.","og_url":"https:\/\/www.travel3.com.br\/site\/sem-categoria\/avirrp-tem-relacao-completa-das-caravanas-que-trara-para-a-feira-2017\/","og_site_name":"Travel3","article_publisher":"https:\/\/www.facebook.com\/travel3media\/","article_published_time":"2017-09-09T16:09:22+00:00","author":"admin","twitter_card":"summary_large_image","twitter_misc":{"Escrito por":"admin","Est. tempo de leitura":"1 minuto"},"schema":{"@context":"https:\/\/schema.org","@graph":[{"@type":"Article","@id":"https:\/\/www.travel3.com.br\/site\/sem-categoria\/avirrp-tem-relacao-completa-das-caravanas-que-trara-para-a-feira-2017\/#article","isPartOf":{"@id":"https:\/\/www.travel3.com.br\/site\/sem-categoria\/avirrp-tem-relacao-completa-das-caravanas-que-trara-para-a-feira-2017\/"},"author":{"name":"admin","@id":"https:\/\/www.travel3.com.br\/site\/#\/schema\/person\/a69d71e41a024999b6ab82369ac0bd1e"},"headline":"AVIRRP TEM RELA\u00c7\u00c3O COMPLETA DAS CARAVANAS QUE TRAR\u00c1 PARA A FEIRA 2017","datePublished":"2017-09-09T16:09:22+00:00","mainEntityOfPage":{"@id":"https:\/\/www.travel3.com.br\/site\/sem-categoria\/avirrp-tem-relacao-completa-das-caravanas-que-trara-para-a-feira-2017\/"},"wordCount":253,"commentCount":0,"publisher":{"@id":"https:\/\/www.travel3.com.br\/site\/#organization"},"inLanguage":"pt-BR","potentialAction":[{"@type":"CommentAction","name":"Comment","target":["https:\/\/www.travel3.com.br\/site\/sem-categoria\/avirrp-tem-relacao-completa-das-caravanas-que-trara-para-a-feira-2017\/#respond"]}]},{"@type":"WebPage","@id":"https:\/\/www.travel3.com.br\/site\/sem-categoria\/avirrp-tem-relacao-completa-das-caravanas-que-trara-para-a-feira-2017\/","url":"https:\/\/www.travel3.com.br\/site\/sem-categoria\/avirrp-tem-relacao-completa-das-caravanas-que-trara-para-a-feira-2017\/","name":"AVIRRP TEM RELA\u00c7\u00c3O COMPLETA DAS CARAVANAS QUE TRAR\u00c1 PARA A FEIRA 2017 - Travel3","isPartOf":{"@id":"https:\/\/www.travel3.com.br\/site\/#website"},"datePublished":"2017-09-09T16:09:22+00:00","description":"A TRAVEL3 \u00e9 um portal de conte\u00fado voltado para o turismo, encontre destinos, viagens, hospedagem, passagens, guias, not\u00edcias sobre o mercado do turismo, dicas de viagem, v\u00eddeos e podcast.","breadcrumb":{"@id":"https:\/\/www.travel3.com.br\/site\/sem-categoria\/avirrp-tem-relacao-completa-das-caravanas-que-trara-para-a-feira-2017\/#breadcrumb"},"inLanguage":"pt-BR","potentialAction":[{"@type":"ReadAction","target":["https:\/\/www.travel3.com.br\/site\/sem-categoria\/avirrp-tem-relacao-completa-das-caravanas-que-trara-para-a-feira-2017\/"]}]},{"@type":"BreadcrumbList","@id":"https:\/\/www.travel3.com.br\/site\/sem-categoria\/avirrp-tem-relacao-completa-das-caravanas-que-trara-para-a-feira-2017\/#breadcrumb","itemListElement":[{"@type":"ListItem","position":1,"name":"In\u00edcio","item":"https:\/\/www.travel3.com.br\/site\/"},{"@type":"ListItem","position":2,"name":"AVIRRP TEM RELA\u00c7\u00c3O COMPLETA DAS CARAVANAS QUE TRAR\u00c1 PARA A FEIRA 2017"}]},{"@type":"WebSite","@id":"https:\/\/www.travel3.com.br\/site\/#website","url":"https:\/\/www.travel3.com.br\/site\/","name":"Travel3","description":"Lazer + Neg&oacute;cios + Aventura","publisher":{"@id":"https:\/\/www.travel3.com.br\/site\/#organization"},"potentialAction":[{"@type":"SearchAction","target":{"@type":"EntryPoint","urlTemplate":"https:\/\/www.travel3.com.br\/site\/?s={search_term_string}"},"query-input":{"@type":"PropertyValueSpecification","valueRequired":true,"valueName":"search_term_string"}}],"inLanguage":"pt-BR"},{"@type":"Organization","@id":"https:\/\/www.travel3.com.br\/site\/#organization","name":"Travel3","url":"https:\/\/www.travel3.com.br\/site\/","logo":{"@type":"ImageObject","inLanguage":"pt-BR","@id":"https:\/\/www.travel3.com.br\/site\/#\/schema\/logo\/image\/","url":"https:\/\/www.travel3.com.br\/site\/wp-content\/uploads\/2020\/01\/logo-travel3-2020.png","contentUrl":"https:\/\/www.travel3.com.br\/site\/wp-content\/uploads\/2020\/01\/logo-travel3-2020.png","width":232,"height":79,"caption":"Travel3"},"image":{"@id":"https:\/\/www.travel3.com.br\/site\/#\/schema\/logo\/image\/"},"sameAs":["https:\/\/www.facebook.com\/travel3media\/","https:\/\/www.instagram.com\/revistatravel3\/","https:\/\/www.youtube.com\/channel\/UCno7J4paGBR3VbZQzvoJ9Eg"]},{"@type":"Person","@id":"https:\/\/www.travel3.com.br\/site\/#\/schema\/person\/a69d71e41a024999b6ab82369ac0bd1e","name":"admin","image":{"@type":"ImageObject","inLanguage":"pt-BR","@id":"https:\/\/www.travel3.com.br\/site\/#\/schema\/person\/image\/","url":"https:\/\/secure.gravatar.com\/avatar\/732a67adfd764da2a47ba10ce731c4c0?s=96&d=mm&r=g","contentUrl":"https:\/\/secure.gravatar.com\/avatar\/732a67adfd764da2a47ba10ce731c4c0?s=96&d=mm&r=g","caption":"admin"},"url":"https:\/\/www.travel3.com.br\/site\/author\/admin\/"}]}},"_links":{"self":[{"href":"https:\/\/www.travel3.com.br\/site\/wp-json\/wp\/v2\/posts\/1582","targetHints":{"allow":["GET"]}}],"collection":[{"href":"https:\/\/www.travel3.com.br\/site\/wp-json\/wp\/v2\/posts"}],"about":[{"href":"https:\/\/www.travel3.com.br\/site\/wp-json\/wp\/v2\/types\/post"}],"author":[{"embeddable":true,"href":"https:\/\/www.travel3.com.br\/site\/wp-json\/wp\/v2\/users\/1"}],"replies":[{"embeddable":true,"href":"https:\/\/www.travel3.com.br\/site\/wp-json\/wp\/v2\/comments?post=1582"}],"version-history":[{"count":0,"href":"https:\/\/www.travel3.com.br\/site\/wp-json\/wp\/v2\/posts\/1582\/revisions"}],"wp:attachment":[{"href":"https:\/\/www.travel3.com.br\/site\/wp-json\/wp\/v2\/media?parent=1582"}],"wp:term":[{"taxonomy":"category","embeddable":true,"href":"https:\/\/www.travel3.com.br\/site\/wp-json\/wp\/v2\/categories?post=1582"},{"taxonomy":"post_tag","embeddable":true,"href":"https:\/\/www.travel3.com.br\/site\/wp-json\/wp\/v2\/tags?post=1582"}],"curies":[{"name":"wp","href":"https:\/\/api.w.org\/{rel}","templated":true}]}}