{"id":15655,"date":"2018-09-15T22:51:23","date_gmt":"2018-09-16T01:51:23","guid":{"rendered":"http:\/\/www.travel3.com.br\/?p=15655"},"modified":"2018-10-01T00:36:37","modified_gmt":"2018-10-01T03:36:37","slug":"japan-house-sao-paulo-celebra-a-marca-de-um-milhao-de-visitantes","status":"publish","type":"post","link":"https:\/\/www.travel3.com.br\/site\/destinos\/japan-house-sao-paulo-celebra-a-marca-de-um-milhao-de-visitantes\/","title":{"rendered":"JAPAN HOUSE S\u00c3O PAULO CELEBRA A MARCA DE UM MILH\u00c3O DE VISITANTES"},"content":{"rendered":"<h1 style=\"text-align: center;\">O centro cultural registrou esta marca de visitantes no dia 17 de agosto de 2018<\/h1>\n<p>Para comemorar a marca um milh\u00e3o de visitantes, a Japan House S\u00e3o Paulo realiza atividade especial no pr\u00f3ximo domingo, 16\/09 (das 11h30 \u00e0s 16h), na pra\u00e7a Oswaldo Cruz. A atividade acontece para os milhares de pedestres que percorrem a Avenida Paulista, aberta aos domingos.<\/p>\n<figure id=\"attachment_15658\" aria-describedby=\"caption-attachment-15658\" style=\"width: 1795px\" class=\"wp-caption alignnone\"><a href=\"http:\/\/www.travel3.com.br\/site\/wp-content\/uploads\/2018\/09\/supstrip_159207_4_full.jpg\"><img loading=\"lazy\" decoding=\"async\" class=\"size-full wp-image-15658\" src=\"http:\/\/www.travel3.com.br\/site\/wp-content\/uploads\/2018\/09\/supstrip_159207_4_full.jpg\" alt=\"\" width=\"1795\" height=\"1920\" srcset=\"https:\/\/www.travel3.com.br\/site\/wp-content\/uploads\/2018\/09\/supstrip_159207_4_full.jpg 1795w, https:\/\/www.travel3.com.br\/site\/wp-content\/uploads\/2018\/09\/supstrip_159207_4_full-281x300.jpg 281w, https:\/\/www.travel3.com.br\/site\/wp-content\/uploads\/2018\/09\/supstrip_159207_4_full-768x821.jpg 768w, https:\/\/www.travel3.com.br\/site\/wp-content\/uploads\/2018\/09\/supstrip_159207_4_full-958x1024.jpg 958w\" sizes=\"auto, (max-width: 1795px) 100vw, 1795px\" \/><\/a><figcaption id=\"caption-attachment-15658\" class=\"wp-caption-text\">Do: A caminho da virtude &#8211; Jud\u00f4 (Foto: Alisson Louback)<\/figcaption><\/figure>\n<p>Na pra\u00e7a, ser\u00e1 montado um tatame, onde ser\u00e3o realizadas demonstra\u00e7\u00f5es pr\u00e1ticas das artes marciais japonesas. Entre elas est\u00e3o Aikid\u00f4, Kend\u00f4, Karated\u00f4, Jud\u00f4, Sum\u00f4 e Kyud\u00f4. O evento fecha com chave de ouro o \u00faltimo dia da mostra &#8220;D\u014c: a caminho da virtude&#8221;. A exposi\u00e7\u00e3o destaca o esporte por meio de fotos, v\u00eddeos, palestras e demonstra\u00e7\u00f5es pr\u00e1ticas, que revelam movimentos, conceitos e filosofias que comp\u00f5em essas artes.<\/p>\n<figure id=\"attachment_15657\" aria-describedby=\"caption-attachment-15657\" style=\"width: 1920px\" class=\"wp-caption alignnone\"><a href=\"http:\/\/www.travel3.com.br\/site\/wp-content\/uploads\/2018\/09\/supstrip_159207_2_full.jpg\"><img loading=\"lazy\" decoding=\"async\" class=\"size-full wp-image-15657\" src=\"http:\/\/www.travel3.com.br\/site\/wp-content\/uploads\/2018\/09\/supstrip_159207_2_full.jpg\" alt=\"\" width=\"1920\" height=\"1280\" srcset=\"https:\/\/www.travel3.com.br\/site\/wp-content\/uploads\/2018\/09\/supstrip_159207_2_full.jpg 1920w, https:\/\/www.travel3.com.br\/site\/wp-content\/uploads\/2018\/09\/supstrip_159207_2_full-300x200.jpg 300w, https:\/\/www.travel3.com.br\/site\/wp-content\/uploads\/2018\/09\/supstrip_159207_2_full-768x512.jpg 768w, https:\/\/www.travel3.com.br\/site\/wp-content\/uploads\/2018\/09\/supstrip_159207_2_full-1024x683.jpg 1024w, https:\/\/www.travel3.com.br\/site\/wp-content\/uploads\/2018\/09\/supstrip_159207_2_full-60x40.jpg 60w, https:\/\/www.travel3.com.br\/site\/wp-content\/uploads\/2018\/09\/supstrip_159207_2_full-144x95.jpg 144w, https:\/\/www.travel3.com.br\/site\/wp-content\/uploads\/2018\/09\/supstrip_159207_2_full-210x139.jpg 210w\" sizes=\"auto, (max-width: 1920px) 100vw, 1920px\" \/><\/a><figcaption id=\"caption-attachment-15657\" class=\"wp-caption-text\">D\u00f4: A caminho da virtude- Karated\u00f4 (Foto: Rog\u00e9rio Cassimiro)<\/figcaption><\/figure>\n<p>O evento traz como colaboradores: Academia Central &#8211; Uni\u00e3o Sulamericana de Aikido; Aikido Kawai; Associa\u00e7\u00e3o Pesquisa de Aikido; Confedera\u00e7\u00e3o Brasileira de Kend\u00f4; Confedera\u00e7\u00e3o Brasileira de Sum\u00f4; Federa\u00e7\u00e3o Paulista de Jud\u00f4; Federa\u00e7\u00e3o Paulista de Karate; Brasil Kyudo Kai; Instituto Kodokan do Brasil e apoio do Bunkyo \u2013 Sociedade Brasileira de Cultura Japonesa e de Assist\u00eancia Social.<\/p>\n<h2>Comemora\u00e7\u00e3o do primeiro milh\u00e3o de visitantes JAPAN HOUSE<\/h2>\n<p>Data: 16 de setembro de 2018<br \/>\nHor\u00e1rio: Das 11h30 \u00e0s 16h<br \/>\nLocal: Pra\u00e7a Oswaldo Cruz<\/p>\n","protected":false},"excerpt":{"rendered":"<p>O centro cultural registrou esta marca de visitantes no dia 17 de agosto de 2018 Para comemorar a marca um milh\u00e3o de visitantes, a Japan House S\u00e3o Paulo realiza atividade especial no pr\u00f3ximo domingo, 16\/09 (das 11h30 \u00e0s 16h), na pra\u00e7a Oswaldo Cruz. A atividade acontece para os milhares de pedestres que percorrem a Avenida [&hellip;]<\/p>\n","protected":false},"author":5,"featured_media":15656,"comment_status":"open","ping_status":"open","sticky":false,"template":"","format":"standard","meta":{"footnotes":""},"categories":[178,10],"tags":[1947,255,520,2679,187],"class_list":["post-15655","post","type-post","status-publish","format-standard","has-post-thumbnail","hentry","category-brasil","category-destinos","tag-acontece","tag-brasil","tag-dicas","tag-japan-house-sao-paulo","tag-travel3"],"yoast_head":"<!-- This site is optimized with the Yoast SEO plugin v26.2 - https:\/\/yoast.com\/wordpress\/plugins\/seo\/ -->\n<title>JAPAN HOUSE S\u00c3O PAULO CELEBRA A MARCA DE UM MILH\u00c3O DE VISITANTES - Travel3<\/title>\n<meta name=\"description\" content=\"A TRAVEL3 \u00e9 um portal de conte\u00fado voltado para o turismo, encontre destinos, viagens, hospedagem, passagens, guias, not\u00edcias sobre o mercado do turismo, dicas de viagem, v\u00eddeos e podcast.\" \/>\n<meta name=\"robots\" content=\"index, follow, max-snippet:-1, max-image-preview:large, max-video-preview:-1\" \/>\n<link rel=\"canonical\" href=\"https:\/\/www.travel3.com.br\/site\/destinos\/japan-house-sao-paulo-celebra-a-marca-de-um-milhao-de-visitantes\/\" \/>\n<meta property=\"og:locale\" content=\"pt_BR\" \/>\n<meta property=\"og:type\" content=\"article\" \/>\n<meta property=\"og:title\" content=\"JAPAN HOUSE S\u00c3O PAULO CELEBRA A MARCA DE UM MILH\u00c3O DE VISITANTES - Travel3\" \/>\n<meta property=\"og:description\" content=\"A TRAVEL3 \u00e9 um portal de conte\u00fado voltado para o turismo, encontre destinos, viagens, hospedagem, passagens, guias, not\u00edcias sobre o mercado do turismo, dicas de viagem, v\u00eddeos e podcast.\" \/>\n<meta property=\"og:url\" content=\"https:\/\/www.travel3.com.br\/site\/destinos\/japan-house-sao-paulo-celebra-a-marca-de-um-milhao-de-visitantes\/\" \/>\n<meta property=\"og:site_name\" content=\"Travel3\" \/>\n<meta property=\"article:publisher\" content=\"https:\/\/www.facebook.com\/travel3media\/\" \/>\n<meta property=\"article:published_time\" content=\"2018-09-16T01:51:23+00:00\" \/>\n<meta property=\"article:modified_time\" content=\"2018-10-01T03:36:37+00:00\" \/>\n<meta property=\"og:image\" content=\"https:\/\/www.travel3.com.br\/site\/wp-content\/uploads\/2018\/09\/supstrip_159207_1_full.jpg\" \/>\n\t<meta property=\"og:image:width\" content=\"1920\" \/>\n\t<meta property=\"og:image:height\" content=\"1280\" \/>\n\t<meta property=\"og:image:type\" content=\"image\/jpeg\" \/>\n<meta name=\"author\" content=\"Reda\u00e7\u00e3o Travel3\" \/>\n<meta name=\"twitter:card\" content=\"summary_large_image\" \/>\n<meta name=\"twitter:label1\" content=\"Escrito por\" \/>\n\t<meta name=\"twitter:data1\" content=\"Reda\u00e7\u00e3o Travel3\" \/>\n\t<meta name=\"twitter:label2\" content=\"Est. tempo de leitura\" \/>\n\t<meta name=\"twitter:data2\" content=\"1 minuto\" \/>\n<script type=\"application\/ld+json\" class=\"yoast-schema-graph\">{\"@context\":\"https:\/\/schema.org\",\"@graph\":[{\"@type\":\"Article\",\"@id\":\"https:\/\/www.travel3.com.br\/site\/destinos\/japan-house-sao-paulo-celebra-a-marca-de-um-milhao-de-visitantes\/#article\",\"isPartOf\":{\"@id\":\"https:\/\/www.travel3.com.br\/site\/destinos\/japan-house-sao-paulo-celebra-a-marca-de-um-milhao-de-visitantes\/\"},\"author\":{\"name\":\"Reda\u00e7\u00e3o Travel3\",\"@id\":\"https:\/\/www.travel3.com.br\/site\/#\/schema\/person\/89251b0320bc67697de92249f97f3fdb\"},\"headline\":\"JAPAN HOUSE S\u00c3O PAULO CELEBRA A MARCA DE UM MILH\u00c3O DE VISITANTES\",\"datePublished\":\"2018-09-16T01:51:23+00:00\",\"dateModified\":\"2018-10-01T03:36:37+00:00\",\"mainEntityOfPage\":{\"@id\":\"https:\/\/www.travel3.com.br\/site\/destinos\/japan-house-sao-paulo-celebra-a-marca-de-um-milhao-de-visitantes\/\"},\"wordCount\":270,\"commentCount\":0,\"publisher\":{\"@id\":\"https:\/\/www.travel3.com.br\/site\/#organization\"},\"image\":{\"@id\":\"https:\/\/www.travel3.com.br\/site\/destinos\/japan-house-sao-paulo-celebra-a-marca-de-um-milhao-de-visitantes\/#primaryimage\"},\"thumbnailUrl\":\"https:\/\/www.travel3.com.br\/site\/wp-content\/uploads\/2018\/09\/supstrip_159207_1_full.jpg\",\"keywords\":[\"acontece\",\"Brasil\",\"dicas\",\"japan house s\u00e3o paulo\",\"Travel3\"],\"articleSection\":[\"Brasil\",\"Destinos\"],\"inLanguage\":\"pt-BR\",\"potentialAction\":[{\"@type\":\"CommentAction\",\"name\":\"Comment\",\"target\":[\"https:\/\/www.travel3.com.br\/site\/destinos\/japan-house-sao-paulo-celebra-a-marca-de-um-milhao-de-visitantes\/#respond\"]}]},{\"@type\":\"WebPage\",\"@id\":\"https:\/\/www.travel3.com.br\/site\/destinos\/japan-house-sao-paulo-celebra-a-marca-de-um-milhao-de-visitantes\/\",\"url\":\"https:\/\/www.travel3.com.br\/site\/destinos\/japan-house-sao-paulo-celebra-a-marca-de-um-milhao-de-visitantes\/\",\"name\":\"JAPAN HOUSE S\u00c3O PAULO CELEBRA A MARCA DE UM MILH\u00c3O DE VISITANTES - Travel3\",\"isPartOf\":{\"@id\":\"https:\/\/www.travel3.com.br\/site\/#website\"},\"primaryImageOfPage\":{\"@id\":\"https:\/\/www.travel3.com.br\/site\/destinos\/japan-house-sao-paulo-celebra-a-marca-de-um-milhao-de-visitantes\/#primaryimage\"},\"image\":{\"@id\":\"https:\/\/www.travel3.com.br\/site\/destinos\/japan-house-sao-paulo-celebra-a-marca-de-um-milhao-de-visitantes\/#primaryimage\"},\"thumbnailUrl\":\"https:\/\/www.travel3.com.br\/site\/wp-content\/uploads\/2018\/09\/supstrip_159207_1_full.jpg\",\"datePublished\":\"2018-09-16T01:51:23+00:00\",\"dateModified\":\"2018-10-01T03:36:37+00:00\",\"description\":\"A TRAVEL3 \u00e9 um portal de conte\u00fado voltado para o turismo, encontre destinos, viagens, hospedagem, passagens, guias, not\u00edcias sobre o mercado do turismo, dicas de viagem, v\u00eddeos e podcast.\",\"breadcrumb\":{\"@id\":\"https:\/\/www.travel3.com.br\/site\/destinos\/japan-house-sao-paulo-celebra-a-marca-de-um-milhao-de-visitantes\/#breadcrumb\"},\"inLanguage\":\"pt-BR\",\"potentialAction\":[{\"@type\":\"ReadAction\",\"target\":[\"https:\/\/www.travel3.com.br\/site\/destinos\/japan-house-sao-paulo-celebra-a-marca-de-um-milhao-de-visitantes\/\"]}]},{\"@type\":\"ImageObject\",\"inLanguage\":\"pt-BR\",\"@id\":\"https:\/\/www.travel3.com.br\/site\/destinos\/japan-house-sao-paulo-celebra-a-marca-de-um-milhao-de-visitantes\/#primaryimage\",\"url\":\"https:\/\/www.travel3.com.br\/site\/wp-content\/uploads\/2018\/09\/supstrip_159207_1_full.jpg\",\"contentUrl\":\"https:\/\/www.travel3.com.br\/site\/wp-content\/uploads\/2018\/09\/supstrip_159207_1_full.jpg\",\"width\":1920,\"height\":1280},{\"@type\":\"BreadcrumbList\",\"@id\":\"https:\/\/www.travel3.com.br\/site\/destinos\/japan-house-sao-paulo-celebra-a-marca-de-um-milhao-de-visitantes\/#breadcrumb\",\"itemListElement\":[{\"@type\":\"ListItem\",\"position\":1,\"name\":\"In\u00edcio\",\"item\":\"https:\/\/www.travel3.com.br\/site\/\"},{\"@type\":\"ListItem\",\"position\":2,\"name\":\"JAPAN HOUSE S\u00c3O PAULO CELEBRA A MARCA DE UM MILH\u00c3O DE VISITANTES\"}]},{\"@type\":\"WebSite\",\"@id\":\"https:\/\/www.travel3.com.br\/site\/#website\",\"url\":\"https:\/\/www.travel3.com.br\/site\/\",\"name\":\"Travel3\",\"description\":\"Lazer + Neg&oacute;cios + Aventura\",\"publisher\":{\"@id\":\"https:\/\/www.travel3.com.br\/site\/#organization\"},\"potentialAction\":[{\"@type\":\"SearchAction\",\"target\":{\"@type\":\"EntryPoint\",\"urlTemplate\":\"https:\/\/www.travel3.com.br\/site\/?s={search_term_string}\"},\"query-input\":{\"@type\":\"PropertyValueSpecification\",\"valueRequired\":true,\"valueName\":\"search_term_string\"}}],\"inLanguage\":\"pt-BR\"},{\"@type\":\"Organization\",\"@id\":\"https:\/\/www.travel3.com.br\/site\/#organization\",\"name\":\"Travel3\",\"url\":\"https:\/\/www.travel3.com.br\/site\/\",\"logo\":{\"@type\":\"ImageObject\",\"inLanguage\":\"pt-BR\",\"@id\":\"https:\/\/www.travel3.com.br\/site\/#\/schema\/logo\/image\/\",\"url\":\"https:\/\/www.travel3.com.br\/site\/wp-content\/uploads\/2020\/01\/logo-travel3-2020.png\",\"contentUrl\":\"https:\/\/www.travel3.com.br\/site\/wp-content\/uploads\/2020\/01\/logo-travel3-2020.png\",\"width\":232,\"height\":79,\"caption\":\"Travel3\"},\"image\":{\"@id\":\"https:\/\/www.travel3.com.br\/site\/#\/schema\/logo\/image\/\"},\"sameAs\":[\"https:\/\/www.facebook.com\/travel3media\/\",\"https:\/\/www.instagram.com\/revistatravel3\/\",\"https:\/\/www.youtube.com\/channel\/UCno7J4paGBR3VbZQzvoJ9Eg\"]},{\"@type\":\"Person\",\"@id\":\"https:\/\/www.travel3.com.br\/site\/#\/schema\/person\/89251b0320bc67697de92249f97f3fdb\",\"name\":\"Reda\u00e7\u00e3o Travel3\",\"image\":{\"@type\":\"ImageObject\",\"inLanguage\":\"pt-BR\",\"@id\":\"https:\/\/www.travel3.com.br\/site\/#\/schema\/person\/image\/\",\"url\":\"https:\/\/secure.gravatar.com\/avatar\/85a5ec2ad99b1932f671ebf50c117db6?s=96&d=mm&r=g\",\"contentUrl\":\"https:\/\/secure.gravatar.com\/avatar\/85a5ec2ad99b1932f671ebf50c117db6?s=96&d=mm&r=g\",\"caption\":\"Reda\u00e7\u00e3o Travel3\"},\"sameAs\":[\"http:\/\/www.travel3.com.br\/\"],\"url\":\"https:\/\/www.travel3.com.br\/site\/author\/redacao\/\"}]}<\/script>\n<!-- \/ Yoast SEO plugin. -->","yoast_head_json":{"title":"JAPAN HOUSE S\u00c3O PAULO CELEBRA A MARCA DE UM MILH\u00c3O DE VISITANTES - Travel3","description":"A TRAVEL3 \u00e9 um portal de conte\u00fado voltado para o turismo, encontre destinos, viagens, hospedagem, passagens, guias, not\u00edcias sobre o mercado do turismo, dicas de viagem, v\u00eddeos e podcast.","robots":{"index":"index","follow":"follow","max-snippet":"max-snippet:-1","max-image-preview":"max-image-preview:large","max-video-preview":"max-video-preview:-1"},"canonical":"https:\/\/www.travel3.com.br\/site\/destinos\/japan-house-sao-paulo-celebra-a-marca-de-um-milhao-de-visitantes\/","og_locale":"pt_BR","og_type":"article","og_title":"JAPAN HOUSE S\u00c3O PAULO CELEBRA A MARCA DE UM MILH\u00c3O DE VISITANTES - Travel3","og_description":"A TRAVEL3 \u00e9 um portal de conte\u00fado voltado para o turismo, encontre destinos, viagens, hospedagem, passagens, guias, not\u00edcias sobre o mercado do turismo, dicas de viagem, v\u00eddeos e podcast.","og_url":"https:\/\/www.travel3.com.br\/site\/destinos\/japan-house-sao-paulo-celebra-a-marca-de-um-milhao-de-visitantes\/","og_site_name":"Travel3","article_publisher":"https:\/\/www.facebook.com\/travel3media\/","article_published_time":"2018-09-16T01:51:23+00:00","article_modified_time":"2018-10-01T03:36:37+00:00","og_image":[{"width":1920,"height":1280,"url":"https:\/\/www.travel3.com.br\/site\/wp-content\/uploads\/2018\/09\/supstrip_159207_1_full.jpg","type":"image\/jpeg"}],"author":"Reda\u00e7\u00e3o Travel3","twitter_card":"summary_large_image","twitter_misc":{"Escrito por":"Reda\u00e7\u00e3o Travel3","Est. tempo de leitura":"1 minuto"},"schema":{"@context":"https:\/\/schema.org","@graph":[{"@type":"Article","@id":"https:\/\/www.travel3.com.br\/site\/destinos\/japan-house-sao-paulo-celebra-a-marca-de-um-milhao-de-visitantes\/#article","isPartOf":{"@id":"https:\/\/www.travel3.com.br\/site\/destinos\/japan-house-sao-paulo-celebra-a-marca-de-um-milhao-de-visitantes\/"},"author":{"name":"Reda\u00e7\u00e3o Travel3","@id":"https:\/\/www.travel3.com.br\/site\/#\/schema\/person\/89251b0320bc67697de92249f97f3fdb"},"headline":"JAPAN HOUSE S\u00c3O PAULO CELEBRA A MARCA DE UM MILH\u00c3O DE VISITANTES","datePublished":"2018-09-16T01:51:23+00:00","dateModified":"2018-10-01T03:36:37+00:00","mainEntityOfPage":{"@id":"https:\/\/www.travel3.com.br\/site\/destinos\/japan-house-sao-paulo-celebra-a-marca-de-um-milhao-de-visitantes\/"},"wordCount":270,"commentCount":0,"publisher":{"@id":"https:\/\/www.travel3.com.br\/site\/#organization"},"image":{"@id":"https:\/\/www.travel3.com.br\/site\/destinos\/japan-house-sao-paulo-celebra-a-marca-de-um-milhao-de-visitantes\/#primaryimage"},"thumbnailUrl":"https:\/\/www.travel3.com.br\/site\/wp-content\/uploads\/2018\/09\/supstrip_159207_1_full.jpg","keywords":["acontece","Brasil","dicas","japan house s\u00e3o paulo","Travel3"],"articleSection":["Brasil","Destinos"],"inLanguage":"pt-BR","potentialAction":[{"@type":"CommentAction","name":"Comment","target":["https:\/\/www.travel3.com.br\/site\/destinos\/japan-house-sao-paulo-celebra-a-marca-de-um-milhao-de-visitantes\/#respond"]}]},{"@type":"WebPage","@id":"https:\/\/www.travel3.com.br\/site\/destinos\/japan-house-sao-paulo-celebra-a-marca-de-um-milhao-de-visitantes\/","url":"https:\/\/www.travel3.com.br\/site\/destinos\/japan-house-sao-paulo-celebra-a-marca-de-um-milhao-de-visitantes\/","name":"JAPAN HOUSE S\u00c3O PAULO CELEBRA A MARCA DE UM MILH\u00c3O DE VISITANTES - Travel3","isPartOf":{"@id":"https:\/\/www.travel3.com.br\/site\/#website"},"primaryImageOfPage":{"@id":"https:\/\/www.travel3.com.br\/site\/destinos\/japan-house-sao-paulo-celebra-a-marca-de-um-milhao-de-visitantes\/#primaryimage"},"image":{"@id":"https:\/\/www.travel3.com.br\/site\/destinos\/japan-house-sao-paulo-celebra-a-marca-de-um-milhao-de-visitantes\/#primaryimage"},"thumbnailUrl":"https:\/\/www.travel3.com.br\/site\/wp-content\/uploads\/2018\/09\/supstrip_159207_1_full.jpg","datePublished":"2018-09-16T01:51:23+00:00","dateModified":"2018-10-01T03:36:37+00:00","description":"A TRAVEL3 \u00e9 um portal de conte\u00fado voltado para o turismo, encontre destinos, viagens, hospedagem, passagens, guias, not\u00edcias sobre o mercado do turismo, dicas de viagem, v\u00eddeos e podcast.","breadcrumb":{"@id":"https:\/\/www.travel3.com.br\/site\/destinos\/japan-house-sao-paulo-celebra-a-marca-de-um-milhao-de-visitantes\/#breadcrumb"},"inLanguage":"pt-BR","potentialAction":[{"@type":"ReadAction","target":["https:\/\/www.travel3.com.br\/site\/destinos\/japan-house-sao-paulo-celebra-a-marca-de-um-milhao-de-visitantes\/"]}]},{"@type":"ImageObject","inLanguage":"pt-BR","@id":"https:\/\/www.travel3.com.br\/site\/destinos\/japan-house-sao-paulo-celebra-a-marca-de-um-milhao-de-visitantes\/#primaryimage","url":"https:\/\/www.travel3.com.br\/site\/wp-content\/uploads\/2018\/09\/supstrip_159207_1_full.jpg","contentUrl":"https:\/\/www.travel3.com.br\/site\/wp-content\/uploads\/2018\/09\/supstrip_159207_1_full.jpg","width":1920,"height":1280},{"@type":"BreadcrumbList","@id":"https:\/\/www.travel3.com.br\/site\/destinos\/japan-house-sao-paulo-celebra-a-marca-de-um-milhao-de-visitantes\/#breadcrumb","itemListElement":[{"@type":"ListItem","position":1,"name":"In\u00edcio","item":"https:\/\/www.travel3.com.br\/site\/"},{"@type":"ListItem","position":2,"name":"JAPAN HOUSE S\u00c3O PAULO CELEBRA A MARCA DE UM MILH\u00c3O DE VISITANTES"}]},{"@type":"WebSite","@id":"https:\/\/www.travel3.com.br\/site\/#website","url":"https:\/\/www.travel3.com.br\/site\/","name":"Travel3","description":"Lazer + Neg&oacute;cios + Aventura","publisher":{"@id":"https:\/\/www.travel3.com.br\/site\/#organization"},"potentialAction":[{"@type":"SearchAction","target":{"@type":"EntryPoint","urlTemplate":"https:\/\/www.travel3.com.br\/site\/?s={search_term_string}"},"query-input":{"@type":"PropertyValueSpecification","valueRequired":true,"valueName":"search_term_string"}}],"inLanguage":"pt-BR"},{"@type":"Organization","@id":"https:\/\/www.travel3.com.br\/site\/#organization","name":"Travel3","url":"https:\/\/www.travel3.com.br\/site\/","logo":{"@type":"ImageObject","inLanguage":"pt-BR","@id":"https:\/\/www.travel3.com.br\/site\/#\/schema\/logo\/image\/","url":"https:\/\/www.travel3.com.br\/site\/wp-content\/uploads\/2020\/01\/logo-travel3-2020.png","contentUrl":"https:\/\/www.travel3.com.br\/site\/wp-content\/uploads\/2020\/01\/logo-travel3-2020.png","width":232,"height":79,"caption":"Travel3"},"image":{"@id":"https:\/\/www.travel3.com.br\/site\/#\/schema\/logo\/image\/"},"sameAs":["https:\/\/www.facebook.com\/travel3media\/","https:\/\/www.instagram.com\/revistatravel3\/","https:\/\/www.youtube.com\/channel\/UCno7J4paGBR3VbZQzvoJ9Eg"]},{"@type":"Person","@id":"https:\/\/www.travel3.com.br\/site\/#\/schema\/person\/89251b0320bc67697de92249f97f3fdb","name":"Reda\u00e7\u00e3o Travel3","image":{"@type":"ImageObject","inLanguage":"pt-BR","@id":"https:\/\/www.travel3.com.br\/site\/#\/schema\/person\/image\/","url":"https:\/\/secure.gravatar.com\/avatar\/85a5ec2ad99b1932f671ebf50c117db6?s=96&d=mm&r=g","contentUrl":"https:\/\/secure.gravatar.com\/avatar\/85a5ec2ad99b1932f671ebf50c117db6?s=96&d=mm&r=g","caption":"Reda\u00e7\u00e3o Travel3"},"sameAs":["http:\/\/www.travel3.com.br\/"],"url":"https:\/\/www.travel3.com.br\/site\/author\/redacao\/"}]}},"_links":{"self":[{"href":"https:\/\/www.travel3.com.br\/site\/wp-json\/wp\/v2\/posts\/15655","targetHints":{"allow":["GET"]}}],"collection":[{"href":"https:\/\/www.travel3.com.br\/site\/wp-json\/wp\/v2\/posts"}],"about":[{"href":"https:\/\/www.travel3.com.br\/site\/wp-json\/wp\/v2\/types\/post"}],"author":[{"embeddable":true,"href":"https:\/\/www.travel3.com.br\/site\/wp-json\/wp\/v2\/users\/5"}],"replies":[{"embeddable":true,"href":"https:\/\/www.travel3.com.br\/site\/wp-json\/wp\/v2\/comments?post=15655"}],"version-history":[{"count":3,"href":"https:\/\/www.travel3.com.br\/site\/wp-json\/wp\/v2\/posts\/15655\/revisions"}],"predecessor-version":[{"id":15869,"href":"https:\/\/www.travel3.com.br\/site\/wp-json\/wp\/v2\/posts\/15655\/revisions\/15869"}],"wp:featuredmedia":[{"embeddable":true,"href":"https:\/\/www.travel3.com.br\/site\/wp-json\/wp\/v2\/media\/15656"}],"wp:attachment":[{"href":"https:\/\/www.travel3.com.br\/site\/wp-json\/wp\/v2\/media?parent=15655"}],"wp:term":[{"taxonomy":"category","embeddable":true,"href":"https:\/\/www.travel3.com.br\/site\/wp-json\/wp\/v2\/categories?post=15655"},{"taxonomy":"post_tag","embeddable":true,"href":"https:\/\/www.travel3.com.br\/site\/wp-json\/wp\/v2\/tags?post=15655"}],"curies":[{"name":"wp","href":"https:\/\/api.w.org\/{rel}","templated":true}]}}