{"id":15590,"date":"2018-09-06T10:23:48","date_gmt":"2018-09-06T13:23:48","guid":{"rendered":"http:\/\/www.travel3.com.br\/?p=15590"},"modified":"2018-09-21T12:08:26","modified_gmt":"2018-09-21T15:08:26","slug":"visual-plus","status":"publish","type":"post","link":"https:\/\/www.travel3.com.br\/site\/acontece-no-turismo\/visual-plus\/","title":{"rendered":"CAMPANHA VISUAL PLUS RETORNA COM FOR\u00c7A TOTAL E MILH\u00d5ES DE PR\u00caMIOS"},"content":{"rendered":"<h2 style=\"text-align: center;\">Em sua\u00a04\u00b0 edi\u00e7\u00e3o, a a\u00e7\u00e3o de incentivo d\u00e1 ao agente de viagem a possibilidade de adquirir + de 1,5 milh\u00f5es de produtos<\/h2>\n<p>O agente de viagens, grande parceiro da Visual Turismo j\u00e1 conhecem a Campanha Visual Plus. Ela prestigia e motiva o \u00fanico canal de vendas da operadora, atrav\u00e9s de uma pol\u00edtica de ac\u00famulo de pontos.<\/p>\n<figure id=\"attachment_15594\" aria-describedby=\"caption-attachment-15594\" style=\"width: 1920px\" class=\"wp-caption aligncenter\"><a href=\"http:\/\/www.travel3.com.br\/site\/wp-content\/uploads\/2018\/09\/visual_plus2018_a.jpg\"><img loading=\"lazy\" decoding=\"async\" class=\"wp-image-15594 size-full\" title=\"Visual Plus\" src=\"http:\/\/www.travel3.com.br\/site\/wp-content\/uploads\/2018\/09\/visual_plus2018_a.jpg\" alt=\"Campanha de Vendas Visual Plus\" width=\"1920\" height=\"1170\" srcset=\"https:\/\/www.travel3.com.br\/site\/wp-content\/uploads\/2018\/09\/visual_plus2018_a.jpg 1920w, https:\/\/www.travel3.com.br\/site\/wp-content\/uploads\/2018\/09\/visual_plus2018_a-300x183.jpg 300w, https:\/\/www.travel3.com.br\/site\/wp-content\/uploads\/2018\/09\/visual_plus2018_a-768x468.jpg 768w, https:\/\/www.travel3.com.br\/site\/wp-content\/uploads\/2018\/09\/visual_plus2018_a-1024x624.jpg 1024w\" sizes=\"auto, (max-width: 1920px) 100vw, 1920px\" \/><\/a><figcaption id=\"caption-attachment-15594\" class=\"wp-caption-text\">(Divulga\u00e7\u00e3o)<\/figcaption><\/figure>\n<p>Pois a operadora acaba de anunciar a\u00a04\u00b0 edi\u00e7\u00e3o da campanha\u00a0Visual Plus. V\u00e1lida para os agentes de viagens de todo o Brasil, a cada R$ 1.000,00 vendidos (sem taxas), o profissional ganha 25 pontos.<\/p>\n<p>&nbsp;<\/p>\n<blockquote><p>\u201cPor meio dessa a\u00e7\u00e3o pretendemos fidelizar ainda mais o relacionamento com o nosso \u00fanico canal de vendas e tamb\u00e9m agradecer todo o prestigio que recebemos de nossos parceiros agentes de viagem.<\/p>\n<p>J\u00e1 foram distribu\u00eddos mais de 2 milh\u00f5es em pr\u00eamios nas edi\u00e7\u00f5es anteriores, ao longo de 2015, 2016 e 2017. E a campanha \u00e9 muito democr\u00e1tica, pois todos ganham, independentemente do volume de vendas. Vendeu, ganhou!\u201d<\/p>\n<p><strong>Afonso Louro &#8211; Diretor Geral da Visual Turismo<\/strong><\/p><\/blockquote>\n<h2>Campanha Visual Plus permite trocar pontos por produtos<\/h2>\n<p>A venda inclui produtos e servi\u00e7os oferecidos pela operadora, como hotelaria, pacotes, ingressos, seguro-viagem, etc.<\/p>\n<p>O ac\u00famulo de pontos permitir\u00e1 a troca por uma infinidade de produtos. S\u00e3o mais de 1,5 milh\u00f5es deles, relacionados aos segmentos de\u00a0tecnologia, cultura, moda, beleza, sa\u00fade, automotivo, residencial, esportes, infantil e muito mais.<\/p>\n<h2 style=\"text-align: center;\"><mark>Fa\u00e7a o seu cadastro =\u00a0<a href=\"http:\/\/www.visualplus.com.br\">www.visualplus.com.br<\/a><\/mark><\/h2>\n","protected":false},"excerpt":{"rendered":"<p>Em sua\u00a04\u00b0 edi\u00e7\u00e3o, a a\u00e7\u00e3o de incentivo d\u00e1 ao agente de viagem a possibilidade de adquirir + de 1,5 milh\u00f5es de produtos O agente de viagens, grande parceiro da Visual Turismo j\u00e1 conhecem a Campanha Visual Plus. Ela prestigia e motiva o \u00fanico canal de vendas da operadora, atrav\u00e9s de uma pol\u00edtica de ac\u00famulo de [&hellip;]<\/p>\n","protected":false},"author":5,"featured_media":15593,"comment_status":"open","ping_status":"open","sticky":false,"template":"","format":"standard","meta":{"footnotes":""},"categories":[969,226,3,4,161],"tags":[1947,2650,1654,2649,2648,187,307],"class_list":["post-15590","post","type-post","status-publish","format-standard","has-post-thumbnail","hentry","category-acontece-no-turismo","category-destaque","category-negocios","category-operadoras","category-promocoes","tag-acontece","tag-afonso-louro","tag-campanha-de-vendas","tag-premios","tag-produtos","tag-travel3","tag-visual-turismo"],"yoast_head":"<!-- This site is optimized with the Yoast SEO plugin v26.2 - https:\/\/yoast.com\/wordpress\/plugins\/seo\/ -->\n<title>Campanha de vendas Visual Plus retorna com for\u00e7a total e milh\u00f5es de pr\u00eamios<\/title>\n<meta name=\"description\" content=\"Em sua 4a edi\u00e7\u00e3o, Campanha de Vendas Visual Plus retorna com for\u00e7a total oferecendo aos agentes de viagens a possibilidade de adquirir milh\u00f5es de produtos\" \/>\n<meta name=\"robots\" content=\"index, follow, max-snippet:-1, max-image-preview:large, max-video-preview:-1\" \/>\n<link rel=\"canonical\" href=\"https:\/\/www.travel3.com.br\/site\/acontece-no-turismo\/visual-plus\/\" \/>\n<meta property=\"og:locale\" content=\"pt_BR\" \/>\n<meta property=\"og:type\" content=\"article\" \/>\n<meta property=\"og:title\" content=\"Campanha de vendas Visual Plus retorna com for\u00e7a total e milh\u00f5es de pr\u00eamios\" \/>\n<meta property=\"og:description\" content=\"Em sua 4a edi\u00e7\u00e3o, Campanha de Vendas Visual Plus retorna com for\u00e7a total oferecendo aos agentes de viagens a possibilidade de adquirir milh\u00f5es de produtos\" \/>\n<meta property=\"og:url\" content=\"https:\/\/www.travel3.com.br\/site\/acontece-no-turismo\/visual-plus\/\" \/>\n<meta property=\"og:site_name\" content=\"Travel3\" \/>\n<meta property=\"article:publisher\" content=\"https:\/\/www.facebook.com\/travel3media\/\" \/>\n<meta property=\"article:published_time\" content=\"2018-09-06T13:23:48+00:00\" \/>\n<meta property=\"article:modified_time\" content=\"2018-09-21T15:08:26+00:00\" \/>\n<meta property=\"og:image\" content=\"https:\/\/www.travel3.com.br\/site\/wp-content\/uploads\/2018\/09\/visual-afonso-louro1_1.jpg\" \/>\n\t<meta property=\"og:image:width\" content=\"440\" \/>\n\t<meta property=\"og:image:height\" content=\"320\" \/>\n\t<meta property=\"og:image:type\" content=\"image\/jpeg\" \/>\n<meta name=\"author\" content=\"Reda\u00e7\u00e3o Travel3\" \/>\n<meta name=\"twitter:card\" content=\"summary_large_image\" \/>\n<meta name=\"twitter:label1\" content=\"Escrito por\" \/>\n\t<meta name=\"twitter:data1\" content=\"Reda\u00e7\u00e3o Travel3\" \/>\n\t<meta name=\"twitter:label2\" content=\"Est. tempo de leitura\" \/>\n\t<meta name=\"twitter:data2\" content=\"1 minuto\" \/>\n<script type=\"application\/ld+json\" class=\"yoast-schema-graph\">{\"@context\":\"https:\/\/schema.org\",\"@graph\":[{\"@type\":\"Article\",\"@id\":\"https:\/\/www.travel3.com.br\/site\/acontece-no-turismo\/visual-plus\/#article\",\"isPartOf\":{\"@id\":\"https:\/\/www.travel3.com.br\/site\/acontece-no-turismo\/visual-plus\/\"},\"author\":{\"name\":\"Reda\u00e7\u00e3o Travel3\",\"@id\":\"https:\/\/www.travel3.com.br\/site\/#\/schema\/person\/89251b0320bc67697de92249f97f3fdb\"},\"headline\":\"CAMPANHA VISUAL PLUS RETORNA COM FOR\u00c7A TOTAL E MILH\u00d5ES DE PR\u00caMIOS\",\"datePublished\":\"2018-09-06T13:23:48+00:00\",\"dateModified\":\"2018-09-21T15:08:26+00:00\",\"mainEntityOfPage\":{\"@id\":\"https:\/\/www.travel3.com.br\/site\/acontece-no-turismo\/visual-plus\/\"},\"wordCount\":264,\"commentCount\":0,\"publisher\":{\"@id\":\"https:\/\/www.travel3.com.br\/site\/#organization\"},\"image\":{\"@id\":\"https:\/\/www.travel3.com.br\/site\/acontece-no-turismo\/visual-plus\/#primaryimage\"},\"thumbnailUrl\":\"https:\/\/www.travel3.com.br\/site\/wp-content\/uploads\/2018\/09\/visual-afonso-louro1_1.jpg\",\"keywords\":[\"acontece\",\"Afonso Louro\",\"campanha de vendas\",\"pr\u00eamios\",\"produtos\",\"Travel3\",\"Visual Turismo\"],\"articleSection\":[\"Acontece no Turismo\",\"Destaque\",\"Neg\u00f3cios\",\"Operadoras\",\"Promo\u00e7\u00f5es\"],\"inLanguage\":\"pt-BR\",\"potentialAction\":[{\"@type\":\"CommentAction\",\"name\":\"Comment\",\"target\":[\"https:\/\/www.travel3.com.br\/site\/acontece-no-turismo\/visual-plus\/#respond\"]}]},{\"@type\":\"WebPage\",\"@id\":\"https:\/\/www.travel3.com.br\/site\/acontece-no-turismo\/visual-plus\/\",\"url\":\"https:\/\/www.travel3.com.br\/site\/acontece-no-turismo\/visual-plus\/\",\"name\":\"Campanha de vendas Visual Plus retorna com for\u00e7a total e milh\u00f5es de pr\u00eamios\",\"isPartOf\":{\"@id\":\"https:\/\/www.travel3.com.br\/site\/#website\"},\"primaryImageOfPage\":{\"@id\":\"https:\/\/www.travel3.com.br\/site\/acontece-no-turismo\/visual-plus\/#primaryimage\"},\"image\":{\"@id\":\"https:\/\/www.travel3.com.br\/site\/acontece-no-turismo\/visual-plus\/#primaryimage\"},\"thumbnailUrl\":\"https:\/\/www.travel3.com.br\/site\/wp-content\/uploads\/2018\/09\/visual-afonso-louro1_1.jpg\",\"datePublished\":\"2018-09-06T13:23:48+00:00\",\"dateModified\":\"2018-09-21T15:08:26+00:00\",\"description\":\"Em sua 4a edi\u00e7\u00e3o, Campanha de Vendas Visual Plus retorna com for\u00e7a total oferecendo aos agentes de viagens a possibilidade de adquirir milh\u00f5es de produtos\",\"breadcrumb\":{\"@id\":\"https:\/\/www.travel3.com.br\/site\/acontece-no-turismo\/visual-plus\/#breadcrumb\"},\"inLanguage\":\"pt-BR\",\"potentialAction\":[{\"@type\":\"ReadAction\",\"target\":[\"https:\/\/www.travel3.com.br\/site\/acontece-no-turismo\/visual-plus\/\"]}]},{\"@type\":\"ImageObject\",\"inLanguage\":\"pt-BR\",\"@id\":\"https:\/\/www.travel3.com.br\/site\/acontece-no-turismo\/visual-plus\/#primaryimage\",\"url\":\"https:\/\/www.travel3.com.br\/site\/wp-content\/uploads\/2018\/09\/visual-afonso-louro1_1.jpg\",\"contentUrl\":\"https:\/\/www.travel3.com.br\/site\/wp-content\/uploads\/2018\/09\/visual-afonso-louro1_1.jpg\",\"width\":440,\"height\":320,\"caption\":\"Afonso Louro, diretor geral da Visual Turismo\"},{\"@type\":\"BreadcrumbList\",\"@id\":\"https:\/\/www.travel3.com.br\/site\/acontece-no-turismo\/visual-plus\/#breadcrumb\",\"itemListElement\":[{\"@type\":\"ListItem\",\"position\":1,\"name\":\"In\u00edcio\",\"item\":\"https:\/\/www.travel3.com.br\/site\/\"},{\"@type\":\"ListItem\",\"position\":2,\"name\":\"CAMPANHA VISUAL PLUS RETORNA COM FOR\u00c7A TOTAL E MILH\u00d5ES DE PR\u00caMIOS\"}]},{\"@type\":\"WebSite\",\"@id\":\"https:\/\/www.travel3.com.br\/site\/#website\",\"url\":\"https:\/\/www.travel3.com.br\/site\/\",\"name\":\"Travel3\",\"description\":\"Lazer + Neg&oacute;cios + Aventura\",\"publisher\":{\"@id\":\"https:\/\/www.travel3.com.br\/site\/#organization\"},\"potentialAction\":[{\"@type\":\"SearchAction\",\"target\":{\"@type\":\"EntryPoint\",\"urlTemplate\":\"https:\/\/www.travel3.com.br\/site\/?s={search_term_string}\"},\"query-input\":{\"@type\":\"PropertyValueSpecification\",\"valueRequired\":true,\"valueName\":\"search_term_string\"}}],\"inLanguage\":\"pt-BR\"},{\"@type\":\"Organization\",\"@id\":\"https:\/\/www.travel3.com.br\/site\/#organization\",\"name\":\"Travel3\",\"url\":\"https:\/\/www.travel3.com.br\/site\/\",\"logo\":{\"@type\":\"ImageObject\",\"inLanguage\":\"pt-BR\",\"@id\":\"https:\/\/www.travel3.com.br\/site\/#\/schema\/logo\/image\/\",\"url\":\"https:\/\/www.travel3.com.br\/site\/wp-content\/uploads\/2020\/01\/logo-travel3-2020.png\",\"contentUrl\":\"https:\/\/www.travel3.com.br\/site\/wp-content\/uploads\/2020\/01\/logo-travel3-2020.png\",\"width\":232,\"height\":79,\"caption\":\"Travel3\"},\"image\":{\"@id\":\"https:\/\/www.travel3.com.br\/site\/#\/schema\/logo\/image\/\"},\"sameAs\":[\"https:\/\/www.facebook.com\/travel3media\/\",\"https:\/\/www.instagram.com\/revistatravel3\/\",\"https:\/\/www.youtube.com\/channel\/UCno7J4paGBR3VbZQzvoJ9Eg\"]},{\"@type\":\"Person\",\"@id\":\"https:\/\/www.travel3.com.br\/site\/#\/schema\/person\/89251b0320bc67697de92249f97f3fdb\",\"name\":\"Reda\u00e7\u00e3o Travel3\",\"image\":{\"@type\":\"ImageObject\",\"inLanguage\":\"pt-BR\",\"@id\":\"https:\/\/www.travel3.com.br\/site\/#\/schema\/person\/image\/\",\"url\":\"https:\/\/secure.gravatar.com\/avatar\/85a5ec2ad99b1932f671ebf50c117db6?s=96&d=mm&r=g\",\"contentUrl\":\"https:\/\/secure.gravatar.com\/avatar\/85a5ec2ad99b1932f671ebf50c117db6?s=96&d=mm&r=g\",\"caption\":\"Reda\u00e7\u00e3o Travel3\"},\"sameAs\":[\"http:\/\/www.travel3.com.br\/\"],\"url\":\"https:\/\/www.travel3.com.br\/site\/author\/redacao\/\"}]}<\/script>\n<!-- \/ Yoast SEO plugin. -->","yoast_head_json":{"title":"Campanha de vendas Visual Plus retorna com for\u00e7a total e milh\u00f5es de pr\u00eamios","description":"Em sua 4a edi\u00e7\u00e3o, Campanha de Vendas Visual Plus retorna com for\u00e7a total oferecendo aos agentes de viagens a possibilidade de adquirir milh\u00f5es de produtos","robots":{"index":"index","follow":"follow","max-snippet":"max-snippet:-1","max-image-preview":"max-image-preview:large","max-video-preview":"max-video-preview:-1"},"canonical":"https:\/\/www.travel3.com.br\/site\/acontece-no-turismo\/visual-plus\/","og_locale":"pt_BR","og_type":"article","og_title":"Campanha de vendas Visual Plus retorna com for\u00e7a total e milh\u00f5es de pr\u00eamios","og_description":"Em sua 4a edi\u00e7\u00e3o, Campanha de Vendas Visual Plus retorna com for\u00e7a total oferecendo aos agentes de viagens a possibilidade de adquirir milh\u00f5es de produtos","og_url":"https:\/\/www.travel3.com.br\/site\/acontece-no-turismo\/visual-plus\/","og_site_name":"Travel3","article_publisher":"https:\/\/www.facebook.com\/travel3media\/","article_published_time":"2018-09-06T13:23:48+00:00","article_modified_time":"2018-09-21T15:08:26+00:00","og_image":[{"width":440,"height":320,"url":"https:\/\/www.travel3.com.br\/site\/wp-content\/uploads\/2018\/09\/visual-afonso-louro1_1.jpg","type":"image\/jpeg"}],"author":"Reda\u00e7\u00e3o Travel3","twitter_card":"summary_large_image","twitter_misc":{"Escrito por":"Reda\u00e7\u00e3o Travel3","Est. tempo de leitura":"1 minuto"},"schema":{"@context":"https:\/\/schema.org","@graph":[{"@type":"Article","@id":"https:\/\/www.travel3.com.br\/site\/acontece-no-turismo\/visual-plus\/#article","isPartOf":{"@id":"https:\/\/www.travel3.com.br\/site\/acontece-no-turismo\/visual-plus\/"},"author":{"name":"Reda\u00e7\u00e3o Travel3","@id":"https:\/\/www.travel3.com.br\/site\/#\/schema\/person\/89251b0320bc67697de92249f97f3fdb"},"headline":"CAMPANHA VISUAL PLUS RETORNA COM FOR\u00c7A TOTAL E MILH\u00d5ES DE PR\u00caMIOS","datePublished":"2018-09-06T13:23:48+00:00","dateModified":"2018-09-21T15:08:26+00:00","mainEntityOfPage":{"@id":"https:\/\/www.travel3.com.br\/site\/acontece-no-turismo\/visual-plus\/"},"wordCount":264,"commentCount":0,"publisher":{"@id":"https:\/\/www.travel3.com.br\/site\/#organization"},"image":{"@id":"https:\/\/www.travel3.com.br\/site\/acontece-no-turismo\/visual-plus\/#primaryimage"},"thumbnailUrl":"https:\/\/www.travel3.com.br\/site\/wp-content\/uploads\/2018\/09\/visual-afonso-louro1_1.jpg","keywords":["acontece","Afonso Louro","campanha de vendas","pr\u00eamios","produtos","Travel3","Visual Turismo"],"articleSection":["Acontece no Turismo","Destaque","Neg\u00f3cios","Operadoras","Promo\u00e7\u00f5es"],"inLanguage":"pt-BR","potentialAction":[{"@type":"CommentAction","name":"Comment","target":["https:\/\/www.travel3.com.br\/site\/acontece-no-turismo\/visual-plus\/#respond"]}]},{"@type":"WebPage","@id":"https:\/\/www.travel3.com.br\/site\/acontece-no-turismo\/visual-plus\/","url":"https:\/\/www.travel3.com.br\/site\/acontece-no-turismo\/visual-plus\/","name":"Campanha de vendas Visual Plus retorna com for\u00e7a total e milh\u00f5es de pr\u00eamios","isPartOf":{"@id":"https:\/\/www.travel3.com.br\/site\/#website"},"primaryImageOfPage":{"@id":"https:\/\/www.travel3.com.br\/site\/acontece-no-turismo\/visual-plus\/#primaryimage"},"image":{"@id":"https:\/\/www.travel3.com.br\/site\/acontece-no-turismo\/visual-plus\/#primaryimage"},"thumbnailUrl":"https:\/\/www.travel3.com.br\/site\/wp-content\/uploads\/2018\/09\/visual-afonso-louro1_1.jpg","datePublished":"2018-09-06T13:23:48+00:00","dateModified":"2018-09-21T15:08:26+00:00","description":"Em sua 4a edi\u00e7\u00e3o, Campanha de Vendas Visual Plus retorna com for\u00e7a total oferecendo aos agentes de viagens a possibilidade de adquirir milh\u00f5es de produtos","breadcrumb":{"@id":"https:\/\/www.travel3.com.br\/site\/acontece-no-turismo\/visual-plus\/#breadcrumb"},"inLanguage":"pt-BR","potentialAction":[{"@type":"ReadAction","target":["https:\/\/www.travel3.com.br\/site\/acontece-no-turismo\/visual-plus\/"]}]},{"@type":"ImageObject","inLanguage":"pt-BR","@id":"https:\/\/www.travel3.com.br\/site\/acontece-no-turismo\/visual-plus\/#primaryimage","url":"https:\/\/www.travel3.com.br\/site\/wp-content\/uploads\/2018\/09\/visual-afonso-louro1_1.jpg","contentUrl":"https:\/\/www.travel3.com.br\/site\/wp-content\/uploads\/2018\/09\/visual-afonso-louro1_1.jpg","width":440,"height":320,"caption":"Afonso Louro, diretor geral da Visual Turismo"},{"@type":"BreadcrumbList","@id":"https:\/\/www.travel3.com.br\/site\/acontece-no-turismo\/visual-plus\/#breadcrumb","itemListElement":[{"@type":"ListItem","position":1,"name":"In\u00edcio","item":"https:\/\/www.travel3.com.br\/site\/"},{"@type":"ListItem","position":2,"name":"CAMPANHA VISUAL PLUS RETORNA COM FOR\u00c7A TOTAL E MILH\u00d5ES DE PR\u00caMIOS"}]},{"@type":"WebSite","@id":"https:\/\/www.travel3.com.br\/site\/#website","url":"https:\/\/www.travel3.com.br\/site\/","name":"Travel3","description":"Lazer + Neg&oacute;cios + Aventura","publisher":{"@id":"https:\/\/www.travel3.com.br\/site\/#organization"},"potentialAction":[{"@type":"SearchAction","target":{"@type":"EntryPoint","urlTemplate":"https:\/\/www.travel3.com.br\/site\/?s={search_term_string}"},"query-input":{"@type":"PropertyValueSpecification","valueRequired":true,"valueName":"search_term_string"}}],"inLanguage":"pt-BR"},{"@type":"Organization","@id":"https:\/\/www.travel3.com.br\/site\/#organization","name":"Travel3","url":"https:\/\/www.travel3.com.br\/site\/","logo":{"@type":"ImageObject","inLanguage":"pt-BR","@id":"https:\/\/www.travel3.com.br\/site\/#\/schema\/logo\/image\/","url":"https:\/\/www.travel3.com.br\/site\/wp-content\/uploads\/2020\/01\/logo-travel3-2020.png","contentUrl":"https:\/\/www.travel3.com.br\/site\/wp-content\/uploads\/2020\/01\/logo-travel3-2020.png","width":232,"height":79,"caption":"Travel3"},"image":{"@id":"https:\/\/www.travel3.com.br\/site\/#\/schema\/logo\/image\/"},"sameAs":["https:\/\/www.facebook.com\/travel3media\/","https:\/\/www.instagram.com\/revistatravel3\/","https:\/\/www.youtube.com\/channel\/UCno7J4paGBR3VbZQzvoJ9Eg"]},{"@type":"Person","@id":"https:\/\/www.travel3.com.br\/site\/#\/schema\/person\/89251b0320bc67697de92249f97f3fdb","name":"Reda\u00e7\u00e3o Travel3","image":{"@type":"ImageObject","inLanguage":"pt-BR","@id":"https:\/\/www.travel3.com.br\/site\/#\/schema\/person\/image\/","url":"https:\/\/secure.gravatar.com\/avatar\/85a5ec2ad99b1932f671ebf50c117db6?s=96&d=mm&r=g","contentUrl":"https:\/\/secure.gravatar.com\/avatar\/85a5ec2ad99b1932f671ebf50c117db6?s=96&d=mm&r=g","caption":"Reda\u00e7\u00e3o Travel3"},"sameAs":["http:\/\/www.travel3.com.br\/"],"url":"https:\/\/www.travel3.com.br\/site\/author\/redacao\/"}]}},"_links":{"self":[{"href":"https:\/\/www.travel3.com.br\/site\/wp-json\/wp\/v2\/posts\/15590","targetHints":{"allow":["GET"]}}],"collection":[{"href":"https:\/\/www.travel3.com.br\/site\/wp-json\/wp\/v2\/posts"}],"about":[{"href":"https:\/\/www.travel3.com.br\/site\/wp-json\/wp\/v2\/types\/post"}],"author":[{"embeddable":true,"href":"https:\/\/www.travel3.com.br\/site\/wp-json\/wp\/v2\/users\/5"}],"replies":[{"embeddable":true,"href":"https:\/\/www.travel3.com.br\/site\/wp-json\/wp\/v2\/comments?post=15590"}],"version-history":[{"count":3,"href":"https:\/\/www.travel3.com.br\/site\/wp-json\/wp\/v2\/posts\/15590\/revisions"}],"predecessor-version":[{"id":15595,"href":"https:\/\/www.travel3.com.br\/site\/wp-json\/wp\/v2\/posts\/15590\/revisions\/15595"}],"wp:featuredmedia":[{"embeddable":true,"href":"https:\/\/www.travel3.com.br\/site\/wp-json\/wp\/v2\/media\/15593"}],"wp:attachment":[{"href":"https:\/\/www.travel3.com.br\/site\/wp-json\/wp\/v2\/media?parent=15590"}],"wp:term":[{"taxonomy":"category","embeddable":true,"href":"https:\/\/www.travel3.com.br\/site\/wp-json\/wp\/v2\/categories?post=15590"},{"taxonomy":"post_tag","embeddable":true,"href":"https:\/\/www.travel3.com.br\/site\/wp-json\/wp\/v2\/tags?post=15590"}],"curies":[{"name":"wp","href":"https:\/\/api.w.org\/{rel}","templated":true}]}}