{"id":15413,"date":"2018-08-28T17:57:01","date_gmt":"2018-08-28T20:57:01","guid":{"rendered":"http:\/\/www.travel3.com.br\/?p=15413"},"modified":"2018-09-11T23:27:40","modified_gmt":"2018-09-12T02:27:40","slug":"palace-resort-movimenta-industria-do-turismo-com-eventos-globais","status":"publish","type":"post","link":"https:\/\/www.travel3.com.br\/site\/hotel\/internacional\/palace-resort-movimenta-industria-do-turismo-com-eventos-globais\/","title":{"rendered":"PALACE RESORT MOVIMENTA IND\u00daSTRIA DO TURISMO COM EVENTOS GLOBAIS"},"content":{"rendered":"<h1 style=\"text-align: center;\">Semin\u00e1rio de Bodas e Confer\u00eancia Global de Agentes de Viagem reuniram importantes players do mercado mundial<\/h1>\n<p>Ao lado de profissionais vindos de todas as partes do mundo, agentes de viagem brasileiros marcaram presen\u00e7a em 2 importantes eventos globais promovidos pela rede Palace Resorts.<\/p>\n<p>Marisa Zamboni, diretora de vendas Brasil da Palace Resort foi, ao lado de Cristina Manfrino, diretora de vendas para a Am\u00e9rica, a anfitri\u00e3 dos agentes de viagem do Brasil.<\/p>\n<figure id=\"attachment_15416\" aria-describedby=\"caption-attachment-15416\" style=\"width: 960px\" class=\"wp-caption aligncenter\"><a href=\"http:\/\/www.travel3.com.br\/site\/wp-content\/uploads\/2018\/08\/palace-premio1.jpg\"><img loading=\"lazy\" decoding=\"async\" class=\"wp-image-15416 size-full\" src=\"http:\/\/www.travel3.com.br\/site\/wp-content\/uploads\/2018\/08\/palace-premio1.jpg\" alt=\"Palace Resorts Conferencia Global\" width=\"960\" height=\"1280\" srcset=\"https:\/\/www.travel3.com.br\/site\/wp-content\/uploads\/2018\/08\/palace-premio1.jpg 960w, https:\/\/www.travel3.com.br\/site\/wp-content\/uploads\/2018\/08\/palace-premio1-225x300.jpg 225w, https:\/\/www.travel3.com.br\/site\/wp-content\/uploads\/2018\/08\/palace-premio1-768x1024.jpg 768w\" sizes=\"auto, (max-width: 960px) 100vw, 960px\" \/><\/a><figcaption id=\"caption-attachment-15416\" class=\"wp-caption-text\"><strong>Temporada de grandes eventos culminou com homenagem \u00e0s ag\u00eancias de viagens, principais parceiras da Palace Resort (Fotos: Divulga\u00e7\u00e3o)<\/strong><\/figcaption><\/figure>\n<h2>Nos\u00a0dias 20 e 21 de agosto foi realizado o Semin\u00e1rio de Bodas, no The Grand at Moon Palace Cancun<\/h2>\n<p>Feito sob medida para as ag\u00eancias de viagem especializadas no segmento, a agenda incluiu capacita\u00e7\u00f5es, degusta\u00e7\u00e3o de alimentos e bebidas, visitas \u00e0s loca\u00e7\u00f5es e networking com fornecedores relacionados ao tema.<\/p>\n<figure id=\"attachment_15421\" aria-describedby=\"caption-attachment-15421\" style=\"width: 1280px\" class=\"wp-caption aligncenter\"><a href=\"http:\/\/www.travel3.com.br\/site\/wp-content\/uploads\/2018\/08\/whatsapp-image-2018-08-23-at-20.18.50.jpeg\"><img loading=\"lazy\" decoding=\"async\" class=\"wp-image-15421 size-full\" title=\"eventos globais\" src=\"http:\/\/www.travel3.com.br\/site\/wp-content\/uploads\/2018\/08\/whatsapp-image-2018-08-23-at-20.18.50.jpeg\" alt=\"Palace Resorts Conferencia Global\" width=\"1280\" height=\"962\" srcset=\"https:\/\/www.travel3.com.br\/site\/wp-content\/uploads\/2018\/08\/whatsapp-image-2018-08-23-at-20.18.50.jpeg 1280w, https:\/\/www.travel3.com.br\/site\/wp-content\/uploads\/2018\/08\/whatsapp-image-2018-08-23-at-20.18.50-300x225.jpeg 300w, https:\/\/www.travel3.com.br\/site\/wp-content\/uploads\/2018\/08\/whatsapp-image-2018-08-23-at-20.18.50-768x577.jpeg 768w, https:\/\/www.travel3.com.br\/site\/wp-content\/uploads\/2018\/08\/whatsapp-image-2018-08-23-at-20.18.50-1024x770.jpeg 1024w\" sizes=\"auto, (max-width: 1280px) 100vw, 1280px\" \/><\/a><figcaption id=\"caption-attachment-15421\" class=\"wp-caption-text\"><strong>Bruna Bed\u00ea, da Relp Turismo de Bras\u00edlia; Marisa Zamboni, diretora de vendas Brasil da Palace Resorts, e Luiza Vechi, da BM Tour de Goi\u00e2nia<\/strong><\/figcaption><\/figure>\n<figure id=\"attachment_15422\" aria-describedby=\"caption-attachment-15422\" style=\"width: 960px\" class=\"wp-caption aligncenter\"><a href=\"http:\/\/www.travel3.com.br\/site\/wp-content\/uploads\/2018\/08\/whatsapp-image-2018-08-23-at-20.22.21.jpeg\"><img loading=\"lazy\" decoding=\"async\" class=\"wp-image-15422 size-full\" title=\"eventos globais\" src=\"http:\/\/www.travel3.com.br\/site\/wp-content\/uploads\/2018\/08\/whatsapp-image-2018-08-23-at-20.22.21.jpeg\" alt=\"Palace Resorts Conferencia Global\" width=\"960\" height=\"1280\" srcset=\"https:\/\/www.travel3.com.br\/site\/wp-content\/uploads\/2018\/08\/whatsapp-image-2018-08-23-at-20.22.21.jpeg 960w, https:\/\/www.travel3.com.br\/site\/wp-content\/uploads\/2018\/08\/whatsapp-image-2018-08-23-at-20.22.21-225x300.jpeg 225w, https:\/\/www.travel3.com.br\/site\/wp-content\/uploads\/2018\/08\/whatsapp-image-2018-08-23-at-20.22.21-768x1024.jpeg 768w\" sizes=\"auto, (max-width: 960px) 100vw, 960px\" \/><\/a><figcaption id=\"caption-attachment-15422\" class=\"wp-caption-text\"><strong>Rebeca Bessa, da Ap\u00f3s o Pouso; Claudia Alc\u00e2ntara, da Terra Turismo, e Samia Almeida, da Happy Travel, agencias de Fortaleza, no The Grand at Moon Palace<\/strong><\/figcaption><\/figure>\n<figure id=\"attachment_15425\" aria-describedby=\"caption-attachment-15425\" style=\"width: 1280px\" class=\"wp-caption aligncenter\"><a href=\"http:\/\/www.travel3.com.br\/site\/wp-content\/uploads\/2018\/08\/whatsapp-image-2018-08-23-at-20.26.28.jpeg\"><img loading=\"lazy\" decoding=\"async\" class=\"wp-image-15425 size-full\" title=\"eventos globais\" src=\"http:\/\/www.travel3.com.br\/site\/wp-content\/uploads\/2018\/08\/whatsapp-image-2018-08-23-at-20.26.28.jpeg\" alt=\"Palace Resorts Conferencia Global\" width=\"1280\" height=\"960\" srcset=\"https:\/\/www.travel3.com.br\/site\/wp-content\/uploads\/2018\/08\/whatsapp-image-2018-08-23-at-20.26.28.jpeg 1280w, https:\/\/www.travel3.com.br\/site\/wp-content\/uploads\/2018\/08\/whatsapp-image-2018-08-23-at-20.26.28-300x225.jpeg 300w, https:\/\/www.travel3.com.br\/site\/wp-content\/uploads\/2018\/08\/whatsapp-image-2018-08-23-at-20.26.28-768x576.jpeg 768w, https:\/\/www.travel3.com.br\/site\/wp-content\/uploads\/2018\/08\/whatsapp-image-2018-08-23-at-20.26.28-1024x768.jpeg 1024w\" sizes=\"auto, (max-width: 1280px) 100vw, 1280px\" \/><\/a><figcaption id=\"caption-attachment-15425\" class=\"wp-caption-text\"><strong>Agentes de viagens do Brasil experimentam a deliciosa gastronomia do restaurante Italiano La T\u00e1vola, do The Grand at Moon Palace<\/strong><\/figcaption><\/figure>\n<blockquote class=\"wp-embedded-content\" data-secret=\"X7lptovZoL\"><p><a href=\"https:\/\/www.travel3.com.br\/hotel\/internacional\/lotus-travel-participa-do-seminario-de-bodas-da-palace-resorts\/\">LOTUS TRAVEL PARTICIPA DO SEMIN\u00c1RIO DE BODAS DA PALACE RESORTS<\/a><\/p><\/blockquote>\n<p><iframe loading=\"lazy\" class=\"wp-embedded-content\" sandbox=\"allow-scripts\" security=\"restricted\" style=\"position: absolute; visibility: hidden;\" title=\"&#8220;LOTUS TRAVEL PARTICIPA DO SEMIN\u00c1RIO DE BODAS DA PALACE RESORTS&#8221; &#8212; Travel3\" src=\"https:\/\/www.travel3.com.br\/hotel\/internacional\/lotus-travel-participa-do-seminario-de-bodas-da-palace-resorts\/embed\/#?secret=8n4sBKblAm#?secret=X7lptovZoL\" data-secret=\"X7lptovZoL\" width=\"500\" height=\"282\" frameborder=\"0\" marginwidth=\"0\" marginheight=\"0\" scrolling=\"no\"><\/iframe><\/p>\n<h2>Entre os dias 22 e 24 aconteceu a Confer\u00eancia Global de Agentes de Viagens<\/h2>\n<p>O evento reuniu agentes de viagem de todas as partes do mundo.\u00a0A programa\u00e7\u00e3o incluiu apresenta\u00e7\u00f5es dos hot\u00e9is, diferenciais e benef\u00edcios oferecidos aos h\u00f3spedes, visita de inspe\u00e7\u00e3o aos hot\u00e9is de Cancun e Riviera Maya e jantares tem\u00e1ticos.<\/p>\n<figure id=\"attachment_15420\" aria-describedby=\"caption-attachment-15420\" style=\"width: 1280px\" class=\"wp-caption aligncenter\"><a href=\"http:\/\/www.travel3.com.br\/site\/wp-content\/uploads\/2018\/08\/palace-premio5.jpg\"><img loading=\"lazy\" decoding=\"async\" class=\"wp-image-15420 size-full\" title=\"Eventos Globais\" src=\"http:\/\/www.travel3.com.br\/site\/wp-content\/uploads\/2018\/08\/palace-premio5.jpg\" alt=\"Palace Resorts Conferencia Global\" width=\"1280\" height=\"960\" srcset=\"https:\/\/www.travel3.com.br\/site\/wp-content\/uploads\/2018\/08\/palace-premio5.jpg 1280w, https:\/\/www.travel3.com.br\/site\/wp-content\/uploads\/2018\/08\/palace-premio5-300x225.jpg 300w, https:\/\/www.travel3.com.br\/site\/wp-content\/uploads\/2018\/08\/palace-premio5-768x576.jpg 768w, https:\/\/www.travel3.com.br\/site\/wp-content\/uploads\/2018\/08\/palace-premio5-1024x768.jpg 1024w\" sizes=\"auto, (max-width: 1280px) 100vw, 1280px\" \/><\/a><figcaption id=\"caption-attachment-15420\" class=\"wp-caption-text\"><strong>Bruna, da Relp Weddings; Marisa, da Palace Resorts; Anuar Chap\u00far, vice presidente da Palace Resorts; Renata Azevedo, da Speed System, e Thiago, da Kemp Weddings<\/strong><\/figcaption><\/figure>\n<p>A grande novidade ficou por conta do Palace PRO 2.0 \u2013 programa de incentivo ao agente de viagens. A a\u00e7\u00e3o foi reformulada e traz agora ainda + benef\u00edcios. Para participar os agentes precisam apenas se cadastrar ao programa para receber uma s\u00e9rie de vantagens.<\/p>\n<p>Al\u00e9m de comiss\u00f5es por cada venda realizada, o agente ganha di\u00e1rias nos hot\u00e9is da rede, upgrades, Resort Credit para gastar em tours e outras experi\u00eancias oferecidas pela Palace Resorts.<\/p>\n<h2>Premia\u00e7\u00e3o dos agentes Palace PRO<\/h2>\n<p>Todos os anos, os profissionais filiados ao Programa Palace PRO s\u00e3o convidados para participar da Confer\u00eancia Global. Destes, os que acumularam a maior pontua\u00e7\u00e3o no programa, s\u00e3o homenageados com um jantar de gala.<\/p>\n<blockquote><p>Este ano, tivemos a grande satisfa\u00e7\u00e3o de ter 3 agentes de viagens brasileiros entre os homenageados. Foi uma alegria ver subir ao palco Bruna Bed\u00ea Scheufler, da Relp Weddings, ag\u00eancia de Bras\u00edlia, recebendo a Coroa de Prata +\u00a0Renata Azevedo, da Speed System, de Belo Horizonte, recebendo a Cora de Ouro +\u00a0Thiago de Paula, da Kemp Weddings, de Bras\u00edlia recebendo a Coroa de Platina, como pr\u00eamio destaque da Am\u00e9rica Latina.<\/p>\n<p>Ficamos muito honrados e orgulhosos dos agentes brasileiros terem se destacado entre os premiados da noite. A motiva\u00e7\u00e3o dos demais presentes mostrou n\u00e3o apenas o interesse mas o comprometimento para ganhar o pr\u00eamio no pr\u00f3ximo ano.<\/p>\n<p><strong>Marisa Zamboni &#8211; Diretora de Vendas Brasil da Palace Resorts<\/strong><\/p><\/blockquote>\n<h2>Veja as imagens da premia\u00e7\u00e3o Palace PRO<\/h2>\n<figure id=\"attachment_15416\" aria-describedby=\"caption-attachment-15416\" style=\"width: 960px\" class=\"wp-caption aligncenter\"><a href=\"http:\/\/www.travel3.com.br\/site\/wp-content\/uploads\/2018\/08\/palace-premio1.jpg\"><img loading=\"lazy\" decoding=\"async\" class=\"wp-image-15416 size-full\" title=\"Eventos Globais\" src=\"http:\/\/www.travel3.com.br\/site\/wp-content\/uploads\/2018\/08\/palace-premio1.jpg\" alt=\"Palace Resorts Conferencia Global\" width=\"960\" height=\"1280\" srcset=\"https:\/\/www.travel3.com.br\/site\/wp-content\/uploads\/2018\/08\/palace-premio1.jpg 960w, https:\/\/www.travel3.com.br\/site\/wp-content\/uploads\/2018\/08\/palace-premio1-225x300.jpg 225w, https:\/\/www.travel3.com.br\/site\/wp-content\/uploads\/2018\/08\/palace-premio1-768x1024.jpg 768w\" sizes=\"auto, (max-width: 960px) 100vw, 960px\" \/><\/a><figcaption id=\"caption-attachment-15416\" class=\"wp-caption-text\"><strong>Thiago de Paula, da Kemp Weddings, ao lado do staff Palace Resorts recebe o grande pr\u00eamio<\/strong><\/figcaption><\/figure>\n<figure id=\"attachment_15418\" aria-describedby=\"caption-attachment-15418\" style=\"width: 960px\" class=\"wp-caption aligncenter\"><a href=\"http:\/\/www.travel3.com.br\/site\/wp-content\/uploads\/2018\/08\/palace-premio3.jpg\"><img loading=\"lazy\" decoding=\"async\" class=\"wp-image-15418 size-full\" title=\"Eventos Globais\" src=\"http:\/\/www.travel3.com.br\/site\/wp-content\/uploads\/2018\/08\/palace-premio3.jpg\" alt=\"Palace Resorts Conferencia Global\" width=\"960\" height=\"1280\" srcset=\"https:\/\/www.travel3.com.br\/site\/wp-content\/uploads\/2018\/08\/palace-premio3.jpg 960w, https:\/\/www.travel3.com.br\/site\/wp-content\/uploads\/2018\/08\/palace-premio3-225x300.jpg 225w, https:\/\/www.travel3.com.br\/site\/wp-content\/uploads\/2018\/08\/palace-premio3-768x1024.jpg 768w\" sizes=\"auto, (max-width: 960px) 100vw, 960px\" \/><\/a><figcaption id=\"caption-attachment-15418\" class=\"wp-caption-text\"><strong>Cristina Manfrino, diretora corporativa Am\u00e9rica Latina; Renata Azevedo, da Speed System, que recebeu a cobi\u00e7ada Coroa de Ouro, e Marisa Zamboni<\/strong><\/figcaption><\/figure>\n<figure id=\"attachment_15417\" aria-describedby=\"caption-attachment-15417\" style=\"width: 1024px\" class=\"wp-caption aligncenter\"><a href=\"http:\/\/www.travel3.com.br\/site\/wp-content\/uploads\/2018\/08\/palace-premio2.jpg\"><img loading=\"lazy\" decoding=\"async\" class=\"wp-image-15417 size-full\" title=\"Eventos Globais\" src=\"http:\/\/www.travel3.com.br\/site\/wp-content\/uploads\/2018\/08\/palace-premio2.jpg\" alt=\"Palace Resorts Conferencia Global\" width=\"1024\" height=\"768\" srcset=\"https:\/\/www.travel3.com.br\/site\/wp-content\/uploads\/2018\/08\/palace-premio2.jpg 1024w, https:\/\/www.travel3.com.br\/site\/wp-content\/uploads\/2018\/08\/palace-premio2-300x225.jpg 300w, https:\/\/www.travel3.com.br\/site\/wp-content\/uploads\/2018\/08\/palace-premio2-768x576.jpg 768w\" sizes=\"auto, (max-width: 1024px) 100vw, 1024px\" \/><\/a><figcaption id=\"caption-attachment-15417\" class=\"wp-caption-text\">Marisa Zamboni com Monique, Taciana e Maristela, da Daher Turismo, de Recife, e Victor Costa, influenciador digital de Fortaleza<\/figcaption><\/figure>\n<h1 style=\"text-align: center;\">Not\u00edcias Relacionadas<\/h1>\n<blockquote class=\"wp-embedded-content\" data-secret=\"l6zoe502f8\"><p><a href=\"https:\/\/www.travel3.com.br\/hotel\/internacional\/kemp-viagens-participa-do-seminario-de-bodas-da-palace-resorts\/\">KEMP VIAGENS PARTICIPA DO SEMIN\u00c1RIO DE BODAS DA PALACE RESORTS<\/a><\/p><\/blockquote>\n<p><iframe loading=\"lazy\" class=\"wp-embedded-content\" sandbox=\"allow-scripts\" security=\"restricted\" style=\"position: absolute; visibility: hidden;\" title=\"&#8220;KEMP VIAGENS PARTICIPA DO SEMIN\u00c1RIO DE BODAS DA PALACE RESORTS&#8221; &#8212; Travel3\" src=\"https:\/\/www.travel3.com.br\/hotel\/internacional\/kemp-viagens-participa-do-seminario-de-bodas-da-palace-resorts\/embed\/#?secret=J2JNy8O8iy#?secret=l6zoe502f8\" data-secret=\"l6zoe502f8\" width=\"500\" height=\"282\" frameborder=\"0\" marginwidth=\"0\" marginheight=\"0\" scrolling=\"no\"><\/iframe><\/p>\n<blockquote class=\"wp-embedded-content\" data-secret=\"bKppoJaTdU\"><p><a href=\"https:\/\/www.travel3.com.br\/hotel\/internacional\/tem-inicio-em-cancun-o-seminario-de-bodas-casamentos-da-palace-resorts\/\">TEM IN\u00cdCIO EM CANCUN O SEMIN\u00c1RIO DE BODAS &#038; CASAMENTOS DA PALACE RESORTS<\/a><\/p><\/blockquote>\n<p><iframe loading=\"lazy\" class=\"wp-embedded-content\" sandbox=\"allow-scripts\" security=\"restricted\" style=\"position: absolute; visibility: hidden;\" title=\"&#8220;TEM IN\u00cdCIO EM CANCUN O SEMIN\u00c1RIO DE BODAS &#038; CASAMENTOS DA PALACE RESORTS&#8221; &#8212; Travel3\" src=\"https:\/\/www.travel3.com.br\/hotel\/internacional\/tem-inicio-em-cancun-o-seminario-de-bodas-casamentos-da-palace-resorts\/embed\/#?secret=nuCTBKzuSI#?secret=bKppoJaTdU\" data-secret=\"bKppoJaTdU\" width=\"500\" height=\"282\" frameborder=\"0\" marginwidth=\"0\" marginheight=\"0\" scrolling=\"no\"><\/iframe><\/p>\n","protected":false},"excerpt":{"rendered":"<p>Semin\u00e1rio de Bodas e Confer\u00eancia Global de Agentes de Viagem reuniram importantes players do mercado mundial Ao lado de profissionais vindos de todas as partes do mundo, agentes de viagem brasileiros marcaram presen\u00e7a em 2 importantes eventos globais promovidos pela rede Palace Resorts. Marisa Zamboni, diretora de vendas Brasil da Palace Resort foi, ao lado [&hellip;]<\/p>\n","protected":false},"author":4,"featured_media":15420,"comment_status":"open","ping_status":"open","sticky":false,"template":"","format":"standard","meta":{"footnotes":""},"categories":[969,226,5,167,169],"tags":[1947,849,583,839,2604,838,691,187],"class_list":["post-15413","post","type-post","status-publish","format-standard","has-post-thumbnail","hentry","category-acontece-no-turismo","category-destaque","category-eventos-e-feiras","category-hotel","category-internacional","tag-acontece","tag-agente-de-viagens","tag-claudia-tonaco","tag-marisa-zamboni","tag-palace-pro","tag-palace-resorts","tag-premiacao","tag-travel3"],"yoast_head":"<!-- This site is optimized with the Yoast SEO plugin v26.2 - https:\/\/yoast.com\/wordpress\/plugins\/seo\/ -->\n<title>Palace Resort movimenta Ind\u00fastria do Turismo com eventos globais<\/title>\n<meta name=\"description\" content=\"Rede de hotelaria mexicana Palace Resort movimenta ind\u00fastria do turismo com eventos globais sediados em Cancun e que contou com presen\u00e7a de parceiros\" \/>\n<meta name=\"robots\" content=\"index, follow, max-snippet:-1, max-image-preview:large, max-video-preview:-1\" \/>\n<link rel=\"canonical\" href=\"https:\/\/www.travel3.com.br\/site\/hotel\/internacional\/palace-resort-movimenta-industria-do-turismo-com-eventos-globais\/\" \/>\n<meta property=\"og:locale\" content=\"pt_BR\" \/>\n<meta property=\"og:type\" content=\"article\" \/>\n<meta property=\"og:title\" content=\"Palace Resort movimenta Ind\u00fastria do Turismo com eventos globais\" \/>\n<meta property=\"og:description\" content=\"Rede de hotelaria mexicana Palace Resort movimenta ind\u00fastria do turismo com eventos globais sediados em Cancun e que contou com presen\u00e7a de parceiros\" \/>\n<meta property=\"og:url\" content=\"https:\/\/www.travel3.com.br\/site\/hotel\/internacional\/palace-resort-movimenta-industria-do-turismo-com-eventos-globais\/\" \/>\n<meta property=\"og:site_name\" content=\"Travel3\" \/>\n<meta property=\"article:publisher\" content=\"https:\/\/www.facebook.com\/travel3media\/\" \/>\n<meta property=\"article:published_time\" content=\"2018-08-28T20:57:01+00:00\" \/>\n<meta property=\"article:modified_time\" content=\"2018-09-12T02:27:40+00:00\" \/>\n<meta property=\"og:image\" content=\"https:\/\/www.travel3.com.br\/site\/wp-content\/uploads\/2018\/08\/palace-premio5.jpg\" \/>\n\t<meta property=\"og:image:width\" content=\"1280\" \/>\n\t<meta property=\"og:image:height\" content=\"960\" \/>\n\t<meta property=\"og:image:type\" content=\"image\/jpeg\" \/>\n<meta name=\"author\" content=\"Claudia Tonaco\" \/>\n<meta name=\"twitter:card\" content=\"summary_large_image\" \/>\n<meta name=\"twitter:label1\" content=\"Escrito por\" \/>\n\t<meta name=\"twitter:data1\" content=\"Claudia Tonaco\" \/>\n\t<meta name=\"twitter:label2\" content=\"Est. tempo de leitura\" \/>\n\t<meta name=\"twitter:data2\" content=\"4 minutos\" \/>\n<script type=\"application\/ld+json\" class=\"yoast-schema-graph\">{\"@context\":\"https:\/\/schema.org\",\"@graph\":[{\"@type\":\"Article\",\"@id\":\"https:\/\/www.travel3.com.br\/site\/hotel\/internacional\/palace-resort-movimenta-industria-do-turismo-com-eventos-globais\/#article\",\"isPartOf\":{\"@id\":\"https:\/\/www.travel3.com.br\/site\/hotel\/internacional\/palace-resort-movimenta-industria-do-turismo-com-eventos-globais\/\"},\"author\":{\"name\":\"Claudia Tonaco\",\"@id\":\"https:\/\/www.travel3.com.br\/site\/#\/schema\/person\/ad24a6ccba88dcd54877f3d2fb76c605\"},\"headline\":\"PALACE RESORT MOVIMENTA IND\u00daSTRIA DO TURISMO COM EVENTOS GLOBAIS\",\"datePublished\":\"2018-08-28T20:57:01+00:00\",\"dateModified\":\"2018-09-12T02:27:40+00:00\",\"mainEntityOfPage\":{\"@id\":\"https:\/\/www.travel3.com.br\/site\/hotel\/internacional\/palace-resort-movimenta-industria-do-turismo-com-eventos-globais\/\"},\"wordCount\":712,\"commentCount\":0,\"publisher\":{\"@id\":\"https:\/\/www.travel3.com.br\/site\/#organization\"},\"image\":{\"@id\":\"https:\/\/www.travel3.com.br\/site\/hotel\/internacional\/palace-resort-movimenta-industria-do-turismo-com-eventos-globais\/#primaryimage\"},\"thumbnailUrl\":\"https:\/\/www.travel3.com.br\/site\/wp-content\/uploads\/2018\/08\/palace-premio5.jpg\",\"keywords\":[\"acontece\",\"agente de viagens\",\"Claudia Tonaco\",\"Marisa Zamboni\",\"Palace PRO\",\"Palace Resorts\",\"premia\u00e7\u00e3o\",\"Travel3\"],\"articleSection\":[\"Acontece no Turismo\",\"Destaque\",\"Eventos e Feiras\",\"Hotel\",\"Hotel Internacional\"],\"inLanguage\":\"pt-BR\",\"potentialAction\":[{\"@type\":\"CommentAction\",\"name\":\"Comment\",\"target\":[\"https:\/\/www.travel3.com.br\/site\/hotel\/internacional\/palace-resort-movimenta-industria-do-turismo-com-eventos-globais\/#respond\"]}]},{\"@type\":\"WebPage\",\"@id\":\"https:\/\/www.travel3.com.br\/site\/hotel\/internacional\/palace-resort-movimenta-industria-do-turismo-com-eventos-globais\/\",\"url\":\"https:\/\/www.travel3.com.br\/site\/hotel\/internacional\/palace-resort-movimenta-industria-do-turismo-com-eventos-globais\/\",\"name\":\"Palace Resort movimenta Ind\u00fastria do Turismo com eventos globais\",\"isPartOf\":{\"@id\":\"https:\/\/www.travel3.com.br\/site\/#website\"},\"primaryImageOfPage\":{\"@id\":\"https:\/\/www.travel3.com.br\/site\/hotel\/internacional\/palace-resort-movimenta-industria-do-turismo-com-eventos-globais\/#primaryimage\"},\"image\":{\"@id\":\"https:\/\/www.travel3.com.br\/site\/hotel\/internacional\/palace-resort-movimenta-industria-do-turismo-com-eventos-globais\/#primaryimage\"},\"thumbnailUrl\":\"https:\/\/www.travel3.com.br\/site\/wp-content\/uploads\/2018\/08\/palace-premio5.jpg\",\"datePublished\":\"2018-08-28T20:57:01+00:00\",\"dateModified\":\"2018-09-12T02:27:40+00:00\",\"description\":\"Rede de hotelaria mexicana Palace Resort movimenta ind\u00fastria do turismo com eventos globais sediados em Cancun e que contou com presen\u00e7a de parceiros\",\"breadcrumb\":{\"@id\":\"https:\/\/www.travel3.com.br\/site\/hotel\/internacional\/palace-resort-movimenta-industria-do-turismo-com-eventos-globais\/#breadcrumb\"},\"inLanguage\":\"pt-BR\",\"potentialAction\":[{\"@type\":\"ReadAction\",\"target\":[\"https:\/\/www.travel3.com.br\/site\/hotel\/internacional\/palace-resort-movimenta-industria-do-turismo-com-eventos-globais\/\"]}]},{\"@type\":\"ImageObject\",\"inLanguage\":\"pt-BR\",\"@id\":\"https:\/\/www.travel3.com.br\/site\/hotel\/internacional\/palace-resort-movimenta-industria-do-turismo-com-eventos-globais\/#primaryimage\",\"url\":\"https:\/\/www.travel3.com.br\/site\/wp-content\/uploads\/2018\/08\/palace-premio5.jpg\",\"contentUrl\":\"https:\/\/www.travel3.com.br\/site\/wp-content\/uploads\/2018\/08\/palace-premio5.jpg\",\"width\":1280,\"height\":960,\"caption\":\"Bruna, da Relp Weddings; Marisa, da Palace Resorts; Anuar Chap\u00far, vice presidente da Palace Resorts; Renata Azevedo, da Speed System, e Thiago, da Kemp Weddings\"},{\"@type\":\"BreadcrumbList\",\"@id\":\"https:\/\/www.travel3.com.br\/site\/hotel\/internacional\/palace-resort-movimenta-industria-do-turismo-com-eventos-globais\/#breadcrumb\",\"itemListElement\":[{\"@type\":\"ListItem\",\"position\":1,\"name\":\"In\u00edcio\",\"item\":\"https:\/\/www.travel3.com.br\/site\/\"},{\"@type\":\"ListItem\",\"position\":2,\"name\":\"PALACE RESORT MOVIMENTA IND\u00daSTRIA DO TURISMO COM EVENTOS GLOBAIS\"}]},{\"@type\":\"WebSite\",\"@id\":\"https:\/\/www.travel3.com.br\/site\/#website\",\"url\":\"https:\/\/www.travel3.com.br\/site\/\",\"name\":\"Travel3\",\"description\":\"Lazer + Neg&oacute;cios + Aventura\",\"publisher\":{\"@id\":\"https:\/\/www.travel3.com.br\/site\/#organization\"},\"potentialAction\":[{\"@type\":\"SearchAction\",\"target\":{\"@type\":\"EntryPoint\",\"urlTemplate\":\"https:\/\/www.travel3.com.br\/site\/?s={search_term_string}\"},\"query-input\":{\"@type\":\"PropertyValueSpecification\",\"valueRequired\":true,\"valueName\":\"search_term_string\"}}],\"inLanguage\":\"pt-BR\"},{\"@type\":\"Organization\",\"@id\":\"https:\/\/www.travel3.com.br\/site\/#organization\",\"name\":\"Travel3\",\"url\":\"https:\/\/www.travel3.com.br\/site\/\",\"logo\":{\"@type\":\"ImageObject\",\"inLanguage\":\"pt-BR\",\"@id\":\"https:\/\/www.travel3.com.br\/site\/#\/schema\/logo\/image\/\",\"url\":\"https:\/\/www.travel3.com.br\/site\/wp-content\/uploads\/2020\/01\/logo-travel3-2020.png\",\"contentUrl\":\"https:\/\/www.travel3.com.br\/site\/wp-content\/uploads\/2020\/01\/logo-travel3-2020.png\",\"width\":232,\"height\":79,\"caption\":\"Travel3\"},\"image\":{\"@id\":\"https:\/\/www.travel3.com.br\/site\/#\/schema\/logo\/image\/\"},\"sameAs\":[\"https:\/\/www.facebook.com\/travel3media\/\",\"https:\/\/www.instagram.com\/revistatravel3\/\",\"https:\/\/www.youtube.com\/channel\/UCno7J4paGBR3VbZQzvoJ9Eg\"]},{\"@type\":\"Person\",\"@id\":\"https:\/\/www.travel3.com.br\/site\/#\/schema\/person\/ad24a6ccba88dcd54877f3d2fb76c605\",\"name\":\"Claudia Tonaco\",\"image\":{\"@type\":\"ImageObject\",\"inLanguage\":\"pt-BR\",\"@id\":\"https:\/\/www.travel3.com.br\/site\/#\/schema\/person\/image\/\",\"url\":\"https:\/\/secure.gravatar.com\/avatar\/7c64bb31135bb8c28f49658a042f8b8a?s=96&d=mm&r=g\",\"contentUrl\":\"https:\/\/secure.gravatar.com\/avatar\/7c64bb31135bb8c28f49658a042f8b8a?s=96&d=mm&r=g\",\"caption\":\"Claudia Tonaco\"},\"sameAs\":[\"http:\/\/www.travel3.com.br\"],\"url\":\"https:\/\/www.travel3.com.br\/site\/author\/tonaco\/\"}]}<\/script>\n<!-- \/ Yoast SEO plugin. -->","yoast_head_json":{"title":"Palace Resort movimenta Ind\u00fastria do Turismo com eventos globais","description":"Rede de hotelaria mexicana Palace Resort movimenta ind\u00fastria do turismo com eventos globais sediados em Cancun e que contou com presen\u00e7a de parceiros","robots":{"index":"index","follow":"follow","max-snippet":"max-snippet:-1","max-image-preview":"max-image-preview:large","max-video-preview":"max-video-preview:-1"},"canonical":"https:\/\/www.travel3.com.br\/site\/hotel\/internacional\/palace-resort-movimenta-industria-do-turismo-com-eventos-globais\/","og_locale":"pt_BR","og_type":"article","og_title":"Palace Resort movimenta Ind\u00fastria do Turismo com eventos globais","og_description":"Rede de hotelaria mexicana Palace Resort movimenta ind\u00fastria do turismo com eventos globais sediados em Cancun e que contou com presen\u00e7a de parceiros","og_url":"https:\/\/www.travel3.com.br\/site\/hotel\/internacional\/palace-resort-movimenta-industria-do-turismo-com-eventos-globais\/","og_site_name":"Travel3","article_publisher":"https:\/\/www.facebook.com\/travel3media\/","article_published_time":"2018-08-28T20:57:01+00:00","article_modified_time":"2018-09-12T02:27:40+00:00","og_image":[{"width":1280,"height":960,"url":"https:\/\/www.travel3.com.br\/site\/wp-content\/uploads\/2018\/08\/palace-premio5.jpg","type":"image\/jpeg"}],"author":"Claudia Tonaco","twitter_card":"summary_large_image","twitter_misc":{"Escrito por":"Claudia Tonaco","Est. tempo de leitura":"4 minutos"},"schema":{"@context":"https:\/\/schema.org","@graph":[{"@type":"Article","@id":"https:\/\/www.travel3.com.br\/site\/hotel\/internacional\/palace-resort-movimenta-industria-do-turismo-com-eventos-globais\/#article","isPartOf":{"@id":"https:\/\/www.travel3.com.br\/site\/hotel\/internacional\/palace-resort-movimenta-industria-do-turismo-com-eventos-globais\/"},"author":{"name":"Claudia Tonaco","@id":"https:\/\/www.travel3.com.br\/site\/#\/schema\/person\/ad24a6ccba88dcd54877f3d2fb76c605"},"headline":"PALACE RESORT MOVIMENTA IND\u00daSTRIA DO TURISMO COM EVENTOS GLOBAIS","datePublished":"2018-08-28T20:57:01+00:00","dateModified":"2018-09-12T02:27:40+00:00","mainEntityOfPage":{"@id":"https:\/\/www.travel3.com.br\/site\/hotel\/internacional\/palace-resort-movimenta-industria-do-turismo-com-eventos-globais\/"},"wordCount":712,"commentCount":0,"publisher":{"@id":"https:\/\/www.travel3.com.br\/site\/#organization"},"image":{"@id":"https:\/\/www.travel3.com.br\/site\/hotel\/internacional\/palace-resort-movimenta-industria-do-turismo-com-eventos-globais\/#primaryimage"},"thumbnailUrl":"https:\/\/www.travel3.com.br\/site\/wp-content\/uploads\/2018\/08\/palace-premio5.jpg","keywords":["acontece","agente de viagens","Claudia Tonaco","Marisa Zamboni","Palace PRO","Palace Resorts","premia\u00e7\u00e3o","Travel3"],"articleSection":["Acontece no Turismo","Destaque","Eventos e Feiras","Hotel","Hotel Internacional"],"inLanguage":"pt-BR","potentialAction":[{"@type":"CommentAction","name":"Comment","target":["https:\/\/www.travel3.com.br\/site\/hotel\/internacional\/palace-resort-movimenta-industria-do-turismo-com-eventos-globais\/#respond"]}]},{"@type":"WebPage","@id":"https:\/\/www.travel3.com.br\/site\/hotel\/internacional\/palace-resort-movimenta-industria-do-turismo-com-eventos-globais\/","url":"https:\/\/www.travel3.com.br\/site\/hotel\/internacional\/palace-resort-movimenta-industria-do-turismo-com-eventos-globais\/","name":"Palace Resort movimenta Ind\u00fastria do Turismo com eventos globais","isPartOf":{"@id":"https:\/\/www.travel3.com.br\/site\/#website"},"primaryImageOfPage":{"@id":"https:\/\/www.travel3.com.br\/site\/hotel\/internacional\/palace-resort-movimenta-industria-do-turismo-com-eventos-globais\/#primaryimage"},"image":{"@id":"https:\/\/www.travel3.com.br\/site\/hotel\/internacional\/palace-resort-movimenta-industria-do-turismo-com-eventos-globais\/#primaryimage"},"thumbnailUrl":"https:\/\/www.travel3.com.br\/site\/wp-content\/uploads\/2018\/08\/palace-premio5.jpg","datePublished":"2018-08-28T20:57:01+00:00","dateModified":"2018-09-12T02:27:40+00:00","description":"Rede de hotelaria mexicana Palace Resort movimenta ind\u00fastria do turismo com eventos globais sediados em Cancun e que contou com presen\u00e7a de parceiros","breadcrumb":{"@id":"https:\/\/www.travel3.com.br\/site\/hotel\/internacional\/palace-resort-movimenta-industria-do-turismo-com-eventos-globais\/#breadcrumb"},"inLanguage":"pt-BR","potentialAction":[{"@type":"ReadAction","target":["https:\/\/www.travel3.com.br\/site\/hotel\/internacional\/palace-resort-movimenta-industria-do-turismo-com-eventos-globais\/"]}]},{"@type":"ImageObject","inLanguage":"pt-BR","@id":"https:\/\/www.travel3.com.br\/site\/hotel\/internacional\/palace-resort-movimenta-industria-do-turismo-com-eventos-globais\/#primaryimage","url":"https:\/\/www.travel3.com.br\/site\/wp-content\/uploads\/2018\/08\/palace-premio5.jpg","contentUrl":"https:\/\/www.travel3.com.br\/site\/wp-content\/uploads\/2018\/08\/palace-premio5.jpg","width":1280,"height":960,"caption":"Bruna, da Relp Weddings; Marisa, da Palace Resorts; Anuar Chap\u00far, vice presidente da Palace Resorts; Renata Azevedo, da Speed System, e Thiago, da Kemp Weddings"},{"@type":"BreadcrumbList","@id":"https:\/\/www.travel3.com.br\/site\/hotel\/internacional\/palace-resort-movimenta-industria-do-turismo-com-eventos-globais\/#breadcrumb","itemListElement":[{"@type":"ListItem","position":1,"name":"In\u00edcio","item":"https:\/\/www.travel3.com.br\/site\/"},{"@type":"ListItem","position":2,"name":"PALACE RESORT MOVIMENTA IND\u00daSTRIA DO TURISMO COM EVENTOS GLOBAIS"}]},{"@type":"WebSite","@id":"https:\/\/www.travel3.com.br\/site\/#website","url":"https:\/\/www.travel3.com.br\/site\/","name":"Travel3","description":"Lazer + Neg&oacute;cios + Aventura","publisher":{"@id":"https:\/\/www.travel3.com.br\/site\/#organization"},"potentialAction":[{"@type":"SearchAction","target":{"@type":"EntryPoint","urlTemplate":"https:\/\/www.travel3.com.br\/site\/?s={search_term_string}"},"query-input":{"@type":"PropertyValueSpecification","valueRequired":true,"valueName":"search_term_string"}}],"inLanguage":"pt-BR"},{"@type":"Organization","@id":"https:\/\/www.travel3.com.br\/site\/#organization","name":"Travel3","url":"https:\/\/www.travel3.com.br\/site\/","logo":{"@type":"ImageObject","inLanguage":"pt-BR","@id":"https:\/\/www.travel3.com.br\/site\/#\/schema\/logo\/image\/","url":"https:\/\/www.travel3.com.br\/site\/wp-content\/uploads\/2020\/01\/logo-travel3-2020.png","contentUrl":"https:\/\/www.travel3.com.br\/site\/wp-content\/uploads\/2020\/01\/logo-travel3-2020.png","width":232,"height":79,"caption":"Travel3"},"image":{"@id":"https:\/\/www.travel3.com.br\/site\/#\/schema\/logo\/image\/"},"sameAs":["https:\/\/www.facebook.com\/travel3media\/","https:\/\/www.instagram.com\/revistatravel3\/","https:\/\/www.youtube.com\/channel\/UCno7J4paGBR3VbZQzvoJ9Eg"]},{"@type":"Person","@id":"https:\/\/www.travel3.com.br\/site\/#\/schema\/person\/ad24a6ccba88dcd54877f3d2fb76c605","name":"Claudia Tonaco","image":{"@type":"ImageObject","inLanguage":"pt-BR","@id":"https:\/\/www.travel3.com.br\/site\/#\/schema\/person\/image\/","url":"https:\/\/secure.gravatar.com\/avatar\/7c64bb31135bb8c28f49658a042f8b8a?s=96&d=mm&r=g","contentUrl":"https:\/\/secure.gravatar.com\/avatar\/7c64bb31135bb8c28f49658a042f8b8a?s=96&d=mm&r=g","caption":"Claudia Tonaco"},"sameAs":["http:\/\/www.travel3.com.br"],"url":"https:\/\/www.travel3.com.br\/site\/author\/tonaco\/"}]}},"_links":{"self":[{"href":"https:\/\/www.travel3.com.br\/site\/wp-json\/wp\/v2\/posts\/15413","targetHints":{"allow":["GET"]}}],"collection":[{"href":"https:\/\/www.travel3.com.br\/site\/wp-json\/wp\/v2\/posts"}],"about":[{"href":"https:\/\/www.travel3.com.br\/site\/wp-json\/wp\/v2\/types\/post"}],"author":[{"embeddable":true,"href":"https:\/\/www.travel3.com.br\/site\/wp-json\/wp\/v2\/users\/4"}],"replies":[{"embeddable":true,"href":"https:\/\/www.travel3.com.br\/site\/wp-json\/wp\/v2\/comments?post=15413"}],"version-history":[{"count":5,"href":"https:\/\/www.travel3.com.br\/site\/wp-json\/wp\/v2\/posts\/15413\/revisions"}],"predecessor-version":[{"id":15429,"href":"https:\/\/www.travel3.com.br\/site\/wp-json\/wp\/v2\/posts\/15413\/revisions\/15429"}],"wp:featuredmedia":[{"embeddable":true,"href":"https:\/\/www.travel3.com.br\/site\/wp-json\/wp\/v2\/media\/15420"}],"wp:attachment":[{"href":"https:\/\/www.travel3.com.br\/site\/wp-json\/wp\/v2\/media?parent=15413"}],"wp:term":[{"taxonomy":"category","embeddable":true,"href":"https:\/\/www.travel3.com.br\/site\/wp-json\/wp\/v2\/categories?post=15413"},{"taxonomy":"post_tag","embeddable":true,"href":"https:\/\/www.travel3.com.br\/site\/wp-json\/wp\/v2\/tags?post=15413"}],"curies":[{"name":"wp","href":"https:\/\/api.w.org\/{rel}","templated":true}]}}