{"id":1534,"date":"2017-09-11T06:10:29","date_gmt":"2017-09-11T06:10:29","guid":{"rendered":"http:\/\/www.travel3.com.br\/site\/ir-e-vir\/ar\/forum-costa-brava-transportes-aereo-e-terrestre-seguro-viagem\/"},"modified":"2017-09-11T06:10:29","modified_gmt":"2017-09-11T06:10:29","slug":"forum-costa-brava-transportes-aereo-e-terrestre-seguro-viagem","status":"publish","type":"post","link":"https:\/\/www.travel3.com.br\/site\/sem-categoria\/forum-costa-brava-transportes-aereo-e-terrestre-seguro-viagem\/","title":{"rendered":"F\u00d3RUM COSTA BRAVA, TRANSPORTES A\u00c9REO E TERRESTRE + SEGURO VIAGEM"},"content":{"rendered":"<p><span style=\"color: #40acad; font-family: -apple-system, system-ui, 'Segoe UI', Roboto, Oxygen-Sans, Ubuntu, Cantarell, 'Helvetica Neue', sans-serif; font-size: 12px; font-weight: bold;\"><\/p>\n<p style=\"text-align:justify\">Este promete ser um f\u00f3rum de solu\u00e7\u00f5es pr\u00e1ticas e n\u00e3o apenas do habitual falat\u00f3rio t\u00e3o comum nos eventos com este r\u00f3tulo, e que praticamente nunca levam \u00e0 nada.<\/p>\n<p style=\"text-align:justify\">A s\u00e9tima edi\u00e7\u00e3o do F\u00f3rum Costa Brava vai reunir importantes nomes do transporte a\u00e9reo, terrestre e seguro viagens, para expor as novidades e tend\u00eancias \u00a0em torno do mercado de viagens corporativas. O evento ocorre no dia 20 de junho, no Royal Palm Plaza Resort, em Campinas.<\/p>\n<p style=\"text-align:justify\">Entre as parcerias do F\u00f3rum Costa Brava est\u00e3o a Gol, Delta Airlines, Air france-KLM, Avianca Brasil, Iberia, Latam Airlines, Turkish Airlines, Azul, TAP Portugal, United Airlines, Shift, Hertz, Localiza, Movida Rent a Car e Travel Ace Assistance. Al\u00e9m de patrocinadores, algumas dessas empresas citadas testar\u00e3o com estandes no evento e profissionais capacitados para fornecer informa\u00e7\u00f5es e esclarecer d\u00favidas quanto \u00e0s solu\u00e7\u00f5es e inova\u00e7\u00f5es.<\/p>\n<p style=\"text-align:justify\">De acordo com dados da \u00a0Abracorp &#8211; Associa\u00e7\u00e3o Brasileira de Ag\u00eancias de Viagens Corporativas, no primeiro trimestre de 2017, o transporte a\u00e9reo e a loca\u00e7\u00e3o de ve\u00edculos, tanto nacional quanto internacional, foram respons\u00e1veis por 77% das vendas do segmento. E nos dados hoje informados, o setor de servi\u00e7os teve alta de 1% no m\u00eas de abril, com destaque para a evolu\u00e7\u00e3o do meio transportes.<\/p>\n<p style=\"text-align:justify\">O F\u00f3rum Costa Brava \u00e9 realizado pela Costa Brava Viagens e Eventos, ag\u00eancia associada da Abracorp e umas das maiores TMC\u2019s (Travel Management Company) do Brasil. Neste ano, o F\u00f3rum ser\u00e1 um ponto de arrecada\u00e7\u00e3o da edi\u00e7\u00e3o 2017 da Campanha do Agasalho Regional. A iniciativa da campanha se deu atrav\u00e9s de uma parceria da prefeitura de Campinas com a EPTV, afiliada da Rede Globo, e envolveu outras 28 prefeituras da regi\u00e3o. Com o tema \u201cToda roupa tem hist\u00f3ria: doe conquista, doe alegria, doe empenho.\u201d, o jogador Maur\u00edcio Souza, campe\u00e3o ol\u00edmpico de v\u00f4lei, empresta sua imagem para a campanha.<\/p>\n<p><\/span><\/p>\n","protected":false},"excerpt":{"rendered":"<p>Evento acontece no dia 20 de junho, em Campinas, e debater\u00e1 as mudan\u00e7as no setor de viagens corporativas e previs\u00f5es do segmento<\/p>\n","protected":false},"author":1,"featured_media":0,"comment_status":"open","ping_status":"open","sticky":false,"template":"","format":"standard","meta":{"footnotes":""},"categories":[],"tags":[],"class_list":["post-1534","post","type-post","status-publish","format-standard","hentry"],"yoast_head":"<!-- This site is optimized with the Yoast SEO plugin v26.2 - https:\/\/yoast.com\/wordpress\/plugins\/seo\/ -->\n<title>F\u00d3RUM COSTA BRAVA, TRANSPORTES A\u00c9REO E TERRESTRE + SEGURO VIAGEM - Travel3<\/title>\n<meta name=\"description\" content=\"A TRAVEL3 \u00e9 um portal de conte\u00fado voltado para o turismo, encontre destinos, viagens, hospedagem, passagens, guias, not\u00edcias sobre o mercado do turismo, dicas de viagem, v\u00eddeos e podcast.\" \/>\n<meta name=\"robots\" content=\"index, follow, max-snippet:-1, max-image-preview:large, max-video-preview:-1\" \/>\n<link rel=\"canonical\" href=\"https:\/\/www.travel3.com.br\/site\/sem-categoria\/forum-costa-brava-transportes-aereo-e-terrestre-seguro-viagem\/\" \/>\n<meta property=\"og:locale\" content=\"pt_BR\" \/>\n<meta property=\"og:type\" content=\"article\" \/>\n<meta property=\"og:title\" content=\"F\u00d3RUM COSTA BRAVA, TRANSPORTES A\u00c9REO E TERRESTRE + SEGURO VIAGEM - Travel3\" \/>\n<meta property=\"og:description\" content=\"A TRAVEL3 \u00e9 um portal de conte\u00fado voltado para o turismo, encontre destinos, viagens, hospedagem, passagens, guias, not\u00edcias sobre o mercado do turismo, dicas de viagem, v\u00eddeos e podcast.\" \/>\n<meta property=\"og:url\" content=\"https:\/\/www.travel3.com.br\/site\/sem-categoria\/forum-costa-brava-transportes-aereo-e-terrestre-seguro-viagem\/\" \/>\n<meta property=\"og:site_name\" content=\"Travel3\" \/>\n<meta property=\"article:publisher\" content=\"https:\/\/www.facebook.com\/travel3media\/\" \/>\n<meta property=\"article:published_time\" content=\"2017-09-11T06:10:29+00:00\" \/>\n<meta name=\"author\" content=\"admin\" \/>\n<meta name=\"twitter:card\" content=\"summary_large_image\" \/>\n<meta name=\"twitter:label1\" content=\"Escrito por\" \/>\n\t<meta name=\"twitter:data1\" content=\"admin\" \/>\n\t<meta name=\"twitter:label2\" content=\"Est. tempo de leitura\" \/>\n\t<meta name=\"twitter:data2\" content=\"2 minutos\" \/>\n<script type=\"application\/ld+json\" class=\"yoast-schema-graph\">{\"@context\":\"https:\/\/schema.org\",\"@graph\":[{\"@type\":\"Article\",\"@id\":\"https:\/\/www.travel3.com.br\/site\/sem-categoria\/forum-costa-brava-transportes-aereo-e-terrestre-seguro-viagem\/#article\",\"isPartOf\":{\"@id\":\"https:\/\/www.travel3.com.br\/site\/sem-categoria\/forum-costa-brava-transportes-aereo-e-terrestre-seguro-viagem\/\"},\"author\":{\"name\":\"admin\",\"@id\":\"https:\/\/www.travel3.com.br\/site\/#\/schema\/person\/a69d71e41a024999b6ab82369ac0bd1e\"},\"headline\":\"F\u00d3RUM COSTA BRAVA, TRANSPORTES A\u00c9REO E TERRESTRE + SEGURO VIAGEM\",\"datePublished\":\"2017-09-11T06:10:29+00:00\",\"mainEntityOfPage\":{\"@id\":\"https:\/\/www.travel3.com.br\/site\/sem-categoria\/forum-costa-brava-transportes-aereo-e-terrestre-seguro-viagem\/\"},\"wordCount\":344,\"commentCount\":0,\"publisher\":{\"@id\":\"https:\/\/www.travel3.com.br\/site\/#organization\"},\"inLanguage\":\"pt-BR\",\"potentialAction\":[{\"@type\":\"CommentAction\",\"name\":\"Comment\",\"target\":[\"https:\/\/www.travel3.com.br\/site\/sem-categoria\/forum-costa-brava-transportes-aereo-e-terrestre-seguro-viagem\/#respond\"]}]},{\"@type\":\"WebPage\",\"@id\":\"https:\/\/www.travel3.com.br\/site\/sem-categoria\/forum-costa-brava-transportes-aereo-e-terrestre-seguro-viagem\/\",\"url\":\"https:\/\/www.travel3.com.br\/site\/sem-categoria\/forum-costa-brava-transportes-aereo-e-terrestre-seguro-viagem\/\",\"name\":\"F\u00d3RUM COSTA BRAVA, TRANSPORTES A\u00c9REO E TERRESTRE + SEGURO VIAGEM - Travel3\",\"isPartOf\":{\"@id\":\"https:\/\/www.travel3.com.br\/site\/#website\"},\"datePublished\":\"2017-09-11T06:10:29+00:00\",\"description\":\"A TRAVEL3 \u00e9 um portal de conte\u00fado voltado para o turismo, encontre destinos, viagens, hospedagem, passagens, guias, not\u00edcias sobre o mercado do turismo, dicas de viagem, v\u00eddeos e podcast.\",\"breadcrumb\":{\"@id\":\"https:\/\/www.travel3.com.br\/site\/sem-categoria\/forum-costa-brava-transportes-aereo-e-terrestre-seguro-viagem\/#breadcrumb\"},\"inLanguage\":\"pt-BR\",\"potentialAction\":[{\"@type\":\"ReadAction\",\"target\":[\"https:\/\/www.travel3.com.br\/site\/sem-categoria\/forum-costa-brava-transportes-aereo-e-terrestre-seguro-viagem\/\"]}]},{\"@type\":\"BreadcrumbList\",\"@id\":\"https:\/\/www.travel3.com.br\/site\/sem-categoria\/forum-costa-brava-transportes-aereo-e-terrestre-seguro-viagem\/#breadcrumb\",\"itemListElement\":[{\"@type\":\"ListItem\",\"position\":1,\"name\":\"In\u00edcio\",\"item\":\"https:\/\/www.travel3.com.br\/site\/\"},{\"@type\":\"ListItem\",\"position\":2,\"name\":\"F\u00d3RUM COSTA BRAVA, TRANSPORTES A\u00c9REO E TERRESTRE + SEGURO VIAGEM\"}]},{\"@type\":\"WebSite\",\"@id\":\"https:\/\/www.travel3.com.br\/site\/#website\",\"url\":\"https:\/\/www.travel3.com.br\/site\/\",\"name\":\"Travel3\",\"description\":\"Lazer + Neg&oacute;cios + Aventura\",\"publisher\":{\"@id\":\"https:\/\/www.travel3.com.br\/site\/#organization\"},\"potentialAction\":[{\"@type\":\"SearchAction\",\"target\":{\"@type\":\"EntryPoint\",\"urlTemplate\":\"https:\/\/www.travel3.com.br\/site\/?s={search_term_string}\"},\"query-input\":{\"@type\":\"PropertyValueSpecification\",\"valueRequired\":true,\"valueName\":\"search_term_string\"}}],\"inLanguage\":\"pt-BR\"},{\"@type\":\"Organization\",\"@id\":\"https:\/\/www.travel3.com.br\/site\/#organization\",\"name\":\"Travel3\",\"url\":\"https:\/\/www.travel3.com.br\/site\/\",\"logo\":{\"@type\":\"ImageObject\",\"inLanguage\":\"pt-BR\",\"@id\":\"https:\/\/www.travel3.com.br\/site\/#\/schema\/logo\/image\/\",\"url\":\"https:\/\/www.travel3.com.br\/site\/wp-content\/uploads\/2020\/01\/logo-travel3-2020.png\",\"contentUrl\":\"https:\/\/www.travel3.com.br\/site\/wp-content\/uploads\/2020\/01\/logo-travel3-2020.png\",\"width\":232,\"height\":79,\"caption\":\"Travel3\"},\"image\":{\"@id\":\"https:\/\/www.travel3.com.br\/site\/#\/schema\/logo\/image\/\"},\"sameAs\":[\"https:\/\/www.facebook.com\/travel3media\/\",\"https:\/\/www.instagram.com\/revistatravel3\/\",\"https:\/\/www.youtube.com\/channel\/UCno7J4paGBR3VbZQzvoJ9Eg\"]},{\"@type\":\"Person\",\"@id\":\"https:\/\/www.travel3.com.br\/site\/#\/schema\/person\/a69d71e41a024999b6ab82369ac0bd1e\",\"name\":\"admin\",\"image\":{\"@type\":\"ImageObject\",\"inLanguage\":\"pt-BR\",\"@id\":\"https:\/\/www.travel3.com.br\/site\/#\/schema\/person\/image\/\",\"url\":\"https:\/\/secure.gravatar.com\/avatar\/732a67adfd764da2a47ba10ce731c4c0?s=96&d=mm&r=g\",\"contentUrl\":\"https:\/\/secure.gravatar.com\/avatar\/732a67adfd764da2a47ba10ce731c4c0?s=96&d=mm&r=g\",\"caption\":\"admin\"},\"url\":\"https:\/\/www.travel3.com.br\/site\/author\/admin\/\"}]}<\/script>\n<!-- \/ Yoast SEO plugin. -->","yoast_head_json":{"title":"F\u00d3RUM COSTA BRAVA, TRANSPORTES A\u00c9REO E TERRESTRE + SEGURO VIAGEM - Travel3","description":"A TRAVEL3 \u00e9 um portal de conte\u00fado voltado para o turismo, encontre destinos, viagens, hospedagem, passagens, guias, not\u00edcias sobre o mercado do turismo, dicas de viagem, v\u00eddeos e podcast.","robots":{"index":"index","follow":"follow","max-snippet":"max-snippet:-1","max-image-preview":"max-image-preview:large","max-video-preview":"max-video-preview:-1"},"canonical":"https:\/\/www.travel3.com.br\/site\/sem-categoria\/forum-costa-brava-transportes-aereo-e-terrestre-seguro-viagem\/","og_locale":"pt_BR","og_type":"article","og_title":"F\u00d3RUM COSTA BRAVA, TRANSPORTES A\u00c9REO E TERRESTRE + SEGURO VIAGEM - Travel3","og_description":"A TRAVEL3 \u00e9 um portal de conte\u00fado voltado para o turismo, encontre destinos, viagens, hospedagem, passagens, guias, not\u00edcias sobre o mercado do turismo, dicas de viagem, v\u00eddeos e podcast.","og_url":"https:\/\/www.travel3.com.br\/site\/sem-categoria\/forum-costa-brava-transportes-aereo-e-terrestre-seguro-viagem\/","og_site_name":"Travel3","article_publisher":"https:\/\/www.facebook.com\/travel3media\/","article_published_time":"2017-09-11T06:10:29+00:00","author":"admin","twitter_card":"summary_large_image","twitter_misc":{"Escrito por":"admin","Est. tempo de leitura":"2 minutos"},"schema":{"@context":"https:\/\/schema.org","@graph":[{"@type":"Article","@id":"https:\/\/www.travel3.com.br\/site\/sem-categoria\/forum-costa-brava-transportes-aereo-e-terrestre-seguro-viagem\/#article","isPartOf":{"@id":"https:\/\/www.travel3.com.br\/site\/sem-categoria\/forum-costa-brava-transportes-aereo-e-terrestre-seguro-viagem\/"},"author":{"name":"admin","@id":"https:\/\/www.travel3.com.br\/site\/#\/schema\/person\/a69d71e41a024999b6ab82369ac0bd1e"},"headline":"F\u00d3RUM COSTA BRAVA, TRANSPORTES A\u00c9REO E TERRESTRE + SEGURO VIAGEM","datePublished":"2017-09-11T06:10:29+00:00","mainEntityOfPage":{"@id":"https:\/\/www.travel3.com.br\/site\/sem-categoria\/forum-costa-brava-transportes-aereo-e-terrestre-seguro-viagem\/"},"wordCount":344,"commentCount":0,"publisher":{"@id":"https:\/\/www.travel3.com.br\/site\/#organization"},"inLanguage":"pt-BR","potentialAction":[{"@type":"CommentAction","name":"Comment","target":["https:\/\/www.travel3.com.br\/site\/sem-categoria\/forum-costa-brava-transportes-aereo-e-terrestre-seguro-viagem\/#respond"]}]},{"@type":"WebPage","@id":"https:\/\/www.travel3.com.br\/site\/sem-categoria\/forum-costa-brava-transportes-aereo-e-terrestre-seguro-viagem\/","url":"https:\/\/www.travel3.com.br\/site\/sem-categoria\/forum-costa-brava-transportes-aereo-e-terrestre-seguro-viagem\/","name":"F\u00d3RUM COSTA BRAVA, TRANSPORTES A\u00c9REO E TERRESTRE + SEGURO VIAGEM - Travel3","isPartOf":{"@id":"https:\/\/www.travel3.com.br\/site\/#website"},"datePublished":"2017-09-11T06:10:29+00:00","description":"A TRAVEL3 \u00e9 um portal de conte\u00fado voltado para o turismo, encontre destinos, viagens, hospedagem, passagens, guias, not\u00edcias sobre o mercado do turismo, dicas de viagem, v\u00eddeos e podcast.","breadcrumb":{"@id":"https:\/\/www.travel3.com.br\/site\/sem-categoria\/forum-costa-brava-transportes-aereo-e-terrestre-seguro-viagem\/#breadcrumb"},"inLanguage":"pt-BR","potentialAction":[{"@type":"ReadAction","target":["https:\/\/www.travel3.com.br\/site\/sem-categoria\/forum-costa-brava-transportes-aereo-e-terrestre-seguro-viagem\/"]}]},{"@type":"BreadcrumbList","@id":"https:\/\/www.travel3.com.br\/site\/sem-categoria\/forum-costa-brava-transportes-aereo-e-terrestre-seguro-viagem\/#breadcrumb","itemListElement":[{"@type":"ListItem","position":1,"name":"In\u00edcio","item":"https:\/\/www.travel3.com.br\/site\/"},{"@type":"ListItem","position":2,"name":"F\u00d3RUM COSTA BRAVA, TRANSPORTES A\u00c9REO E TERRESTRE + SEGURO VIAGEM"}]},{"@type":"WebSite","@id":"https:\/\/www.travel3.com.br\/site\/#website","url":"https:\/\/www.travel3.com.br\/site\/","name":"Travel3","description":"Lazer + Neg&oacute;cios + Aventura","publisher":{"@id":"https:\/\/www.travel3.com.br\/site\/#organization"},"potentialAction":[{"@type":"SearchAction","target":{"@type":"EntryPoint","urlTemplate":"https:\/\/www.travel3.com.br\/site\/?s={search_term_string}"},"query-input":{"@type":"PropertyValueSpecification","valueRequired":true,"valueName":"search_term_string"}}],"inLanguage":"pt-BR"},{"@type":"Organization","@id":"https:\/\/www.travel3.com.br\/site\/#organization","name":"Travel3","url":"https:\/\/www.travel3.com.br\/site\/","logo":{"@type":"ImageObject","inLanguage":"pt-BR","@id":"https:\/\/www.travel3.com.br\/site\/#\/schema\/logo\/image\/","url":"https:\/\/www.travel3.com.br\/site\/wp-content\/uploads\/2020\/01\/logo-travel3-2020.png","contentUrl":"https:\/\/www.travel3.com.br\/site\/wp-content\/uploads\/2020\/01\/logo-travel3-2020.png","width":232,"height":79,"caption":"Travel3"},"image":{"@id":"https:\/\/www.travel3.com.br\/site\/#\/schema\/logo\/image\/"},"sameAs":["https:\/\/www.facebook.com\/travel3media\/","https:\/\/www.instagram.com\/revistatravel3\/","https:\/\/www.youtube.com\/channel\/UCno7J4paGBR3VbZQzvoJ9Eg"]},{"@type":"Person","@id":"https:\/\/www.travel3.com.br\/site\/#\/schema\/person\/a69d71e41a024999b6ab82369ac0bd1e","name":"admin","image":{"@type":"ImageObject","inLanguage":"pt-BR","@id":"https:\/\/www.travel3.com.br\/site\/#\/schema\/person\/image\/","url":"https:\/\/secure.gravatar.com\/avatar\/732a67adfd764da2a47ba10ce731c4c0?s=96&d=mm&r=g","contentUrl":"https:\/\/secure.gravatar.com\/avatar\/732a67adfd764da2a47ba10ce731c4c0?s=96&d=mm&r=g","caption":"admin"},"url":"https:\/\/www.travel3.com.br\/site\/author\/admin\/"}]}},"_links":{"self":[{"href":"https:\/\/www.travel3.com.br\/site\/wp-json\/wp\/v2\/posts\/1534","targetHints":{"allow":["GET"]}}],"collection":[{"href":"https:\/\/www.travel3.com.br\/site\/wp-json\/wp\/v2\/posts"}],"about":[{"href":"https:\/\/www.travel3.com.br\/site\/wp-json\/wp\/v2\/types\/post"}],"author":[{"embeddable":true,"href":"https:\/\/www.travel3.com.br\/site\/wp-json\/wp\/v2\/users\/1"}],"replies":[{"embeddable":true,"href":"https:\/\/www.travel3.com.br\/site\/wp-json\/wp\/v2\/comments?post=1534"}],"version-history":[{"count":0,"href":"https:\/\/www.travel3.com.br\/site\/wp-json\/wp\/v2\/posts\/1534\/revisions"}],"wp:attachment":[{"href":"https:\/\/www.travel3.com.br\/site\/wp-json\/wp\/v2\/media?parent=1534"}],"wp:term":[{"taxonomy":"category","embeddable":true,"href":"https:\/\/www.travel3.com.br\/site\/wp-json\/wp\/v2\/categories?post=1534"},{"taxonomy":"post_tag","embeddable":true,"href":"https:\/\/www.travel3.com.br\/site\/wp-json\/wp\/v2\/tags?post=1534"}],"curies":[{"name":"wp","href":"https:\/\/api.w.org\/{rel}","templated":true}]}}