{"id":1529,"date":"2017-09-11T07:14:00","date_gmt":"2017-09-11T07:14:00","guid":{"rendered":"http:\/\/www.travel3.com.br\/site\/ir-e-vir\/ar\/bondinhos-da-serra-entre-as-atracoes-de-canela-para-o-inverno\/"},"modified":"2017-09-11T07:14:00","modified_gmt":"2017-09-11T07:14:00","slug":"bondinhos-da-serra-entre-as-atracoes-de-canela-para-o-inverno","status":"publish","type":"post","link":"https:\/\/www.travel3.com.br\/site\/sem-categoria\/bondinhos-da-serra-entre-as-atracoes-de-canela-para-o-inverno\/","title":{"rendered":"BONDINHOS DA SERRA ENTRE AS ATRA\u00c7\u00d5ES DE CANELA PARA O INVERNO"},"content":{"rendered":"<p><span style=\"color: #40acad; font-family: -apple-system, system-ui, 'Segoe UI', Roboto, Oxygen-Sans, Ubuntu, Cantarell, 'Helvetica Neue', sans-serif; font-size: 12px; font-weight: bold;\"><\/p>\n<p style=\"text-align:justify\">Faltam poucos dias para o inicio do Inverno e a esta\u00e7\u00e3o promete, n\u00e3o apenas pelo frio que vem ai (as amostras antecipadas foram bem sentidas) mas tamb\u00e9m pelo convite aberto para a alta temporada do turismo na Serra Ga\u00facha, com suas in\u00fameras atra\u00e7\u00f5es.<\/p>\n<p style=\"text-align:justify\">\u00a0 Entre elas e consolidado como um dos melhores parques da regi\u00e3o, os Bondinhos A\u00e9reos Parques da Serra, de Canela (RS), espera a temporada alta com boas expectativas. \u201cJulho do ano passado foi nosso melhor m\u00eas em n\u00famero de visitantes desde que inauguramos o parque em 2013 e este ano esperamos um movimento t\u00e3o bom quanto. O trimestre do inverno, em junho, julho e agosto, \u00e9 sempre muito bom, ficando apenas um pouco abaixo do trimestre do Natal, em novembro, dezembro e janeiro, geralmente a \u00e9poca mais movimentada\u201d, observa o diretor do empreendimento, Fabricio Bogo.<\/p>\n<p style=\"text-align:justify\"><a class=\"fancybox-media\" href=\"..\/_uploads\/_noticia\/2017-06\/canelaparquedocaracol2.jpg\" rel=\"portfolio\"><img decoding=\"async\" alt=\"\" src=\"..\/_uploads\/_noticia\/2017-06\/canelaparquedocaracol2.jpg\" \/><\/a> O parque, todo decorado com tem\u00e1tica de inverno, proporciona uma vista privilegiada para a Cascata do Caracol, em Canela, e a natureza da mata nativa ao redor, com doze bondinhos a\u00e9reos em percurso de 840 metros ida e volta. Os bondinhos comportam confortavelmente 8 pessoas cada um, totalizando uma capacidade para 96 pessoas ao mesmo tempo.<\/p>\n<p style=\"text-align:justify\">A atra\u00e7\u00e3o \u00e9 indicada para todas as idades e possui acessibilidade na estrutura com rampas e elevadores em todas as esta\u00e7\u00f5es.<\/p>\n<p style=\"text-align:justify\">O passeio \u00e9 dividido em tr\u00eas esta\u00e7\u00f5es, come\u00e7ando pela Esta\u00e7\u00e3o Central. O local possui uma \u00e1rea de alimenta\u00e7\u00e3o, lojas de souvenires e um mirante que permite uma vista completa do vale a 60 metros de altura.<\/p>\n<p style=\"text-align:justify\">\u00a0A pr\u00f3xima parada \u00e9 a Esta\u00e7\u00e3o Animal. Com um desn\u00edvel de 130 metros, o espa\u00e7o conta com mirante e trilhas com placas de identifica\u00e7\u00e3o das \u00e1rvores ao longo do percurso. O Espa\u00e7o das Esculturas que Falam \u00e9 outra atra\u00e7\u00e3o do local, com cerca de 85 pe\u00e7as talhadas em madeira pelo artista pl\u00e1stico Masaharu Hata (1938-2010). As esculturas representam animais que permitem aos visitantes interagir com as obras para reproduzir o som de cada um.<\/p>\n<p style=\"text-align:justify\">O espa\u00e7o ainda conta com um cen\u00e1rio de floresta composto por esculturas de \u00e1rvores e plantas, criado pelo designer e artista pl\u00e1stico Rodrigo Huelsmann.<\/p>\n<p style=\"text-align:justify\">A Esta\u00e7\u00e3o Cascata completa o trajeto. Nela \u00e9 poss\u00edvel contemplar a beleza do vale e a Cascata do Caracol, uma queda d\u2019\u00e1gua de 131 metros, oferecendo uma vista inesquec\u00edvel ao visitante. \u00a0O acesso ao mirante, possibilita tirar fotos de todo o cen\u00e1rio e guardar a recorda\u00e7\u00e3o de um passeio incr\u00edvel em contato com a natureza exuberante e diferenciada da Serra.<\/p>\n<p style=\"text-align:justify\">Com tecnologia desenvolvida na Su\u00ed\u00e7a e utilizada em pa\u00edses como \u00c1ustria, It\u00e1lia e Alemanha, as doze cabines passam por inspe\u00e7\u00f5es di\u00e1rias.<\/p>\n<p style=\"text-align:justify\">O parque funciona \u00a0diariamente com Hor\u00e1rio de atendimento das 9h \u00e0s 17h<\/p>\n<p style=\"text-align:justify\">Ingressos: Crian\u00e7as at\u00e9 6 anos s\u00e3o isentas, de 6 at\u00e9 12 anos e melhor idade acima de 60 anos pagam R$ 21,00, para adultos o valor fica R$ 42,00<\/p>\n<p style=\"text-align:justify\">Estacionamento interno gratuito.<\/p>\n<p style=\"text-align:justify\">Endere\u00e7o: Estrada da Ferradura, 699 \u2013 Caracol, Canela \u2013 RS<\/p>\n<p style=\"text-align:justify\">Telefone: (54) 3504-1505, (54) 3878 3250, (54) 3878 3251<\/p>\n<p style=\"text-align:justify\">E-mail:\u00a0contato@parquesdaserra.com.br<\/p>\n<p style=\"text-align:justify\">Site:\u00a0www.parquesdaserra.com.br<\/p>\n<p style=\"text-align:justify\"><a class=\"fancybox-media\" href=\"..\/_uploads\/_noticia\/2017-06\/canelaestradadocaracol.jpg\" rel=\"portfolio\"><img decoding=\"async\" alt=\"\" src=\"..\/_uploads\/_noticia\/2017-06\/canelaestradadocaracol.jpg\" \/><\/a><\/p>\n<p style=\"text-align:justify\">\u00a0<\/p>\n<p>\u00a0<\/p>\n<p>\u00a0<\/p>\n<p>\u00a0<\/p>\n<p>\u00a0<\/p>\n<p><\/span><\/p>\n","protected":false},"excerpt":{"rendered":"<p>Percurso de 840 metros ida e volta na Cascata do Caracol, um dos bons motivos nos passeios pela regi\u00e3o onde o Inverno \u00e9 turismo puro<\/p>\n","protected":false},"author":1,"featured_media":0,"comment_status":"open","ping_status":"open","sticky":false,"template":"","format":"standard","meta":{"footnotes":""},"categories":[],"tags":[],"class_list":["post-1529","post","type-post","status-publish","format-standard","hentry"],"yoast_head":"<!-- This site is optimized with the Yoast SEO plugin v26.2 - https:\/\/yoast.com\/wordpress\/plugins\/seo\/ -->\n<title>BONDINHOS DA SERRA ENTRE AS ATRA\u00c7\u00d5ES DE CANELA PARA O INVERNO - Travel3<\/title>\n<meta name=\"description\" content=\"A TRAVEL3 \u00e9 um portal de conte\u00fado voltado para o turismo, encontre destinos, viagens, hospedagem, passagens, guias, not\u00edcias sobre o mercado do turismo, dicas de viagem, v\u00eddeos e podcast.\" \/>\n<meta name=\"robots\" content=\"index, follow, max-snippet:-1, max-image-preview:large, max-video-preview:-1\" \/>\n<link rel=\"canonical\" href=\"https:\/\/www.travel3.com.br\/site\/sem-categoria\/bondinhos-da-serra-entre-as-atracoes-de-canela-para-o-inverno\/\" \/>\n<meta property=\"og:locale\" content=\"pt_BR\" \/>\n<meta property=\"og:type\" content=\"article\" \/>\n<meta property=\"og:title\" content=\"BONDINHOS DA SERRA ENTRE AS ATRA\u00c7\u00d5ES DE CANELA PARA O INVERNO - Travel3\" \/>\n<meta property=\"og:description\" content=\"A TRAVEL3 \u00e9 um portal de conte\u00fado voltado para o turismo, encontre destinos, viagens, hospedagem, passagens, guias, not\u00edcias sobre o mercado do turismo, dicas de viagem, v\u00eddeos e podcast.\" \/>\n<meta property=\"og:url\" content=\"https:\/\/www.travel3.com.br\/site\/sem-categoria\/bondinhos-da-serra-entre-as-atracoes-de-canela-para-o-inverno\/\" \/>\n<meta property=\"og:site_name\" content=\"Travel3\" \/>\n<meta property=\"article:publisher\" content=\"https:\/\/www.facebook.com\/travel3media\/\" \/>\n<meta property=\"article:published_time\" content=\"2017-09-11T07:14:00+00:00\" \/>\n<meta name=\"author\" content=\"admin\" \/>\n<meta name=\"twitter:card\" content=\"summary_large_image\" \/>\n<meta name=\"twitter:label1\" content=\"Escrito por\" \/>\n\t<meta name=\"twitter:data1\" content=\"admin\" \/>\n\t<meta name=\"twitter:label2\" content=\"Est. tempo de leitura\" \/>\n\t<meta name=\"twitter:data2\" content=\"3 minutos\" \/>\n<script type=\"application\/ld+json\" class=\"yoast-schema-graph\">{\"@context\":\"https:\/\/schema.org\",\"@graph\":[{\"@type\":\"Article\",\"@id\":\"https:\/\/www.travel3.com.br\/site\/sem-categoria\/bondinhos-da-serra-entre-as-atracoes-de-canela-para-o-inverno\/#article\",\"isPartOf\":{\"@id\":\"https:\/\/www.travel3.com.br\/site\/sem-categoria\/bondinhos-da-serra-entre-as-atracoes-de-canela-para-o-inverno\/\"},\"author\":{\"name\":\"admin\",\"@id\":\"https:\/\/www.travel3.com.br\/site\/#\/schema\/person\/a69d71e41a024999b6ab82369ac0bd1e\"},\"headline\":\"BONDINHOS DA SERRA ENTRE AS ATRA\u00c7\u00d5ES DE CANELA PARA O INVERNO\",\"datePublished\":\"2017-09-11T07:14:00+00:00\",\"mainEntityOfPage\":{\"@id\":\"https:\/\/www.travel3.com.br\/site\/sem-categoria\/bondinhos-da-serra-entre-as-atracoes-de-canela-para-o-inverno\/\"},\"wordCount\":532,\"commentCount\":0,\"publisher\":{\"@id\":\"https:\/\/www.travel3.com.br\/site\/#organization\"},\"inLanguage\":\"pt-BR\",\"potentialAction\":[{\"@type\":\"CommentAction\",\"name\":\"Comment\",\"target\":[\"https:\/\/www.travel3.com.br\/site\/sem-categoria\/bondinhos-da-serra-entre-as-atracoes-de-canela-para-o-inverno\/#respond\"]}]},{\"@type\":\"WebPage\",\"@id\":\"https:\/\/www.travel3.com.br\/site\/sem-categoria\/bondinhos-da-serra-entre-as-atracoes-de-canela-para-o-inverno\/\",\"url\":\"https:\/\/www.travel3.com.br\/site\/sem-categoria\/bondinhos-da-serra-entre-as-atracoes-de-canela-para-o-inverno\/\",\"name\":\"BONDINHOS DA SERRA ENTRE AS ATRA\u00c7\u00d5ES DE CANELA PARA O INVERNO - Travel3\",\"isPartOf\":{\"@id\":\"https:\/\/www.travel3.com.br\/site\/#website\"},\"datePublished\":\"2017-09-11T07:14:00+00:00\",\"description\":\"A TRAVEL3 \u00e9 um portal de conte\u00fado voltado para o turismo, encontre destinos, viagens, hospedagem, passagens, guias, not\u00edcias sobre o mercado do turismo, dicas de viagem, v\u00eddeos e podcast.\",\"breadcrumb\":{\"@id\":\"https:\/\/www.travel3.com.br\/site\/sem-categoria\/bondinhos-da-serra-entre-as-atracoes-de-canela-para-o-inverno\/#breadcrumb\"},\"inLanguage\":\"pt-BR\",\"potentialAction\":[{\"@type\":\"ReadAction\",\"target\":[\"https:\/\/www.travel3.com.br\/site\/sem-categoria\/bondinhos-da-serra-entre-as-atracoes-de-canela-para-o-inverno\/\"]}]},{\"@type\":\"BreadcrumbList\",\"@id\":\"https:\/\/www.travel3.com.br\/site\/sem-categoria\/bondinhos-da-serra-entre-as-atracoes-de-canela-para-o-inverno\/#breadcrumb\",\"itemListElement\":[{\"@type\":\"ListItem\",\"position\":1,\"name\":\"In\u00edcio\",\"item\":\"https:\/\/www.travel3.com.br\/site\/\"},{\"@type\":\"ListItem\",\"position\":2,\"name\":\"BONDINHOS DA SERRA ENTRE AS ATRA\u00c7\u00d5ES DE CANELA PARA O INVERNO\"}]},{\"@type\":\"WebSite\",\"@id\":\"https:\/\/www.travel3.com.br\/site\/#website\",\"url\":\"https:\/\/www.travel3.com.br\/site\/\",\"name\":\"Travel3\",\"description\":\"Lazer + Neg&oacute;cios + Aventura\",\"publisher\":{\"@id\":\"https:\/\/www.travel3.com.br\/site\/#organization\"},\"potentialAction\":[{\"@type\":\"SearchAction\",\"target\":{\"@type\":\"EntryPoint\",\"urlTemplate\":\"https:\/\/www.travel3.com.br\/site\/?s={search_term_string}\"},\"query-input\":{\"@type\":\"PropertyValueSpecification\",\"valueRequired\":true,\"valueName\":\"search_term_string\"}}],\"inLanguage\":\"pt-BR\"},{\"@type\":\"Organization\",\"@id\":\"https:\/\/www.travel3.com.br\/site\/#organization\",\"name\":\"Travel3\",\"url\":\"https:\/\/www.travel3.com.br\/site\/\",\"logo\":{\"@type\":\"ImageObject\",\"inLanguage\":\"pt-BR\",\"@id\":\"https:\/\/www.travel3.com.br\/site\/#\/schema\/logo\/image\/\",\"url\":\"https:\/\/www.travel3.com.br\/site\/wp-content\/uploads\/2020\/01\/logo-travel3-2020.png\",\"contentUrl\":\"https:\/\/www.travel3.com.br\/site\/wp-content\/uploads\/2020\/01\/logo-travel3-2020.png\",\"width\":232,\"height\":79,\"caption\":\"Travel3\"},\"image\":{\"@id\":\"https:\/\/www.travel3.com.br\/site\/#\/schema\/logo\/image\/\"},\"sameAs\":[\"https:\/\/www.facebook.com\/travel3media\/\",\"https:\/\/www.instagram.com\/revistatravel3\/\",\"https:\/\/www.youtube.com\/channel\/UCno7J4paGBR3VbZQzvoJ9Eg\"]},{\"@type\":\"Person\",\"@id\":\"https:\/\/www.travel3.com.br\/site\/#\/schema\/person\/a69d71e41a024999b6ab82369ac0bd1e\",\"name\":\"admin\",\"image\":{\"@type\":\"ImageObject\",\"inLanguage\":\"pt-BR\",\"@id\":\"https:\/\/www.travel3.com.br\/site\/#\/schema\/person\/image\/\",\"url\":\"https:\/\/secure.gravatar.com\/avatar\/732a67adfd764da2a47ba10ce731c4c0?s=96&d=mm&r=g\",\"contentUrl\":\"https:\/\/secure.gravatar.com\/avatar\/732a67adfd764da2a47ba10ce731c4c0?s=96&d=mm&r=g\",\"caption\":\"admin\"},\"url\":\"https:\/\/www.travel3.com.br\/site\/author\/admin\/\"}]}<\/script>\n<!-- \/ Yoast SEO plugin. -->","yoast_head_json":{"title":"BONDINHOS DA SERRA ENTRE AS ATRA\u00c7\u00d5ES DE CANELA PARA O INVERNO - Travel3","description":"A TRAVEL3 \u00e9 um portal de conte\u00fado voltado para o turismo, encontre destinos, viagens, hospedagem, passagens, guias, not\u00edcias sobre o mercado do turismo, dicas de viagem, v\u00eddeos e podcast.","robots":{"index":"index","follow":"follow","max-snippet":"max-snippet:-1","max-image-preview":"max-image-preview:large","max-video-preview":"max-video-preview:-1"},"canonical":"https:\/\/www.travel3.com.br\/site\/sem-categoria\/bondinhos-da-serra-entre-as-atracoes-de-canela-para-o-inverno\/","og_locale":"pt_BR","og_type":"article","og_title":"BONDINHOS DA SERRA ENTRE AS ATRA\u00c7\u00d5ES DE CANELA PARA O INVERNO - Travel3","og_description":"A TRAVEL3 \u00e9 um portal de conte\u00fado voltado para o turismo, encontre destinos, viagens, hospedagem, passagens, guias, not\u00edcias sobre o mercado do turismo, dicas de viagem, v\u00eddeos e podcast.","og_url":"https:\/\/www.travel3.com.br\/site\/sem-categoria\/bondinhos-da-serra-entre-as-atracoes-de-canela-para-o-inverno\/","og_site_name":"Travel3","article_publisher":"https:\/\/www.facebook.com\/travel3media\/","article_published_time":"2017-09-11T07:14:00+00:00","author":"admin","twitter_card":"summary_large_image","twitter_misc":{"Escrito por":"admin","Est. tempo de leitura":"3 minutos"},"schema":{"@context":"https:\/\/schema.org","@graph":[{"@type":"Article","@id":"https:\/\/www.travel3.com.br\/site\/sem-categoria\/bondinhos-da-serra-entre-as-atracoes-de-canela-para-o-inverno\/#article","isPartOf":{"@id":"https:\/\/www.travel3.com.br\/site\/sem-categoria\/bondinhos-da-serra-entre-as-atracoes-de-canela-para-o-inverno\/"},"author":{"name":"admin","@id":"https:\/\/www.travel3.com.br\/site\/#\/schema\/person\/a69d71e41a024999b6ab82369ac0bd1e"},"headline":"BONDINHOS DA SERRA ENTRE AS ATRA\u00c7\u00d5ES DE CANELA PARA O INVERNO","datePublished":"2017-09-11T07:14:00+00:00","mainEntityOfPage":{"@id":"https:\/\/www.travel3.com.br\/site\/sem-categoria\/bondinhos-da-serra-entre-as-atracoes-de-canela-para-o-inverno\/"},"wordCount":532,"commentCount":0,"publisher":{"@id":"https:\/\/www.travel3.com.br\/site\/#organization"},"inLanguage":"pt-BR","potentialAction":[{"@type":"CommentAction","name":"Comment","target":["https:\/\/www.travel3.com.br\/site\/sem-categoria\/bondinhos-da-serra-entre-as-atracoes-de-canela-para-o-inverno\/#respond"]}]},{"@type":"WebPage","@id":"https:\/\/www.travel3.com.br\/site\/sem-categoria\/bondinhos-da-serra-entre-as-atracoes-de-canela-para-o-inverno\/","url":"https:\/\/www.travel3.com.br\/site\/sem-categoria\/bondinhos-da-serra-entre-as-atracoes-de-canela-para-o-inverno\/","name":"BONDINHOS DA SERRA ENTRE AS ATRA\u00c7\u00d5ES DE CANELA PARA O INVERNO - Travel3","isPartOf":{"@id":"https:\/\/www.travel3.com.br\/site\/#website"},"datePublished":"2017-09-11T07:14:00+00:00","description":"A TRAVEL3 \u00e9 um portal de conte\u00fado voltado para o turismo, encontre destinos, viagens, hospedagem, passagens, guias, not\u00edcias sobre o mercado do turismo, dicas de viagem, v\u00eddeos e podcast.","breadcrumb":{"@id":"https:\/\/www.travel3.com.br\/site\/sem-categoria\/bondinhos-da-serra-entre-as-atracoes-de-canela-para-o-inverno\/#breadcrumb"},"inLanguage":"pt-BR","potentialAction":[{"@type":"ReadAction","target":["https:\/\/www.travel3.com.br\/site\/sem-categoria\/bondinhos-da-serra-entre-as-atracoes-de-canela-para-o-inverno\/"]}]},{"@type":"BreadcrumbList","@id":"https:\/\/www.travel3.com.br\/site\/sem-categoria\/bondinhos-da-serra-entre-as-atracoes-de-canela-para-o-inverno\/#breadcrumb","itemListElement":[{"@type":"ListItem","position":1,"name":"In\u00edcio","item":"https:\/\/www.travel3.com.br\/site\/"},{"@type":"ListItem","position":2,"name":"BONDINHOS DA SERRA ENTRE AS ATRA\u00c7\u00d5ES DE CANELA PARA O INVERNO"}]},{"@type":"WebSite","@id":"https:\/\/www.travel3.com.br\/site\/#website","url":"https:\/\/www.travel3.com.br\/site\/","name":"Travel3","description":"Lazer + Neg&oacute;cios + Aventura","publisher":{"@id":"https:\/\/www.travel3.com.br\/site\/#organization"},"potentialAction":[{"@type":"SearchAction","target":{"@type":"EntryPoint","urlTemplate":"https:\/\/www.travel3.com.br\/site\/?s={search_term_string}"},"query-input":{"@type":"PropertyValueSpecification","valueRequired":true,"valueName":"search_term_string"}}],"inLanguage":"pt-BR"},{"@type":"Organization","@id":"https:\/\/www.travel3.com.br\/site\/#organization","name":"Travel3","url":"https:\/\/www.travel3.com.br\/site\/","logo":{"@type":"ImageObject","inLanguage":"pt-BR","@id":"https:\/\/www.travel3.com.br\/site\/#\/schema\/logo\/image\/","url":"https:\/\/www.travel3.com.br\/site\/wp-content\/uploads\/2020\/01\/logo-travel3-2020.png","contentUrl":"https:\/\/www.travel3.com.br\/site\/wp-content\/uploads\/2020\/01\/logo-travel3-2020.png","width":232,"height":79,"caption":"Travel3"},"image":{"@id":"https:\/\/www.travel3.com.br\/site\/#\/schema\/logo\/image\/"},"sameAs":["https:\/\/www.facebook.com\/travel3media\/","https:\/\/www.instagram.com\/revistatravel3\/","https:\/\/www.youtube.com\/channel\/UCno7J4paGBR3VbZQzvoJ9Eg"]},{"@type":"Person","@id":"https:\/\/www.travel3.com.br\/site\/#\/schema\/person\/a69d71e41a024999b6ab82369ac0bd1e","name":"admin","image":{"@type":"ImageObject","inLanguage":"pt-BR","@id":"https:\/\/www.travel3.com.br\/site\/#\/schema\/person\/image\/","url":"https:\/\/secure.gravatar.com\/avatar\/732a67adfd764da2a47ba10ce731c4c0?s=96&d=mm&r=g","contentUrl":"https:\/\/secure.gravatar.com\/avatar\/732a67adfd764da2a47ba10ce731c4c0?s=96&d=mm&r=g","caption":"admin"},"url":"https:\/\/www.travel3.com.br\/site\/author\/admin\/"}]}},"_links":{"self":[{"href":"https:\/\/www.travel3.com.br\/site\/wp-json\/wp\/v2\/posts\/1529","targetHints":{"allow":["GET"]}}],"collection":[{"href":"https:\/\/www.travel3.com.br\/site\/wp-json\/wp\/v2\/posts"}],"about":[{"href":"https:\/\/www.travel3.com.br\/site\/wp-json\/wp\/v2\/types\/post"}],"author":[{"embeddable":true,"href":"https:\/\/www.travel3.com.br\/site\/wp-json\/wp\/v2\/users\/1"}],"replies":[{"embeddable":true,"href":"https:\/\/www.travel3.com.br\/site\/wp-json\/wp\/v2\/comments?post=1529"}],"version-history":[{"count":0,"href":"https:\/\/www.travel3.com.br\/site\/wp-json\/wp\/v2\/posts\/1529\/revisions"}],"wp:attachment":[{"href":"https:\/\/www.travel3.com.br\/site\/wp-json\/wp\/v2\/media?parent=1529"}],"wp:term":[{"taxonomy":"category","embeddable":true,"href":"https:\/\/www.travel3.com.br\/site\/wp-json\/wp\/v2\/categories?post=1529"},{"taxonomy":"post_tag","embeddable":true,"href":"https:\/\/www.travel3.com.br\/site\/wp-json\/wp\/v2\/tags?post=1529"}],"curies":[{"name":"wp","href":"https:\/\/api.w.org\/{rel}","templated":true}]}}