{"id":15038,"date":"2018-08-15T11:59:19","date_gmt":"2018-08-15T14:59:19","guid":{"rendered":"http:\/\/www.travel3.com.br\/?p=15038"},"modified":"2018-08-20T09:24:48","modified_gmt":"2018-08-20T12:24:48","slug":"gaucha","status":"publish","type":"post","link":"https:\/\/www.travel3.com.br\/site\/acontece-no-turismo\/operadoras\/gaucha\/","title":{"rendered":"ORINTER EMBARCA PARA A SERRA GA\u00daCHA COM PARCEIROS DE RIBEIR\u00c3O PRETO + REGI\u00c3O"},"content":{"rendered":"<h1 style=\"text-align: center;\">Em parceria com a Brocker Turismo, famtour teve como objetivo apresentar os roteiros exclusivos operados na regi\u00e3o<\/h1>\n<p>A Orinter Tour &amp; Travel, em parceria com a Brocker Turismo, convidou os clientes da regi\u00e3o de Ribeir\u00e3o Preto para apresentar os roteiros exclusivos que est\u00e3o sendo operados na Serra Ga\u00facha.<\/p>\n<figure id=\"attachment_15035\" aria-describedby=\"caption-attachment-15035\" style=\"width: 1280px\" class=\"wp-caption aligncenter\"><a href=\"http:\/\/www.travel3.com.br\/site\/wp-content\/uploads\/2018\/08\/orinter-gramado1.jpg\"><img loading=\"lazy\" decoding=\"async\" class=\"wp-image-15035 size-full\" src=\"http:\/\/www.travel3.com.br\/site\/wp-content\/uploads\/2018\/08\/orinter-gramado1.jpg\" alt=\"Orinter Gramado\" width=\"1280\" height=\"960\" srcset=\"https:\/\/www.travel3.com.br\/site\/wp-content\/uploads\/2018\/08\/orinter-gramado1.jpg 1280w, https:\/\/www.travel3.com.br\/site\/wp-content\/uploads\/2018\/08\/orinter-gramado1-300x225.jpg 300w, https:\/\/www.travel3.com.br\/site\/wp-content\/uploads\/2018\/08\/orinter-gramado1-768x576.jpg 768w, https:\/\/www.travel3.com.br\/site\/wp-content\/uploads\/2018\/08\/orinter-gramado1-1024x768.jpg 1024w\" sizes=\"auto, (max-width: 1280px) 100vw, 1280px\" \/><\/a><figcaption id=\"caption-attachment-15035\" class=\"wp-caption-text\"><strong>O roteiro do famtour incluiu visitas aos principais cart\u00f5es postais da Serra Ga\u00facha, como a Cascata do Caracol (Fotos: Divulga\u00e7\u00e3o)<\/strong><\/figcaption><\/figure>\n<p>A opera\u00e7\u00e3o, que j\u00e1 \u00e9 um sucesso, tem como foco, entre outras atra\u00e7\u00f5es, um tour de vinhos e uma rota cervejeira. Desta maneira os turistas ampliam suas atividades e experi\u00eancias pela regi\u00e3o.<\/p>\n<figure id=\"attachment_15037\" aria-describedby=\"caption-attachment-15037\" style=\"width: 1280px\" class=\"wp-caption aligncenter\"><a href=\"http:\/\/www.travel3.com.br\/site\/wp-content\/uploads\/2018\/08\/orinter-gramado3.jpg\"><img loading=\"lazy\" decoding=\"async\" class=\"wp-image-15037 size-full\" src=\"http:\/\/www.travel3.com.br\/site\/wp-content\/uploads\/2018\/08\/orinter-gramado3.jpg\" alt=\"Orinter Gramado\" width=\"1280\" height=\"960\" srcset=\"https:\/\/www.travel3.com.br\/site\/wp-content\/uploads\/2018\/08\/orinter-gramado3.jpg 1280w, https:\/\/www.travel3.com.br\/site\/wp-content\/uploads\/2018\/08\/orinter-gramado3-300x225.jpg 300w, https:\/\/www.travel3.com.br\/site\/wp-content\/uploads\/2018\/08\/orinter-gramado3-768x576.jpg 768w, https:\/\/www.travel3.com.br\/site\/wp-content\/uploads\/2018\/08\/orinter-gramado3-1024x768.jpg 1024w\" sizes=\"auto, (max-width: 1280px) 100vw, 1280px\" \/><\/a><figcaption id=\"caption-attachment-15037\" class=\"wp-caption-text\"><strong>Tamb\u00e9m fez parte da programa\u00e7\u00e3o visitas aos parques e outros produtos de entretenimento da regi\u00e3o<\/strong><\/figcaption><\/figure>\n<figure id=\"attachment_15036\" aria-describedby=\"caption-attachment-15036\" style=\"width: 1280px\" class=\"wp-caption aligncenter\"><a href=\"http:\/\/www.travel3.com.br\/site\/wp-content\/uploads\/2018\/08\/orinter-gramado2.jpg\"><img loading=\"lazy\" decoding=\"async\" class=\"wp-image-15036 size-full\" src=\"http:\/\/www.travel3.com.br\/site\/wp-content\/uploads\/2018\/08\/orinter-gramado2.jpg\" alt=\"Orinter Gramado\" width=\"1280\" height=\"960\" srcset=\"https:\/\/www.travel3.com.br\/site\/wp-content\/uploads\/2018\/08\/orinter-gramado2.jpg 1280w, https:\/\/www.travel3.com.br\/site\/wp-content\/uploads\/2018\/08\/orinter-gramado2-300x225.jpg 300w, https:\/\/www.travel3.com.br\/site\/wp-content\/uploads\/2018\/08\/orinter-gramado2-768x576.jpg 768w, https:\/\/www.travel3.com.br\/site\/wp-content\/uploads\/2018\/08\/orinter-gramado2-1024x768.jpg 1024w\" sizes=\"auto, (max-width: 1280px) 100vw, 1280px\" \/><\/a><figcaption id=\"caption-attachment-15036\" class=\"wp-caption-text\"><strong>A Serra Ga\u00facha \u00e9 reconhecida pela excelente infraestrutura tur\u00edstica, o que inclui \u00f3timos restaurantes; alguns deles receberam apresentaram a gastronomia regional ao famtour Orinter<\/strong><\/figcaption><\/figure>\n<p>&nbsp;<\/p>\n","protected":false},"excerpt":{"rendered":"<p>Em parceria com a Brocker Turismo, famtour teve como objetivo apresentar os roteiros exclusivos operados na regi\u00e3o A Orinter Tour &amp; Travel, em parceria com a Brocker Turismo, convidou os clientes da regi\u00e3o de Ribeir\u00e3o Preto para apresentar os roteiros exclusivos que est\u00e3o sendo operados na Serra Ga\u00facha. A opera\u00e7\u00e3o, que j\u00e1 \u00e9 um sucesso, [&hellip;]<\/p>\n","protected":false},"author":5,"featured_media":15035,"comment_status":"open","ping_status":"open","sticky":false,"template":"","format":"standard","meta":{"footnotes":""},"categories":[969,226,5,163,4],"tags":[1947,583,262,337,471,187],"class_list":["post-15038","post","type-post","status-publish","format-standard","has-post-thumbnail","hentry","category-acontece-no-turismo","category-destaque","category-eventos-e-feiras","category-ofertas-especiais","category-operadoras","tag-acontece","tag-claudia-tonaco","tag-orinter","tag-orinter-tour-travel","tag-serra-gaucha","tag-travel3"],"yoast_head":"<!-- This site is optimized with the Yoast SEO plugin v26.2 - https:\/\/yoast.com\/wordpress\/plugins\/seo\/ -->\n<title>Orinter embarca para a Serra Ga\u00facha com parceiros de Ribeir\u00e3o Preto + regi\u00e3o<\/title>\n<meta name=\"description\" content=\"Orinter Tour &amp; Travel embarca para a Serra Ga\u00facha levando agentes de viagem parceiros, da regi\u00e3o de Ribeir\u00e3o Preto, para mostrar roteiros exclusivos\" \/>\n<meta name=\"robots\" content=\"index, follow, max-snippet:-1, max-image-preview:large, max-video-preview:-1\" \/>\n<link rel=\"canonical\" href=\"https:\/\/www.travel3.com.br\/site\/acontece-no-turismo\/operadoras\/gaucha\/\" \/>\n<meta property=\"og:locale\" content=\"pt_BR\" \/>\n<meta property=\"og:type\" content=\"article\" \/>\n<meta property=\"og:title\" content=\"Orinter embarca para a Serra Ga\u00facha com parceiros de Ribeir\u00e3o Preto + regi\u00e3o\" \/>\n<meta property=\"og:description\" content=\"Orinter Tour &amp; Travel embarca para a Serra Ga\u00facha levando agentes de viagem parceiros, da regi\u00e3o de Ribeir\u00e3o Preto, para mostrar roteiros exclusivos\" \/>\n<meta property=\"og:url\" content=\"https:\/\/www.travel3.com.br\/site\/acontece-no-turismo\/operadoras\/gaucha\/\" \/>\n<meta property=\"og:site_name\" content=\"Travel3\" \/>\n<meta property=\"article:publisher\" content=\"https:\/\/www.facebook.com\/travel3media\/\" \/>\n<meta property=\"article:published_time\" content=\"2018-08-15T14:59:19+00:00\" \/>\n<meta property=\"article:modified_time\" content=\"2018-08-20T12:24:48+00:00\" \/>\n<meta property=\"og:image\" content=\"https:\/\/www.travel3.com.br\/site\/wp-content\/uploads\/2018\/08\/orinter-gramado1.jpg\" \/>\n\t<meta property=\"og:image:width\" content=\"1280\" \/>\n\t<meta property=\"og:image:height\" content=\"960\" \/>\n\t<meta property=\"og:image:type\" content=\"image\/jpeg\" \/>\n<meta name=\"author\" content=\"Reda\u00e7\u00e3o Travel3\" \/>\n<meta name=\"twitter:card\" content=\"summary_large_image\" \/>\n<meta name=\"twitter:label1\" content=\"Escrito por\" \/>\n\t<meta name=\"twitter:data1\" content=\"Reda\u00e7\u00e3o Travel3\" \/>\n\t<meta name=\"twitter:label2\" content=\"Est. tempo de leitura\" \/>\n\t<meta name=\"twitter:data2\" content=\"1 minuto\" \/>\n<script type=\"application\/ld+json\" class=\"yoast-schema-graph\">{\"@context\":\"https:\/\/schema.org\",\"@graph\":[{\"@type\":\"Article\",\"@id\":\"https:\/\/www.travel3.com.br\/site\/acontece-no-turismo\/operadoras\/gaucha\/#article\",\"isPartOf\":{\"@id\":\"https:\/\/www.travel3.com.br\/site\/acontece-no-turismo\/operadoras\/gaucha\/\"},\"author\":{\"name\":\"Reda\u00e7\u00e3o Travel3\",\"@id\":\"https:\/\/www.travel3.com.br\/site\/#\/schema\/person\/89251b0320bc67697de92249f97f3fdb\"},\"headline\":\"ORINTER EMBARCA PARA A SERRA GA\u00daCHA COM PARCEIROS DE RIBEIR\u00c3O PRETO + REGI\u00c3O\",\"datePublished\":\"2018-08-15T14:59:19+00:00\",\"dateModified\":\"2018-08-20T12:24:48+00:00\",\"mainEntityOfPage\":{\"@id\":\"https:\/\/www.travel3.com.br\/site\/acontece-no-turismo\/operadoras\/gaucha\/\"},\"wordCount\":191,\"commentCount\":0,\"publisher\":{\"@id\":\"https:\/\/www.travel3.com.br\/site\/#organization\"},\"image\":{\"@id\":\"https:\/\/www.travel3.com.br\/site\/acontece-no-turismo\/operadoras\/gaucha\/#primaryimage\"},\"thumbnailUrl\":\"https:\/\/www.travel3.com.br\/site\/wp-content\/uploads\/2018\/08\/orinter-gramado1.jpg\",\"keywords\":[\"acontece\",\"Claudia Tonaco\",\"Orinter\",\"Orinter Tour &amp; Travel\",\"Serra Ga\u00facha\",\"Travel3\"],\"articleSection\":[\"Acontece no Turismo\",\"Destaque\",\"Eventos e Feiras\",\"Ofertas Especiais\",\"Operadoras\"],\"inLanguage\":\"pt-BR\",\"potentialAction\":[{\"@type\":\"CommentAction\",\"name\":\"Comment\",\"target\":[\"https:\/\/www.travel3.com.br\/site\/acontece-no-turismo\/operadoras\/gaucha\/#respond\"]}]},{\"@type\":\"WebPage\",\"@id\":\"https:\/\/www.travel3.com.br\/site\/acontece-no-turismo\/operadoras\/gaucha\/\",\"url\":\"https:\/\/www.travel3.com.br\/site\/acontece-no-turismo\/operadoras\/gaucha\/\",\"name\":\"Orinter embarca para a Serra Ga\u00facha com parceiros de Ribeir\u00e3o Preto + regi\u00e3o\",\"isPartOf\":{\"@id\":\"https:\/\/www.travel3.com.br\/site\/#website\"},\"primaryImageOfPage\":{\"@id\":\"https:\/\/www.travel3.com.br\/site\/acontece-no-turismo\/operadoras\/gaucha\/#primaryimage\"},\"image\":{\"@id\":\"https:\/\/www.travel3.com.br\/site\/acontece-no-turismo\/operadoras\/gaucha\/#primaryimage\"},\"thumbnailUrl\":\"https:\/\/www.travel3.com.br\/site\/wp-content\/uploads\/2018\/08\/orinter-gramado1.jpg\",\"datePublished\":\"2018-08-15T14:59:19+00:00\",\"dateModified\":\"2018-08-20T12:24:48+00:00\",\"description\":\"Orinter Tour & Travel embarca para a Serra Ga\u00facha levando agentes de viagem parceiros, da regi\u00e3o de Ribeir\u00e3o Preto, para mostrar roteiros exclusivos\",\"breadcrumb\":{\"@id\":\"https:\/\/www.travel3.com.br\/site\/acontece-no-turismo\/operadoras\/gaucha\/#breadcrumb\"},\"inLanguage\":\"pt-BR\",\"potentialAction\":[{\"@type\":\"ReadAction\",\"target\":[\"https:\/\/www.travel3.com.br\/site\/acontece-no-turismo\/operadoras\/gaucha\/\"]}]},{\"@type\":\"ImageObject\",\"inLanguage\":\"pt-BR\",\"@id\":\"https:\/\/www.travel3.com.br\/site\/acontece-no-turismo\/operadoras\/gaucha\/#primaryimage\",\"url\":\"https:\/\/www.travel3.com.br\/site\/wp-content\/uploads\/2018\/08\/orinter-gramado1.jpg\",\"contentUrl\":\"https:\/\/www.travel3.com.br\/site\/wp-content\/uploads\/2018\/08\/orinter-gramado1.jpg\",\"width\":1280,\"height\":960,\"caption\":\"O roteiro do famtour incluiu visitas aos principais cart\u00f5es postais da Serra Ga\u00facha, como a Cascata do Caracol\"},{\"@type\":\"BreadcrumbList\",\"@id\":\"https:\/\/www.travel3.com.br\/site\/acontece-no-turismo\/operadoras\/gaucha\/#breadcrumb\",\"itemListElement\":[{\"@type\":\"ListItem\",\"position\":1,\"name\":\"In\u00edcio\",\"item\":\"https:\/\/www.travel3.com.br\/site\/\"},{\"@type\":\"ListItem\",\"position\":2,\"name\":\"ORINTER EMBARCA PARA A SERRA GA\u00daCHA COM PARCEIROS DE RIBEIR\u00c3O PRETO + REGI\u00c3O\"}]},{\"@type\":\"WebSite\",\"@id\":\"https:\/\/www.travel3.com.br\/site\/#website\",\"url\":\"https:\/\/www.travel3.com.br\/site\/\",\"name\":\"Travel3\",\"description\":\"Lazer + Neg&oacute;cios + Aventura\",\"publisher\":{\"@id\":\"https:\/\/www.travel3.com.br\/site\/#organization\"},\"potentialAction\":[{\"@type\":\"SearchAction\",\"target\":{\"@type\":\"EntryPoint\",\"urlTemplate\":\"https:\/\/www.travel3.com.br\/site\/?s={search_term_string}\"},\"query-input\":{\"@type\":\"PropertyValueSpecification\",\"valueRequired\":true,\"valueName\":\"search_term_string\"}}],\"inLanguage\":\"pt-BR\"},{\"@type\":\"Organization\",\"@id\":\"https:\/\/www.travel3.com.br\/site\/#organization\",\"name\":\"Travel3\",\"url\":\"https:\/\/www.travel3.com.br\/site\/\",\"logo\":{\"@type\":\"ImageObject\",\"inLanguage\":\"pt-BR\",\"@id\":\"https:\/\/www.travel3.com.br\/site\/#\/schema\/logo\/image\/\",\"url\":\"https:\/\/www.travel3.com.br\/site\/wp-content\/uploads\/2020\/01\/logo-travel3-2020.png\",\"contentUrl\":\"https:\/\/www.travel3.com.br\/site\/wp-content\/uploads\/2020\/01\/logo-travel3-2020.png\",\"width\":232,\"height\":79,\"caption\":\"Travel3\"},\"image\":{\"@id\":\"https:\/\/www.travel3.com.br\/site\/#\/schema\/logo\/image\/\"},\"sameAs\":[\"https:\/\/www.facebook.com\/travel3media\/\",\"https:\/\/www.instagram.com\/revistatravel3\/\",\"https:\/\/www.youtube.com\/channel\/UCno7J4paGBR3VbZQzvoJ9Eg\"]},{\"@type\":\"Person\",\"@id\":\"https:\/\/www.travel3.com.br\/site\/#\/schema\/person\/89251b0320bc67697de92249f97f3fdb\",\"name\":\"Reda\u00e7\u00e3o Travel3\",\"image\":{\"@type\":\"ImageObject\",\"inLanguage\":\"pt-BR\",\"@id\":\"https:\/\/www.travel3.com.br\/site\/#\/schema\/person\/image\/\",\"url\":\"https:\/\/secure.gravatar.com\/avatar\/85a5ec2ad99b1932f671ebf50c117db6?s=96&d=mm&r=g\",\"contentUrl\":\"https:\/\/secure.gravatar.com\/avatar\/85a5ec2ad99b1932f671ebf50c117db6?s=96&d=mm&r=g\",\"caption\":\"Reda\u00e7\u00e3o Travel3\"},\"sameAs\":[\"http:\/\/www.travel3.com.br\/\"],\"url\":\"https:\/\/www.travel3.com.br\/site\/author\/redacao\/\"}]}<\/script>\n<!-- \/ Yoast SEO plugin. -->","yoast_head_json":{"title":"Orinter embarca para a Serra Ga\u00facha com parceiros de Ribeir\u00e3o Preto + regi\u00e3o","description":"Orinter Tour & Travel embarca para a Serra Ga\u00facha levando agentes de viagem parceiros, da regi\u00e3o de Ribeir\u00e3o Preto, para mostrar roteiros exclusivos","robots":{"index":"index","follow":"follow","max-snippet":"max-snippet:-1","max-image-preview":"max-image-preview:large","max-video-preview":"max-video-preview:-1"},"canonical":"https:\/\/www.travel3.com.br\/site\/acontece-no-turismo\/operadoras\/gaucha\/","og_locale":"pt_BR","og_type":"article","og_title":"Orinter embarca para a Serra Ga\u00facha com parceiros de Ribeir\u00e3o Preto + regi\u00e3o","og_description":"Orinter Tour & Travel embarca para a Serra Ga\u00facha levando agentes de viagem parceiros, da regi\u00e3o de Ribeir\u00e3o Preto, para mostrar roteiros exclusivos","og_url":"https:\/\/www.travel3.com.br\/site\/acontece-no-turismo\/operadoras\/gaucha\/","og_site_name":"Travel3","article_publisher":"https:\/\/www.facebook.com\/travel3media\/","article_published_time":"2018-08-15T14:59:19+00:00","article_modified_time":"2018-08-20T12:24:48+00:00","og_image":[{"width":1280,"height":960,"url":"https:\/\/www.travel3.com.br\/site\/wp-content\/uploads\/2018\/08\/orinter-gramado1.jpg","type":"image\/jpeg"}],"author":"Reda\u00e7\u00e3o Travel3","twitter_card":"summary_large_image","twitter_misc":{"Escrito por":"Reda\u00e7\u00e3o Travel3","Est. tempo de leitura":"1 minuto"},"schema":{"@context":"https:\/\/schema.org","@graph":[{"@type":"Article","@id":"https:\/\/www.travel3.com.br\/site\/acontece-no-turismo\/operadoras\/gaucha\/#article","isPartOf":{"@id":"https:\/\/www.travel3.com.br\/site\/acontece-no-turismo\/operadoras\/gaucha\/"},"author":{"name":"Reda\u00e7\u00e3o Travel3","@id":"https:\/\/www.travel3.com.br\/site\/#\/schema\/person\/89251b0320bc67697de92249f97f3fdb"},"headline":"ORINTER EMBARCA PARA A SERRA GA\u00daCHA COM PARCEIROS DE RIBEIR\u00c3O PRETO + REGI\u00c3O","datePublished":"2018-08-15T14:59:19+00:00","dateModified":"2018-08-20T12:24:48+00:00","mainEntityOfPage":{"@id":"https:\/\/www.travel3.com.br\/site\/acontece-no-turismo\/operadoras\/gaucha\/"},"wordCount":191,"commentCount":0,"publisher":{"@id":"https:\/\/www.travel3.com.br\/site\/#organization"},"image":{"@id":"https:\/\/www.travel3.com.br\/site\/acontece-no-turismo\/operadoras\/gaucha\/#primaryimage"},"thumbnailUrl":"https:\/\/www.travel3.com.br\/site\/wp-content\/uploads\/2018\/08\/orinter-gramado1.jpg","keywords":["acontece","Claudia Tonaco","Orinter","Orinter Tour &amp; Travel","Serra Ga\u00facha","Travel3"],"articleSection":["Acontece no Turismo","Destaque","Eventos e Feiras","Ofertas Especiais","Operadoras"],"inLanguage":"pt-BR","potentialAction":[{"@type":"CommentAction","name":"Comment","target":["https:\/\/www.travel3.com.br\/site\/acontece-no-turismo\/operadoras\/gaucha\/#respond"]}]},{"@type":"WebPage","@id":"https:\/\/www.travel3.com.br\/site\/acontece-no-turismo\/operadoras\/gaucha\/","url":"https:\/\/www.travel3.com.br\/site\/acontece-no-turismo\/operadoras\/gaucha\/","name":"Orinter embarca para a Serra Ga\u00facha com parceiros de Ribeir\u00e3o Preto + regi\u00e3o","isPartOf":{"@id":"https:\/\/www.travel3.com.br\/site\/#website"},"primaryImageOfPage":{"@id":"https:\/\/www.travel3.com.br\/site\/acontece-no-turismo\/operadoras\/gaucha\/#primaryimage"},"image":{"@id":"https:\/\/www.travel3.com.br\/site\/acontece-no-turismo\/operadoras\/gaucha\/#primaryimage"},"thumbnailUrl":"https:\/\/www.travel3.com.br\/site\/wp-content\/uploads\/2018\/08\/orinter-gramado1.jpg","datePublished":"2018-08-15T14:59:19+00:00","dateModified":"2018-08-20T12:24:48+00:00","description":"Orinter Tour & Travel embarca para a Serra Ga\u00facha levando agentes de viagem parceiros, da regi\u00e3o de Ribeir\u00e3o Preto, para mostrar roteiros exclusivos","breadcrumb":{"@id":"https:\/\/www.travel3.com.br\/site\/acontece-no-turismo\/operadoras\/gaucha\/#breadcrumb"},"inLanguage":"pt-BR","potentialAction":[{"@type":"ReadAction","target":["https:\/\/www.travel3.com.br\/site\/acontece-no-turismo\/operadoras\/gaucha\/"]}]},{"@type":"ImageObject","inLanguage":"pt-BR","@id":"https:\/\/www.travel3.com.br\/site\/acontece-no-turismo\/operadoras\/gaucha\/#primaryimage","url":"https:\/\/www.travel3.com.br\/site\/wp-content\/uploads\/2018\/08\/orinter-gramado1.jpg","contentUrl":"https:\/\/www.travel3.com.br\/site\/wp-content\/uploads\/2018\/08\/orinter-gramado1.jpg","width":1280,"height":960,"caption":"O roteiro do famtour incluiu visitas aos principais cart\u00f5es postais da Serra Ga\u00facha, como a Cascata do Caracol"},{"@type":"BreadcrumbList","@id":"https:\/\/www.travel3.com.br\/site\/acontece-no-turismo\/operadoras\/gaucha\/#breadcrumb","itemListElement":[{"@type":"ListItem","position":1,"name":"In\u00edcio","item":"https:\/\/www.travel3.com.br\/site\/"},{"@type":"ListItem","position":2,"name":"ORINTER EMBARCA PARA A SERRA GA\u00daCHA COM PARCEIROS DE RIBEIR\u00c3O PRETO + REGI\u00c3O"}]},{"@type":"WebSite","@id":"https:\/\/www.travel3.com.br\/site\/#website","url":"https:\/\/www.travel3.com.br\/site\/","name":"Travel3","description":"Lazer + Neg&oacute;cios + Aventura","publisher":{"@id":"https:\/\/www.travel3.com.br\/site\/#organization"},"potentialAction":[{"@type":"SearchAction","target":{"@type":"EntryPoint","urlTemplate":"https:\/\/www.travel3.com.br\/site\/?s={search_term_string}"},"query-input":{"@type":"PropertyValueSpecification","valueRequired":true,"valueName":"search_term_string"}}],"inLanguage":"pt-BR"},{"@type":"Organization","@id":"https:\/\/www.travel3.com.br\/site\/#organization","name":"Travel3","url":"https:\/\/www.travel3.com.br\/site\/","logo":{"@type":"ImageObject","inLanguage":"pt-BR","@id":"https:\/\/www.travel3.com.br\/site\/#\/schema\/logo\/image\/","url":"https:\/\/www.travel3.com.br\/site\/wp-content\/uploads\/2020\/01\/logo-travel3-2020.png","contentUrl":"https:\/\/www.travel3.com.br\/site\/wp-content\/uploads\/2020\/01\/logo-travel3-2020.png","width":232,"height":79,"caption":"Travel3"},"image":{"@id":"https:\/\/www.travel3.com.br\/site\/#\/schema\/logo\/image\/"},"sameAs":["https:\/\/www.facebook.com\/travel3media\/","https:\/\/www.instagram.com\/revistatravel3\/","https:\/\/www.youtube.com\/channel\/UCno7J4paGBR3VbZQzvoJ9Eg"]},{"@type":"Person","@id":"https:\/\/www.travel3.com.br\/site\/#\/schema\/person\/89251b0320bc67697de92249f97f3fdb","name":"Reda\u00e7\u00e3o Travel3","image":{"@type":"ImageObject","inLanguage":"pt-BR","@id":"https:\/\/www.travel3.com.br\/site\/#\/schema\/person\/image\/","url":"https:\/\/secure.gravatar.com\/avatar\/85a5ec2ad99b1932f671ebf50c117db6?s=96&d=mm&r=g","contentUrl":"https:\/\/secure.gravatar.com\/avatar\/85a5ec2ad99b1932f671ebf50c117db6?s=96&d=mm&r=g","caption":"Reda\u00e7\u00e3o Travel3"},"sameAs":["http:\/\/www.travel3.com.br\/"],"url":"https:\/\/www.travel3.com.br\/site\/author\/redacao\/"}]}},"_links":{"self":[{"href":"https:\/\/www.travel3.com.br\/site\/wp-json\/wp\/v2\/posts\/15038","targetHints":{"allow":["GET"]}}],"collection":[{"href":"https:\/\/www.travel3.com.br\/site\/wp-json\/wp\/v2\/posts"}],"about":[{"href":"https:\/\/www.travel3.com.br\/site\/wp-json\/wp\/v2\/types\/post"}],"author":[{"embeddable":true,"href":"https:\/\/www.travel3.com.br\/site\/wp-json\/wp\/v2\/users\/5"}],"replies":[{"embeddable":true,"href":"https:\/\/www.travel3.com.br\/site\/wp-json\/wp\/v2\/comments?post=15038"}],"version-history":[{"count":2,"href":"https:\/\/www.travel3.com.br\/site\/wp-json\/wp\/v2\/posts\/15038\/revisions"}],"predecessor-version":[{"id":15048,"href":"https:\/\/www.travel3.com.br\/site\/wp-json\/wp\/v2\/posts\/15038\/revisions\/15048"}],"wp:featuredmedia":[{"embeddable":true,"href":"https:\/\/www.travel3.com.br\/site\/wp-json\/wp\/v2\/media\/15035"}],"wp:attachment":[{"href":"https:\/\/www.travel3.com.br\/site\/wp-json\/wp\/v2\/media?parent=15038"}],"wp:term":[{"taxonomy":"category","embeddable":true,"href":"https:\/\/www.travel3.com.br\/site\/wp-json\/wp\/v2\/categories?post=15038"},{"taxonomy":"post_tag","embeddable":true,"href":"https:\/\/www.travel3.com.br\/site\/wp-json\/wp\/v2\/tags?post=15038"}],"curies":[{"name":"wp","href":"https:\/\/api.w.org\/{rel}","templated":true}]}}