{"id":1502,"date":"2017-08-25T02:23:12","date_gmt":"2017-08-25T02:23:12","guid":{"rendered":"http:\/\/www.travel3.com.br\/site\/ir-e-vir\/ar\/entrevista-um-bate-papo-com-sergio-paraiso\/"},"modified":"2017-08-25T02:23:12","modified_gmt":"2017-08-25T02:23:12","slug":"entrevista-um-bate-papo-com-sergio-paraiso","status":"publish","type":"post","link":"https:\/\/www.travel3.com.br\/site\/sem-categoria\/entrevista-um-bate-papo-com-sergio-paraiso\/","title":{"rendered":"ENTREVISTA: UM BATE-PAPO COM S\u00c9RGIO PARA\u00cdSO"},"content":{"rendered":"<p><span style=\"color: #40acad; font-family: -apple-system, system-ui, 'Segoe UI', Roboto, Oxygen-Sans, Ubuntu, Cantarell, 'Helvetica Neue', sans-serif; font-size: 12px; font-weight: bold;\"><\/p>\n<p style=\"text-align:justify\"><strong>S\u00e9rgio Para\u00edso, gerente de marketing e vendas da Pontes Hot\u00e9is (Fotos:\u00a0Pontes Hot\u00e9is\/Divulga\u00e7\u00e3o)<\/strong><\/p>\n<p style=\"text-align:justify\">S\u00e9rgio Para\u00edso sempre foi aquele executivo din\u00e2mico e sorridente, que jamais temeu crises ou desafios, pois tem o dom de vislumbrar o que vem pela frente, antecipando as jogadas do mercado e, assim, preparando sua equipe parar vencer o que for preciso. Agora, que retornou ao lugar de onde nunca deveria ter sa\u00eddo (esta \u00e9 unicamente a opini\u00e3o desta reportagem), o homem que move a Pontes Hot\u00e9is est\u00e1 com mais energia do que nunca. Nesta entrevista exclusiva para a TRAVEL3, Serginho, como \u00e9 conhecido por todo o trade, faz um resumo da \u00faltima temporada e antecipa cenas dos pr\u00f3ximos cap\u00edtulos.<\/p>\n<p style=\"text-align:justify\"><strong>TRAVEL3: S\u00e9rgio, como foi para voc\u00ea retornar \u00e0 Pontes Hot\u00e9is que, por sua vez, tamb\u00e9m retornou \u00e0s suas origens?<\/strong><\/p>\n<p style=\"text-align:justify\"><strong>S\u00e9rgio Para\u00edso:<\/strong> Foi com muito entusiasmo que a diretoria da Pontes Hot\u00e9is &#038; Resorts \u2013 da qual fazem parte o Mar Hotel Conventions, o Hotel Atlante Plaza e o Summerville Beach Resort \u2013 retomou a administra\u00e7\u00e3o dos tr\u00eas hot\u00e9is da rede. E foi com muita alegria, satisfa\u00e7\u00e3o e garra que retornei \u00e0 fun\u00e7\u00e3o de gerente de Marketing &#038; Vendas dos empreendimentos que sempre me orgulharam.<\/p>\n<p style=\"text-align:justify\">Como tenho uma hist\u00f3ria de cerca de 30 anos nesta empresa, senti que estava voltando para casa e, agora, com uma grande miss\u00e3o de reposicionar os nossos empreendimentos no cen\u00e1rio da melhor hotelaria nacional.<\/p>\n<p style=\"text-align:justify\"><a class=\"fancybox-media\" href=\"..\/_uploads\/_noticia\/2017-06\/2-suite-atlante-plaza.jpg\" rel=\"portfolio\"><img decoding=\"async\" alt=\"\" src=\"..\/_uploads\/_noticia\/2017-06\/2-suite-atlante-plaza.jpg\" \/><\/a><strong>Su\u00edte do Atlante Plaza, em Recife: hotel inaugurou andares inteiramente renovados, com novo mobili\u00e1rio e revestimento dos banheiros, assim como no sistema de refrigera\u00e7\u00e3o e TVs de \u00faltima gera\u00e7\u00e3o<\/strong><\/p>\n<p style=\"text-align:justify\"><strong>T3: Restabelecer uma marca t\u00e3o tradicional como a Pontes Hot\u00e9is foi um trabalho complexo ou os h\u00f3spedes e agentes de viagem nunca se esqueceram dos valores e da filosofia do grupo?<\/strong><\/p>\n<p style=\"text-align:justify\"><strong>SP:<\/strong> Desde que retomei a minha antiga fun\u00e7\u00e3o, a miss\u00e3o era estreitar ainda mais a conectividade e o relacionamento com os clientes locais, regionais e internacionais, visando cumprir as metas de ocupa\u00e7\u00e3o planejadas. Batalhamos para concretizar o retorno da equipe comercial original da Pontes Hot\u00e9is, assim como chamamos para trabalhar conosco novos profissionais, competentes, e remanejamos outros, em Recife e S\u00e3o Paulo, valorizando colaboradores que tamb\u00e9m fizeram parte da hist\u00f3ria da rede.<\/p>\n<p style=\"text-align:justify\">Os valores e filosofia da Pontes Hot\u00e9is realmente n\u00e3o foram esquecidos pelo nosso p\u00fablico e pelos agentes de viagem que voltaram a nos prestigiar e direcionar neg\u00f3cios para os nossos hot\u00e9is. Tanto que, antes da concretiza\u00e7\u00e3o oficial do retorno, muitos clientes e parceiros comerciais pediam a volta da administra\u00e7\u00e3o Pontes, com o know how comercial que a rede desenvolveu durante anos e que levou os nossos hot\u00e9is \u00e0 lideran\u00e7a do mercado no estado de Pernambuco.<\/p>\n<p style=\"text-align:justify\">Ao longo dos mais de 45 anos de atua\u00e7\u00e3o no setor, a rede Pontes Hot\u00e9is tem acumulado experi\u00eancia e criado la\u00e7os fortes com todo o trade tur\u00edstico nacional e internacional. A administra\u00e7\u00e3o da rede pernambucana sempre foi reconhecida pela prioriza\u00e7\u00e3o do bem-estar dos h\u00f3spedes e clientes \u00e0 frente de seus processos.<\/p>\n<p style=\"text-align:justify\"><a class=\"fancybox-media\" href=\"..\/_uploads\/_noticia\/2017-06\/3-piscina-summerville.jpg\" rel=\"portfolio\"><img decoding=\"async\" alt=\"\" src=\"..\/_uploads\/_noticia\/2017-06\/3-piscina-summerville.jpg\" \/><\/a><strong>A famosa piscina do Summerville, em Porto de Galinhas: resort ganhou novos atrativos e bangal\u00f4s passaram por um completo processo de retrofit<\/strong><\/p>\n<p style=\"text-align:justify\">T3: A pr\u00f3xima etapa agora \u00e9 a renova\u00e7\u00e3o dos empreendimentos. Como est\u00e1 o cronograma de cada hotel?<\/p>\n<p style=\"text-align:justify\">SP: Recentemente, os empreendimentos receberam investimentos em diversas \u00e1reas. O Atlante Plaza inaugurou andares inteiramente renovados no novo padr\u00e3o. Dentre as melhorias nas acomoda\u00e7\u00f5es, destaco os novos mobili\u00e1rios; o revestimento dos banheiros, agora em porcelanato; e a decora\u00e7\u00e3o mais moderna, com ilumina\u00e7\u00e3o indireta. Caprichamos tamb\u00e9m nos equipamentos, adquirindo novas TVs e um sistema de refrigera\u00e7\u00e3o com splits individuais de \u00faltima gera\u00e7\u00e3o.<\/p>\n<p style=\"text-align:justify\">O Summerville Resort ganhou novos atrativos de entretenimento, al\u00e9m dos bangal\u00f4s terem passado pelo processo de retrofit. J\u00e1 o Mar Hotel conta com novos sal\u00f5es de conven\u00e7\u00f5es \u2013 o C\u00edcero Dias e o Abelardo da Hora \u2013, aumentando a capacidade total da \u00e1rea de eventos para at\u00e9 1,8 mil pessoas, contabilizando as 10 salas modul\u00e1veis dispostas em tr\u00eas pisos.<\/p>\n<p style=\"text-align:justify\">Por fim, o Mar Hotel \u00e9 considerado atualmente o mais completo hotel para conven\u00e7\u00f5es em Recife, reunindo, em um s\u00f3 lugar, sal\u00f5es vers\u00e1teis com grande capacidade de pessoas, 758 leitos e 400 vagas de estacionamento. Os investimentos de 2013 at\u00e9 hoje j\u00e1 somam R$ 39 milh\u00f5es, incluindo a abertura de mais 175 unidades, ocorrido no primeiro trimestre de 2014 e com pleno uso na Copa do Mundo Fifa 2014.<\/p>\n<p style=\"text-align:justify\">Em resumo, eu diria que, desde que assumimos novamente a gest\u00e3o da empresa, retomamos a miss\u00e3o de atuar no mercado de forma independente e com destaque, proporcionando servi\u00e7os de qualidade e procurando atender \u00e0s necessidades e superar as expectativas daqueles que buscam os nossos servi\u00e7os.<\/p>\n<p style=\"text-align:justify\"><a class=\"fancybox-media\" href=\"..\/_uploads\/_noticia\/2017-06\/4-fachada-mar-hotel.jpg\" rel=\"portfolio\"><img decoding=\"async\" alt=\"\" src=\"..\/_uploads\/_noticia\/2017-06\/4-fachada-mar-hotel.jpg\" \/><\/a><strong>Fachada do Mar Hotel, em Recife: novos sal\u00f5es para o mais completo hotel para conven\u00e7\u00f5es da capital pernambucana<\/strong><\/p>\n<p style=\"text-align:justify\"><strong>T3: Como voc\u00ea definiria este novo momento da Pontes Hot\u00e9is?<\/strong><\/p>\n<p style=\"text-align:justify\"><strong>SP:<\/strong> Al\u00e9m de acreditar nesta filosofia, a rede Pontes Hot\u00e9is &#038; Resorts se compromete a, continuamente, melhorar seus processos e superar expectativas, mantendo um comportamento respons\u00e1vel nas rela\u00e7\u00f5es com clientes, funcion\u00e1rios, fornecedores, concorrentes, comunidade e demais p\u00fablicos com os quais se relaciona, oferecendo instala\u00e7\u00f5es renovadas e uma grande equipe, motivada e que, a cada dia, busca de forma incessante fidelizar os nossos clientes, praticando o que sempre fizemos: a arte de bem receber do povo pernambucano.<\/p>\n<p style=\"text-align:justify\">\u00c9 nisso que acreditamos \u2013 e ainda na sustentabilidade dos neg\u00f3cios e na otimiza\u00e7\u00e3o das opera\u00e7\u00f5es.\u00a0<\/p>\n<p><\/span><\/p>\n","protected":false},"excerpt":{"rendered":"<p>Executivo, prata da casa da rede Pontes Hot\u00e9is, fala sobre as estrat\u00e9gias + renova\u00e7\u00f5es + novidades em cada um dos empreendimentos<\/p>\n","protected":false},"author":1,"featured_media":0,"comment_status":"open","ping_status":"open","sticky":false,"template":"","format":"standard","meta":{"footnotes":""},"categories":[],"tags":[],"class_list":["post-1502","post","type-post","status-publish","format-standard","hentry"],"yoast_head":"<!-- This site is optimized with the Yoast SEO plugin v26.2 - https:\/\/yoast.com\/wordpress\/plugins\/seo\/ -->\n<title>ENTREVISTA: UM BATE-PAPO COM S\u00c9RGIO PARA\u00cdSO - Travel3<\/title>\n<meta name=\"description\" content=\"A TRAVEL3 \u00e9 um portal de conte\u00fado voltado para o turismo, encontre destinos, viagens, hospedagem, passagens, guias, not\u00edcias sobre o mercado do turismo, dicas de viagem, v\u00eddeos e podcast.\" \/>\n<meta name=\"robots\" content=\"index, follow, max-snippet:-1, max-image-preview:large, max-video-preview:-1\" \/>\n<link rel=\"canonical\" href=\"https:\/\/www.travel3.com.br\/site\/sem-categoria\/entrevista-um-bate-papo-com-sergio-paraiso\/\" \/>\n<meta property=\"og:locale\" content=\"pt_BR\" \/>\n<meta property=\"og:type\" content=\"article\" \/>\n<meta property=\"og:title\" content=\"ENTREVISTA: UM BATE-PAPO COM S\u00c9RGIO PARA\u00cdSO - Travel3\" \/>\n<meta property=\"og:description\" content=\"A TRAVEL3 \u00e9 um portal de conte\u00fado voltado para o turismo, encontre destinos, viagens, hospedagem, passagens, guias, not\u00edcias sobre o mercado do turismo, dicas de viagem, v\u00eddeos e podcast.\" \/>\n<meta property=\"og:url\" content=\"https:\/\/www.travel3.com.br\/site\/sem-categoria\/entrevista-um-bate-papo-com-sergio-paraiso\/\" \/>\n<meta property=\"og:site_name\" content=\"Travel3\" \/>\n<meta property=\"article:publisher\" content=\"https:\/\/www.facebook.com\/travel3media\/\" \/>\n<meta property=\"article:published_time\" content=\"2017-08-25T02:23:12+00:00\" \/>\n<meta name=\"author\" content=\"admin\" \/>\n<meta name=\"twitter:card\" content=\"summary_large_image\" \/>\n<meta name=\"twitter:label1\" content=\"Escrito por\" \/>\n\t<meta name=\"twitter:data1\" content=\"admin\" \/>\n\t<meta name=\"twitter:label2\" content=\"Est. tempo de leitura\" \/>\n\t<meta name=\"twitter:data2\" content=\"5 minutos\" \/>\n<script type=\"application\/ld+json\" class=\"yoast-schema-graph\">{\"@context\":\"https:\/\/schema.org\",\"@graph\":[{\"@type\":\"Article\",\"@id\":\"https:\/\/www.travel3.com.br\/site\/sem-categoria\/entrevista-um-bate-papo-com-sergio-paraiso\/#article\",\"isPartOf\":{\"@id\":\"https:\/\/www.travel3.com.br\/site\/sem-categoria\/entrevista-um-bate-papo-com-sergio-paraiso\/\"},\"author\":{\"name\":\"admin\",\"@id\":\"https:\/\/www.travel3.com.br\/site\/#\/schema\/person\/a69d71e41a024999b6ab82369ac0bd1e\"},\"headline\":\"ENTREVISTA: UM BATE-PAPO COM S\u00c9RGIO PARA\u00cdSO\",\"datePublished\":\"2017-08-25T02:23:12+00:00\",\"mainEntityOfPage\":{\"@id\":\"https:\/\/www.travel3.com.br\/site\/sem-categoria\/entrevista-um-bate-papo-com-sergio-paraiso\/\"},\"wordCount\":960,\"commentCount\":0,\"publisher\":{\"@id\":\"https:\/\/www.travel3.com.br\/site\/#organization\"},\"inLanguage\":\"pt-BR\",\"potentialAction\":[{\"@type\":\"CommentAction\",\"name\":\"Comment\",\"target\":[\"https:\/\/www.travel3.com.br\/site\/sem-categoria\/entrevista-um-bate-papo-com-sergio-paraiso\/#respond\"]}]},{\"@type\":\"WebPage\",\"@id\":\"https:\/\/www.travel3.com.br\/site\/sem-categoria\/entrevista-um-bate-papo-com-sergio-paraiso\/\",\"url\":\"https:\/\/www.travel3.com.br\/site\/sem-categoria\/entrevista-um-bate-papo-com-sergio-paraiso\/\",\"name\":\"ENTREVISTA: UM BATE-PAPO COM S\u00c9RGIO PARA\u00cdSO - Travel3\",\"isPartOf\":{\"@id\":\"https:\/\/www.travel3.com.br\/site\/#website\"},\"datePublished\":\"2017-08-25T02:23:12+00:00\",\"description\":\"A TRAVEL3 \u00e9 um portal de conte\u00fado voltado para o turismo, encontre destinos, viagens, hospedagem, passagens, guias, not\u00edcias sobre o mercado do turismo, dicas de viagem, v\u00eddeos e podcast.\",\"breadcrumb\":{\"@id\":\"https:\/\/www.travel3.com.br\/site\/sem-categoria\/entrevista-um-bate-papo-com-sergio-paraiso\/#breadcrumb\"},\"inLanguage\":\"pt-BR\",\"potentialAction\":[{\"@type\":\"ReadAction\",\"target\":[\"https:\/\/www.travel3.com.br\/site\/sem-categoria\/entrevista-um-bate-papo-com-sergio-paraiso\/\"]}]},{\"@type\":\"BreadcrumbList\",\"@id\":\"https:\/\/www.travel3.com.br\/site\/sem-categoria\/entrevista-um-bate-papo-com-sergio-paraiso\/#breadcrumb\",\"itemListElement\":[{\"@type\":\"ListItem\",\"position\":1,\"name\":\"In\u00edcio\",\"item\":\"https:\/\/www.travel3.com.br\/site\/\"},{\"@type\":\"ListItem\",\"position\":2,\"name\":\"ENTREVISTA: UM BATE-PAPO COM S\u00c9RGIO PARA\u00cdSO\"}]},{\"@type\":\"WebSite\",\"@id\":\"https:\/\/www.travel3.com.br\/site\/#website\",\"url\":\"https:\/\/www.travel3.com.br\/site\/\",\"name\":\"Travel3\",\"description\":\"Lazer + Neg&oacute;cios + Aventura\",\"publisher\":{\"@id\":\"https:\/\/www.travel3.com.br\/site\/#organization\"},\"potentialAction\":[{\"@type\":\"SearchAction\",\"target\":{\"@type\":\"EntryPoint\",\"urlTemplate\":\"https:\/\/www.travel3.com.br\/site\/?s={search_term_string}\"},\"query-input\":{\"@type\":\"PropertyValueSpecification\",\"valueRequired\":true,\"valueName\":\"search_term_string\"}}],\"inLanguage\":\"pt-BR\"},{\"@type\":\"Organization\",\"@id\":\"https:\/\/www.travel3.com.br\/site\/#organization\",\"name\":\"Travel3\",\"url\":\"https:\/\/www.travel3.com.br\/site\/\",\"logo\":{\"@type\":\"ImageObject\",\"inLanguage\":\"pt-BR\",\"@id\":\"https:\/\/www.travel3.com.br\/site\/#\/schema\/logo\/image\/\",\"url\":\"https:\/\/www.travel3.com.br\/site\/wp-content\/uploads\/2020\/01\/logo-travel3-2020.png\",\"contentUrl\":\"https:\/\/www.travel3.com.br\/site\/wp-content\/uploads\/2020\/01\/logo-travel3-2020.png\",\"width\":232,\"height\":79,\"caption\":\"Travel3\"},\"image\":{\"@id\":\"https:\/\/www.travel3.com.br\/site\/#\/schema\/logo\/image\/\"},\"sameAs\":[\"https:\/\/www.facebook.com\/travel3media\/\",\"https:\/\/www.instagram.com\/revistatravel3\/\",\"https:\/\/www.youtube.com\/channel\/UCno7J4paGBR3VbZQzvoJ9Eg\"]},{\"@type\":\"Person\",\"@id\":\"https:\/\/www.travel3.com.br\/site\/#\/schema\/person\/a69d71e41a024999b6ab82369ac0bd1e\",\"name\":\"admin\",\"image\":{\"@type\":\"ImageObject\",\"inLanguage\":\"pt-BR\",\"@id\":\"https:\/\/www.travel3.com.br\/site\/#\/schema\/person\/image\/\",\"url\":\"https:\/\/secure.gravatar.com\/avatar\/732a67adfd764da2a47ba10ce731c4c0?s=96&d=mm&r=g\",\"contentUrl\":\"https:\/\/secure.gravatar.com\/avatar\/732a67adfd764da2a47ba10ce731c4c0?s=96&d=mm&r=g\",\"caption\":\"admin\"},\"url\":\"https:\/\/www.travel3.com.br\/site\/author\/admin\/\"}]}<\/script>\n<!-- \/ Yoast SEO plugin. -->","yoast_head_json":{"title":"ENTREVISTA: UM BATE-PAPO COM S\u00c9RGIO PARA\u00cdSO - Travel3","description":"A TRAVEL3 \u00e9 um portal de conte\u00fado voltado para o turismo, encontre destinos, viagens, hospedagem, passagens, guias, not\u00edcias sobre o mercado do turismo, dicas de viagem, v\u00eddeos e podcast.","robots":{"index":"index","follow":"follow","max-snippet":"max-snippet:-1","max-image-preview":"max-image-preview:large","max-video-preview":"max-video-preview:-1"},"canonical":"https:\/\/www.travel3.com.br\/site\/sem-categoria\/entrevista-um-bate-papo-com-sergio-paraiso\/","og_locale":"pt_BR","og_type":"article","og_title":"ENTREVISTA: UM BATE-PAPO COM S\u00c9RGIO PARA\u00cdSO - Travel3","og_description":"A TRAVEL3 \u00e9 um portal de conte\u00fado voltado para o turismo, encontre destinos, viagens, hospedagem, passagens, guias, not\u00edcias sobre o mercado do turismo, dicas de viagem, v\u00eddeos e podcast.","og_url":"https:\/\/www.travel3.com.br\/site\/sem-categoria\/entrevista-um-bate-papo-com-sergio-paraiso\/","og_site_name":"Travel3","article_publisher":"https:\/\/www.facebook.com\/travel3media\/","article_published_time":"2017-08-25T02:23:12+00:00","author":"admin","twitter_card":"summary_large_image","twitter_misc":{"Escrito por":"admin","Est. tempo de leitura":"5 minutos"},"schema":{"@context":"https:\/\/schema.org","@graph":[{"@type":"Article","@id":"https:\/\/www.travel3.com.br\/site\/sem-categoria\/entrevista-um-bate-papo-com-sergio-paraiso\/#article","isPartOf":{"@id":"https:\/\/www.travel3.com.br\/site\/sem-categoria\/entrevista-um-bate-papo-com-sergio-paraiso\/"},"author":{"name":"admin","@id":"https:\/\/www.travel3.com.br\/site\/#\/schema\/person\/a69d71e41a024999b6ab82369ac0bd1e"},"headline":"ENTREVISTA: UM BATE-PAPO COM S\u00c9RGIO PARA\u00cdSO","datePublished":"2017-08-25T02:23:12+00:00","mainEntityOfPage":{"@id":"https:\/\/www.travel3.com.br\/site\/sem-categoria\/entrevista-um-bate-papo-com-sergio-paraiso\/"},"wordCount":960,"commentCount":0,"publisher":{"@id":"https:\/\/www.travel3.com.br\/site\/#organization"},"inLanguage":"pt-BR","potentialAction":[{"@type":"CommentAction","name":"Comment","target":["https:\/\/www.travel3.com.br\/site\/sem-categoria\/entrevista-um-bate-papo-com-sergio-paraiso\/#respond"]}]},{"@type":"WebPage","@id":"https:\/\/www.travel3.com.br\/site\/sem-categoria\/entrevista-um-bate-papo-com-sergio-paraiso\/","url":"https:\/\/www.travel3.com.br\/site\/sem-categoria\/entrevista-um-bate-papo-com-sergio-paraiso\/","name":"ENTREVISTA: UM BATE-PAPO COM S\u00c9RGIO PARA\u00cdSO - Travel3","isPartOf":{"@id":"https:\/\/www.travel3.com.br\/site\/#website"},"datePublished":"2017-08-25T02:23:12+00:00","description":"A TRAVEL3 \u00e9 um portal de conte\u00fado voltado para o turismo, encontre destinos, viagens, hospedagem, passagens, guias, not\u00edcias sobre o mercado do turismo, dicas de viagem, v\u00eddeos e podcast.","breadcrumb":{"@id":"https:\/\/www.travel3.com.br\/site\/sem-categoria\/entrevista-um-bate-papo-com-sergio-paraiso\/#breadcrumb"},"inLanguage":"pt-BR","potentialAction":[{"@type":"ReadAction","target":["https:\/\/www.travel3.com.br\/site\/sem-categoria\/entrevista-um-bate-papo-com-sergio-paraiso\/"]}]},{"@type":"BreadcrumbList","@id":"https:\/\/www.travel3.com.br\/site\/sem-categoria\/entrevista-um-bate-papo-com-sergio-paraiso\/#breadcrumb","itemListElement":[{"@type":"ListItem","position":1,"name":"In\u00edcio","item":"https:\/\/www.travel3.com.br\/site\/"},{"@type":"ListItem","position":2,"name":"ENTREVISTA: UM BATE-PAPO COM S\u00c9RGIO PARA\u00cdSO"}]},{"@type":"WebSite","@id":"https:\/\/www.travel3.com.br\/site\/#website","url":"https:\/\/www.travel3.com.br\/site\/","name":"Travel3","description":"Lazer + Neg&oacute;cios + Aventura","publisher":{"@id":"https:\/\/www.travel3.com.br\/site\/#organization"},"potentialAction":[{"@type":"SearchAction","target":{"@type":"EntryPoint","urlTemplate":"https:\/\/www.travel3.com.br\/site\/?s={search_term_string}"},"query-input":{"@type":"PropertyValueSpecification","valueRequired":true,"valueName":"search_term_string"}}],"inLanguage":"pt-BR"},{"@type":"Organization","@id":"https:\/\/www.travel3.com.br\/site\/#organization","name":"Travel3","url":"https:\/\/www.travel3.com.br\/site\/","logo":{"@type":"ImageObject","inLanguage":"pt-BR","@id":"https:\/\/www.travel3.com.br\/site\/#\/schema\/logo\/image\/","url":"https:\/\/www.travel3.com.br\/site\/wp-content\/uploads\/2020\/01\/logo-travel3-2020.png","contentUrl":"https:\/\/www.travel3.com.br\/site\/wp-content\/uploads\/2020\/01\/logo-travel3-2020.png","width":232,"height":79,"caption":"Travel3"},"image":{"@id":"https:\/\/www.travel3.com.br\/site\/#\/schema\/logo\/image\/"},"sameAs":["https:\/\/www.facebook.com\/travel3media\/","https:\/\/www.instagram.com\/revistatravel3\/","https:\/\/www.youtube.com\/channel\/UCno7J4paGBR3VbZQzvoJ9Eg"]},{"@type":"Person","@id":"https:\/\/www.travel3.com.br\/site\/#\/schema\/person\/a69d71e41a024999b6ab82369ac0bd1e","name":"admin","image":{"@type":"ImageObject","inLanguage":"pt-BR","@id":"https:\/\/www.travel3.com.br\/site\/#\/schema\/person\/image\/","url":"https:\/\/secure.gravatar.com\/avatar\/732a67adfd764da2a47ba10ce731c4c0?s=96&d=mm&r=g","contentUrl":"https:\/\/secure.gravatar.com\/avatar\/732a67adfd764da2a47ba10ce731c4c0?s=96&d=mm&r=g","caption":"admin"},"url":"https:\/\/www.travel3.com.br\/site\/author\/admin\/"}]}},"_links":{"self":[{"href":"https:\/\/www.travel3.com.br\/site\/wp-json\/wp\/v2\/posts\/1502","targetHints":{"allow":["GET"]}}],"collection":[{"href":"https:\/\/www.travel3.com.br\/site\/wp-json\/wp\/v2\/posts"}],"about":[{"href":"https:\/\/www.travel3.com.br\/site\/wp-json\/wp\/v2\/types\/post"}],"author":[{"embeddable":true,"href":"https:\/\/www.travel3.com.br\/site\/wp-json\/wp\/v2\/users\/1"}],"replies":[{"embeddable":true,"href":"https:\/\/www.travel3.com.br\/site\/wp-json\/wp\/v2\/comments?post=1502"}],"version-history":[{"count":0,"href":"https:\/\/www.travel3.com.br\/site\/wp-json\/wp\/v2\/posts\/1502\/revisions"}],"wp:attachment":[{"href":"https:\/\/www.travel3.com.br\/site\/wp-json\/wp\/v2\/media?parent=1502"}],"wp:term":[{"taxonomy":"category","embeddable":true,"href":"https:\/\/www.travel3.com.br\/site\/wp-json\/wp\/v2\/categories?post=1502"},{"taxonomy":"post_tag","embeddable":true,"href":"https:\/\/www.travel3.com.br\/site\/wp-json\/wp\/v2\/tags?post=1502"}],"curies":[{"name":"wp","href":"https:\/\/api.w.org\/{rel}","templated":true}]}}