{"id":1449,"date":"2017-09-05T17:03:53","date_gmt":"2017-09-05T17:03:53","guid":{"rendered":"http:\/\/www.travel3.com.br\/site\/ir-e-vir\/ar\/diretorias-cvc-gol-no-ceara-se-encontram-antes-do-voo-inaugural\/"},"modified":"2017-09-05T17:03:53","modified_gmt":"2017-09-05T17:03:53","slug":"diretorias-cvc-gol-no-ceara-se-encontram-antes-do-voo-inaugural","status":"publish","type":"post","link":"https:\/\/www.travel3.com.br\/site\/sem-categoria\/diretorias-cvc-gol-no-ceara-se-encontram-antes-do-voo-inaugural\/","title":{"rendered":"DIRETORIAS CVC + GOL NO CEAR\u00c1, SE ENCONTRAM ANTES DO VOO INAUGURAL"},"content":{"rendered":"<p><span style=\"color: #40acad; font-family: -apple-system, system-ui, 'Segoe UI', Roboto, Oxygen-Sans, Ubuntu, Cantarell, 'Helvetica Neue', sans-serif; font-size: 12px; font-weight: bold;\"><\/p>\n<p style=\"text-align:justify\"><strong>S\u00c3O PAULO (SP) <\/strong>\u2013 Logo pela manh\u00e3, o aeroporto internacional de Congonhas \u2013 que agora tem o nome de Freitas Nobre \u2013 na zona Sul da capital, teve um movimento diferente, todo ele por conta da partida do voo JJ 9612 da GOL com destino ao aeroporto Regional de Jericoacoara, no munic\u00edpio de Cruz.<\/p>\n<p style=\"text-align:justify\">Todo o alto escal\u00e3o de duas empresas que tem tudo a ver com o turismo, a CVC e a GOL promoveram um encontro VIP e informal para recepcionar o governador Camilo Aranha e comitiva, antes do embarque rumo ao litoral cearense.<\/p>\n<p style=\"text-align:justify\">Recbendo cumprimentos pela coloca\u00e7\u00e3o que o estado do Cear\u00e1 obteve nesta semana dentro do ensino m\u00e9dio brasileiro, o governador \u2013 que tamb\u00e9m esteve politicamente em negocia\u00e7\u00f5es na capital paulista, j\u00e1 que possivelmente est\u00e1 tratando de sua desfilia\u00e7\u00e3o do PT \u2013 afirmou que o aeroporto de Jeri tamb\u00e9m vai \u2018sinalizar o avan\u00e7o que o turismo est\u00e1 mostrando no seu estado e que possibilitar\u00e1 muitas oportunidades de mais empregos e renda em toda a regi\u00e3o.<\/p>\n<p style=\"text-align:justify\">Camilo Santana respondeu atentamente sobre algumas conclus\u00f5es que tem sido apregoadas sobre a instala\u00e7\u00e3o do aeroporto em um dos principais destinos da Natureza litora\u00e2nea do Pais, e que isso poderia gerar uma massividade prejudicial.<\/p>\n<p style=\"text-align:justify\">&#8220;Pelo contr\u00e1rio. Com a limita\u00e7\u00e3o imposta pelo Parque Nacional, teremos os est\u00e1gios de uma seguran\u00e7a muito grande. Teremos tamb\u00e9m uma descentraliza\u00e7\u00e3o com \u00a0o turismo para Camocim e o Pre\u00e1, outras praias da regi\u00e3o e \u00e9 preciso \u00a0salientar que Jerioacoara, nos avan\u00e7os que est\u00e1 ganhando no saneamento b\u00e1sico, na coleta do lixo e outros servi\u00e7os p\u00fablicos.\u201d<\/p>\n<p style=\"text-align:justify\">O governador adiantou tamb\u00e9m que uma das pr\u00f3ximas conquistas para a regi\u00e7ai ser\u00e1 uma escola profissionalizanete em Jeri que dar\u00e1 aten\u00e7\u00e3o especifica ao turismo sustent\u00e1vel.<\/p>\n<p style=\"text-align:justify\"><a class=\"fancybox-media\" href=\"..\/_uploads\/_noticia\/2017-06\/dscn8853--2-.jpg\" rel=\"portfolio\"><img decoding=\"async\" alt=\"\" src=\"..\/_uploads\/_noticia\/2017-06\/dscn8853--2-.jpg\" \/><\/a><\/p>\n<p style=\"text-align:justify\">O governador cearense todo atento \u00e0 fala de Falco, o presidente da CVC Viagens, sobre as muitas expectativas que a operadora tem neste lan\u00e7amento, considerado uma das prioridades do ano, tanto que est\u00e1 batizado como &#39;<em>o v\u00f4o das f\u00e9rias<\/em>&#39; em seu\u00a0 modelo da campanha\u00a0 que a operadora est\u00e1 promovendo.<\/p>\n<p style=\"text-align:justify\">O presidente da GOL, Paulo Kakinoff, em sua sauda\u00e7\u00e3o, disse da satisfa\u00e7\u00e3o da empresa em estar abrindo esta rota, que at\u00e9 poder\u00e1 vir a se tornar regular, dependendo da demanda. &#39;\u2018Por enquanto, com esta expectativa do pimeiro voo, queremos agradecer ao nosso parceiro comercial numero um, a CVC, a quem tanto devemos a conquista deste voo e ao governo cearense, do estado e prefeituras da regi\u00e3o pela confian\u00e7a nesta a\u00e7\u00e3o conjunta\u2019.<\/p>\n<p style=\"text-align:justify\">Pela CVC, Valter Patriani deu a primeira das v\u00e1rias noticias positivas deste elo que volta a se formar de forma extensa entre a maior operadora de viagens do Pais e o turismo do Cear\u00e1. \u2018Em julho vamos retornar com o compromisso da garantia do Sol. Lembram daquela campanha que tanto sucesso fez ? Estaremos novamente com ela dentro em breve, no acordo com a Abih do Cear\u00e1. Se o sol faltar ..o que \u00e9 muito dif\u00edcil no Cear\u00e1&#8230;o viajante ser\u00e1 ressarcido. E outras novidades vir\u00e3o&#39;, indicou..<\/p>\n<p style=\"text-align:justify\">Patriani lembrou tamb\u00e9m do pioneirismo da operadora que agrega Jeri \u00e0 uma s\u00e9rie de destinos lan\u00e7ados dentro destes 45 anos, como Bonito (onde ele e Claiton Armelin tamb\u00e9m inauguraram o aeroporto), de Porto Seguro e Gramado. \u2018Com Jericoacoara temos certeza que o sucesso tamb\u00e9m vai se confirmar, a CVC abrindo novos caminhos para o turismo\u2019.<\/p>\n<p style=\"text-align:justify\"><a class=\"fancybox-media\" href=\"..\/_uploads\/_noticia\/2017-06\/dscn8862--2-.jpg\" rel=\"portfolio\"><img decoding=\"async\" alt=\"\" src=\"..\/_uploads\/_noticia\/2017-06\/dscn8862--2-.jpg\" \/><\/a><\/p>\n<p style=\"text-align:justify\">Com embarque pelo port\u00e3o 8, a recep\u00e7\u00e3o prosseguiu at\u00e9 a porta da aeronave onde Kakinoff fez quest\u00e3o de receber e cumprimentar os passageiros em nome da companhia a\u00e9rea. e governador foi recepcionado na cabine de comando<\/p>\n<p style=\"text-align:justify\"><a class=\"fancybox-media\" href=\"..\/_uploads\/_noticia\/2017-06\/dscn8867--2-.jpg\" rel=\"portfolio\"><img decoding=\"async\" alt=\"\" src=\"..\/_uploads\/_noticia\/2017-06\/dscn8867--2-.jpg\" \/><\/a><\/p>\n<p style=\"text-align:justify\">Rigorosamente no hor\u00e1rio programado o Boeing 787-Next Generation partiu de Congonhas rumo ao Cear\u00e1. Uma viagem com muitas surpresas a bodo, convidamos para que acompanhe conosco nas pr\u00f3ximas mat\u00e9rias<\/p>\n<p style=\"text-align:justify\"><a class=\"fancybox-media\" href=\"..\/_uploads\/_noticia\/2017-06\/3banner-coobrand-april-travel3--2-.jpg\" rel=\"portfolio\"><img decoding=\"async\" alt=\"\" src=\"..\/_uploads\/_noticia\/2017-06\/3banner-coobrand-april-travel3--2-.jpg\" \/><\/a><\/p>\n<p>\u00a0<\/p>\n<p>\u00a0<\/p>\n<p>\u00a0<\/p>\n<p>\u00a0<\/p>\n<p>\u00a0<\/p>\n<p><\/span><\/p>\n","protected":false},"excerpt":{"rendered":"<p>Em Congonhas, os executivos das 2 empresas + a comitiva do governo Camilo Santana se encontram no embarque para o 1o voo<\/p>\n","protected":false},"author":1,"featured_media":0,"comment_status":"open","ping_status":"open","sticky":false,"template":"","format":"standard","meta":{"footnotes":""},"categories":[],"tags":[],"class_list":["post-1449","post","type-post","status-publish","format-standard","hentry"],"yoast_head":"<!-- This site is optimized with the Yoast SEO plugin v26.2 - https:\/\/yoast.com\/wordpress\/plugins\/seo\/ -->\n<title>DIRETORIAS CVC + GOL NO CEAR\u00c1, SE ENCONTRAM ANTES DO VOO INAUGURAL - Travel3<\/title>\n<meta name=\"description\" content=\"A TRAVEL3 \u00e9 um portal de conte\u00fado voltado para o turismo, encontre destinos, viagens, hospedagem, passagens, guias, not\u00edcias sobre o mercado do turismo, dicas de viagem, v\u00eddeos e podcast.\" \/>\n<meta name=\"robots\" content=\"index, follow, max-snippet:-1, max-image-preview:large, max-video-preview:-1\" \/>\n<link rel=\"canonical\" href=\"https:\/\/www.travel3.com.br\/site\/sem-categoria\/diretorias-cvc-gol-no-ceara-se-encontram-antes-do-voo-inaugural\/\" \/>\n<meta property=\"og:locale\" content=\"pt_BR\" \/>\n<meta property=\"og:type\" content=\"article\" \/>\n<meta property=\"og:title\" content=\"DIRETORIAS CVC + GOL NO CEAR\u00c1, SE ENCONTRAM ANTES DO VOO INAUGURAL - Travel3\" \/>\n<meta property=\"og:description\" content=\"A TRAVEL3 \u00e9 um portal de conte\u00fado voltado para o turismo, encontre destinos, viagens, hospedagem, passagens, guias, not\u00edcias sobre o mercado do turismo, dicas de viagem, v\u00eddeos e podcast.\" \/>\n<meta property=\"og:url\" content=\"https:\/\/www.travel3.com.br\/site\/sem-categoria\/diretorias-cvc-gol-no-ceara-se-encontram-antes-do-voo-inaugural\/\" \/>\n<meta property=\"og:site_name\" content=\"Travel3\" \/>\n<meta property=\"article:publisher\" content=\"https:\/\/www.facebook.com\/travel3media\/\" \/>\n<meta property=\"article:published_time\" content=\"2017-09-05T17:03:53+00:00\" \/>\n<meta name=\"author\" content=\"admin\" \/>\n<meta name=\"twitter:card\" content=\"summary_large_image\" \/>\n<meta name=\"twitter:label1\" content=\"Escrito por\" \/>\n\t<meta name=\"twitter:data1\" content=\"admin\" \/>\n\t<meta name=\"twitter:label2\" content=\"Est. tempo de leitura\" \/>\n\t<meta name=\"twitter:data2\" content=\"3 minutos\" \/>\n<script type=\"application\/ld+json\" class=\"yoast-schema-graph\">{\"@context\":\"https:\/\/schema.org\",\"@graph\":[{\"@type\":\"Article\",\"@id\":\"https:\/\/www.travel3.com.br\/site\/sem-categoria\/diretorias-cvc-gol-no-ceara-se-encontram-antes-do-voo-inaugural\/#article\",\"isPartOf\":{\"@id\":\"https:\/\/www.travel3.com.br\/site\/sem-categoria\/diretorias-cvc-gol-no-ceara-se-encontram-antes-do-voo-inaugural\/\"},\"author\":{\"name\":\"admin\",\"@id\":\"https:\/\/www.travel3.com.br\/site\/#\/schema\/person\/a69d71e41a024999b6ab82369ac0bd1e\"},\"headline\":\"DIRETORIAS CVC + GOL NO CEAR\u00c1, SE ENCONTRAM ANTES DO VOO INAUGURAL\",\"datePublished\":\"2017-09-05T17:03:53+00:00\",\"mainEntityOfPage\":{\"@id\":\"https:\/\/www.travel3.com.br\/site\/sem-categoria\/diretorias-cvc-gol-no-ceara-se-encontram-antes-do-voo-inaugural\/\"},\"wordCount\":660,\"commentCount\":0,\"publisher\":{\"@id\":\"https:\/\/www.travel3.com.br\/site\/#organization\"},\"inLanguage\":\"pt-BR\",\"potentialAction\":[{\"@type\":\"CommentAction\",\"name\":\"Comment\",\"target\":[\"https:\/\/www.travel3.com.br\/site\/sem-categoria\/diretorias-cvc-gol-no-ceara-se-encontram-antes-do-voo-inaugural\/#respond\"]}]},{\"@type\":\"WebPage\",\"@id\":\"https:\/\/www.travel3.com.br\/site\/sem-categoria\/diretorias-cvc-gol-no-ceara-se-encontram-antes-do-voo-inaugural\/\",\"url\":\"https:\/\/www.travel3.com.br\/site\/sem-categoria\/diretorias-cvc-gol-no-ceara-se-encontram-antes-do-voo-inaugural\/\",\"name\":\"DIRETORIAS CVC + GOL NO CEAR\u00c1, SE ENCONTRAM ANTES DO VOO INAUGURAL - Travel3\",\"isPartOf\":{\"@id\":\"https:\/\/www.travel3.com.br\/site\/#website\"},\"datePublished\":\"2017-09-05T17:03:53+00:00\",\"description\":\"A TRAVEL3 \u00e9 um portal de conte\u00fado voltado para o turismo, encontre destinos, viagens, hospedagem, passagens, guias, not\u00edcias sobre o mercado do turismo, dicas de viagem, v\u00eddeos e podcast.\",\"breadcrumb\":{\"@id\":\"https:\/\/www.travel3.com.br\/site\/sem-categoria\/diretorias-cvc-gol-no-ceara-se-encontram-antes-do-voo-inaugural\/#breadcrumb\"},\"inLanguage\":\"pt-BR\",\"potentialAction\":[{\"@type\":\"ReadAction\",\"target\":[\"https:\/\/www.travel3.com.br\/site\/sem-categoria\/diretorias-cvc-gol-no-ceara-se-encontram-antes-do-voo-inaugural\/\"]}]},{\"@type\":\"BreadcrumbList\",\"@id\":\"https:\/\/www.travel3.com.br\/site\/sem-categoria\/diretorias-cvc-gol-no-ceara-se-encontram-antes-do-voo-inaugural\/#breadcrumb\",\"itemListElement\":[{\"@type\":\"ListItem\",\"position\":1,\"name\":\"In\u00edcio\",\"item\":\"https:\/\/www.travel3.com.br\/site\/\"},{\"@type\":\"ListItem\",\"position\":2,\"name\":\"DIRETORIAS CVC + GOL NO CEAR\u00c1, SE ENCONTRAM ANTES DO VOO INAUGURAL\"}]},{\"@type\":\"WebSite\",\"@id\":\"https:\/\/www.travel3.com.br\/site\/#website\",\"url\":\"https:\/\/www.travel3.com.br\/site\/\",\"name\":\"Travel3\",\"description\":\"Lazer + Neg&oacute;cios + Aventura\",\"publisher\":{\"@id\":\"https:\/\/www.travel3.com.br\/site\/#organization\"},\"potentialAction\":[{\"@type\":\"SearchAction\",\"target\":{\"@type\":\"EntryPoint\",\"urlTemplate\":\"https:\/\/www.travel3.com.br\/site\/?s={search_term_string}\"},\"query-input\":{\"@type\":\"PropertyValueSpecification\",\"valueRequired\":true,\"valueName\":\"search_term_string\"}}],\"inLanguage\":\"pt-BR\"},{\"@type\":\"Organization\",\"@id\":\"https:\/\/www.travel3.com.br\/site\/#organization\",\"name\":\"Travel3\",\"url\":\"https:\/\/www.travel3.com.br\/site\/\",\"logo\":{\"@type\":\"ImageObject\",\"inLanguage\":\"pt-BR\",\"@id\":\"https:\/\/www.travel3.com.br\/site\/#\/schema\/logo\/image\/\",\"url\":\"https:\/\/www.travel3.com.br\/site\/wp-content\/uploads\/2020\/01\/logo-travel3-2020.png\",\"contentUrl\":\"https:\/\/www.travel3.com.br\/site\/wp-content\/uploads\/2020\/01\/logo-travel3-2020.png\",\"width\":232,\"height\":79,\"caption\":\"Travel3\"},\"image\":{\"@id\":\"https:\/\/www.travel3.com.br\/site\/#\/schema\/logo\/image\/\"},\"sameAs\":[\"https:\/\/www.facebook.com\/travel3media\/\",\"https:\/\/www.instagram.com\/revistatravel3\/\",\"https:\/\/www.youtube.com\/channel\/UCno7J4paGBR3VbZQzvoJ9Eg\"]},{\"@type\":\"Person\",\"@id\":\"https:\/\/www.travel3.com.br\/site\/#\/schema\/person\/a69d71e41a024999b6ab82369ac0bd1e\",\"name\":\"admin\",\"image\":{\"@type\":\"ImageObject\",\"inLanguage\":\"pt-BR\",\"@id\":\"https:\/\/www.travel3.com.br\/site\/#\/schema\/person\/image\/\",\"url\":\"https:\/\/secure.gravatar.com\/avatar\/732a67adfd764da2a47ba10ce731c4c0?s=96&d=mm&r=g\",\"contentUrl\":\"https:\/\/secure.gravatar.com\/avatar\/732a67adfd764da2a47ba10ce731c4c0?s=96&d=mm&r=g\",\"caption\":\"admin\"},\"url\":\"https:\/\/www.travel3.com.br\/site\/author\/admin\/\"}]}<\/script>\n<!-- \/ Yoast SEO plugin. -->","yoast_head_json":{"title":"DIRETORIAS CVC + GOL NO CEAR\u00c1, SE ENCONTRAM ANTES DO VOO INAUGURAL - Travel3","description":"A TRAVEL3 \u00e9 um portal de conte\u00fado voltado para o turismo, encontre destinos, viagens, hospedagem, passagens, guias, not\u00edcias sobre o mercado do turismo, dicas de viagem, v\u00eddeos e podcast.","robots":{"index":"index","follow":"follow","max-snippet":"max-snippet:-1","max-image-preview":"max-image-preview:large","max-video-preview":"max-video-preview:-1"},"canonical":"https:\/\/www.travel3.com.br\/site\/sem-categoria\/diretorias-cvc-gol-no-ceara-se-encontram-antes-do-voo-inaugural\/","og_locale":"pt_BR","og_type":"article","og_title":"DIRETORIAS CVC + GOL NO CEAR\u00c1, SE ENCONTRAM ANTES DO VOO INAUGURAL - Travel3","og_description":"A TRAVEL3 \u00e9 um portal de conte\u00fado voltado para o turismo, encontre destinos, viagens, hospedagem, passagens, guias, not\u00edcias sobre o mercado do turismo, dicas de viagem, v\u00eddeos e podcast.","og_url":"https:\/\/www.travel3.com.br\/site\/sem-categoria\/diretorias-cvc-gol-no-ceara-se-encontram-antes-do-voo-inaugural\/","og_site_name":"Travel3","article_publisher":"https:\/\/www.facebook.com\/travel3media\/","article_published_time":"2017-09-05T17:03:53+00:00","author":"admin","twitter_card":"summary_large_image","twitter_misc":{"Escrito por":"admin","Est. tempo de leitura":"3 minutos"},"schema":{"@context":"https:\/\/schema.org","@graph":[{"@type":"Article","@id":"https:\/\/www.travel3.com.br\/site\/sem-categoria\/diretorias-cvc-gol-no-ceara-se-encontram-antes-do-voo-inaugural\/#article","isPartOf":{"@id":"https:\/\/www.travel3.com.br\/site\/sem-categoria\/diretorias-cvc-gol-no-ceara-se-encontram-antes-do-voo-inaugural\/"},"author":{"name":"admin","@id":"https:\/\/www.travel3.com.br\/site\/#\/schema\/person\/a69d71e41a024999b6ab82369ac0bd1e"},"headline":"DIRETORIAS CVC + GOL NO CEAR\u00c1, SE ENCONTRAM ANTES DO VOO INAUGURAL","datePublished":"2017-09-05T17:03:53+00:00","mainEntityOfPage":{"@id":"https:\/\/www.travel3.com.br\/site\/sem-categoria\/diretorias-cvc-gol-no-ceara-se-encontram-antes-do-voo-inaugural\/"},"wordCount":660,"commentCount":0,"publisher":{"@id":"https:\/\/www.travel3.com.br\/site\/#organization"},"inLanguage":"pt-BR","potentialAction":[{"@type":"CommentAction","name":"Comment","target":["https:\/\/www.travel3.com.br\/site\/sem-categoria\/diretorias-cvc-gol-no-ceara-se-encontram-antes-do-voo-inaugural\/#respond"]}]},{"@type":"WebPage","@id":"https:\/\/www.travel3.com.br\/site\/sem-categoria\/diretorias-cvc-gol-no-ceara-se-encontram-antes-do-voo-inaugural\/","url":"https:\/\/www.travel3.com.br\/site\/sem-categoria\/diretorias-cvc-gol-no-ceara-se-encontram-antes-do-voo-inaugural\/","name":"DIRETORIAS CVC + GOL NO CEAR\u00c1, SE ENCONTRAM ANTES DO VOO INAUGURAL - Travel3","isPartOf":{"@id":"https:\/\/www.travel3.com.br\/site\/#website"},"datePublished":"2017-09-05T17:03:53+00:00","description":"A TRAVEL3 \u00e9 um portal de conte\u00fado voltado para o turismo, encontre destinos, viagens, hospedagem, passagens, guias, not\u00edcias sobre o mercado do turismo, dicas de viagem, v\u00eddeos e podcast.","breadcrumb":{"@id":"https:\/\/www.travel3.com.br\/site\/sem-categoria\/diretorias-cvc-gol-no-ceara-se-encontram-antes-do-voo-inaugural\/#breadcrumb"},"inLanguage":"pt-BR","potentialAction":[{"@type":"ReadAction","target":["https:\/\/www.travel3.com.br\/site\/sem-categoria\/diretorias-cvc-gol-no-ceara-se-encontram-antes-do-voo-inaugural\/"]}]},{"@type":"BreadcrumbList","@id":"https:\/\/www.travel3.com.br\/site\/sem-categoria\/diretorias-cvc-gol-no-ceara-se-encontram-antes-do-voo-inaugural\/#breadcrumb","itemListElement":[{"@type":"ListItem","position":1,"name":"In\u00edcio","item":"https:\/\/www.travel3.com.br\/site\/"},{"@type":"ListItem","position":2,"name":"DIRETORIAS CVC + GOL NO CEAR\u00c1, SE ENCONTRAM ANTES DO VOO INAUGURAL"}]},{"@type":"WebSite","@id":"https:\/\/www.travel3.com.br\/site\/#website","url":"https:\/\/www.travel3.com.br\/site\/","name":"Travel3","description":"Lazer + Neg&oacute;cios + Aventura","publisher":{"@id":"https:\/\/www.travel3.com.br\/site\/#organization"},"potentialAction":[{"@type":"SearchAction","target":{"@type":"EntryPoint","urlTemplate":"https:\/\/www.travel3.com.br\/site\/?s={search_term_string}"},"query-input":{"@type":"PropertyValueSpecification","valueRequired":true,"valueName":"search_term_string"}}],"inLanguage":"pt-BR"},{"@type":"Organization","@id":"https:\/\/www.travel3.com.br\/site\/#organization","name":"Travel3","url":"https:\/\/www.travel3.com.br\/site\/","logo":{"@type":"ImageObject","inLanguage":"pt-BR","@id":"https:\/\/www.travel3.com.br\/site\/#\/schema\/logo\/image\/","url":"https:\/\/www.travel3.com.br\/site\/wp-content\/uploads\/2020\/01\/logo-travel3-2020.png","contentUrl":"https:\/\/www.travel3.com.br\/site\/wp-content\/uploads\/2020\/01\/logo-travel3-2020.png","width":232,"height":79,"caption":"Travel3"},"image":{"@id":"https:\/\/www.travel3.com.br\/site\/#\/schema\/logo\/image\/"},"sameAs":["https:\/\/www.facebook.com\/travel3media\/","https:\/\/www.instagram.com\/revistatravel3\/","https:\/\/www.youtube.com\/channel\/UCno7J4paGBR3VbZQzvoJ9Eg"]},{"@type":"Person","@id":"https:\/\/www.travel3.com.br\/site\/#\/schema\/person\/a69d71e41a024999b6ab82369ac0bd1e","name":"admin","image":{"@type":"ImageObject","inLanguage":"pt-BR","@id":"https:\/\/www.travel3.com.br\/site\/#\/schema\/person\/image\/","url":"https:\/\/secure.gravatar.com\/avatar\/732a67adfd764da2a47ba10ce731c4c0?s=96&d=mm&r=g","contentUrl":"https:\/\/secure.gravatar.com\/avatar\/732a67adfd764da2a47ba10ce731c4c0?s=96&d=mm&r=g","caption":"admin"},"url":"https:\/\/www.travel3.com.br\/site\/author\/admin\/"}]}},"_links":{"self":[{"href":"https:\/\/www.travel3.com.br\/site\/wp-json\/wp\/v2\/posts\/1449","targetHints":{"allow":["GET"]}}],"collection":[{"href":"https:\/\/www.travel3.com.br\/site\/wp-json\/wp\/v2\/posts"}],"about":[{"href":"https:\/\/www.travel3.com.br\/site\/wp-json\/wp\/v2\/types\/post"}],"author":[{"embeddable":true,"href":"https:\/\/www.travel3.com.br\/site\/wp-json\/wp\/v2\/users\/1"}],"replies":[{"embeddable":true,"href":"https:\/\/www.travel3.com.br\/site\/wp-json\/wp\/v2\/comments?post=1449"}],"version-history":[{"count":0,"href":"https:\/\/www.travel3.com.br\/site\/wp-json\/wp\/v2\/posts\/1449\/revisions"}],"wp:attachment":[{"href":"https:\/\/www.travel3.com.br\/site\/wp-json\/wp\/v2\/media?parent=1449"}],"wp:term":[{"taxonomy":"category","embeddable":true,"href":"https:\/\/www.travel3.com.br\/site\/wp-json\/wp\/v2\/categories?post=1449"},{"taxonomy":"post_tag","embeddable":true,"href":"https:\/\/www.travel3.com.br\/site\/wp-json\/wp\/v2\/tags?post=1449"}],"curies":[{"name":"wp","href":"https:\/\/api.w.org\/{rel}","templated":true}]}}