{"id":1415,"date":"2017-08-28T02:13:25","date_gmt":"2017-08-28T02:13:25","guid":{"rendered":"http:\/\/www.travel3.com.br\/site\/ir-e-vir\/ar\/agenda-ministerial-reunioes-itaipu-e-completa-com-visita-as-cataratas\/"},"modified":"2017-08-28T02:13:25","modified_gmt":"2017-08-28T02:13:25","slug":"agenda-ministerial-reunioes-itaipu-e-completa-com-visita-as-cataratas","status":"publish","type":"post","link":"https:\/\/www.travel3.com.br\/site\/sem-categoria\/agenda-ministerial-reunioes-itaipu-e-completa-com-visita-as-cataratas\/","title":{"rendered":"AGENDA MINISTERIAL: REUNI\u00d5ES, ITAIPU E COMPLETA COM VISITA \u00c1S CATARATAS"},"content":{"rendered":"<p><span style=\"color: #40acad; font-family: -apple-system, system-ui, 'Segoe UI', Roboto, Oxygen-Sans, Ubuntu, Cantarell, 'Helvetica Neue', sans-serif; font-size: 12px; font-weight: bold;\"><\/p>\n<p style=\"text-align:justify\"><strong>FOZ DO IGUA\u00c7U <\/strong>\u2013 <strong>A &#39;Cobertura Especial&#39; da TRAVEL3 para o Festival das Cataratas em sua12a. edi\u00e7\u00e3o tem o apoio do Grupo Recanto, hot\u00e9is Carim\u00e3, Vivaz Cataratas e Recanto Termas Resort <\/strong><\/p>\n<p style=\"text-align:justify\">O ministro do Turismo ainda tem agenda para hoje (sexta) na cidade, com viagem de volta para Brasilia no final da tarde, mas desde ontem tem um assunto monitorado constantemente nos contatos com Brasilia.<\/p>\n<p style=\"text-align:justify\">No resumo da hist\u00f3ria, Marx Beltr\u00e3o, com \u2018apadrinhamento pol\u00edtico\u2019 de Renan Calheiros, v\u00ea o pol\u00eamico senador ser afastado da lideran\u00e7a do governo e neste aspecto poderia ter o \u00edmpeto de uma solidariedade ? Esta \u00e9 uma hip\u00f3tese, a outra est\u00e1 nos rumores circulantes sobre um poss\u00edvel desejo dentro do cen\u00e1rio de crise pol\u00edtica, da transfer\u00eancia de mais alguns minist\u00e9rios para o PSDB \u2013 e uma delas seria justamente o Turismo.<\/p>\n<p style=\"text-align:justify\">Neste clima \u2013 mas sem dar nenhum sinal sobre \u2013 o ministro presidiu e participou ativamente da reuni\u00e3o oficial entre as autoridades do turismo de oito pa\u00edses na IX Reuni\u00e3o de Ministros da Comunidade dos Pa\u00edses de L\u00edngua Portuguesa (CPLP). Foi debatido o Plano Estrat\u00e9gico de Coopera\u00e7\u00e3o em Turismo com o resultado sendo a assinatura da Declara\u00e7\u00e3o de Foz do Igua\u00e7u. Ela mostra um comprometimento das autoridades com o desenvolvimento social e econ\u00f4mico e fomento nas discuss\u00f5es sobre cultura, trabalho infantil e polui\u00e7\u00e3o de oceanos.<\/p>\n<p style=\"text-align:justify\">O plano foi elaborado pelo Brasil e tem entre as medidas previstas a promo\u00e7\u00e3o do desenvolvimento sustent\u00e1vel tur\u00edstico nos pa\u00edses de l\u00edngua portuguesa, al\u00e9m da manuten\u00e7\u00e3o das rela\u00e7\u00f5es multilaterais.<\/p>\n<p style=\"text-align:justify\"><a class=\"fancybox-media\" href=\"..\/_uploads\/_noticia\/2017-06\/mturreuniaocomlinguaportuguesa--2-.jpeg\" rel=\"portfolio\"><img decoding=\"async\" alt=\"\" src=\"..\/_uploads\/_noticia\/2017-06\/mturreuniaocomlinguaportuguesa--2-.jpeg\" \/><\/a><\/p>\n<p style=\"text-align:justify\"><strong>Reuni\u00e3o foi\u00a0 em uma das salas no centro de eventos do Recantos Cataratas Termas Resort<\/strong><\/p>\n<p style=\"text-align:justify\">Para o ministro Marx Beltr\u00e3o, a reuni\u00e3o exalta a cultura da l\u00edngua portuguesa e a parceria entre os pa\u00edses. \u201cPromovemos tamb\u00e9m a aplica\u00e7\u00e3o de tecnologias no ambiente do turismo e incentivamos pequenas e m\u00e9dias empresas do setor a terem acesso a financiamentos e crescerem no mercado\u201d, explicou.<\/p>\n<p style=\"text-align:justify\"><a class=\"fancybox-media\" href=\"..\/_uploads\/_noticia\/2017-06\/mturreuniaoministroslinguaportuguesa--2-.jpeg\" rel=\"portfolio\"><img decoding=\"async\" alt=\"\" src=\"..\/_uploads\/_noticia\/2017-06\/mturreuniaoministroslinguaportuguesa--2-.jpeg\" \/><\/a><\/p>\n<p style=\"text-align:justify\"><em>Fotos\/Roberto Castro\/Divulga\u00e7\u00e3o MTur<\/em><\/p>\n<p style=\"text-align:justify\">Al\u00e9m do Brasil, estiveram presentes os representantes dos demais pa\u00edses membros do grupo: Angola, Cabo Verde, Mo\u00e7ambique, Guin\u00e9 Bissau, Guin\u00e9 Equatorial, S\u00e3o Tom\u00e9 e Pr\u00edncipe, \u00a0Timor-Leste e Portugal,. O encontro permitiu a troca de conhecimento e a\u00e7\u00f5es conjuntas para o desenvolvimento do turismo nos pa\u00edses.<\/p>\n<p style=\"text-align:justify\">Em sua participa\u00e7\u00e3o na abertura do Festival, o ministro salientou a condi\u00e7\u00e3o de apoio sobre um poss\u00edvel aumento na cota de compras, de US$300 para US$ 500<\/p>\n<p style=\"text-align:justify\"><a class=\"fancybox-media\" href=\"..\/_uploads\/_noticia\/2017-06\/mturvisitaaitaipu1.jpg\" rel=\"portfolio\"><img decoding=\"async\" alt=\"\" src=\"..\/_uploads\/_noticia\/2017-06\/mturvisitaaitaipu1.jpg\" \/><\/a><\/p>\n<p style=\"text-align:justify\">Para o diretor-geral brasileiro de Itaipu, Luiz Fernando Vianna, esta foi uma das alian\u00e7as estrat\u00e9gicas com o turismo da regi\u00e3o por parte do governo federal. \u00a0E que a empresa dever\u00e1 refor\u00e7ar o apoio dado ao Turismo, vinculado \u00e0 visita de Beltr\u00e3o \u00e0 usina hidrel\u00e9trica\u00a0 realizada no per\u00edodo desta tarde.<\/p>\n<p style=\"text-align:justify\"><a class=\"fancybox-media\" href=\"..\/_uploads\/_noticia\/2017-06\/mturvisitaitaipu.jpg\" rel=\"portfolio\"><img decoding=\"async\" alt=\"\" src=\"..\/_uploads\/_noticia\/2017-06\/mturvisitaitaipu.jpg\" \/><\/a><\/p>\n<p style=\"text-align:justify\">(<em>Fotos\/Alexandre Marchetti\/Divulga\u00e7\u00e3o\/Itaipu)<\/em><\/p>\n<p style=\"text-align:justify\">Na manh\u00e3 desta sexta, caso n\u00e3o antecipe o retorno`a capital federal, Marx Beltr\u00e3o estar\u00e1 nas Cataratas.<\/p>\n<p style=\"text-align:justify\"><a class=\"fancybox-media\" href=\"..\/_uploads\/_noticia\/2017-06\/9banner-coobrand-april-travel3--2-.jpg\" rel=\"portfolio\"><img decoding=\"async\" alt=\"\" src=\"..\/_uploads\/_noticia\/2017-06\/9banner-coobrand-april-travel3--2-.jpg\" \/><\/a><\/p>\n<p style=\"text-align:justify\">\u00a0<\/p>\n<p>\u00a0<\/p>\n<p>\u00a0<\/p>\n<p>\u00a0<\/p>\n<p>\u00a0<\/p>\n<p>\u00a0<\/p>\n<p><\/span><\/p>\n","protected":false},"excerpt":{"rendered":"<p>Acordo assinado para incentivo tur\u00edstico entre os pa\u00edses de Lingua Portuguesa e a visita de Marx Beltr\u00e3o a Foz, sempre de olhos e aten\u00e7\u00f5es em Brasilia<\/p>\n","protected":false},"author":1,"featured_media":0,"comment_status":"open","ping_status":"open","sticky":false,"template":"","format":"standard","meta":{"footnotes":""},"categories":[],"tags":[],"class_list":["post-1415","post","type-post","status-publish","format-standard","hentry"],"yoast_head":"<!-- This site is optimized with the Yoast SEO plugin v26.2 - https:\/\/yoast.com\/wordpress\/plugins\/seo\/ -->\n<title>AGENDA MINISTERIAL: REUNI\u00d5ES, ITAIPU E COMPLETA COM VISITA \u00c1S CATARATAS - Travel3<\/title>\n<meta name=\"description\" content=\"A TRAVEL3 \u00e9 um portal de conte\u00fado voltado para o turismo, encontre destinos, viagens, hospedagem, passagens, guias, not\u00edcias sobre o mercado do turismo, dicas de viagem, v\u00eddeos e podcast.\" \/>\n<meta name=\"robots\" content=\"index, follow, max-snippet:-1, max-image-preview:large, max-video-preview:-1\" \/>\n<link rel=\"canonical\" href=\"https:\/\/www.travel3.com.br\/site\/sem-categoria\/agenda-ministerial-reunioes-itaipu-e-completa-com-visita-as-cataratas\/\" \/>\n<meta property=\"og:locale\" content=\"pt_BR\" \/>\n<meta property=\"og:type\" content=\"article\" \/>\n<meta property=\"og:title\" content=\"AGENDA MINISTERIAL: REUNI\u00d5ES, ITAIPU E COMPLETA COM VISITA \u00c1S CATARATAS - Travel3\" \/>\n<meta property=\"og:description\" content=\"A TRAVEL3 \u00e9 um portal de conte\u00fado voltado para o turismo, encontre destinos, viagens, hospedagem, passagens, guias, not\u00edcias sobre o mercado do turismo, dicas de viagem, v\u00eddeos e podcast.\" \/>\n<meta property=\"og:url\" content=\"https:\/\/www.travel3.com.br\/site\/sem-categoria\/agenda-ministerial-reunioes-itaipu-e-completa-com-visita-as-cataratas\/\" \/>\n<meta property=\"og:site_name\" content=\"Travel3\" \/>\n<meta property=\"article:publisher\" content=\"https:\/\/www.facebook.com\/travel3media\/\" \/>\n<meta property=\"article:published_time\" content=\"2017-08-28T02:13:25+00:00\" \/>\n<meta name=\"author\" content=\"admin\" \/>\n<meta name=\"twitter:card\" content=\"summary_large_image\" \/>\n<meta name=\"twitter:label1\" content=\"Escrito por\" \/>\n\t<meta name=\"twitter:data1\" content=\"admin\" \/>\n\t<meta name=\"twitter:label2\" content=\"Est. tempo de leitura\" \/>\n\t<meta name=\"twitter:data2\" content=\"3 minutos\" \/>\n<script type=\"application\/ld+json\" class=\"yoast-schema-graph\">{\"@context\":\"https:\/\/schema.org\",\"@graph\":[{\"@type\":\"Article\",\"@id\":\"https:\/\/www.travel3.com.br\/site\/sem-categoria\/agenda-ministerial-reunioes-itaipu-e-completa-com-visita-as-cataratas\/#article\",\"isPartOf\":{\"@id\":\"https:\/\/www.travel3.com.br\/site\/sem-categoria\/agenda-ministerial-reunioes-itaipu-e-completa-com-visita-as-cataratas\/\"},\"author\":{\"name\":\"admin\",\"@id\":\"https:\/\/www.travel3.com.br\/site\/#\/schema\/person\/a69d71e41a024999b6ab82369ac0bd1e\"},\"headline\":\"AGENDA MINISTERIAL: REUNI\u00d5ES, ITAIPU E COMPLETA COM VISITA \u00c1S CATARATAS\",\"datePublished\":\"2017-08-28T02:13:25+00:00\",\"mainEntityOfPage\":{\"@id\":\"https:\/\/www.travel3.com.br\/site\/sem-categoria\/agenda-ministerial-reunioes-itaipu-e-completa-com-visita-as-cataratas\/\"},\"wordCount\":525,\"commentCount\":0,\"publisher\":{\"@id\":\"https:\/\/www.travel3.com.br\/site\/#organization\"},\"inLanguage\":\"pt-BR\",\"potentialAction\":[{\"@type\":\"CommentAction\",\"name\":\"Comment\",\"target\":[\"https:\/\/www.travel3.com.br\/site\/sem-categoria\/agenda-ministerial-reunioes-itaipu-e-completa-com-visita-as-cataratas\/#respond\"]}]},{\"@type\":\"WebPage\",\"@id\":\"https:\/\/www.travel3.com.br\/site\/sem-categoria\/agenda-ministerial-reunioes-itaipu-e-completa-com-visita-as-cataratas\/\",\"url\":\"https:\/\/www.travel3.com.br\/site\/sem-categoria\/agenda-ministerial-reunioes-itaipu-e-completa-com-visita-as-cataratas\/\",\"name\":\"AGENDA MINISTERIAL: REUNI\u00d5ES, ITAIPU E COMPLETA COM VISITA \u00c1S CATARATAS - Travel3\",\"isPartOf\":{\"@id\":\"https:\/\/www.travel3.com.br\/site\/#website\"},\"datePublished\":\"2017-08-28T02:13:25+00:00\",\"description\":\"A TRAVEL3 \u00e9 um portal de conte\u00fado voltado para o turismo, encontre destinos, viagens, hospedagem, passagens, guias, not\u00edcias sobre o mercado do turismo, dicas de viagem, v\u00eddeos e podcast.\",\"breadcrumb\":{\"@id\":\"https:\/\/www.travel3.com.br\/site\/sem-categoria\/agenda-ministerial-reunioes-itaipu-e-completa-com-visita-as-cataratas\/#breadcrumb\"},\"inLanguage\":\"pt-BR\",\"potentialAction\":[{\"@type\":\"ReadAction\",\"target\":[\"https:\/\/www.travel3.com.br\/site\/sem-categoria\/agenda-ministerial-reunioes-itaipu-e-completa-com-visita-as-cataratas\/\"]}]},{\"@type\":\"BreadcrumbList\",\"@id\":\"https:\/\/www.travel3.com.br\/site\/sem-categoria\/agenda-ministerial-reunioes-itaipu-e-completa-com-visita-as-cataratas\/#breadcrumb\",\"itemListElement\":[{\"@type\":\"ListItem\",\"position\":1,\"name\":\"In\u00edcio\",\"item\":\"https:\/\/www.travel3.com.br\/site\/\"},{\"@type\":\"ListItem\",\"position\":2,\"name\":\"AGENDA MINISTERIAL: REUNI\u00d5ES, ITAIPU E COMPLETA COM VISITA \u00c1S CATARATAS\"}]},{\"@type\":\"WebSite\",\"@id\":\"https:\/\/www.travel3.com.br\/site\/#website\",\"url\":\"https:\/\/www.travel3.com.br\/site\/\",\"name\":\"Travel3\",\"description\":\"Lazer + Neg&oacute;cios + Aventura\",\"publisher\":{\"@id\":\"https:\/\/www.travel3.com.br\/site\/#organization\"},\"potentialAction\":[{\"@type\":\"SearchAction\",\"target\":{\"@type\":\"EntryPoint\",\"urlTemplate\":\"https:\/\/www.travel3.com.br\/site\/?s={search_term_string}\"},\"query-input\":{\"@type\":\"PropertyValueSpecification\",\"valueRequired\":true,\"valueName\":\"search_term_string\"}}],\"inLanguage\":\"pt-BR\"},{\"@type\":\"Organization\",\"@id\":\"https:\/\/www.travel3.com.br\/site\/#organization\",\"name\":\"Travel3\",\"url\":\"https:\/\/www.travel3.com.br\/site\/\",\"logo\":{\"@type\":\"ImageObject\",\"inLanguage\":\"pt-BR\",\"@id\":\"https:\/\/www.travel3.com.br\/site\/#\/schema\/logo\/image\/\",\"url\":\"https:\/\/www.travel3.com.br\/site\/wp-content\/uploads\/2020\/01\/logo-travel3-2020.png\",\"contentUrl\":\"https:\/\/www.travel3.com.br\/site\/wp-content\/uploads\/2020\/01\/logo-travel3-2020.png\",\"width\":232,\"height\":79,\"caption\":\"Travel3\"},\"image\":{\"@id\":\"https:\/\/www.travel3.com.br\/site\/#\/schema\/logo\/image\/\"},\"sameAs\":[\"https:\/\/www.facebook.com\/travel3media\/\",\"https:\/\/www.instagram.com\/revistatravel3\/\",\"https:\/\/www.youtube.com\/channel\/UCno7J4paGBR3VbZQzvoJ9Eg\"]},{\"@type\":\"Person\",\"@id\":\"https:\/\/www.travel3.com.br\/site\/#\/schema\/person\/a69d71e41a024999b6ab82369ac0bd1e\",\"name\":\"admin\",\"image\":{\"@type\":\"ImageObject\",\"inLanguage\":\"pt-BR\",\"@id\":\"https:\/\/www.travel3.com.br\/site\/#\/schema\/person\/image\/\",\"url\":\"https:\/\/secure.gravatar.com\/avatar\/732a67adfd764da2a47ba10ce731c4c0?s=96&d=mm&r=g\",\"contentUrl\":\"https:\/\/secure.gravatar.com\/avatar\/732a67adfd764da2a47ba10ce731c4c0?s=96&d=mm&r=g\",\"caption\":\"admin\"},\"url\":\"https:\/\/www.travel3.com.br\/site\/author\/admin\/\"}]}<\/script>\n<!-- \/ Yoast SEO plugin. -->","yoast_head_json":{"title":"AGENDA MINISTERIAL: REUNI\u00d5ES, ITAIPU E COMPLETA COM VISITA \u00c1S CATARATAS - Travel3","description":"A TRAVEL3 \u00e9 um portal de conte\u00fado voltado para o turismo, encontre destinos, viagens, hospedagem, passagens, guias, not\u00edcias sobre o mercado do turismo, dicas de viagem, v\u00eddeos e podcast.","robots":{"index":"index","follow":"follow","max-snippet":"max-snippet:-1","max-image-preview":"max-image-preview:large","max-video-preview":"max-video-preview:-1"},"canonical":"https:\/\/www.travel3.com.br\/site\/sem-categoria\/agenda-ministerial-reunioes-itaipu-e-completa-com-visita-as-cataratas\/","og_locale":"pt_BR","og_type":"article","og_title":"AGENDA MINISTERIAL: REUNI\u00d5ES, ITAIPU E COMPLETA COM VISITA \u00c1S CATARATAS - Travel3","og_description":"A TRAVEL3 \u00e9 um portal de conte\u00fado voltado para o turismo, encontre destinos, viagens, hospedagem, passagens, guias, not\u00edcias sobre o mercado do turismo, dicas de viagem, v\u00eddeos e podcast.","og_url":"https:\/\/www.travel3.com.br\/site\/sem-categoria\/agenda-ministerial-reunioes-itaipu-e-completa-com-visita-as-cataratas\/","og_site_name":"Travel3","article_publisher":"https:\/\/www.facebook.com\/travel3media\/","article_published_time":"2017-08-28T02:13:25+00:00","author":"admin","twitter_card":"summary_large_image","twitter_misc":{"Escrito por":"admin","Est. tempo de leitura":"3 minutos"},"schema":{"@context":"https:\/\/schema.org","@graph":[{"@type":"Article","@id":"https:\/\/www.travel3.com.br\/site\/sem-categoria\/agenda-ministerial-reunioes-itaipu-e-completa-com-visita-as-cataratas\/#article","isPartOf":{"@id":"https:\/\/www.travel3.com.br\/site\/sem-categoria\/agenda-ministerial-reunioes-itaipu-e-completa-com-visita-as-cataratas\/"},"author":{"name":"admin","@id":"https:\/\/www.travel3.com.br\/site\/#\/schema\/person\/a69d71e41a024999b6ab82369ac0bd1e"},"headline":"AGENDA MINISTERIAL: REUNI\u00d5ES, ITAIPU E COMPLETA COM VISITA \u00c1S CATARATAS","datePublished":"2017-08-28T02:13:25+00:00","mainEntityOfPage":{"@id":"https:\/\/www.travel3.com.br\/site\/sem-categoria\/agenda-ministerial-reunioes-itaipu-e-completa-com-visita-as-cataratas\/"},"wordCount":525,"commentCount":0,"publisher":{"@id":"https:\/\/www.travel3.com.br\/site\/#organization"},"inLanguage":"pt-BR","potentialAction":[{"@type":"CommentAction","name":"Comment","target":["https:\/\/www.travel3.com.br\/site\/sem-categoria\/agenda-ministerial-reunioes-itaipu-e-completa-com-visita-as-cataratas\/#respond"]}]},{"@type":"WebPage","@id":"https:\/\/www.travel3.com.br\/site\/sem-categoria\/agenda-ministerial-reunioes-itaipu-e-completa-com-visita-as-cataratas\/","url":"https:\/\/www.travel3.com.br\/site\/sem-categoria\/agenda-ministerial-reunioes-itaipu-e-completa-com-visita-as-cataratas\/","name":"AGENDA MINISTERIAL: REUNI\u00d5ES, ITAIPU E COMPLETA COM VISITA \u00c1S CATARATAS - Travel3","isPartOf":{"@id":"https:\/\/www.travel3.com.br\/site\/#website"},"datePublished":"2017-08-28T02:13:25+00:00","description":"A TRAVEL3 \u00e9 um portal de conte\u00fado voltado para o turismo, encontre destinos, viagens, hospedagem, passagens, guias, not\u00edcias sobre o mercado do turismo, dicas de viagem, v\u00eddeos e podcast.","breadcrumb":{"@id":"https:\/\/www.travel3.com.br\/site\/sem-categoria\/agenda-ministerial-reunioes-itaipu-e-completa-com-visita-as-cataratas\/#breadcrumb"},"inLanguage":"pt-BR","potentialAction":[{"@type":"ReadAction","target":["https:\/\/www.travel3.com.br\/site\/sem-categoria\/agenda-ministerial-reunioes-itaipu-e-completa-com-visita-as-cataratas\/"]}]},{"@type":"BreadcrumbList","@id":"https:\/\/www.travel3.com.br\/site\/sem-categoria\/agenda-ministerial-reunioes-itaipu-e-completa-com-visita-as-cataratas\/#breadcrumb","itemListElement":[{"@type":"ListItem","position":1,"name":"In\u00edcio","item":"https:\/\/www.travel3.com.br\/site\/"},{"@type":"ListItem","position":2,"name":"AGENDA MINISTERIAL: REUNI\u00d5ES, ITAIPU E COMPLETA COM VISITA \u00c1S CATARATAS"}]},{"@type":"WebSite","@id":"https:\/\/www.travel3.com.br\/site\/#website","url":"https:\/\/www.travel3.com.br\/site\/","name":"Travel3","description":"Lazer + Neg&oacute;cios + Aventura","publisher":{"@id":"https:\/\/www.travel3.com.br\/site\/#organization"},"potentialAction":[{"@type":"SearchAction","target":{"@type":"EntryPoint","urlTemplate":"https:\/\/www.travel3.com.br\/site\/?s={search_term_string}"},"query-input":{"@type":"PropertyValueSpecification","valueRequired":true,"valueName":"search_term_string"}}],"inLanguage":"pt-BR"},{"@type":"Organization","@id":"https:\/\/www.travel3.com.br\/site\/#organization","name":"Travel3","url":"https:\/\/www.travel3.com.br\/site\/","logo":{"@type":"ImageObject","inLanguage":"pt-BR","@id":"https:\/\/www.travel3.com.br\/site\/#\/schema\/logo\/image\/","url":"https:\/\/www.travel3.com.br\/site\/wp-content\/uploads\/2020\/01\/logo-travel3-2020.png","contentUrl":"https:\/\/www.travel3.com.br\/site\/wp-content\/uploads\/2020\/01\/logo-travel3-2020.png","width":232,"height":79,"caption":"Travel3"},"image":{"@id":"https:\/\/www.travel3.com.br\/site\/#\/schema\/logo\/image\/"},"sameAs":["https:\/\/www.facebook.com\/travel3media\/","https:\/\/www.instagram.com\/revistatravel3\/","https:\/\/www.youtube.com\/channel\/UCno7J4paGBR3VbZQzvoJ9Eg"]},{"@type":"Person","@id":"https:\/\/www.travel3.com.br\/site\/#\/schema\/person\/a69d71e41a024999b6ab82369ac0bd1e","name":"admin","image":{"@type":"ImageObject","inLanguage":"pt-BR","@id":"https:\/\/www.travel3.com.br\/site\/#\/schema\/person\/image\/","url":"https:\/\/secure.gravatar.com\/avatar\/732a67adfd764da2a47ba10ce731c4c0?s=96&d=mm&r=g","contentUrl":"https:\/\/secure.gravatar.com\/avatar\/732a67adfd764da2a47ba10ce731c4c0?s=96&d=mm&r=g","caption":"admin"},"url":"https:\/\/www.travel3.com.br\/site\/author\/admin\/"}]}},"_links":{"self":[{"href":"https:\/\/www.travel3.com.br\/site\/wp-json\/wp\/v2\/posts\/1415","targetHints":{"allow":["GET"]}}],"collection":[{"href":"https:\/\/www.travel3.com.br\/site\/wp-json\/wp\/v2\/posts"}],"about":[{"href":"https:\/\/www.travel3.com.br\/site\/wp-json\/wp\/v2\/types\/post"}],"author":[{"embeddable":true,"href":"https:\/\/www.travel3.com.br\/site\/wp-json\/wp\/v2\/users\/1"}],"replies":[{"embeddable":true,"href":"https:\/\/www.travel3.com.br\/site\/wp-json\/wp\/v2\/comments?post=1415"}],"version-history":[{"count":0,"href":"https:\/\/www.travel3.com.br\/site\/wp-json\/wp\/v2\/posts\/1415\/revisions"}],"wp:attachment":[{"href":"https:\/\/www.travel3.com.br\/site\/wp-json\/wp\/v2\/media?parent=1415"}],"wp:term":[{"taxonomy":"category","embeddable":true,"href":"https:\/\/www.travel3.com.br\/site\/wp-json\/wp\/v2\/categories?post=1415"},{"taxonomy":"post_tag","embeddable":true,"href":"https:\/\/www.travel3.com.br\/site\/wp-json\/wp\/v2\/tags?post=1415"}],"curies":[{"name":"wp","href":"https:\/\/api.w.org\/{rel}","templated":true}]}}