{"id":14108,"date":"2018-07-04T13:36:25","date_gmt":"2018-07-04T16:36:25","guid":{"rendered":"http:\/\/www.travel3.com.br\/?p=14108"},"modified":"2018-07-09T23:13:40","modified_gmt":"2018-07-10T02:13:40","slug":"de-casa-nova-em-sao-paulo-ita-seguro-viagem-traca-meta-ambiciosa-para-2018","status":"publish","type":"post","link":"https:\/\/www.travel3.com.br\/site\/acontece-no-turismo\/negocios\/de-casa-nova-em-sao-paulo-ita-seguro-viagem-traca-meta-ambiciosa-para-2018\/","title":{"rendered":"DE CASA NOVA EM S\u00c3O PAULO, ITA SEGURO VIAGEM TRA\u00c7A META AMBICIOSA PARA 2018"},"content":{"rendered":"<h1 style=\"text-align: center;\">Gest\u00e3o experiente de Agnaldo Abrah\u00e3o d\u00e1 amplitude estrat\u00e9gica \u00e0 empresa de assist\u00eancia ao viajante e expectativa de 35% de crescimento no ano<\/h1>\n<p>O novo escrit\u00f3rio do ITA Seguro Viagem, em S\u00e3o Paulo, \u00e9 o reflexo do novo momento pelo qual passa a empresa de assist\u00eancia o viajante.<\/p>\n<p>Com a contrata\u00e7\u00e3o de Agnaldo Abrah\u00e3o como CEO, o ITA ganhou conte\u00fado estrat\u00e9gico e, fundamentada pela bagagem do experiente executivo, a equipe ganha f\u00f4lego e foco para fazer a diferen\u00e7a dentro de um segmento altamente competitivo.<\/p>\n<figure id=\"attachment_14113\" aria-describedby=\"caption-attachment-14113\" style=\"width: 1280px\" class=\"wp-caption aligncenter\"><a href=\"http:\/\/www.travel3.com.br\/site\/wp-content\/uploads\/2018\/07\/equipe-ita-seguro-viagem_a.jpg\"><img loading=\"lazy\" decoding=\"async\" class=\"size-full wp-image-14113\" src=\"http:\/\/www.travel3.com.br\/site\/wp-content\/uploads\/2018\/07\/equipe-ita-seguro-viagem_a.jpg\" alt=\"Agnaldo Abrah\u00e3o, CEO, e o time do ITA Seguro Viagem de S\u00e3o Paulo\" width=\"1280\" height=\"783\" srcset=\"https:\/\/www.travel3.com.br\/site\/wp-content\/uploads\/2018\/07\/equipe-ita-seguro-viagem_a.jpg 1280w, https:\/\/www.travel3.com.br\/site\/wp-content\/uploads\/2018\/07\/equipe-ita-seguro-viagem_a-300x184.jpg 300w, https:\/\/www.travel3.com.br\/site\/wp-content\/uploads\/2018\/07\/equipe-ita-seguro-viagem_a-768x470.jpg 768w, https:\/\/www.travel3.com.br\/site\/wp-content\/uploads\/2018\/07\/equipe-ita-seguro-viagem_a-1024x626.jpg 1024w\" sizes=\"auto, (max-width: 1280px) 100vw, 1280px\" \/><\/a><figcaption id=\"caption-attachment-14113\" class=\"wp-caption-text\"><strong>Agnaldo Abrah\u00e3o, CEO, e o time do ITA Seguro Viagem de S\u00e3o Paulo (Foto: Divulga\u00e7\u00e3o)<\/strong><\/figcaption><\/figure>\n<blockquote><p>\u201cNossa expectativa para 2018 \u00e9 crescermos 35%. Por isso, n\u00e3o vamos poupar esfor\u00e7os para conquistarmos essa meta e mostrar que podemos fazer a diferen\u00e7a no mercado. A nossa miss\u00e3o \u00e9 mudar a percep\u00e7\u00e3o do viajante com rela\u00e7\u00e3o ao seguro\u201d.<\/p>\n<p><strong>Agnaldo Abrah\u00e3o \u2013 CEO do ITA Seguro Viagem<\/strong><\/p><\/blockquote>\n<p>O 1\u00ba passo j\u00e1 foi dado, com a abertura do novo escrit\u00f3rio de S\u00e3o Paulo, em plena Av. Paulista (575, conjunto 1809). Com sede no Rio de Janeiro, o ITA sabe como \u00e9 importante estreitar rela\u00e7\u00f5es, entre outros parceiros, com as grandes operadoras e ag\u00eancias paulistanas, para ampliar os neg\u00f3cios no maior mercado do pa\u00eds.<\/p>\n<p>Outras novidades vir\u00e3o e a companhia j\u00e1 sinalizou que pretende refor\u00e7ar sua equipe executivos que representem as ideias e novos conceitos aplicados pelo seu CEO.<\/p>\n<p>O lan\u00e7amento de um produto exclusivo, dever\u00e1 ser anunciado ainda o m\u00eas de julho. Atualmente, s\u00e3o 11 as op\u00e7\u00f5es de ap\u00f3lices de assist\u00eancia para os mais variados perfis de viajantes. Elas incluem coberturas em assist\u00eancia m\u00e9dica, hospitalar e odontol\u00f3gica emergencial, assim como cancelamento de viagem, extravio de bagagem e concierge, entre outros servi\u00e7os.<\/p>\n<p>O ITA tem como parceiros empresas de porte como a Europ Assistance + Alfa Seguradora e tem filiais nos Estados Unidos e Europa.<\/p>\n<h2>ITA Seguro Viagem em S\u00e3o Paulo<\/h2>\n<p><strong>Endere\u00e7o =<\/strong> Avenida Paulista, 575, conjunto 1809.<\/p>\n<p><strong>Telefone =<\/strong> (11) 3255-8386.<\/p>\n","protected":false},"excerpt":{"rendered":"<p>Gest\u00e3o experiente de Agnaldo Abrah\u00e3o d\u00e1 amplitude estrat\u00e9gica \u00e0 empresa de assist\u00eancia ao viajante e expectativa de 35% de crescimento no ano O novo escrit\u00f3rio do ITA Seguro Viagem, em S\u00e3o Paulo, \u00e9 o reflexo do novo momento pelo qual passa a empresa de assist\u00eancia o viajante. Com a contrata\u00e7\u00e3o de Agnaldo Abrah\u00e3o como CEO, [&hellip;]<\/p>\n","protected":false},"author":5,"featured_media":14113,"comment_status":"open","ping_status":"open","sticky":false,"template":"","format":"standard","meta":{"footnotes":""},"categories":[969,226,3],"tags":[1947,1573],"class_list":["post-14108","post","type-post","status-publish","format-standard","has-post-thumbnail","hentry","category-acontece-no-turismo","category-destaque","category-negocios","tag-acontece","tag-ita-seguro-viagem"],"yoast_head":"<!-- This site is optimized with the Yoast SEO plugin v26.2 - https:\/\/yoast.com\/wordpress\/plugins\/seo\/ -->\n<title>DE CASA NOVA EM S\u00c3O PAULO, ITA SEGURO VIAGEM TRA\u00c7A META AMBICIOSA PARA 2018 - Travel3<\/title>\n<meta name=\"description\" content=\"A TRAVEL3 \u00e9 um portal de conte\u00fado voltado para o turismo, encontre destinos, viagens, hospedagem, passagens, guias, not\u00edcias sobre o mercado do turismo, dicas de viagem, v\u00eddeos e podcast.\" \/>\n<meta name=\"robots\" content=\"index, follow, max-snippet:-1, max-image-preview:large, max-video-preview:-1\" \/>\n<link rel=\"canonical\" href=\"https:\/\/www.travel3.com.br\/site\/acontece-no-turismo\/negocios\/de-casa-nova-em-sao-paulo-ita-seguro-viagem-traca-meta-ambiciosa-para-2018\/\" \/>\n<meta property=\"og:locale\" content=\"pt_BR\" \/>\n<meta property=\"og:type\" content=\"article\" \/>\n<meta property=\"og:title\" content=\"DE CASA NOVA EM S\u00c3O PAULO, ITA SEGURO VIAGEM TRA\u00c7A META AMBICIOSA PARA 2018 - Travel3\" \/>\n<meta property=\"og:description\" content=\"A TRAVEL3 \u00e9 um portal de conte\u00fado voltado para o turismo, encontre destinos, viagens, hospedagem, passagens, guias, not\u00edcias sobre o mercado do turismo, dicas de viagem, v\u00eddeos e podcast.\" \/>\n<meta property=\"og:url\" content=\"https:\/\/www.travel3.com.br\/site\/acontece-no-turismo\/negocios\/de-casa-nova-em-sao-paulo-ita-seguro-viagem-traca-meta-ambiciosa-para-2018\/\" \/>\n<meta property=\"og:site_name\" content=\"Travel3\" \/>\n<meta property=\"article:publisher\" content=\"https:\/\/www.facebook.com\/travel3media\/\" \/>\n<meta property=\"article:published_time\" content=\"2018-07-04T16:36:25+00:00\" \/>\n<meta property=\"article:modified_time\" content=\"2018-07-10T02:13:40+00:00\" \/>\n<meta property=\"og:image\" content=\"https:\/\/www.travel3.com.br\/site\/wp-content\/uploads\/2018\/07\/equipe-ita-seguro-viagem_a.jpg\" \/>\n\t<meta property=\"og:image:width\" content=\"1280\" \/>\n\t<meta property=\"og:image:height\" content=\"783\" \/>\n\t<meta property=\"og:image:type\" content=\"image\/jpeg\" \/>\n<meta name=\"author\" content=\"Reda\u00e7\u00e3o Travel3\" \/>\n<meta name=\"twitter:card\" content=\"summary_large_image\" \/>\n<meta name=\"twitter:label1\" content=\"Escrito por\" \/>\n\t<meta name=\"twitter:data1\" content=\"Reda\u00e7\u00e3o Travel3\" \/>\n\t<meta name=\"twitter:label2\" content=\"Est. tempo de leitura\" \/>\n\t<meta name=\"twitter:data2\" content=\"2 minutos\" \/>\n<script type=\"application\/ld+json\" class=\"yoast-schema-graph\">{\"@context\":\"https:\/\/schema.org\",\"@graph\":[{\"@type\":\"Article\",\"@id\":\"https:\/\/www.travel3.com.br\/site\/acontece-no-turismo\/negocios\/de-casa-nova-em-sao-paulo-ita-seguro-viagem-traca-meta-ambiciosa-para-2018\/#article\",\"isPartOf\":{\"@id\":\"https:\/\/www.travel3.com.br\/site\/acontece-no-turismo\/negocios\/de-casa-nova-em-sao-paulo-ita-seguro-viagem-traca-meta-ambiciosa-para-2018\/\"},\"author\":{\"name\":\"Reda\u00e7\u00e3o Travel3\",\"@id\":\"https:\/\/www.travel3.com.br\/site\/#\/schema\/person\/89251b0320bc67697de92249f97f3fdb\"},\"headline\":\"DE CASA NOVA EM S\u00c3O PAULO, ITA SEGURO VIAGEM TRA\u00c7A META AMBICIOSA PARA 2018\",\"datePublished\":\"2018-07-04T16:36:25+00:00\",\"dateModified\":\"2018-07-10T02:13:40+00:00\",\"mainEntityOfPage\":{\"@id\":\"https:\/\/www.travel3.com.br\/site\/acontece-no-turismo\/negocios\/de-casa-nova-em-sao-paulo-ita-seguro-viagem-traca-meta-ambiciosa-para-2018\/\"},\"wordCount\":364,\"commentCount\":0,\"publisher\":{\"@id\":\"https:\/\/www.travel3.com.br\/site\/#organization\"},\"image\":{\"@id\":\"https:\/\/www.travel3.com.br\/site\/acontece-no-turismo\/negocios\/de-casa-nova-em-sao-paulo-ita-seguro-viagem-traca-meta-ambiciosa-para-2018\/#primaryimage\"},\"thumbnailUrl\":\"https:\/\/www.travel3.com.br\/site\/wp-content\/uploads\/2018\/07\/equipe-ita-seguro-viagem_a.jpg\",\"keywords\":[\"acontece\",\"ITA Seguro Viagem\"],\"articleSection\":[\"Acontece no Turismo\",\"Destaque\",\"Neg\u00f3cios\"],\"inLanguage\":\"pt-BR\",\"potentialAction\":[{\"@type\":\"CommentAction\",\"name\":\"Comment\",\"target\":[\"https:\/\/www.travel3.com.br\/site\/acontece-no-turismo\/negocios\/de-casa-nova-em-sao-paulo-ita-seguro-viagem-traca-meta-ambiciosa-para-2018\/#respond\"]}]},{\"@type\":\"WebPage\",\"@id\":\"https:\/\/www.travel3.com.br\/site\/acontece-no-turismo\/negocios\/de-casa-nova-em-sao-paulo-ita-seguro-viagem-traca-meta-ambiciosa-para-2018\/\",\"url\":\"https:\/\/www.travel3.com.br\/site\/acontece-no-turismo\/negocios\/de-casa-nova-em-sao-paulo-ita-seguro-viagem-traca-meta-ambiciosa-para-2018\/\",\"name\":\"DE CASA NOVA EM S\u00c3O PAULO, ITA SEGURO VIAGEM TRA\u00c7A META AMBICIOSA PARA 2018 - Travel3\",\"isPartOf\":{\"@id\":\"https:\/\/www.travel3.com.br\/site\/#website\"},\"primaryImageOfPage\":{\"@id\":\"https:\/\/www.travel3.com.br\/site\/acontece-no-turismo\/negocios\/de-casa-nova-em-sao-paulo-ita-seguro-viagem-traca-meta-ambiciosa-para-2018\/#primaryimage\"},\"image\":{\"@id\":\"https:\/\/www.travel3.com.br\/site\/acontece-no-turismo\/negocios\/de-casa-nova-em-sao-paulo-ita-seguro-viagem-traca-meta-ambiciosa-para-2018\/#primaryimage\"},\"thumbnailUrl\":\"https:\/\/www.travel3.com.br\/site\/wp-content\/uploads\/2018\/07\/equipe-ita-seguro-viagem_a.jpg\",\"datePublished\":\"2018-07-04T16:36:25+00:00\",\"dateModified\":\"2018-07-10T02:13:40+00:00\",\"description\":\"A TRAVEL3 \u00e9 um portal de conte\u00fado voltado para o turismo, encontre destinos, viagens, hospedagem, passagens, guias, not\u00edcias sobre o mercado do turismo, dicas de viagem, v\u00eddeos e podcast.\",\"breadcrumb\":{\"@id\":\"https:\/\/www.travel3.com.br\/site\/acontece-no-turismo\/negocios\/de-casa-nova-em-sao-paulo-ita-seguro-viagem-traca-meta-ambiciosa-para-2018\/#breadcrumb\"},\"inLanguage\":\"pt-BR\",\"potentialAction\":[{\"@type\":\"ReadAction\",\"target\":[\"https:\/\/www.travel3.com.br\/site\/acontece-no-turismo\/negocios\/de-casa-nova-em-sao-paulo-ita-seguro-viagem-traca-meta-ambiciosa-para-2018\/\"]}]},{\"@type\":\"ImageObject\",\"inLanguage\":\"pt-BR\",\"@id\":\"https:\/\/www.travel3.com.br\/site\/acontece-no-turismo\/negocios\/de-casa-nova-em-sao-paulo-ita-seguro-viagem-traca-meta-ambiciosa-para-2018\/#primaryimage\",\"url\":\"https:\/\/www.travel3.com.br\/site\/wp-content\/uploads\/2018\/07\/equipe-ita-seguro-viagem_a.jpg\",\"contentUrl\":\"https:\/\/www.travel3.com.br\/site\/wp-content\/uploads\/2018\/07\/equipe-ita-seguro-viagem_a.jpg\",\"width\":1280,\"height\":783,\"caption\":\"Agnaldo Abrah\u00e3o, CEO, e o time do ITA Seguro Viagem de S\u00e3o Paulo\"},{\"@type\":\"BreadcrumbList\",\"@id\":\"https:\/\/www.travel3.com.br\/site\/acontece-no-turismo\/negocios\/de-casa-nova-em-sao-paulo-ita-seguro-viagem-traca-meta-ambiciosa-para-2018\/#breadcrumb\",\"itemListElement\":[{\"@type\":\"ListItem\",\"position\":1,\"name\":\"In\u00edcio\",\"item\":\"https:\/\/www.travel3.com.br\/site\/\"},{\"@type\":\"ListItem\",\"position\":2,\"name\":\"DE CASA NOVA EM S\u00c3O PAULO, ITA SEGURO VIAGEM TRA\u00c7A META AMBICIOSA PARA 2018\"}]},{\"@type\":\"WebSite\",\"@id\":\"https:\/\/www.travel3.com.br\/site\/#website\",\"url\":\"https:\/\/www.travel3.com.br\/site\/\",\"name\":\"Travel3\",\"description\":\"Lazer + Neg&oacute;cios + Aventura\",\"publisher\":{\"@id\":\"https:\/\/www.travel3.com.br\/site\/#organization\"},\"potentialAction\":[{\"@type\":\"SearchAction\",\"target\":{\"@type\":\"EntryPoint\",\"urlTemplate\":\"https:\/\/www.travel3.com.br\/site\/?s={search_term_string}\"},\"query-input\":{\"@type\":\"PropertyValueSpecification\",\"valueRequired\":true,\"valueName\":\"search_term_string\"}}],\"inLanguage\":\"pt-BR\"},{\"@type\":\"Organization\",\"@id\":\"https:\/\/www.travel3.com.br\/site\/#organization\",\"name\":\"Travel3\",\"url\":\"https:\/\/www.travel3.com.br\/site\/\",\"logo\":{\"@type\":\"ImageObject\",\"inLanguage\":\"pt-BR\",\"@id\":\"https:\/\/www.travel3.com.br\/site\/#\/schema\/logo\/image\/\",\"url\":\"https:\/\/www.travel3.com.br\/site\/wp-content\/uploads\/2020\/01\/logo-travel3-2020.png\",\"contentUrl\":\"https:\/\/www.travel3.com.br\/site\/wp-content\/uploads\/2020\/01\/logo-travel3-2020.png\",\"width\":232,\"height\":79,\"caption\":\"Travel3\"},\"image\":{\"@id\":\"https:\/\/www.travel3.com.br\/site\/#\/schema\/logo\/image\/\"},\"sameAs\":[\"https:\/\/www.facebook.com\/travel3media\/\",\"https:\/\/www.instagram.com\/revistatravel3\/\",\"https:\/\/www.youtube.com\/channel\/UCno7J4paGBR3VbZQzvoJ9Eg\"]},{\"@type\":\"Person\",\"@id\":\"https:\/\/www.travel3.com.br\/site\/#\/schema\/person\/89251b0320bc67697de92249f97f3fdb\",\"name\":\"Reda\u00e7\u00e3o Travel3\",\"image\":{\"@type\":\"ImageObject\",\"inLanguage\":\"pt-BR\",\"@id\":\"https:\/\/www.travel3.com.br\/site\/#\/schema\/person\/image\/\",\"url\":\"https:\/\/secure.gravatar.com\/avatar\/85a5ec2ad99b1932f671ebf50c117db6?s=96&d=mm&r=g\",\"contentUrl\":\"https:\/\/secure.gravatar.com\/avatar\/85a5ec2ad99b1932f671ebf50c117db6?s=96&d=mm&r=g\",\"caption\":\"Reda\u00e7\u00e3o Travel3\"},\"sameAs\":[\"http:\/\/www.travel3.com.br\/\"],\"url\":\"https:\/\/www.travel3.com.br\/site\/author\/redacao\/\"}]}<\/script>\n<!-- \/ Yoast SEO plugin. -->","yoast_head_json":{"title":"DE CASA NOVA EM S\u00c3O PAULO, ITA SEGURO VIAGEM TRA\u00c7A META AMBICIOSA PARA 2018 - Travel3","description":"A TRAVEL3 \u00e9 um portal de conte\u00fado voltado para o turismo, encontre destinos, viagens, hospedagem, passagens, guias, not\u00edcias sobre o mercado do turismo, dicas de viagem, v\u00eddeos e podcast.","robots":{"index":"index","follow":"follow","max-snippet":"max-snippet:-1","max-image-preview":"max-image-preview:large","max-video-preview":"max-video-preview:-1"},"canonical":"https:\/\/www.travel3.com.br\/site\/acontece-no-turismo\/negocios\/de-casa-nova-em-sao-paulo-ita-seguro-viagem-traca-meta-ambiciosa-para-2018\/","og_locale":"pt_BR","og_type":"article","og_title":"DE CASA NOVA EM S\u00c3O PAULO, ITA SEGURO VIAGEM TRA\u00c7A META AMBICIOSA PARA 2018 - Travel3","og_description":"A TRAVEL3 \u00e9 um portal de conte\u00fado voltado para o turismo, encontre destinos, viagens, hospedagem, passagens, guias, not\u00edcias sobre o mercado do turismo, dicas de viagem, v\u00eddeos e podcast.","og_url":"https:\/\/www.travel3.com.br\/site\/acontece-no-turismo\/negocios\/de-casa-nova-em-sao-paulo-ita-seguro-viagem-traca-meta-ambiciosa-para-2018\/","og_site_name":"Travel3","article_publisher":"https:\/\/www.facebook.com\/travel3media\/","article_published_time":"2018-07-04T16:36:25+00:00","article_modified_time":"2018-07-10T02:13:40+00:00","og_image":[{"width":1280,"height":783,"url":"https:\/\/www.travel3.com.br\/site\/wp-content\/uploads\/2018\/07\/equipe-ita-seguro-viagem_a.jpg","type":"image\/jpeg"}],"author":"Reda\u00e7\u00e3o Travel3","twitter_card":"summary_large_image","twitter_misc":{"Escrito por":"Reda\u00e7\u00e3o Travel3","Est. tempo de leitura":"2 minutos"},"schema":{"@context":"https:\/\/schema.org","@graph":[{"@type":"Article","@id":"https:\/\/www.travel3.com.br\/site\/acontece-no-turismo\/negocios\/de-casa-nova-em-sao-paulo-ita-seguro-viagem-traca-meta-ambiciosa-para-2018\/#article","isPartOf":{"@id":"https:\/\/www.travel3.com.br\/site\/acontece-no-turismo\/negocios\/de-casa-nova-em-sao-paulo-ita-seguro-viagem-traca-meta-ambiciosa-para-2018\/"},"author":{"name":"Reda\u00e7\u00e3o Travel3","@id":"https:\/\/www.travel3.com.br\/site\/#\/schema\/person\/89251b0320bc67697de92249f97f3fdb"},"headline":"DE CASA NOVA EM S\u00c3O PAULO, ITA SEGURO VIAGEM TRA\u00c7A META AMBICIOSA PARA 2018","datePublished":"2018-07-04T16:36:25+00:00","dateModified":"2018-07-10T02:13:40+00:00","mainEntityOfPage":{"@id":"https:\/\/www.travel3.com.br\/site\/acontece-no-turismo\/negocios\/de-casa-nova-em-sao-paulo-ita-seguro-viagem-traca-meta-ambiciosa-para-2018\/"},"wordCount":364,"commentCount":0,"publisher":{"@id":"https:\/\/www.travel3.com.br\/site\/#organization"},"image":{"@id":"https:\/\/www.travel3.com.br\/site\/acontece-no-turismo\/negocios\/de-casa-nova-em-sao-paulo-ita-seguro-viagem-traca-meta-ambiciosa-para-2018\/#primaryimage"},"thumbnailUrl":"https:\/\/www.travel3.com.br\/site\/wp-content\/uploads\/2018\/07\/equipe-ita-seguro-viagem_a.jpg","keywords":["acontece","ITA Seguro Viagem"],"articleSection":["Acontece no Turismo","Destaque","Neg\u00f3cios"],"inLanguage":"pt-BR","potentialAction":[{"@type":"CommentAction","name":"Comment","target":["https:\/\/www.travel3.com.br\/site\/acontece-no-turismo\/negocios\/de-casa-nova-em-sao-paulo-ita-seguro-viagem-traca-meta-ambiciosa-para-2018\/#respond"]}]},{"@type":"WebPage","@id":"https:\/\/www.travel3.com.br\/site\/acontece-no-turismo\/negocios\/de-casa-nova-em-sao-paulo-ita-seguro-viagem-traca-meta-ambiciosa-para-2018\/","url":"https:\/\/www.travel3.com.br\/site\/acontece-no-turismo\/negocios\/de-casa-nova-em-sao-paulo-ita-seguro-viagem-traca-meta-ambiciosa-para-2018\/","name":"DE CASA NOVA EM S\u00c3O PAULO, ITA SEGURO VIAGEM TRA\u00c7A META AMBICIOSA PARA 2018 - Travel3","isPartOf":{"@id":"https:\/\/www.travel3.com.br\/site\/#website"},"primaryImageOfPage":{"@id":"https:\/\/www.travel3.com.br\/site\/acontece-no-turismo\/negocios\/de-casa-nova-em-sao-paulo-ita-seguro-viagem-traca-meta-ambiciosa-para-2018\/#primaryimage"},"image":{"@id":"https:\/\/www.travel3.com.br\/site\/acontece-no-turismo\/negocios\/de-casa-nova-em-sao-paulo-ita-seguro-viagem-traca-meta-ambiciosa-para-2018\/#primaryimage"},"thumbnailUrl":"https:\/\/www.travel3.com.br\/site\/wp-content\/uploads\/2018\/07\/equipe-ita-seguro-viagem_a.jpg","datePublished":"2018-07-04T16:36:25+00:00","dateModified":"2018-07-10T02:13:40+00:00","description":"A TRAVEL3 \u00e9 um portal de conte\u00fado voltado para o turismo, encontre destinos, viagens, hospedagem, passagens, guias, not\u00edcias sobre o mercado do turismo, dicas de viagem, v\u00eddeos e podcast.","breadcrumb":{"@id":"https:\/\/www.travel3.com.br\/site\/acontece-no-turismo\/negocios\/de-casa-nova-em-sao-paulo-ita-seguro-viagem-traca-meta-ambiciosa-para-2018\/#breadcrumb"},"inLanguage":"pt-BR","potentialAction":[{"@type":"ReadAction","target":["https:\/\/www.travel3.com.br\/site\/acontece-no-turismo\/negocios\/de-casa-nova-em-sao-paulo-ita-seguro-viagem-traca-meta-ambiciosa-para-2018\/"]}]},{"@type":"ImageObject","inLanguage":"pt-BR","@id":"https:\/\/www.travel3.com.br\/site\/acontece-no-turismo\/negocios\/de-casa-nova-em-sao-paulo-ita-seguro-viagem-traca-meta-ambiciosa-para-2018\/#primaryimage","url":"https:\/\/www.travel3.com.br\/site\/wp-content\/uploads\/2018\/07\/equipe-ita-seguro-viagem_a.jpg","contentUrl":"https:\/\/www.travel3.com.br\/site\/wp-content\/uploads\/2018\/07\/equipe-ita-seguro-viagem_a.jpg","width":1280,"height":783,"caption":"Agnaldo Abrah\u00e3o, CEO, e o time do ITA Seguro Viagem de S\u00e3o Paulo"},{"@type":"BreadcrumbList","@id":"https:\/\/www.travel3.com.br\/site\/acontece-no-turismo\/negocios\/de-casa-nova-em-sao-paulo-ita-seguro-viagem-traca-meta-ambiciosa-para-2018\/#breadcrumb","itemListElement":[{"@type":"ListItem","position":1,"name":"In\u00edcio","item":"https:\/\/www.travel3.com.br\/site\/"},{"@type":"ListItem","position":2,"name":"DE CASA NOVA EM S\u00c3O PAULO, ITA SEGURO VIAGEM TRA\u00c7A META AMBICIOSA PARA 2018"}]},{"@type":"WebSite","@id":"https:\/\/www.travel3.com.br\/site\/#website","url":"https:\/\/www.travel3.com.br\/site\/","name":"Travel3","description":"Lazer + Neg&oacute;cios + Aventura","publisher":{"@id":"https:\/\/www.travel3.com.br\/site\/#organization"},"potentialAction":[{"@type":"SearchAction","target":{"@type":"EntryPoint","urlTemplate":"https:\/\/www.travel3.com.br\/site\/?s={search_term_string}"},"query-input":{"@type":"PropertyValueSpecification","valueRequired":true,"valueName":"search_term_string"}}],"inLanguage":"pt-BR"},{"@type":"Organization","@id":"https:\/\/www.travel3.com.br\/site\/#organization","name":"Travel3","url":"https:\/\/www.travel3.com.br\/site\/","logo":{"@type":"ImageObject","inLanguage":"pt-BR","@id":"https:\/\/www.travel3.com.br\/site\/#\/schema\/logo\/image\/","url":"https:\/\/www.travel3.com.br\/site\/wp-content\/uploads\/2020\/01\/logo-travel3-2020.png","contentUrl":"https:\/\/www.travel3.com.br\/site\/wp-content\/uploads\/2020\/01\/logo-travel3-2020.png","width":232,"height":79,"caption":"Travel3"},"image":{"@id":"https:\/\/www.travel3.com.br\/site\/#\/schema\/logo\/image\/"},"sameAs":["https:\/\/www.facebook.com\/travel3media\/","https:\/\/www.instagram.com\/revistatravel3\/","https:\/\/www.youtube.com\/channel\/UCno7J4paGBR3VbZQzvoJ9Eg"]},{"@type":"Person","@id":"https:\/\/www.travel3.com.br\/site\/#\/schema\/person\/89251b0320bc67697de92249f97f3fdb","name":"Reda\u00e7\u00e3o Travel3","image":{"@type":"ImageObject","inLanguage":"pt-BR","@id":"https:\/\/www.travel3.com.br\/site\/#\/schema\/person\/image\/","url":"https:\/\/secure.gravatar.com\/avatar\/85a5ec2ad99b1932f671ebf50c117db6?s=96&d=mm&r=g","contentUrl":"https:\/\/secure.gravatar.com\/avatar\/85a5ec2ad99b1932f671ebf50c117db6?s=96&d=mm&r=g","caption":"Reda\u00e7\u00e3o Travel3"},"sameAs":["http:\/\/www.travel3.com.br\/"],"url":"https:\/\/www.travel3.com.br\/site\/author\/redacao\/"}]}},"_links":{"self":[{"href":"https:\/\/www.travel3.com.br\/site\/wp-json\/wp\/v2\/posts\/14108","targetHints":{"allow":["GET"]}}],"collection":[{"href":"https:\/\/www.travel3.com.br\/site\/wp-json\/wp\/v2\/posts"}],"about":[{"href":"https:\/\/www.travel3.com.br\/site\/wp-json\/wp\/v2\/types\/post"}],"author":[{"embeddable":true,"href":"https:\/\/www.travel3.com.br\/site\/wp-json\/wp\/v2\/users\/5"}],"replies":[{"embeddable":true,"href":"https:\/\/www.travel3.com.br\/site\/wp-json\/wp\/v2\/comments?post=14108"}],"version-history":[{"count":5,"href":"https:\/\/www.travel3.com.br\/site\/wp-json\/wp\/v2\/posts\/14108\/revisions"}],"predecessor-version":[{"id":14115,"href":"https:\/\/www.travel3.com.br\/site\/wp-json\/wp\/v2\/posts\/14108\/revisions\/14115"}],"wp:featuredmedia":[{"embeddable":true,"href":"https:\/\/www.travel3.com.br\/site\/wp-json\/wp\/v2\/media\/14113"}],"wp:attachment":[{"href":"https:\/\/www.travel3.com.br\/site\/wp-json\/wp\/v2\/media?parent=14108"}],"wp:term":[{"taxonomy":"category","embeddable":true,"href":"https:\/\/www.travel3.com.br\/site\/wp-json\/wp\/v2\/categories?post=14108"},{"taxonomy":"post_tag","embeddable":true,"href":"https:\/\/www.travel3.com.br\/site\/wp-json\/wp\/v2\/tags?post=14108"}],"curies":[{"name":"wp","href":"https:\/\/api.w.org\/{rel}","templated":true}]}}