{"id":1396,"date":"2017-09-05T12:45:31","date_gmt":"2017-09-05T12:45:31","guid":{"rendered":"http:\/\/www.travel3.com.br\/site\/ir-e-vir\/ar\/meet-frt-termina-com-premiacao-a-altura-do-evento\/"},"modified":"2017-09-05T12:45:31","modified_gmt":"2017-09-05T12:45:31","slug":"meet-frt-termina-com-premiacao-a-altura-do-evento","status":"publish","type":"post","link":"https:\/\/www.travel3.com.br\/site\/sem-categoria\/meet-frt-termina-com-premiacao-a-altura-do-evento\/","title":{"rendered":"MEET FRT TERMINA COM PREMIA\u00c7\u00c3O \u00c0 ALTURA DO EVENTO"},"content":{"rendered":"<p><span style=\"color: #40acad; font-family: -apple-system, system-ui, 'Segoe UI', Roboto, Oxygen-Sans, Ubuntu, Cantarell, 'Helvetica Neue', sans-serif; font-size: 12px; font-weight: bold;\"><\/p>\n<p style=\"text-align:justify\"><strong>FOZ DO IGUA\u00c7U <\/strong>\u2013 Premiar \u00e9 um reconhecimento que valoriza os relacionamentos e acrescenta um motivo especial seja em neg\u00f3cios, amizade, empreendedorismo e tantos outros aspectos. \u00c9 o ser algo a mais em motivos conjugados e que expressam muito de uma sinergia compartilhada.<\/p>\n<p style=\"text-align:justify\">No meio do turismo vivemos v\u00e1rios momentos assim. E foi este um dos objetivos declarados da FRToperadora\u00a0 no final do 2<sup>o<\/sup> Meet\u00a0promovido pela operadora, que levou todos os convidados e participantes para o ambiente m\u00edstico \u00e0s margens do lado brasileiro das Cataratas. O evento aconteceu no Porto Canoas, palco de confraterniza\u00e7\u00e3o, reconhecimento e premia\u00e7\u00e3o.<\/p>\n<p style=\"text-align:justify\"><a class=\"fancybox-media\" href=\"..\/_uploads\/_noticia\/2017-07\/2frt-01--2-.png\" rel=\"portfolio\"><img decoding=\"async\" alt=\"\" src=\"..\/_uploads\/_noticia\/2017-07\/2frt-01--2-.png\" \/><\/a><\/p>\n<p style=\"text-align:justify\">A FRT homenageou diretamente\u00a0com trof\u00e9u, s\u00edmbolo de uni\u00e3o, resist\u00eancia e ra\u00edzes entrela\u00e7adas. A imagem era de uma \u00e1rvore inspiradora \u2013 a mais alta das sequ\u00f3ias. Os trof\u00e9us foram entregues para as 10\u00a0principais ag\u00eancias produtoras de vendas, como canais de distribui\u00e7\u00e3o dos produtos da operadora; e as 6\u00a0ag\u00eancias revela\u00e7\u00f5es, que vieram atrav\u00e9s da capta\u00e7\u00e3o pelas novas unidades de atendimento e j\u00e1 puderam se destacar neste primeiro ano de atua\u00e7\u00e3o conjunta.<\/p>\n<p style=\"text-align:justify\">Nesta s\u00e9rie foram: a Four Season, Mundo Afora Turismo, Vega Viagens (<em>foto)<\/em>, Destin Turismo e Eventos, CG Turismo e Sky Travel, ag\u00eancia do vizinho Paraguai.<\/p>\n<p style=\"text-align:justify\"><a class=\"fancybox-media\" href=\"..\/_uploads\/_noticia\/2017-07\/20170701-204222--2-.jpg\" rel=\"portfolio\"><img decoding=\"async\" alt=\"\" src=\"..\/_uploads\/_noticia\/2017-07\/20170701-204222--2-.jpg\" \/><\/a><\/p>\n<p style=\"text-align:justify\">Para as 10 ag\u00eancias que mais pontuaram, a Matriz Frontur, de Foz do Igua\u00e7u; \u00a0em segundo a Frontur Shopping, tamb\u00e9m Foz; bem como a terceira colocada, a Point Tur; em quarto a Dastur Viagens e Turismo, de Presidente Prudente (SP) e na quinta posi\u00e7\u00e3o a Mappa Turismo e Neg\u00f3cios, Pinhalzinho (SC);<\/p>\n<p style=\"text-align:justify\">Seguem a Central Pak, de Curitiba, a Costa Oeste, de Medianeira (PR), em oitavo a Avallon Viagens e Turismo, de Palotina, (PR), em nono a Valentin Turismo, de Londrina e em d\u00e9cimo a ag\u00eancia de Toledo, a Nice Tour.<\/p>\n<p style=\"text-align:justify\"><a class=\"fancybox-media\" href=\"..\/_uploads\/_noticia\/2017-07\/20170701-205808--2-.jpg\" rel=\"portfolio\"><img decoding=\"async\" alt=\"\" src=\"..\/_uploads\/_noticia\/2017-07\/20170701-205808--2-.jpg\" \/><\/a><\/p>\n<p style=\"text-align:justify\"><strong>Danielle Morales Meirelles e sua m\u00e3e Ademilde, lideran\u00e7a do Grupo Frontur, na entrega dos premios e trof\u00e9u<\/strong><\/p>\n<p style=\"text-align:justify\">Foram estes os campe\u00f5es de vendas Hyperion, convidados para prosseguir com o mesmo empenho na s\u00e9rie para a premia\u00e7\u00e3o do III MEET que ainda n\u00e3o tem local definido. A id\u00e9ia inicial era leva-lo de forma itinerante para Jo\u00e3o Pessoa, juntamente com a conven\u00e7\u00e3o nacional de vendas da operadora.<\/p>\n<p style=\"text-align:justify\">Acontece que, durante o transcorrer do evento nestes tr\u00eas dias e noites de atividades, v\u00e1rios interessados surgiram, tanto do mercado brasileiro como tamb\u00e9m no internacional, parceiros que se encantaram com a realiza\u00e7\u00e3o e formato do evento, seu sucesso efetivo e a participa\u00e7\u00e3o dos agentes. \u201cA FRT decidiu analisar com o maior carinho cada uma das propostas, at\u00e9 mesmo a possibilidade de ainda manter o terceiro para Foz\u201d, explicou Ariva Nevez, respons\u00e1vel pelo marketing da operadora e um dos coordenadores gerais do MEET.<\/p>\n<p style=\"text-align:justify\">Um video produzido com alguns dos principais momentos foi apresentado durante o decorrer da festa que se prolongou at\u00e9 a meia noite. O sucesso comprovado junto aos participantes, agencias e fornecedores, foi comemorado pois a comprova\u00e7\u00e3o geral sobre o evento \u00e9 que ele foi muito mais do que o primeiro, no ano passado. &#39;E j\u00e1 estamos pensando\u00a0 desde j\u00e1 no pr\u00f3ximo ano&#8221;, garantem Danielle, Ariva, F\u00e1bio e toda a equipe da FRT<\/p>\n<p style=\"text-align:justify\"><a class=\"fancybox-media\" href=\"..\/_uploads\/_noticia\/2017-07\/20170701-210251--2-.jpg\" rel=\"portfolio\"><img decoding=\"async\" alt=\"\" src=\"..\/_uploads\/_noticia\/2017-07\/20170701-210251--2-.jpg\" \/><\/a><\/p>\n<p style=\"text-align:justify\"><a class=\"fancybox-media\" href=\"..\/_uploads\/_noticia\/2017-07\/2banner-frt-festivalcataratas.jpg\" rel=\"portfolio\"><img decoding=\"async\" alt=\"\" src=\"..\/_uploads\/_noticia\/2017-07\/2banner-frt-festivalcataratas.jpg\" \/><\/a><\/p>\n<p><\/span><\/p>\n","protected":false},"excerpt":{"rendered":"<p>As 10 ag\u00eancias de maior produtividade e as 6 que se destacaram como revela\u00e7\u00f5es em 2017 foram homenageadas na festa de encerramento<\/p>\n","protected":false},"author":1,"featured_media":0,"comment_status":"open","ping_status":"open","sticky":false,"template":"","format":"standard","meta":{"footnotes":""},"categories":[],"tags":[],"class_list":["post-1396","post","type-post","status-publish","format-standard","hentry"],"yoast_head":"<!-- This site is optimized with the Yoast SEO plugin v26.2 - https:\/\/yoast.com\/wordpress\/plugins\/seo\/ -->\n<title>MEET FRT TERMINA COM PREMIA\u00c7\u00c3O \u00c0 ALTURA DO EVENTO - Travel3<\/title>\n<meta name=\"description\" content=\"A TRAVEL3 \u00e9 um portal de conte\u00fado voltado para o turismo, encontre destinos, viagens, hospedagem, passagens, guias, not\u00edcias sobre o mercado do turismo, dicas de viagem, v\u00eddeos e podcast.\" \/>\n<meta name=\"robots\" content=\"index, follow, max-snippet:-1, max-image-preview:large, max-video-preview:-1\" \/>\n<link rel=\"canonical\" href=\"https:\/\/www.travel3.com.br\/site\/sem-categoria\/meet-frt-termina-com-premiacao-a-altura-do-evento\/\" \/>\n<meta property=\"og:locale\" content=\"pt_BR\" \/>\n<meta property=\"og:type\" content=\"article\" \/>\n<meta property=\"og:title\" content=\"MEET FRT TERMINA COM PREMIA\u00c7\u00c3O \u00c0 ALTURA DO EVENTO - Travel3\" \/>\n<meta property=\"og:description\" content=\"A TRAVEL3 \u00e9 um portal de conte\u00fado voltado para o turismo, encontre destinos, viagens, hospedagem, passagens, guias, not\u00edcias sobre o mercado do turismo, dicas de viagem, v\u00eddeos e podcast.\" \/>\n<meta property=\"og:url\" content=\"https:\/\/www.travel3.com.br\/site\/sem-categoria\/meet-frt-termina-com-premiacao-a-altura-do-evento\/\" \/>\n<meta property=\"og:site_name\" content=\"Travel3\" \/>\n<meta property=\"article:publisher\" content=\"https:\/\/www.facebook.com\/travel3media\/\" \/>\n<meta property=\"article:published_time\" content=\"2017-09-05T12:45:31+00:00\" \/>\n<meta name=\"author\" content=\"admin\" \/>\n<meta name=\"twitter:card\" content=\"summary_large_image\" \/>\n<meta name=\"twitter:label1\" content=\"Escrito por\" \/>\n\t<meta name=\"twitter:data1\" content=\"admin\" \/>\n\t<meta name=\"twitter:label2\" content=\"Est. tempo de leitura\" \/>\n\t<meta name=\"twitter:data2\" content=\"3 minutos\" \/>\n<script type=\"application\/ld+json\" class=\"yoast-schema-graph\">{\"@context\":\"https:\/\/schema.org\",\"@graph\":[{\"@type\":\"Article\",\"@id\":\"https:\/\/www.travel3.com.br\/site\/sem-categoria\/meet-frt-termina-com-premiacao-a-altura-do-evento\/#article\",\"isPartOf\":{\"@id\":\"https:\/\/www.travel3.com.br\/site\/sem-categoria\/meet-frt-termina-com-premiacao-a-altura-do-evento\/\"},\"author\":{\"name\":\"admin\",\"@id\":\"https:\/\/www.travel3.com.br\/site\/#\/schema\/person\/a69d71e41a024999b6ab82369ac0bd1e\"},\"headline\":\"MEET FRT TERMINA COM PREMIA\u00c7\u00c3O \u00c0 ALTURA DO EVENTO\",\"datePublished\":\"2017-09-05T12:45:31+00:00\",\"mainEntityOfPage\":{\"@id\":\"https:\/\/www.travel3.com.br\/site\/sem-categoria\/meet-frt-termina-com-premiacao-a-altura-do-evento\/\"},\"wordCount\":554,\"commentCount\":0,\"publisher\":{\"@id\":\"https:\/\/www.travel3.com.br\/site\/#organization\"},\"inLanguage\":\"pt-BR\",\"potentialAction\":[{\"@type\":\"CommentAction\",\"name\":\"Comment\",\"target\":[\"https:\/\/www.travel3.com.br\/site\/sem-categoria\/meet-frt-termina-com-premiacao-a-altura-do-evento\/#respond\"]}]},{\"@type\":\"WebPage\",\"@id\":\"https:\/\/www.travel3.com.br\/site\/sem-categoria\/meet-frt-termina-com-premiacao-a-altura-do-evento\/\",\"url\":\"https:\/\/www.travel3.com.br\/site\/sem-categoria\/meet-frt-termina-com-premiacao-a-altura-do-evento\/\",\"name\":\"MEET FRT TERMINA COM PREMIA\u00c7\u00c3O \u00c0 ALTURA DO EVENTO - Travel3\",\"isPartOf\":{\"@id\":\"https:\/\/www.travel3.com.br\/site\/#website\"},\"datePublished\":\"2017-09-05T12:45:31+00:00\",\"description\":\"A TRAVEL3 \u00e9 um portal de conte\u00fado voltado para o turismo, encontre destinos, viagens, hospedagem, passagens, guias, not\u00edcias sobre o mercado do turismo, dicas de viagem, v\u00eddeos e podcast.\",\"breadcrumb\":{\"@id\":\"https:\/\/www.travel3.com.br\/site\/sem-categoria\/meet-frt-termina-com-premiacao-a-altura-do-evento\/#breadcrumb\"},\"inLanguage\":\"pt-BR\",\"potentialAction\":[{\"@type\":\"ReadAction\",\"target\":[\"https:\/\/www.travel3.com.br\/site\/sem-categoria\/meet-frt-termina-com-premiacao-a-altura-do-evento\/\"]}]},{\"@type\":\"BreadcrumbList\",\"@id\":\"https:\/\/www.travel3.com.br\/site\/sem-categoria\/meet-frt-termina-com-premiacao-a-altura-do-evento\/#breadcrumb\",\"itemListElement\":[{\"@type\":\"ListItem\",\"position\":1,\"name\":\"In\u00edcio\",\"item\":\"https:\/\/www.travel3.com.br\/site\/\"},{\"@type\":\"ListItem\",\"position\":2,\"name\":\"MEET FRT TERMINA COM PREMIA\u00c7\u00c3O \u00c0 ALTURA DO EVENTO\"}]},{\"@type\":\"WebSite\",\"@id\":\"https:\/\/www.travel3.com.br\/site\/#website\",\"url\":\"https:\/\/www.travel3.com.br\/site\/\",\"name\":\"Travel3\",\"description\":\"Lazer + Neg&oacute;cios + Aventura\",\"publisher\":{\"@id\":\"https:\/\/www.travel3.com.br\/site\/#organization\"},\"potentialAction\":[{\"@type\":\"SearchAction\",\"target\":{\"@type\":\"EntryPoint\",\"urlTemplate\":\"https:\/\/www.travel3.com.br\/site\/?s={search_term_string}\"},\"query-input\":{\"@type\":\"PropertyValueSpecification\",\"valueRequired\":true,\"valueName\":\"search_term_string\"}}],\"inLanguage\":\"pt-BR\"},{\"@type\":\"Organization\",\"@id\":\"https:\/\/www.travel3.com.br\/site\/#organization\",\"name\":\"Travel3\",\"url\":\"https:\/\/www.travel3.com.br\/site\/\",\"logo\":{\"@type\":\"ImageObject\",\"inLanguage\":\"pt-BR\",\"@id\":\"https:\/\/www.travel3.com.br\/site\/#\/schema\/logo\/image\/\",\"url\":\"https:\/\/www.travel3.com.br\/site\/wp-content\/uploads\/2020\/01\/logo-travel3-2020.png\",\"contentUrl\":\"https:\/\/www.travel3.com.br\/site\/wp-content\/uploads\/2020\/01\/logo-travel3-2020.png\",\"width\":232,\"height\":79,\"caption\":\"Travel3\"},\"image\":{\"@id\":\"https:\/\/www.travel3.com.br\/site\/#\/schema\/logo\/image\/\"},\"sameAs\":[\"https:\/\/www.facebook.com\/travel3media\/\",\"https:\/\/www.instagram.com\/revistatravel3\/\",\"https:\/\/www.youtube.com\/channel\/UCno7J4paGBR3VbZQzvoJ9Eg\"]},{\"@type\":\"Person\",\"@id\":\"https:\/\/www.travel3.com.br\/site\/#\/schema\/person\/a69d71e41a024999b6ab82369ac0bd1e\",\"name\":\"admin\",\"image\":{\"@type\":\"ImageObject\",\"inLanguage\":\"pt-BR\",\"@id\":\"https:\/\/www.travel3.com.br\/site\/#\/schema\/person\/image\/\",\"url\":\"https:\/\/secure.gravatar.com\/avatar\/732a67adfd764da2a47ba10ce731c4c0?s=96&d=mm&r=g\",\"contentUrl\":\"https:\/\/secure.gravatar.com\/avatar\/732a67adfd764da2a47ba10ce731c4c0?s=96&d=mm&r=g\",\"caption\":\"admin\"},\"url\":\"https:\/\/www.travel3.com.br\/site\/author\/admin\/\"}]}<\/script>\n<!-- \/ Yoast SEO plugin. -->","yoast_head_json":{"title":"MEET FRT TERMINA COM PREMIA\u00c7\u00c3O \u00c0 ALTURA DO EVENTO - Travel3","description":"A TRAVEL3 \u00e9 um portal de conte\u00fado voltado para o turismo, encontre destinos, viagens, hospedagem, passagens, guias, not\u00edcias sobre o mercado do turismo, dicas de viagem, v\u00eddeos e podcast.","robots":{"index":"index","follow":"follow","max-snippet":"max-snippet:-1","max-image-preview":"max-image-preview:large","max-video-preview":"max-video-preview:-1"},"canonical":"https:\/\/www.travel3.com.br\/site\/sem-categoria\/meet-frt-termina-com-premiacao-a-altura-do-evento\/","og_locale":"pt_BR","og_type":"article","og_title":"MEET FRT TERMINA COM PREMIA\u00c7\u00c3O \u00c0 ALTURA DO EVENTO - Travel3","og_description":"A TRAVEL3 \u00e9 um portal de conte\u00fado voltado para o turismo, encontre destinos, viagens, hospedagem, passagens, guias, not\u00edcias sobre o mercado do turismo, dicas de viagem, v\u00eddeos e podcast.","og_url":"https:\/\/www.travel3.com.br\/site\/sem-categoria\/meet-frt-termina-com-premiacao-a-altura-do-evento\/","og_site_name":"Travel3","article_publisher":"https:\/\/www.facebook.com\/travel3media\/","article_published_time":"2017-09-05T12:45:31+00:00","author":"admin","twitter_card":"summary_large_image","twitter_misc":{"Escrito por":"admin","Est. tempo de leitura":"3 minutos"},"schema":{"@context":"https:\/\/schema.org","@graph":[{"@type":"Article","@id":"https:\/\/www.travel3.com.br\/site\/sem-categoria\/meet-frt-termina-com-premiacao-a-altura-do-evento\/#article","isPartOf":{"@id":"https:\/\/www.travel3.com.br\/site\/sem-categoria\/meet-frt-termina-com-premiacao-a-altura-do-evento\/"},"author":{"name":"admin","@id":"https:\/\/www.travel3.com.br\/site\/#\/schema\/person\/a69d71e41a024999b6ab82369ac0bd1e"},"headline":"MEET FRT TERMINA COM PREMIA\u00c7\u00c3O \u00c0 ALTURA DO EVENTO","datePublished":"2017-09-05T12:45:31+00:00","mainEntityOfPage":{"@id":"https:\/\/www.travel3.com.br\/site\/sem-categoria\/meet-frt-termina-com-premiacao-a-altura-do-evento\/"},"wordCount":554,"commentCount":0,"publisher":{"@id":"https:\/\/www.travel3.com.br\/site\/#organization"},"inLanguage":"pt-BR","potentialAction":[{"@type":"CommentAction","name":"Comment","target":["https:\/\/www.travel3.com.br\/site\/sem-categoria\/meet-frt-termina-com-premiacao-a-altura-do-evento\/#respond"]}]},{"@type":"WebPage","@id":"https:\/\/www.travel3.com.br\/site\/sem-categoria\/meet-frt-termina-com-premiacao-a-altura-do-evento\/","url":"https:\/\/www.travel3.com.br\/site\/sem-categoria\/meet-frt-termina-com-premiacao-a-altura-do-evento\/","name":"MEET FRT TERMINA COM PREMIA\u00c7\u00c3O \u00c0 ALTURA DO EVENTO - Travel3","isPartOf":{"@id":"https:\/\/www.travel3.com.br\/site\/#website"},"datePublished":"2017-09-05T12:45:31+00:00","description":"A TRAVEL3 \u00e9 um portal de conte\u00fado voltado para o turismo, encontre destinos, viagens, hospedagem, passagens, guias, not\u00edcias sobre o mercado do turismo, dicas de viagem, v\u00eddeos e podcast.","breadcrumb":{"@id":"https:\/\/www.travel3.com.br\/site\/sem-categoria\/meet-frt-termina-com-premiacao-a-altura-do-evento\/#breadcrumb"},"inLanguage":"pt-BR","potentialAction":[{"@type":"ReadAction","target":["https:\/\/www.travel3.com.br\/site\/sem-categoria\/meet-frt-termina-com-premiacao-a-altura-do-evento\/"]}]},{"@type":"BreadcrumbList","@id":"https:\/\/www.travel3.com.br\/site\/sem-categoria\/meet-frt-termina-com-premiacao-a-altura-do-evento\/#breadcrumb","itemListElement":[{"@type":"ListItem","position":1,"name":"In\u00edcio","item":"https:\/\/www.travel3.com.br\/site\/"},{"@type":"ListItem","position":2,"name":"MEET FRT TERMINA COM PREMIA\u00c7\u00c3O \u00c0 ALTURA DO EVENTO"}]},{"@type":"WebSite","@id":"https:\/\/www.travel3.com.br\/site\/#website","url":"https:\/\/www.travel3.com.br\/site\/","name":"Travel3","description":"Lazer + Neg&oacute;cios + Aventura","publisher":{"@id":"https:\/\/www.travel3.com.br\/site\/#organization"},"potentialAction":[{"@type":"SearchAction","target":{"@type":"EntryPoint","urlTemplate":"https:\/\/www.travel3.com.br\/site\/?s={search_term_string}"},"query-input":{"@type":"PropertyValueSpecification","valueRequired":true,"valueName":"search_term_string"}}],"inLanguage":"pt-BR"},{"@type":"Organization","@id":"https:\/\/www.travel3.com.br\/site\/#organization","name":"Travel3","url":"https:\/\/www.travel3.com.br\/site\/","logo":{"@type":"ImageObject","inLanguage":"pt-BR","@id":"https:\/\/www.travel3.com.br\/site\/#\/schema\/logo\/image\/","url":"https:\/\/www.travel3.com.br\/site\/wp-content\/uploads\/2020\/01\/logo-travel3-2020.png","contentUrl":"https:\/\/www.travel3.com.br\/site\/wp-content\/uploads\/2020\/01\/logo-travel3-2020.png","width":232,"height":79,"caption":"Travel3"},"image":{"@id":"https:\/\/www.travel3.com.br\/site\/#\/schema\/logo\/image\/"},"sameAs":["https:\/\/www.facebook.com\/travel3media\/","https:\/\/www.instagram.com\/revistatravel3\/","https:\/\/www.youtube.com\/channel\/UCno7J4paGBR3VbZQzvoJ9Eg"]},{"@type":"Person","@id":"https:\/\/www.travel3.com.br\/site\/#\/schema\/person\/a69d71e41a024999b6ab82369ac0bd1e","name":"admin","image":{"@type":"ImageObject","inLanguage":"pt-BR","@id":"https:\/\/www.travel3.com.br\/site\/#\/schema\/person\/image\/","url":"https:\/\/secure.gravatar.com\/avatar\/732a67adfd764da2a47ba10ce731c4c0?s=96&d=mm&r=g","contentUrl":"https:\/\/secure.gravatar.com\/avatar\/732a67adfd764da2a47ba10ce731c4c0?s=96&d=mm&r=g","caption":"admin"},"url":"https:\/\/www.travel3.com.br\/site\/author\/admin\/"}]}},"_links":{"self":[{"href":"https:\/\/www.travel3.com.br\/site\/wp-json\/wp\/v2\/posts\/1396","targetHints":{"allow":["GET"]}}],"collection":[{"href":"https:\/\/www.travel3.com.br\/site\/wp-json\/wp\/v2\/posts"}],"about":[{"href":"https:\/\/www.travel3.com.br\/site\/wp-json\/wp\/v2\/types\/post"}],"author":[{"embeddable":true,"href":"https:\/\/www.travel3.com.br\/site\/wp-json\/wp\/v2\/users\/1"}],"replies":[{"embeddable":true,"href":"https:\/\/www.travel3.com.br\/site\/wp-json\/wp\/v2\/comments?post=1396"}],"version-history":[{"count":0,"href":"https:\/\/www.travel3.com.br\/site\/wp-json\/wp\/v2\/posts\/1396\/revisions"}],"wp:attachment":[{"href":"https:\/\/www.travel3.com.br\/site\/wp-json\/wp\/v2\/media?parent=1396"}],"wp:term":[{"taxonomy":"category","embeddable":true,"href":"https:\/\/www.travel3.com.br\/site\/wp-json\/wp\/v2\/categories?post=1396"},{"taxonomy":"post_tag","embeddable":true,"href":"https:\/\/www.travel3.com.br\/site\/wp-json\/wp\/v2\/tags?post=1396"}],"curies":[{"name":"wp","href":"https:\/\/api.w.org\/{rel}","templated":true}]}}