{"id":1371,"date":"2017-09-09T17:42:41","date_gmt":"2017-09-09T17:42:41","guid":{"rendered":"http:\/\/www.travel3.com.br\/site\/ir-e-vir\/ar\/a-rapida-expansao-dos-destinos-europeus-na-temporada-2017\/"},"modified":"2017-09-09T17:42:41","modified_gmt":"2017-09-09T17:42:41","slug":"a-rapida-expansao-dos-destinos-europeus-na-temporada-2017","status":"publish","type":"post","link":"https:\/\/www.travel3.com.br\/site\/sem-categoria\/a-rapida-expansao-dos-destinos-europeus-na-temporada-2017\/","title":{"rendered":"A R\u00c1PIDA EXPANS\u00c3O DOS DESTINOS EUROPEUS NA TEMPORADA 2017"},"content":{"rendered":"<p><span style=\"color: #40acad; font-family: -apple-system, system-ui, 'Segoe UI', Roboto, Oxygen-Sans, Ubuntu, Cantarell, 'Helvetica Neue', sans-serif; font-size: 12px; font-weight: bold;\"><\/p>\n<p style=\"text-align:justify\">A Europa est\u00e1 retomando um numero consider\u00e1vel de visitantes e o velho continente mostra que continua a atrair milh\u00f5es de viajantes internacionais confirmando a resist\u00eancia do setor a incertezas geopol\u00edticas e mesmo a percep\u00e7\u00f5es de seguran\u00e7a. \u00a0<\/p>\n<p style=\"text-align:justify\"><a class=\"fancybox-media\" href=\"..\/_uploads\/_noticia\/2017-07\/europaturismoglobal.jpg\" rel=\"portfolio\"><img decoding=\"async\" alt=\"\" src=\"..\/_uploads\/_noticia\/2017-07\/europaturismoglobal.jpg\" \/><\/a> <strong>No ano passado a Europa recebeu 615 milh\u00f5es de chegadas de turistas internacionais, conforme relat\u00f3rio da OMT<\/strong><\/p>\n<p style=\"text-align:justify\">O relat\u00f3rio &#39;T<em>urismo Europeu 2017-Trends &#038; Prospects<\/em>&#39;\u00a0, \u00a0mostra que 28 dos 30 destinos \u00a0mostraram crescimento \u00a0neste primeiro semestre de 2017, com quase um em cada dois \u00a0registrando aumentos de dois d\u00edgitos.\u00a0<\/p>\n<p style=\"text-align:justify\"><a class=\"fancybox-media\" href=\"..\/_uploads\/_noticia\/2017-07\/islndiareikjavickfotogeral.jpg\" rel=\"portfolio\"><img decoding=\"async\" alt=\"\" src=\"..\/_uploads\/_noticia\/2017-07\/islndiareikjavickfotogeral.jpg\" \/><\/a><\/p>\n<p style=\"text-align:justify\"><strong>Reikjavic, capital islandesa, em vista geral (<\/strong><em>foto\/arquivo)<\/em><\/p>\n<p style=\"text-align:justify\">A Isl\u00e2ndia, (+ 56%) foi o destino de maior crescimento. Montenegro (+ 25%), Malta (+ 23%) e Chipre (+ 18%) tamb\u00e9m \u00a0registraram aumentos substanciais.\u00a0Uma vez que esses destinos dependem fortemente da demanda m\u00e1xima de ver\u00e3o, o crescimento fora deste per\u00edodo reflete um sucesso na redu\u00e7\u00e3o da sazonalidade.<\/p>\n<p style=\"text-align:justify\">A Finl\u00e2ndia (+ 18%) e a Bulg\u00e1ria (+ 17%), tamb\u00e9m experimentaram um crescimento robusto.\u00a0Enquanto o aumento \u00a0dos turistas chineses aumentou na regi\u00e3o n\u00f3rdica, a Bulg\u00e1ria parece ter sido uma alternativa barata aos destinos tradicionais de inverno.\u00a0<\/p>\n<p style=\"text-align:justify\">Portugal, S\u00e9rvia e Cro\u00e1cia (todos + 15%) \u00a0tamb\u00e9m foram bem ajudados por fortes esfor\u00e7os de marketing e melhor conectividade a\u00e9rea.\u00a0A Turquia (-8%), no entanto, continua enfrentando desafios de seguran\u00e7a que retardam a taxa de expans\u00e3o.<\/p>\n<p style=\"text-align:justify\">A promo\u00e7\u00e3o das condi\u00e7\u00f5es econ\u00f4micas na zona do euro parece estar por tr\u00e1s do crescimento das chegadas da Alemanha, Fran\u00e7a e It\u00e1lia.\u00a0Enquanto isso, a maioria dos destinos viu aumentos not\u00e1veis \u200b\u200bdo Reino Unido, com a Cro\u00e1cia e a Bulg\u00e1ria desfrutando o crescimento mais r\u00e1pido, de \u00a0+ 40% e + 26%, respectivamente.\u00a0<\/p>\n<p style=\"text-align:justify\">Todos os destinos recuperaram as quedas anteriores da demanda de viagens russa.\u00a0As \u00a0perspectivas continuam otimistas na mesma medida em que a economia continua a melhorar.\u00a0<\/p>\n<p style=\"text-align:justify\">Os fluxos de viagens da China e do Jap\u00e3o para a Europa foram mais fracos devido a preocupa\u00e7\u00f5es de seguran\u00e7a e seguran\u00e7a em todo o continente.\u00a0No entanto, estima-se que ambos os mercados tenham aumentado + 14% e + 5%, respectivamente, \u00a0nestes primeiros seis meses do ano.<\/p>\n<p style=\"text-align:justify\">&#8220;Apesar de um mercado interno europeu continuar est\u00e1vel, o crescimento tamb\u00e9m \u00e9 impulsionado por mercados de origem de longo curso. Os pre\u00e7os do petr\u00f3leo baratos, trocas de c\u00e2mbio favor\u00e1veis, o aumento das classes m\u00e9dias, a melhor conectividade do e facilita\u00e7\u00e3o de viagens, contribuem significativamente para o aumento das viagens para a Europa,&#8221;\u00a0 afirma \u00a0Eduardo Santander\u00a0, diretor executivo da European Travel Commission (ETC).<\/p>\n<p style=\"text-align:justify\">\u00a0<\/p>\n<p>\u00a0<\/p>\n<p>\u00a0<\/p>\n<p><\/span><\/p>\n","protected":false},"excerpt":{"rendered":"<p>Relat\u00f3rio da Comiss\u00e3o Europ\u00e9ia indica que 28 dos 30 destinos registraram aumento, em v\u00e1rios at\u00e9 de dois d\u00edgitos e a Isl\u00e2ndia foi quem mais cresceu<\/p>\n","protected":false},"author":1,"featured_media":0,"comment_status":"open","ping_status":"open","sticky":false,"template":"","format":"standard","meta":{"footnotes":""},"categories":[],"tags":[],"class_list":["post-1371","post","type-post","status-publish","format-standard","hentry"],"yoast_head":"<!-- This site is optimized with the Yoast SEO plugin v26.2 - https:\/\/yoast.com\/wordpress\/plugins\/seo\/ -->\n<title>A R\u00c1PIDA EXPANS\u00c3O DOS DESTINOS EUROPEUS NA TEMPORADA 2017 - Travel3<\/title>\n<meta name=\"description\" content=\"A TRAVEL3 \u00e9 um portal de conte\u00fado voltado para o turismo, encontre destinos, viagens, hospedagem, passagens, guias, not\u00edcias sobre o mercado do turismo, dicas de viagem, v\u00eddeos e podcast.\" \/>\n<meta name=\"robots\" content=\"index, follow, max-snippet:-1, max-image-preview:large, max-video-preview:-1\" \/>\n<link rel=\"canonical\" href=\"https:\/\/www.travel3.com.br\/site\/sem-categoria\/a-rapida-expansao-dos-destinos-europeus-na-temporada-2017\/\" \/>\n<meta property=\"og:locale\" content=\"pt_BR\" \/>\n<meta property=\"og:type\" content=\"article\" \/>\n<meta property=\"og:title\" content=\"A R\u00c1PIDA EXPANS\u00c3O DOS DESTINOS EUROPEUS NA TEMPORADA 2017 - Travel3\" \/>\n<meta property=\"og:description\" content=\"A TRAVEL3 \u00e9 um portal de conte\u00fado voltado para o turismo, encontre destinos, viagens, hospedagem, passagens, guias, not\u00edcias sobre o mercado do turismo, dicas de viagem, v\u00eddeos e podcast.\" \/>\n<meta property=\"og:url\" content=\"https:\/\/www.travel3.com.br\/site\/sem-categoria\/a-rapida-expansao-dos-destinos-europeus-na-temporada-2017\/\" \/>\n<meta property=\"og:site_name\" content=\"Travel3\" \/>\n<meta property=\"article:publisher\" content=\"https:\/\/www.facebook.com\/travel3media\/\" \/>\n<meta property=\"article:published_time\" content=\"2017-09-09T17:42:41+00:00\" \/>\n<meta name=\"author\" content=\"admin\" \/>\n<meta name=\"twitter:card\" content=\"summary_large_image\" \/>\n<meta name=\"twitter:label1\" content=\"Escrito por\" \/>\n\t<meta name=\"twitter:data1\" content=\"admin\" \/>\n\t<meta name=\"twitter:label2\" content=\"Est. tempo de leitura\" \/>\n\t<meta name=\"twitter:data2\" content=\"2 minutos\" \/>\n<script type=\"application\/ld+json\" class=\"yoast-schema-graph\">{\"@context\":\"https:\/\/schema.org\",\"@graph\":[{\"@type\":\"Article\",\"@id\":\"https:\/\/www.travel3.com.br\/site\/sem-categoria\/a-rapida-expansao-dos-destinos-europeus-na-temporada-2017\/#article\",\"isPartOf\":{\"@id\":\"https:\/\/www.travel3.com.br\/site\/sem-categoria\/a-rapida-expansao-dos-destinos-europeus-na-temporada-2017\/\"},\"author\":{\"name\":\"admin\",\"@id\":\"https:\/\/www.travel3.com.br\/site\/#\/schema\/person\/a69d71e41a024999b6ab82369ac0bd1e\"},\"headline\":\"A R\u00c1PIDA EXPANS\u00c3O DOS DESTINOS EUROPEUS NA TEMPORADA 2017\",\"datePublished\":\"2017-09-09T17:42:41+00:00\",\"mainEntityOfPage\":{\"@id\":\"https:\/\/www.travel3.com.br\/site\/sem-categoria\/a-rapida-expansao-dos-destinos-europeus-na-temporada-2017\/\"},\"wordCount\":433,\"commentCount\":0,\"publisher\":{\"@id\":\"https:\/\/www.travel3.com.br\/site\/#organization\"},\"inLanguage\":\"pt-BR\",\"potentialAction\":[{\"@type\":\"CommentAction\",\"name\":\"Comment\",\"target\":[\"https:\/\/www.travel3.com.br\/site\/sem-categoria\/a-rapida-expansao-dos-destinos-europeus-na-temporada-2017\/#respond\"]}]},{\"@type\":\"WebPage\",\"@id\":\"https:\/\/www.travel3.com.br\/site\/sem-categoria\/a-rapida-expansao-dos-destinos-europeus-na-temporada-2017\/\",\"url\":\"https:\/\/www.travel3.com.br\/site\/sem-categoria\/a-rapida-expansao-dos-destinos-europeus-na-temporada-2017\/\",\"name\":\"A R\u00c1PIDA EXPANS\u00c3O DOS DESTINOS EUROPEUS NA TEMPORADA 2017 - Travel3\",\"isPartOf\":{\"@id\":\"https:\/\/www.travel3.com.br\/site\/#website\"},\"datePublished\":\"2017-09-09T17:42:41+00:00\",\"description\":\"A TRAVEL3 \u00e9 um portal de conte\u00fado voltado para o turismo, encontre destinos, viagens, hospedagem, passagens, guias, not\u00edcias sobre o mercado do turismo, dicas de viagem, v\u00eddeos e podcast.\",\"breadcrumb\":{\"@id\":\"https:\/\/www.travel3.com.br\/site\/sem-categoria\/a-rapida-expansao-dos-destinos-europeus-na-temporada-2017\/#breadcrumb\"},\"inLanguage\":\"pt-BR\",\"potentialAction\":[{\"@type\":\"ReadAction\",\"target\":[\"https:\/\/www.travel3.com.br\/site\/sem-categoria\/a-rapida-expansao-dos-destinos-europeus-na-temporada-2017\/\"]}]},{\"@type\":\"BreadcrumbList\",\"@id\":\"https:\/\/www.travel3.com.br\/site\/sem-categoria\/a-rapida-expansao-dos-destinos-europeus-na-temporada-2017\/#breadcrumb\",\"itemListElement\":[{\"@type\":\"ListItem\",\"position\":1,\"name\":\"In\u00edcio\",\"item\":\"https:\/\/www.travel3.com.br\/site\/\"},{\"@type\":\"ListItem\",\"position\":2,\"name\":\"A R\u00c1PIDA EXPANS\u00c3O DOS DESTINOS EUROPEUS NA TEMPORADA 2017\"}]},{\"@type\":\"WebSite\",\"@id\":\"https:\/\/www.travel3.com.br\/site\/#website\",\"url\":\"https:\/\/www.travel3.com.br\/site\/\",\"name\":\"Travel3\",\"description\":\"Lazer + Neg&oacute;cios + Aventura\",\"publisher\":{\"@id\":\"https:\/\/www.travel3.com.br\/site\/#organization\"},\"potentialAction\":[{\"@type\":\"SearchAction\",\"target\":{\"@type\":\"EntryPoint\",\"urlTemplate\":\"https:\/\/www.travel3.com.br\/site\/?s={search_term_string}\"},\"query-input\":{\"@type\":\"PropertyValueSpecification\",\"valueRequired\":true,\"valueName\":\"search_term_string\"}}],\"inLanguage\":\"pt-BR\"},{\"@type\":\"Organization\",\"@id\":\"https:\/\/www.travel3.com.br\/site\/#organization\",\"name\":\"Travel3\",\"url\":\"https:\/\/www.travel3.com.br\/site\/\",\"logo\":{\"@type\":\"ImageObject\",\"inLanguage\":\"pt-BR\",\"@id\":\"https:\/\/www.travel3.com.br\/site\/#\/schema\/logo\/image\/\",\"url\":\"https:\/\/www.travel3.com.br\/site\/wp-content\/uploads\/2020\/01\/logo-travel3-2020.png\",\"contentUrl\":\"https:\/\/www.travel3.com.br\/site\/wp-content\/uploads\/2020\/01\/logo-travel3-2020.png\",\"width\":232,\"height\":79,\"caption\":\"Travel3\"},\"image\":{\"@id\":\"https:\/\/www.travel3.com.br\/site\/#\/schema\/logo\/image\/\"},\"sameAs\":[\"https:\/\/www.facebook.com\/travel3media\/\",\"https:\/\/www.instagram.com\/revistatravel3\/\",\"https:\/\/www.youtube.com\/channel\/UCno7J4paGBR3VbZQzvoJ9Eg\"]},{\"@type\":\"Person\",\"@id\":\"https:\/\/www.travel3.com.br\/site\/#\/schema\/person\/a69d71e41a024999b6ab82369ac0bd1e\",\"name\":\"admin\",\"image\":{\"@type\":\"ImageObject\",\"inLanguage\":\"pt-BR\",\"@id\":\"https:\/\/www.travel3.com.br\/site\/#\/schema\/person\/image\/\",\"url\":\"https:\/\/secure.gravatar.com\/avatar\/732a67adfd764da2a47ba10ce731c4c0?s=96&d=mm&r=g\",\"contentUrl\":\"https:\/\/secure.gravatar.com\/avatar\/732a67adfd764da2a47ba10ce731c4c0?s=96&d=mm&r=g\",\"caption\":\"admin\"},\"url\":\"https:\/\/www.travel3.com.br\/site\/author\/admin\/\"}]}<\/script>\n<!-- \/ Yoast SEO plugin. -->","yoast_head_json":{"title":"A R\u00c1PIDA EXPANS\u00c3O DOS DESTINOS EUROPEUS NA TEMPORADA 2017 - Travel3","description":"A TRAVEL3 \u00e9 um portal de conte\u00fado voltado para o turismo, encontre destinos, viagens, hospedagem, passagens, guias, not\u00edcias sobre o mercado do turismo, dicas de viagem, v\u00eddeos e podcast.","robots":{"index":"index","follow":"follow","max-snippet":"max-snippet:-1","max-image-preview":"max-image-preview:large","max-video-preview":"max-video-preview:-1"},"canonical":"https:\/\/www.travel3.com.br\/site\/sem-categoria\/a-rapida-expansao-dos-destinos-europeus-na-temporada-2017\/","og_locale":"pt_BR","og_type":"article","og_title":"A R\u00c1PIDA EXPANS\u00c3O DOS DESTINOS EUROPEUS NA TEMPORADA 2017 - Travel3","og_description":"A TRAVEL3 \u00e9 um portal de conte\u00fado voltado para o turismo, encontre destinos, viagens, hospedagem, passagens, guias, not\u00edcias sobre o mercado do turismo, dicas de viagem, v\u00eddeos e podcast.","og_url":"https:\/\/www.travel3.com.br\/site\/sem-categoria\/a-rapida-expansao-dos-destinos-europeus-na-temporada-2017\/","og_site_name":"Travel3","article_publisher":"https:\/\/www.facebook.com\/travel3media\/","article_published_time":"2017-09-09T17:42:41+00:00","author":"admin","twitter_card":"summary_large_image","twitter_misc":{"Escrito por":"admin","Est. tempo de leitura":"2 minutos"},"schema":{"@context":"https:\/\/schema.org","@graph":[{"@type":"Article","@id":"https:\/\/www.travel3.com.br\/site\/sem-categoria\/a-rapida-expansao-dos-destinos-europeus-na-temporada-2017\/#article","isPartOf":{"@id":"https:\/\/www.travel3.com.br\/site\/sem-categoria\/a-rapida-expansao-dos-destinos-europeus-na-temporada-2017\/"},"author":{"name":"admin","@id":"https:\/\/www.travel3.com.br\/site\/#\/schema\/person\/a69d71e41a024999b6ab82369ac0bd1e"},"headline":"A R\u00c1PIDA EXPANS\u00c3O DOS DESTINOS EUROPEUS NA TEMPORADA 2017","datePublished":"2017-09-09T17:42:41+00:00","mainEntityOfPage":{"@id":"https:\/\/www.travel3.com.br\/site\/sem-categoria\/a-rapida-expansao-dos-destinos-europeus-na-temporada-2017\/"},"wordCount":433,"commentCount":0,"publisher":{"@id":"https:\/\/www.travel3.com.br\/site\/#organization"},"inLanguage":"pt-BR","potentialAction":[{"@type":"CommentAction","name":"Comment","target":["https:\/\/www.travel3.com.br\/site\/sem-categoria\/a-rapida-expansao-dos-destinos-europeus-na-temporada-2017\/#respond"]}]},{"@type":"WebPage","@id":"https:\/\/www.travel3.com.br\/site\/sem-categoria\/a-rapida-expansao-dos-destinos-europeus-na-temporada-2017\/","url":"https:\/\/www.travel3.com.br\/site\/sem-categoria\/a-rapida-expansao-dos-destinos-europeus-na-temporada-2017\/","name":"A R\u00c1PIDA EXPANS\u00c3O DOS DESTINOS EUROPEUS NA TEMPORADA 2017 - Travel3","isPartOf":{"@id":"https:\/\/www.travel3.com.br\/site\/#website"},"datePublished":"2017-09-09T17:42:41+00:00","description":"A TRAVEL3 \u00e9 um portal de conte\u00fado voltado para o turismo, encontre destinos, viagens, hospedagem, passagens, guias, not\u00edcias sobre o mercado do turismo, dicas de viagem, v\u00eddeos e podcast.","breadcrumb":{"@id":"https:\/\/www.travel3.com.br\/site\/sem-categoria\/a-rapida-expansao-dos-destinos-europeus-na-temporada-2017\/#breadcrumb"},"inLanguage":"pt-BR","potentialAction":[{"@type":"ReadAction","target":["https:\/\/www.travel3.com.br\/site\/sem-categoria\/a-rapida-expansao-dos-destinos-europeus-na-temporada-2017\/"]}]},{"@type":"BreadcrumbList","@id":"https:\/\/www.travel3.com.br\/site\/sem-categoria\/a-rapida-expansao-dos-destinos-europeus-na-temporada-2017\/#breadcrumb","itemListElement":[{"@type":"ListItem","position":1,"name":"In\u00edcio","item":"https:\/\/www.travel3.com.br\/site\/"},{"@type":"ListItem","position":2,"name":"A R\u00c1PIDA EXPANS\u00c3O DOS DESTINOS EUROPEUS NA TEMPORADA 2017"}]},{"@type":"WebSite","@id":"https:\/\/www.travel3.com.br\/site\/#website","url":"https:\/\/www.travel3.com.br\/site\/","name":"Travel3","description":"Lazer + Neg&oacute;cios + Aventura","publisher":{"@id":"https:\/\/www.travel3.com.br\/site\/#organization"},"potentialAction":[{"@type":"SearchAction","target":{"@type":"EntryPoint","urlTemplate":"https:\/\/www.travel3.com.br\/site\/?s={search_term_string}"},"query-input":{"@type":"PropertyValueSpecification","valueRequired":true,"valueName":"search_term_string"}}],"inLanguage":"pt-BR"},{"@type":"Organization","@id":"https:\/\/www.travel3.com.br\/site\/#organization","name":"Travel3","url":"https:\/\/www.travel3.com.br\/site\/","logo":{"@type":"ImageObject","inLanguage":"pt-BR","@id":"https:\/\/www.travel3.com.br\/site\/#\/schema\/logo\/image\/","url":"https:\/\/www.travel3.com.br\/site\/wp-content\/uploads\/2020\/01\/logo-travel3-2020.png","contentUrl":"https:\/\/www.travel3.com.br\/site\/wp-content\/uploads\/2020\/01\/logo-travel3-2020.png","width":232,"height":79,"caption":"Travel3"},"image":{"@id":"https:\/\/www.travel3.com.br\/site\/#\/schema\/logo\/image\/"},"sameAs":["https:\/\/www.facebook.com\/travel3media\/","https:\/\/www.instagram.com\/revistatravel3\/","https:\/\/www.youtube.com\/channel\/UCno7J4paGBR3VbZQzvoJ9Eg"]},{"@type":"Person","@id":"https:\/\/www.travel3.com.br\/site\/#\/schema\/person\/a69d71e41a024999b6ab82369ac0bd1e","name":"admin","image":{"@type":"ImageObject","inLanguage":"pt-BR","@id":"https:\/\/www.travel3.com.br\/site\/#\/schema\/person\/image\/","url":"https:\/\/secure.gravatar.com\/avatar\/732a67adfd764da2a47ba10ce731c4c0?s=96&d=mm&r=g","contentUrl":"https:\/\/secure.gravatar.com\/avatar\/732a67adfd764da2a47ba10ce731c4c0?s=96&d=mm&r=g","caption":"admin"},"url":"https:\/\/www.travel3.com.br\/site\/author\/admin\/"}]}},"_links":{"self":[{"href":"https:\/\/www.travel3.com.br\/site\/wp-json\/wp\/v2\/posts\/1371","targetHints":{"allow":["GET"]}}],"collection":[{"href":"https:\/\/www.travel3.com.br\/site\/wp-json\/wp\/v2\/posts"}],"about":[{"href":"https:\/\/www.travel3.com.br\/site\/wp-json\/wp\/v2\/types\/post"}],"author":[{"embeddable":true,"href":"https:\/\/www.travel3.com.br\/site\/wp-json\/wp\/v2\/users\/1"}],"replies":[{"embeddable":true,"href":"https:\/\/www.travel3.com.br\/site\/wp-json\/wp\/v2\/comments?post=1371"}],"version-history":[{"count":0,"href":"https:\/\/www.travel3.com.br\/site\/wp-json\/wp\/v2\/posts\/1371\/revisions"}],"wp:attachment":[{"href":"https:\/\/www.travel3.com.br\/site\/wp-json\/wp\/v2\/media?parent=1371"}],"wp:term":[{"taxonomy":"category","embeddable":true,"href":"https:\/\/www.travel3.com.br\/site\/wp-json\/wp\/v2\/categories?post=1371"},{"taxonomy":"post_tag","embeddable":true,"href":"https:\/\/www.travel3.com.br\/site\/wp-json\/wp\/v2\/tags?post=1371"}],"curies":[{"name":"wp","href":"https:\/\/api.w.org\/{rel}","templated":true}]}}