{"id":1357,"date":"2017-09-11T08:38:12","date_gmt":"2017-09-11T08:38:12","guid":{"rendered":"http:\/\/www.travel3.com.br\/site\/ir-e-vir\/ar\/vesuvio-volta-a-ser-referencia-turistica-e-a-gerar-preocupacoes\/"},"modified":"2017-09-11T08:38:12","modified_gmt":"2017-09-11T08:38:12","slug":"vesuvio-volta-a-ser-referencia-turistica-e-a-gerar-preocupacoes","status":"publish","type":"post","link":"https:\/\/www.travel3.com.br\/site\/sem-categoria\/vesuvio-volta-a-ser-referencia-turistica-e-a-gerar-preocupacoes\/","title":{"rendered":"VESUVIO VOLTA A SER REFER\u00caNCIA TUR\u00cdSTICA E A GERAR PREOCUPA\u00c7\u00d5ES"},"content":{"rendered":"<p><span style=\"color: #40acad; font-family: -apple-system, system-ui, 'Segoe UI', Roboto, Oxygen-Sans, Ubuntu, Cantarell, 'Helvetica Neue', sans-serif; font-size: 12px; font-weight: bold;\"><\/p>\n<p style=\"text-align:justify\">Quando se fala em vulc\u00e3o, um dos primeiros \u00e0 ser lembrado \u00e9 o Vesuvio, na regi\u00e3o da S\u00edcilia. Uma fama herdada pela destrui\u00e7\u00e3o de Pomp\u00e9ia, no ano 79 DC, com mais de 1,5 mil vitimas, e que provocou uma transforma\u00e7\u00e3o nos meios pol\u00edticos e sociais da It\u00e1lia.<\/p>\n<p style=\"text-align:justify\"><a class=\"fancybox-media\" href=\"..\/_uploads\/_noticia\/2017-07\/vesuviodominandogolfodenapoli.jpg\" rel=\"portfolio\"><img decoding=\"async\" alt=\"\" src=\"..\/_uploads\/_noticia\/2017-07\/vesuviodominandogolfodenapoli.jpg\" \/><\/a><\/p>\n<p style=\"text-align:justify\">Adormecido durante s\u00e9culos, de vez em quando o Vesuvio \u2013 que se transformou em atrativo tur\u00edstico \u2013 volta \u00e0 cena, como aconteceu na semana passada, quando assustou viajantes e habitantes pr\u00f3ximos pelos grandes rolos de fuma\u00e7a que emitiu, al\u00e9m do barulho a sinalizar poss\u00edveis emiss\u00f5es.<\/p>\n<p style=\"text-align:justify\">A ultima grande eruop\u00e7\u00e3o do Vesuvio foi em 1944, na segunda Grande Guerra, quando 28 pessoas morreram e foram destru\u00eddos 80 avi\u00f5es da For\u00e7a A\u00e9rea dos EUA que estavam nas cercanias.<\/p>\n<p style=\"text-align:justify\">A maior preocupa\u00e7\u00e3o, no entanto, segundo especialistas no monitoramento do \u00a0vulc\u00e3o \u00e9 o chamado Campos Fl\u00e9greos, um outro \u00a0abaixo, mais para o oeste de N\u00e1poles, considerado \u2018pai do Vesuvio\u2019 e que \u00a0pode estar prestes a despertar.<\/p>\n<p style=\"text-align:justify\"><a class=\"fancybox-media\" href=\"..\/_uploads\/_noticia\/2017-07\/vulcaocampiflegrei.jpg\" rel=\"portfolio\"><img decoding=\"async\" alt=\"\" src=\"..\/_uploads\/_noticia\/2017-07\/vulcaocampiflegrei.jpg\" \/><\/a><\/p>\n<p style=\"text-align:justify\">O vulcan\u00f3logo Stefano Carlino diz que \u00a0\u201ccom base na din\u00e2mica atual da caldeira do Campos Fl\u00e9greos, a pr\u00f3xima erup\u00e7\u00e3o esperada \u00e9 \u00a0ainda pequena, possivelmente semelhante \u00e0 \u00faltima ocorrida em 1538.\u00a0Neste caso, uma parte dos 450.000 moradores que vivem dentro da zona estar\u00e3o em perigo.\u00a0Confirma tamb\u00e9m que h\u00e1 mais de uma d\u00e9cada este vulc\u00e3o est\u00e1 dando sinais de forma\u00e7\u00e3o da magma dentro do campo vulc\u00e2nico que ocupa mais de 13 km de \u00e1rea de atividades, com mais de 20 caldeiras, fontes termais, g\u00eaiseres e gaseifica\u00e7\u00f5es.\u00a0<\/p>\n<p style=\"text-align:justify\">As ultimas inquieta\u00e7\u00f5es do Vesuvio ressuscitaram o interesse tur\u00edstico existente por parte dos viajantes e curiosos. Neste fim de semana houve o registro de um numero recorde de turistas nos pacotes para a regi\u00e3o, com a hotelaria de N\u00e1poles apresentando um aumento de 50%.<\/p>\n<p style=\"text-align:justify\"><a class=\"fancybox-media\" href=\"..\/_uploads\/_noticia\/2017-07\/vesuvioturistasvisitando.jpg\" rel=\"portfolio\"><img decoding=\"async\" alt=\"\" src=\"..\/_uploads\/_noticia\/2017-07\/vesuvioturistasvisitando.jpg\" \/><\/a><\/p>\n<p style=\"text-align:justify\"><strong>Unico vulc\u00e3o ativo na Europa, o Vesuvio \u00e9 a quarta atra\u00e7\u00e3o tur\u00edstica mais visitada da It\u00e1lia e \u00e9 possivel chegar at\u00e9 o seu cume por trilhas que permitem observa\u00e7\u00e3o pr\u00f3xima <\/strong><em>(foto Shutterstock)<\/em><\/p>\n<p style=\"text-align:justify\">\u00a0<\/p>\n<p>\u00a0<\/p>\n<p>\u00a0<\/p>\n<p>\u00a0<\/p>\n<p><\/span><\/p>\n","protected":false},"excerpt":{"rendered":"<p>Vulc\u00e3o que estava inativo desde 1944, na Segunda Guerra Mundial, voltou \u00e0 atividade e assustou turistas na regi\u00e3o de N\u00e1poles<\/p>\n","protected":false},"author":1,"featured_media":0,"comment_status":"open","ping_status":"open","sticky":false,"template":"","format":"standard","meta":{"footnotes":""},"categories":[],"tags":[],"class_list":["post-1357","post","type-post","status-publish","format-standard","hentry"],"yoast_head":"<!-- This site is optimized with the Yoast SEO plugin v26.2 - https:\/\/yoast.com\/wordpress\/plugins\/seo\/ -->\n<title>VESUVIO VOLTA A SER REFER\u00caNCIA TUR\u00cdSTICA E A GERAR PREOCUPA\u00c7\u00d5ES - Travel3<\/title>\n<meta name=\"description\" content=\"A TRAVEL3 \u00e9 um portal de conte\u00fado voltado para o turismo, encontre destinos, viagens, hospedagem, passagens, guias, not\u00edcias sobre o mercado do turismo, dicas de viagem, v\u00eddeos e podcast.\" \/>\n<meta name=\"robots\" content=\"index, follow, max-snippet:-1, max-image-preview:large, max-video-preview:-1\" \/>\n<link rel=\"canonical\" href=\"https:\/\/www.travel3.com.br\/site\/sem-categoria\/vesuvio-volta-a-ser-referencia-turistica-e-a-gerar-preocupacoes\/\" \/>\n<meta property=\"og:locale\" content=\"pt_BR\" \/>\n<meta property=\"og:type\" content=\"article\" \/>\n<meta property=\"og:title\" content=\"VESUVIO VOLTA A SER REFER\u00caNCIA TUR\u00cdSTICA E A GERAR PREOCUPA\u00c7\u00d5ES - Travel3\" \/>\n<meta property=\"og:description\" content=\"A TRAVEL3 \u00e9 um portal de conte\u00fado voltado para o turismo, encontre destinos, viagens, hospedagem, passagens, guias, not\u00edcias sobre o mercado do turismo, dicas de viagem, v\u00eddeos e podcast.\" \/>\n<meta property=\"og:url\" content=\"https:\/\/www.travel3.com.br\/site\/sem-categoria\/vesuvio-volta-a-ser-referencia-turistica-e-a-gerar-preocupacoes\/\" \/>\n<meta property=\"og:site_name\" content=\"Travel3\" \/>\n<meta property=\"article:publisher\" content=\"https:\/\/www.facebook.com\/travel3media\/\" \/>\n<meta property=\"article:published_time\" content=\"2017-09-11T08:38:12+00:00\" \/>\n<meta name=\"author\" content=\"admin\" \/>\n<meta name=\"twitter:card\" content=\"summary_large_image\" \/>\n<meta name=\"twitter:label1\" content=\"Escrito por\" \/>\n\t<meta name=\"twitter:data1\" content=\"admin\" \/>\n\t<meta name=\"twitter:label2\" content=\"Est. tempo de leitura\" \/>\n\t<meta name=\"twitter:data2\" content=\"2 minutos\" \/>\n<script type=\"application\/ld+json\" class=\"yoast-schema-graph\">{\"@context\":\"https:\/\/schema.org\",\"@graph\":[{\"@type\":\"Article\",\"@id\":\"https:\/\/www.travel3.com.br\/site\/sem-categoria\/vesuvio-volta-a-ser-referencia-turistica-e-a-gerar-preocupacoes\/#article\",\"isPartOf\":{\"@id\":\"https:\/\/www.travel3.com.br\/site\/sem-categoria\/vesuvio-volta-a-ser-referencia-turistica-e-a-gerar-preocupacoes\/\"},\"author\":{\"name\":\"admin\",\"@id\":\"https:\/\/www.travel3.com.br\/site\/#\/schema\/person\/a69d71e41a024999b6ab82369ac0bd1e\"},\"headline\":\"VESUVIO VOLTA A SER REFER\u00caNCIA TUR\u00cdSTICA E A GERAR PREOCUPA\u00c7\u00d5ES\",\"datePublished\":\"2017-09-11T08:38:12+00:00\",\"mainEntityOfPage\":{\"@id\":\"https:\/\/www.travel3.com.br\/site\/sem-categoria\/vesuvio-volta-a-ser-referencia-turistica-e-a-gerar-preocupacoes\/\"},\"wordCount\":361,\"commentCount\":0,\"publisher\":{\"@id\":\"https:\/\/www.travel3.com.br\/site\/#organization\"},\"inLanguage\":\"pt-BR\",\"potentialAction\":[{\"@type\":\"CommentAction\",\"name\":\"Comment\",\"target\":[\"https:\/\/www.travel3.com.br\/site\/sem-categoria\/vesuvio-volta-a-ser-referencia-turistica-e-a-gerar-preocupacoes\/#respond\"]}]},{\"@type\":\"WebPage\",\"@id\":\"https:\/\/www.travel3.com.br\/site\/sem-categoria\/vesuvio-volta-a-ser-referencia-turistica-e-a-gerar-preocupacoes\/\",\"url\":\"https:\/\/www.travel3.com.br\/site\/sem-categoria\/vesuvio-volta-a-ser-referencia-turistica-e-a-gerar-preocupacoes\/\",\"name\":\"VESUVIO VOLTA A SER REFER\u00caNCIA TUR\u00cdSTICA E A GERAR PREOCUPA\u00c7\u00d5ES - Travel3\",\"isPartOf\":{\"@id\":\"https:\/\/www.travel3.com.br\/site\/#website\"},\"datePublished\":\"2017-09-11T08:38:12+00:00\",\"description\":\"A TRAVEL3 \u00e9 um portal de conte\u00fado voltado para o turismo, encontre destinos, viagens, hospedagem, passagens, guias, not\u00edcias sobre o mercado do turismo, dicas de viagem, v\u00eddeos e podcast.\",\"breadcrumb\":{\"@id\":\"https:\/\/www.travel3.com.br\/site\/sem-categoria\/vesuvio-volta-a-ser-referencia-turistica-e-a-gerar-preocupacoes\/#breadcrumb\"},\"inLanguage\":\"pt-BR\",\"potentialAction\":[{\"@type\":\"ReadAction\",\"target\":[\"https:\/\/www.travel3.com.br\/site\/sem-categoria\/vesuvio-volta-a-ser-referencia-turistica-e-a-gerar-preocupacoes\/\"]}]},{\"@type\":\"BreadcrumbList\",\"@id\":\"https:\/\/www.travel3.com.br\/site\/sem-categoria\/vesuvio-volta-a-ser-referencia-turistica-e-a-gerar-preocupacoes\/#breadcrumb\",\"itemListElement\":[{\"@type\":\"ListItem\",\"position\":1,\"name\":\"In\u00edcio\",\"item\":\"https:\/\/www.travel3.com.br\/site\/\"},{\"@type\":\"ListItem\",\"position\":2,\"name\":\"VESUVIO VOLTA A SER REFER\u00caNCIA TUR\u00cdSTICA E A GERAR PREOCUPA\u00c7\u00d5ES\"}]},{\"@type\":\"WebSite\",\"@id\":\"https:\/\/www.travel3.com.br\/site\/#website\",\"url\":\"https:\/\/www.travel3.com.br\/site\/\",\"name\":\"Travel3\",\"description\":\"Lazer + Neg&oacute;cios + Aventura\",\"publisher\":{\"@id\":\"https:\/\/www.travel3.com.br\/site\/#organization\"},\"potentialAction\":[{\"@type\":\"SearchAction\",\"target\":{\"@type\":\"EntryPoint\",\"urlTemplate\":\"https:\/\/www.travel3.com.br\/site\/?s={search_term_string}\"},\"query-input\":{\"@type\":\"PropertyValueSpecification\",\"valueRequired\":true,\"valueName\":\"search_term_string\"}}],\"inLanguage\":\"pt-BR\"},{\"@type\":\"Organization\",\"@id\":\"https:\/\/www.travel3.com.br\/site\/#organization\",\"name\":\"Travel3\",\"url\":\"https:\/\/www.travel3.com.br\/site\/\",\"logo\":{\"@type\":\"ImageObject\",\"inLanguage\":\"pt-BR\",\"@id\":\"https:\/\/www.travel3.com.br\/site\/#\/schema\/logo\/image\/\",\"url\":\"https:\/\/www.travel3.com.br\/site\/wp-content\/uploads\/2020\/01\/logo-travel3-2020.png\",\"contentUrl\":\"https:\/\/www.travel3.com.br\/site\/wp-content\/uploads\/2020\/01\/logo-travel3-2020.png\",\"width\":232,\"height\":79,\"caption\":\"Travel3\"},\"image\":{\"@id\":\"https:\/\/www.travel3.com.br\/site\/#\/schema\/logo\/image\/\"},\"sameAs\":[\"https:\/\/www.facebook.com\/travel3media\/\",\"https:\/\/www.instagram.com\/revistatravel3\/\",\"https:\/\/www.youtube.com\/channel\/UCno7J4paGBR3VbZQzvoJ9Eg\"]},{\"@type\":\"Person\",\"@id\":\"https:\/\/www.travel3.com.br\/site\/#\/schema\/person\/a69d71e41a024999b6ab82369ac0bd1e\",\"name\":\"admin\",\"image\":{\"@type\":\"ImageObject\",\"inLanguage\":\"pt-BR\",\"@id\":\"https:\/\/www.travel3.com.br\/site\/#\/schema\/person\/image\/\",\"url\":\"https:\/\/secure.gravatar.com\/avatar\/732a67adfd764da2a47ba10ce731c4c0?s=96&d=mm&r=g\",\"contentUrl\":\"https:\/\/secure.gravatar.com\/avatar\/732a67adfd764da2a47ba10ce731c4c0?s=96&d=mm&r=g\",\"caption\":\"admin\"},\"url\":\"https:\/\/www.travel3.com.br\/site\/author\/admin\/\"}]}<\/script>\n<!-- \/ Yoast SEO plugin. -->","yoast_head_json":{"title":"VESUVIO VOLTA A SER REFER\u00caNCIA TUR\u00cdSTICA E A GERAR PREOCUPA\u00c7\u00d5ES - Travel3","description":"A TRAVEL3 \u00e9 um portal de conte\u00fado voltado para o turismo, encontre destinos, viagens, hospedagem, passagens, guias, not\u00edcias sobre o mercado do turismo, dicas de viagem, v\u00eddeos e podcast.","robots":{"index":"index","follow":"follow","max-snippet":"max-snippet:-1","max-image-preview":"max-image-preview:large","max-video-preview":"max-video-preview:-1"},"canonical":"https:\/\/www.travel3.com.br\/site\/sem-categoria\/vesuvio-volta-a-ser-referencia-turistica-e-a-gerar-preocupacoes\/","og_locale":"pt_BR","og_type":"article","og_title":"VESUVIO VOLTA A SER REFER\u00caNCIA TUR\u00cdSTICA E A GERAR PREOCUPA\u00c7\u00d5ES - Travel3","og_description":"A TRAVEL3 \u00e9 um portal de conte\u00fado voltado para o turismo, encontre destinos, viagens, hospedagem, passagens, guias, not\u00edcias sobre o mercado do turismo, dicas de viagem, v\u00eddeos e podcast.","og_url":"https:\/\/www.travel3.com.br\/site\/sem-categoria\/vesuvio-volta-a-ser-referencia-turistica-e-a-gerar-preocupacoes\/","og_site_name":"Travel3","article_publisher":"https:\/\/www.facebook.com\/travel3media\/","article_published_time":"2017-09-11T08:38:12+00:00","author":"admin","twitter_card":"summary_large_image","twitter_misc":{"Escrito por":"admin","Est. tempo de leitura":"2 minutos"},"schema":{"@context":"https:\/\/schema.org","@graph":[{"@type":"Article","@id":"https:\/\/www.travel3.com.br\/site\/sem-categoria\/vesuvio-volta-a-ser-referencia-turistica-e-a-gerar-preocupacoes\/#article","isPartOf":{"@id":"https:\/\/www.travel3.com.br\/site\/sem-categoria\/vesuvio-volta-a-ser-referencia-turistica-e-a-gerar-preocupacoes\/"},"author":{"name":"admin","@id":"https:\/\/www.travel3.com.br\/site\/#\/schema\/person\/a69d71e41a024999b6ab82369ac0bd1e"},"headline":"VESUVIO VOLTA A SER REFER\u00caNCIA TUR\u00cdSTICA E A GERAR PREOCUPA\u00c7\u00d5ES","datePublished":"2017-09-11T08:38:12+00:00","mainEntityOfPage":{"@id":"https:\/\/www.travel3.com.br\/site\/sem-categoria\/vesuvio-volta-a-ser-referencia-turistica-e-a-gerar-preocupacoes\/"},"wordCount":361,"commentCount":0,"publisher":{"@id":"https:\/\/www.travel3.com.br\/site\/#organization"},"inLanguage":"pt-BR","potentialAction":[{"@type":"CommentAction","name":"Comment","target":["https:\/\/www.travel3.com.br\/site\/sem-categoria\/vesuvio-volta-a-ser-referencia-turistica-e-a-gerar-preocupacoes\/#respond"]}]},{"@type":"WebPage","@id":"https:\/\/www.travel3.com.br\/site\/sem-categoria\/vesuvio-volta-a-ser-referencia-turistica-e-a-gerar-preocupacoes\/","url":"https:\/\/www.travel3.com.br\/site\/sem-categoria\/vesuvio-volta-a-ser-referencia-turistica-e-a-gerar-preocupacoes\/","name":"VESUVIO VOLTA A SER REFER\u00caNCIA TUR\u00cdSTICA E A GERAR PREOCUPA\u00c7\u00d5ES - Travel3","isPartOf":{"@id":"https:\/\/www.travel3.com.br\/site\/#website"},"datePublished":"2017-09-11T08:38:12+00:00","description":"A TRAVEL3 \u00e9 um portal de conte\u00fado voltado para o turismo, encontre destinos, viagens, hospedagem, passagens, guias, not\u00edcias sobre o mercado do turismo, dicas de viagem, v\u00eddeos e podcast.","breadcrumb":{"@id":"https:\/\/www.travel3.com.br\/site\/sem-categoria\/vesuvio-volta-a-ser-referencia-turistica-e-a-gerar-preocupacoes\/#breadcrumb"},"inLanguage":"pt-BR","potentialAction":[{"@type":"ReadAction","target":["https:\/\/www.travel3.com.br\/site\/sem-categoria\/vesuvio-volta-a-ser-referencia-turistica-e-a-gerar-preocupacoes\/"]}]},{"@type":"BreadcrumbList","@id":"https:\/\/www.travel3.com.br\/site\/sem-categoria\/vesuvio-volta-a-ser-referencia-turistica-e-a-gerar-preocupacoes\/#breadcrumb","itemListElement":[{"@type":"ListItem","position":1,"name":"In\u00edcio","item":"https:\/\/www.travel3.com.br\/site\/"},{"@type":"ListItem","position":2,"name":"VESUVIO VOLTA A SER REFER\u00caNCIA TUR\u00cdSTICA E A GERAR PREOCUPA\u00c7\u00d5ES"}]},{"@type":"WebSite","@id":"https:\/\/www.travel3.com.br\/site\/#website","url":"https:\/\/www.travel3.com.br\/site\/","name":"Travel3","description":"Lazer + Neg&oacute;cios + Aventura","publisher":{"@id":"https:\/\/www.travel3.com.br\/site\/#organization"},"potentialAction":[{"@type":"SearchAction","target":{"@type":"EntryPoint","urlTemplate":"https:\/\/www.travel3.com.br\/site\/?s={search_term_string}"},"query-input":{"@type":"PropertyValueSpecification","valueRequired":true,"valueName":"search_term_string"}}],"inLanguage":"pt-BR"},{"@type":"Organization","@id":"https:\/\/www.travel3.com.br\/site\/#organization","name":"Travel3","url":"https:\/\/www.travel3.com.br\/site\/","logo":{"@type":"ImageObject","inLanguage":"pt-BR","@id":"https:\/\/www.travel3.com.br\/site\/#\/schema\/logo\/image\/","url":"https:\/\/www.travel3.com.br\/site\/wp-content\/uploads\/2020\/01\/logo-travel3-2020.png","contentUrl":"https:\/\/www.travel3.com.br\/site\/wp-content\/uploads\/2020\/01\/logo-travel3-2020.png","width":232,"height":79,"caption":"Travel3"},"image":{"@id":"https:\/\/www.travel3.com.br\/site\/#\/schema\/logo\/image\/"},"sameAs":["https:\/\/www.facebook.com\/travel3media\/","https:\/\/www.instagram.com\/revistatravel3\/","https:\/\/www.youtube.com\/channel\/UCno7J4paGBR3VbZQzvoJ9Eg"]},{"@type":"Person","@id":"https:\/\/www.travel3.com.br\/site\/#\/schema\/person\/a69d71e41a024999b6ab82369ac0bd1e","name":"admin","image":{"@type":"ImageObject","inLanguage":"pt-BR","@id":"https:\/\/www.travel3.com.br\/site\/#\/schema\/person\/image\/","url":"https:\/\/secure.gravatar.com\/avatar\/732a67adfd764da2a47ba10ce731c4c0?s=96&d=mm&r=g","contentUrl":"https:\/\/secure.gravatar.com\/avatar\/732a67adfd764da2a47ba10ce731c4c0?s=96&d=mm&r=g","caption":"admin"},"url":"https:\/\/www.travel3.com.br\/site\/author\/admin\/"}]}},"_links":{"self":[{"href":"https:\/\/www.travel3.com.br\/site\/wp-json\/wp\/v2\/posts\/1357","targetHints":{"allow":["GET"]}}],"collection":[{"href":"https:\/\/www.travel3.com.br\/site\/wp-json\/wp\/v2\/posts"}],"about":[{"href":"https:\/\/www.travel3.com.br\/site\/wp-json\/wp\/v2\/types\/post"}],"author":[{"embeddable":true,"href":"https:\/\/www.travel3.com.br\/site\/wp-json\/wp\/v2\/users\/1"}],"replies":[{"embeddable":true,"href":"https:\/\/www.travel3.com.br\/site\/wp-json\/wp\/v2\/comments?post=1357"}],"version-history":[{"count":0,"href":"https:\/\/www.travel3.com.br\/site\/wp-json\/wp\/v2\/posts\/1357\/revisions"}],"wp:attachment":[{"href":"https:\/\/www.travel3.com.br\/site\/wp-json\/wp\/v2\/media?parent=1357"}],"wp:term":[{"taxonomy":"category","embeddable":true,"href":"https:\/\/www.travel3.com.br\/site\/wp-json\/wp\/v2\/categories?post=1357"},{"taxonomy":"post_tag","embeddable":true,"href":"https:\/\/www.travel3.com.br\/site\/wp-json\/wp\/v2\/tags?post=1357"}],"curies":[{"name":"wp","href":"https:\/\/api.w.org\/{rel}","templated":true}]}}