{"id":1355,"date":"2017-09-12T10:13:03","date_gmt":"2017-09-12T10:13:03","guid":{"rendered":"http:\/\/www.travel3.com.br\/site\/ir-e-vir\/ar\/no-maior-projeto-de-bicicletas-compartilhadas-brasil-tera-8-mil\/"},"modified":"2017-09-12T10:13:03","modified_gmt":"2017-09-12T10:13:03","slug":"no-maior-projeto-de-bicicletas-compartilhadas-brasil-tera-8-mil","status":"publish","type":"post","link":"https:\/\/www.travel3.com.br\/site\/sem-categoria\/no-maior-projeto-de-bicicletas-compartilhadas-brasil-tera-8-mil\/","title":{"rendered":"NO MAIOR PROJETO DE BICICLETAS COMPARTILHADAS, BRASIL TER\u00c1 8 MIL"},"content":{"rendered":"<p><span style=\"color: #40acad; font-family: -apple-system, system-ui, 'Segoe UI', Roboto, Oxygen-Sans, Ubuntu, Cantarell, 'Helvetica Neue', sans-serif; font-size: 12px; font-weight: bold;\"><\/p>\n<p style=\"text-align:justify\">A PBSC Urban Solutions anunciou em Montreal que a tembici. e o Ita\u00fa Unibanco escolheram suas solu\u00e7\u00f5es e tecnologia para a renova\u00e7\u00e3o e expans\u00e3o do sistema de compartilhamento de bicicletas \u00a0no Brasil.<\/p>\n<p style=\"text-align:justify\">O &#8220;Bike Ita\u00fa&#39; ter\u00e1 680 esta\u00e7\u00f5es implantadas em cinco estados, com 8 mil bicicletas disponibilizadas, isto a partir de setembro pr\u00f3ximo. \u00a0O programa j\u00e1 \u00e9 o maior no sistema de compartilhamento de bicicletas na Am\u00e9rica do Sul e, por meio da parceria entre tembici. e PBSC,\u00a0 e agora ter\u00e1 todas suas esta\u00e7\u00f5es e bicicletas renovadas.\u00a0<\/p>\n<p style=\"text-align:justify\">Esta nova expans\u00e3o, segue em linha com a s\u00e9rie de an\u00fancios recentes da PBSC referentes \u00e0s novas implanta\u00e7\u00f5es, como a inaugura\u00e7\u00e3o bem-sucedida de 1.000 bicicletas em\u00a0Honolulu, no Hawai e a instala\u00e7\u00e3o do sistema de compartilhamento de bicicletas mais ao norte do mundo, em\u00a0Reykjavik, na Isl\u00e2ndia.<\/p>\n<p style=\"text-align:justify\">&#8220;Estamos extremamente entusiasmados em expandir o sistema PBSC para a Am\u00e9rica do Sul com um acordo desta magnitude e alcance, fortalecendo nossa posi\u00e7\u00e3o como l\u00edder mundial em solu\u00e7\u00f5es de compartilhamento de bicicletas&#8221;, disse\u00a0Luc Sabbatini, CEO da PBSC Urban Solutions. &#8220;A PBSC adapta suas solu\u00e7\u00f5es de mobilidade \u00e0s necessidades e exig\u00eancias espec\u00edficas de cada cidade e orgulha-se de ter concebido uma solu\u00e7\u00e3o sob medida para os brasileiros. Estamos ansiosos para alavancar nossa\u00a0 experi\u00eancia em solu\u00e7\u00f5es \u00fanicas e para implantar no Brasil, ao lado da tembici, uma solu\u00e7\u00e3o de mobilidade urbana de qualidade mundialmente reconhecida.&#8221;<\/p>\n<p style=\"text-align:justify\"><a class=\"fancybox-media\" href=\"..\/_uploads\/_noticia\/2017-07\/bikeitautembici--2-.jpg\" rel=\"portfolio\"><img decoding=\"async\" alt=\"\" src=\"..\/_uploads\/_noticia\/2017-07\/bikeitautembici--2-.jpg\" \/><\/a><\/p>\n<p style=\"text-align:justify\"><strong>As FIT bikes em breve estar\u00e3o passeando pelo Brasil<\/strong><\/p>\n<p style=\"text-align:justify\">O modelo de bicicletas FIT, cheio de inova\u00e7\u00f5es por parte do grupo de bikes desenvolvidas pela PBSC, foi escolhido para ser a nova gera\u00e7\u00e3o das famosas &#8220;bicicletas laranjinhas do Ita\u00fa&#8221;. A FIT bike foi selecionada por sua ergonomia inteligente e design elegante , proporcionando uma \u00f3tima experi\u00eancia para todos os ciclistas urbanos. O sistema ser\u00e1 operado pela\u00a0tembici.<\/p>\n<p style=\"text-align:justify\">&#8220;Depois de viajar o mundo para conhecer mais sobre diferentes solu\u00e7\u00f5es de compartilhamento de bicicletas, estamos confiantes de que a PBSC Urban Solutions \u00e9 a parceira ideal para aprimorar nossos projetos no Brasil e trazer para a Am\u00e9rica do Sul a melhor tecnologia e infra-estrutura do setor&#8221; diz Tom\u00e1s Martins, CEO da tembici.<\/p>\n<p style=\"text-align:justify\">A cultura do uso de bicicletas compartilhadas, que tamb\u00e9m \u00e9 um modelo implementado nas atividades de turismo em v\u00e1rias cidades brasileiras \u2013 como S\u00e3o Paulo &#8211; \u00a0est\u00e1 pronto para o pr\u00f3ximo passo: elevar a qualidade do servi\u00e7o e a satisfa\u00e7\u00e3o de seus usu\u00e1rio mais seguro, mais eficiente e sustent\u00e1vel.<\/p>\n<p style=\"text-align:justify\">&#8220;Isso representar\u00e1 uma grande transforma\u00e7\u00e3o para o sistema, que est\u00e1 comemorando seis anos e 20 milh\u00f5es de viagens em 2017&#8221;, diz\u00a0Luciana Nicola, Superintendente de Rela\u00e7\u00f5es Governamentais e Institucionais do Ita\u00fa Unibanco.<\/p>\n<p><a class=\"fancybox-media\" href=\"..\/_uploads\/_noticia\/2017-07\/bikecicloturismonobrasil.jpg\" rel=\"portfolio\"><img decoding=\"async\" alt=\"\" src=\"..\/_uploads\/_noticia\/2017-07\/bikecicloturismonobrasil.jpg\" \/><\/a><\/p>\n<p>\u00a0<\/p>\n<p><\/span><\/p>\n","protected":false},"excerpt":{"rendered":"<p>Implanta\u00e7\u00e3o come\u00e7ar\u00e1 em setembro e ser\u00e1 feita progressivamente em cinco estados atrav\u00e9s de 680 esta\u00e7\u00f5es<\/p>\n","protected":false},"author":1,"featured_media":0,"comment_status":"open","ping_status":"open","sticky":false,"template":"","format":"standard","meta":{"footnotes":""},"categories":[],"tags":[],"class_list":["post-1355","post","type-post","status-publish","format-standard","hentry"],"yoast_head":"<!-- This site is optimized with the Yoast SEO plugin v26.2 - https:\/\/yoast.com\/wordpress\/plugins\/seo\/ -->\n<title>NO MAIOR PROJETO DE BICICLETAS COMPARTILHADAS, BRASIL TER\u00c1 8 MIL - Travel3<\/title>\n<meta name=\"description\" content=\"A TRAVEL3 \u00e9 um portal de conte\u00fado voltado para o turismo, encontre destinos, viagens, hospedagem, passagens, guias, not\u00edcias sobre o mercado do turismo, dicas de viagem, v\u00eddeos e podcast.\" \/>\n<meta name=\"robots\" content=\"index, follow, max-snippet:-1, max-image-preview:large, max-video-preview:-1\" \/>\n<link rel=\"canonical\" href=\"https:\/\/www.travel3.com.br\/site\/sem-categoria\/no-maior-projeto-de-bicicletas-compartilhadas-brasil-tera-8-mil\/\" \/>\n<meta property=\"og:locale\" content=\"pt_BR\" \/>\n<meta property=\"og:type\" content=\"article\" \/>\n<meta property=\"og:title\" content=\"NO MAIOR PROJETO DE BICICLETAS COMPARTILHADAS, BRASIL TER\u00c1 8 MIL - Travel3\" \/>\n<meta property=\"og:description\" content=\"A TRAVEL3 \u00e9 um portal de conte\u00fado voltado para o turismo, encontre destinos, viagens, hospedagem, passagens, guias, not\u00edcias sobre o mercado do turismo, dicas de viagem, v\u00eddeos e podcast.\" \/>\n<meta property=\"og:url\" content=\"https:\/\/www.travel3.com.br\/site\/sem-categoria\/no-maior-projeto-de-bicicletas-compartilhadas-brasil-tera-8-mil\/\" \/>\n<meta property=\"og:site_name\" content=\"Travel3\" \/>\n<meta property=\"article:publisher\" content=\"https:\/\/www.facebook.com\/travel3media\/\" \/>\n<meta property=\"article:published_time\" content=\"2017-09-12T10:13:03+00:00\" \/>\n<meta name=\"author\" content=\"admin\" \/>\n<meta name=\"twitter:card\" content=\"summary_large_image\" \/>\n<meta name=\"twitter:label1\" content=\"Escrito por\" \/>\n\t<meta name=\"twitter:data1\" content=\"admin\" \/>\n\t<meta name=\"twitter:label2\" content=\"Est. tempo de leitura\" \/>\n\t<meta name=\"twitter:data2\" content=\"2 minutos\" \/>\n<script type=\"application\/ld+json\" class=\"yoast-schema-graph\">{\"@context\":\"https:\/\/schema.org\",\"@graph\":[{\"@type\":\"Article\",\"@id\":\"https:\/\/www.travel3.com.br\/site\/sem-categoria\/no-maior-projeto-de-bicicletas-compartilhadas-brasil-tera-8-mil\/#article\",\"isPartOf\":{\"@id\":\"https:\/\/www.travel3.com.br\/site\/sem-categoria\/no-maior-projeto-de-bicicletas-compartilhadas-brasil-tera-8-mil\/\"},\"author\":{\"name\":\"admin\",\"@id\":\"https:\/\/www.travel3.com.br\/site\/#\/schema\/person\/a69d71e41a024999b6ab82369ac0bd1e\"},\"headline\":\"NO MAIOR PROJETO DE BICICLETAS COMPARTILHADAS, BRASIL TER\u00c1 8 MIL\",\"datePublished\":\"2017-09-12T10:13:03+00:00\",\"mainEntityOfPage\":{\"@id\":\"https:\/\/www.travel3.com.br\/site\/sem-categoria\/no-maior-projeto-de-bicicletas-compartilhadas-brasil-tera-8-mil\/\"},\"wordCount\":471,\"commentCount\":0,\"publisher\":{\"@id\":\"https:\/\/www.travel3.com.br\/site\/#organization\"},\"inLanguage\":\"pt-BR\",\"potentialAction\":[{\"@type\":\"CommentAction\",\"name\":\"Comment\",\"target\":[\"https:\/\/www.travel3.com.br\/site\/sem-categoria\/no-maior-projeto-de-bicicletas-compartilhadas-brasil-tera-8-mil\/#respond\"]}]},{\"@type\":\"WebPage\",\"@id\":\"https:\/\/www.travel3.com.br\/site\/sem-categoria\/no-maior-projeto-de-bicicletas-compartilhadas-brasil-tera-8-mil\/\",\"url\":\"https:\/\/www.travel3.com.br\/site\/sem-categoria\/no-maior-projeto-de-bicicletas-compartilhadas-brasil-tera-8-mil\/\",\"name\":\"NO MAIOR PROJETO DE BICICLETAS COMPARTILHADAS, BRASIL TER\u00c1 8 MIL - Travel3\",\"isPartOf\":{\"@id\":\"https:\/\/www.travel3.com.br\/site\/#website\"},\"datePublished\":\"2017-09-12T10:13:03+00:00\",\"description\":\"A TRAVEL3 \u00e9 um portal de conte\u00fado voltado para o turismo, encontre destinos, viagens, hospedagem, passagens, guias, not\u00edcias sobre o mercado do turismo, dicas de viagem, v\u00eddeos e podcast.\",\"breadcrumb\":{\"@id\":\"https:\/\/www.travel3.com.br\/site\/sem-categoria\/no-maior-projeto-de-bicicletas-compartilhadas-brasil-tera-8-mil\/#breadcrumb\"},\"inLanguage\":\"pt-BR\",\"potentialAction\":[{\"@type\":\"ReadAction\",\"target\":[\"https:\/\/www.travel3.com.br\/site\/sem-categoria\/no-maior-projeto-de-bicicletas-compartilhadas-brasil-tera-8-mil\/\"]}]},{\"@type\":\"BreadcrumbList\",\"@id\":\"https:\/\/www.travel3.com.br\/site\/sem-categoria\/no-maior-projeto-de-bicicletas-compartilhadas-brasil-tera-8-mil\/#breadcrumb\",\"itemListElement\":[{\"@type\":\"ListItem\",\"position\":1,\"name\":\"In\u00edcio\",\"item\":\"https:\/\/www.travel3.com.br\/site\/\"},{\"@type\":\"ListItem\",\"position\":2,\"name\":\"NO MAIOR PROJETO DE BICICLETAS COMPARTILHADAS, BRASIL TER\u00c1 8 MIL\"}]},{\"@type\":\"WebSite\",\"@id\":\"https:\/\/www.travel3.com.br\/site\/#website\",\"url\":\"https:\/\/www.travel3.com.br\/site\/\",\"name\":\"Travel3\",\"description\":\"Lazer + Neg&oacute;cios + Aventura\",\"publisher\":{\"@id\":\"https:\/\/www.travel3.com.br\/site\/#organization\"},\"potentialAction\":[{\"@type\":\"SearchAction\",\"target\":{\"@type\":\"EntryPoint\",\"urlTemplate\":\"https:\/\/www.travel3.com.br\/site\/?s={search_term_string}\"},\"query-input\":{\"@type\":\"PropertyValueSpecification\",\"valueRequired\":true,\"valueName\":\"search_term_string\"}}],\"inLanguage\":\"pt-BR\"},{\"@type\":\"Organization\",\"@id\":\"https:\/\/www.travel3.com.br\/site\/#organization\",\"name\":\"Travel3\",\"url\":\"https:\/\/www.travel3.com.br\/site\/\",\"logo\":{\"@type\":\"ImageObject\",\"inLanguage\":\"pt-BR\",\"@id\":\"https:\/\/www.travel3.com.br\/site\/#\/schema\/logo\/image\/\",\"url\":\"https:\/\/www.travel3.com.br\/site\/wp-content\/uploads\/2020\/01\/logo-travel3-2020.png\",\"contentUrl\":\"https:\/\/www.travel3.com.br\/site\/wp-content\/uploads\/2020\/01\/logo-travel3-2020.png\",\"width\":232,\"height\":79,\"caption\":\"Travel3\"},\"image\":{\"@id\":\"https:\/\/www.travel3.com.br\/site\/#\/schema\/logo\/image\/\"},\"sameAs\":[\"https:\/\/www.facebook.com\/travel3media\/\",\"https:\/\/www.instagram.com\/revistatravel3\/\",\"https:\/\/www.youtube.com\/channel\/UCno7J4paGBR3VbZQzvoJ9Eg\"]},{\"@type\":\"Person\",\"@id\":\"https:\/\/www.travel3.com.br\/site\/#\/schema\/person\/a69d71e41a024999b6ab82369ac0bd1e\",\"name\":\"admin\",\"image\":{\"@type\":\"ImageObject\",\"inLanguage\":\"pt-BR\",\"@id\":\"https:\/\/www.travel3.com.br\/site\/#\/schema\/person\/image\/\",\"url\":\"https:\/\/secure.gravatar.com\/avatar\/732a67adfd764da2a47ba10ce731c4c0?s=96&d=mm&r=g\",\"contentUrl\":\"https:\/\/secure.gravatar.com\/avatar\/732a67adfd764da2a47ba10ce731c4c0?s=96&d=mm&r=g\",\"caption\":\"admin\"},\"url\":\"https:\/\/www.travel3.com.br\/site\/author\/admin\/\"}]}<\/script>\n<!-- \/ Yoast SEO plugin. -->","yoast_head_json":{"title":"NO MAIOR PROJETO DE BICICLETAS COMPARTILHADAS, BRASIL TER\u00c1 8 MIL - Travel3","description":"A TRAVEL3 \u00e9 um portal de conte\u00fado voltado para o turismo, encontre destinos, viagens, hospedagem, passagens, guias, not\u00edcias sobre o mercado do turismo, dicas de viagem, v\u00eddeos e podcast.","robots":{"index":"index","follow":"follow","max-snippet":"max-snippet:-1","max-image-preview":"max-image-preview:large","max-video-preview":"max-video-preview:-1"},"canonical":"https:\/\/www.travel3.com.br\/site\/sem-categoria\/no-maior-projeto-de-bicicletas-compartilhadas-brasil-tera-8-mil\/","og_locale":"pt_BR","og_type":"article","og_title":"NO MAIOR PROJETO DE BICICLETAS COMPARTILHADAS, BRASIL TER\u00c1 8 MIL - Travel3","og_description":"A TRAVEL3 \u00e9 um portal de conte\u00fado voltado para o turismo, encontre destinos, viagens, hospedagem, passagens, guias, not\u00edcias sobre o mercado do turismo, dicas de viagem, v\u00eddeos e podcast.","og_url":"https:\/\/www.travel3.com.br\/site\/sem-categoria\/no-maior-projeto-de-bicicletas-compartilhadas-brasil-tera-8-mil\/","og_site_name":"Travel3","article_publisher":"https:\/\/www.facebook.com\/travel3media\/","article_published_time":"2017-09-12T10:13:03+00:00","author":"admin","twitter_card":"summary_large_image","twitter_misc":{"Escrito por":"admin","Est. tempo de leitura":"2 minutos"},"schema":{"@context":"https:\/\/schema.org","@graph":[{"@type":"Article","@id":"https:\/\/www.travel3.com.br\/site\/sem-categoria\/no-maior-projeto-de-bicicletas-compartilhadas-brasil-tera-8-mil\/#article","isPartOf":{"@id":"https:\/\/www.travel3.com.br\/site\/sem-categoria\/no-maior-projeto-de-bicicletas-compartilhadas-brasil-tera-8-mil\/"},"author":{"name":"admin","@id":"https:\/\/www.travel3.com.br\/site\/#\/schema\/person\/a69d71e41a024999b6ab82369ac0bd1e"},"headline":"NO MAIOR PROJETO DE BICICLETAS COMPARTILHADAS, BRASIL TER\u00c1 8 MIL","datePublished":"2017-09-12T10:13:03+00:00","mainEntityOfPage":{"@id":"https:\/\/www.travel3.com.br\/site\/sem-categoria\/no-maior-projeto-de-bicicletas-compartilhadas-brasil-tera-8-mil\/"},"wordCount":471,"commentCount":0,"publisher":{"@id":"https:\/\/www.travel3.com.br\/site\/#organization"},"inLanguage":"pt-BR","potentialAction":[{"@type":"CommentAction","name":"Comment","target":["https:\/\/www.travel3.com.br\/site\/sem-categoria\/no-maior-projeto-de-bicicletas-compartilhadas-brasil-tera-8-mil\/#respond"]}]},{"@type":"WebPage","@id":"https:\/\/www.travel3.com.br\/site\/sem-categoria\/no-maior-projeto-de-bicicletas-compartilhadas-brasil-tera-8-mil\/","url":"https:\/\/www.travel3.com.br\/site\/sem-categoria\/no-maior-projeto-de-bicicletas-compartilhadas-brasil-tera-8-mil\/","name":"NO MAIOR PROJETO DE BICICLETAS COMPARTILHADAS, BRASIL TER\u00c1 8 MIL - Travel3","isPartOf":{"@id":"https:\/\/www.travel3.com.br\/site\/#website"},"datePublished":"2017-09-12T10:13:03+00:00","description":"A TRAVEL3 \u00e9 um portal de conte\u00fado voltado para o turismo, encontre destinos, viagens, hospedagem, passagens, guias, not\u00edcias sobre o mercado do turismo, dicas de viagem, v\u00eddeos e podcast.","breadcrumb":{"@id":"https:\/\/www.travel3.com.br\/site\/sem-categoria\/no-maior-projeto-de-bicicletas-compartilhadas-brasil-tera-8-mil\/#breadcrumb"},"inLanguage":"pt-BR","potentialAction":[{"@type":"ReadAction","target":["https:\/\/www.travel3.com.br\/site\/sem-categoria\/no-maior-projeto-de-bicicletas-compartilhadas-brasil-tera-8-mil\/"]}]},{"@type":"BreadcrumbList","@id":"https:\/\/www.travel3.com.br\/site\/sem-categoria\/no-maior-projeto-de-bicicletas-compartilhadas-brasil-tera-8-mil\/#breadcrumb","itemListElement":[{"@type":"ListItem","position":1,"name":"In\u00edcio","item":"https:\/\/www.travel3.com.br\/site\/"},{"@type":"ListItem","position":2,"name":"NO MAIOR PROJETO DE BICICLETAS COMPARTILHADAS, BRASIL TER\u00c1 8 MIL"}]},{"@type":"WebSite","@id":"https:\/\/www.travel3.com.br\/site\/#website","url":"https:\/\/www.travel3.com.br\/site\/","name":"Travel3","description":"Lazer + Neg&oacute;cios + Aventura","publisher":{"@id":"https:\/\/www.travel3.com.br\/site\/#organization"},"potentialAction":[{"@type":"SearchAction","target":{"@type":"EntryPoint","urlTemplate":"https:\/\/www.travel3.com.br\/site\/?s={search_term_string}"},"query-input":{"@type":"PropertyValueSpecification","valueRequired":true,"valueName":"search_term_string"}}],"inLanguage":"pt-BR"},{"@type":"Organization","@id":"https:\/\/www.travel3.com.br\/site\/#organization","name":"Travel3","url":"https:\/\/www.travel3.com.br\/site\/","logo":{"@type":"ImageObject","inLanguage":"pt-BR","@id":"https:\/\/www.travel3.com.br\/site\/#\/schema\/logo\/image\/","url":"https:\/\/www.travel3.com.br\/site\/wp-content\/uploads\/2020\/01\/logo-travel3-2020.png","contentUrl":"https:\/\/www.travel3.com.br\/site\/wp-content\/uploads\/2020\/01\/logo-travel3-2020.png","width":232,"height":79,"caption":"Travel3"},"image":{"@id":"https:\/\/www.travel3.com.br\/site\/#\/schema\/logo\/image\/"},"sameAs":["https:\/\/www.facebook.com\/travel3media\/","https:\/\/www.instagram.com\/revistatravel3\/","https:\/\/www.youtube.com\/channel\/UCno7J4paGBR3VbZQzvoJ9Eg"]},{"@type":"Person","@id":"https:\/\/www.travel3.com.br\/site\/#\/schema\/person\/a69d71e41a024999b6ab82369ac0bd1e","name":"admin","image":{"@type":"ImageObject","inLanguage":"pt-BR","@id":"https:\/\/www.travel3.com.br\/site\/#\/schema\/person\/image\/","url":"https:\/\/secure.gravatar.com\/avatar\/732a67adfd764da2a47ba10ce731c4c0?s=96&d=mm&r=g","contentUrl":"https:\/\/secure.gravatar.com\/avatar\/732a67adfd764da2a47ba10ce731c4c0?s=96&d=mm&r=g","caption":"admin"},"url":"https:\/\/www.travel3.com.br\/site\/author\/admin\/"}]}},"_links":{"self":[{"href":"https:\/\/www.travel3.com.br\/site\/wp-json\/wp\/v2\/posts\/1355","targetHints":{"allow":["GET"]}}],"collection":[{"href":"https:\/\/www.travel3.com.br\/site\/wp-json\/wp\/v2\/posts"}],"about":[{"href":"https:\/\/www.travel3.com.br\/site\/wp-json\/wp\/v2\/types\/post"}],"author":[{"embeddable":true,"href":"https:\/\/www.travel3.com.br\/site\/wp-json\/wp\/v2\/users\/1"}],"replies":[{"embeddable":true,"href":"https:\/\/www.travel3.com.br\/site\/wp-json\/wp\/v2\/comments?post=1355"}],"version-history":[{"count":0,"href":"https:\/\/www.travel3.com.br\/site\/wp-json\/wp\/v2\/posts\/1355\/revisions"}],"wp:attachment":[{"href":"https:\/\/www.travel3.com.br\/site\/wp-json\/wp\/v2\/media?parent=1355"}],"wp:term":[{"taxonomy":"category","embeddable":true,"href":"https:\/\/www.travel3.com.br\/site\/wp-json\/wp\/v2\/categories?post=1355"},{"taxonomy":"post_tag","embeddable":true,"href":"https:\/\/www.travel3.com.br\/site\/wp-json\/wp\/v2\/tags?post=1355"}],"curies":[{"name":"wp","href":"https:\/\/api.w.org\/{rel}","templated":true}]}}