{"id":1326,"date":"2017-08-25T05:43:45","date_gmt":"2017-08-25T05:43:45","guid":{"rendered":"http:\/\/www.travel3.com.br\/site\/ir-e-vir\/ar\/sobem-as-taxas-de-embarque-para-o-gru-airport-e-viracopos\/"},"modified":"2017-08-25T05:43:45","modified_gmt":"2017-08-25T05:43:45","slug":"sobem-as-taxas-de-embarque-para-o-gru-airport-e-viracopos","status":"publish","type":"post","link":"https:\/\/www.travel3.com.br\/site\/sem-categoria\/sobem-as-taxas-de-embarque-para-o-gru-airport-e-viracopos\/","title":{"rendered":"SOBEM AS TAXAS DE EMBARQUE PARA O GRU AIRPORT E VIRACOPOS"},"content":{"rendered":"<p><span style=\"color: #40acad; font-family: -apple-system, system-ui, 'Segoe UI', Roboto, Oxygen-Sans, Ubuntu, Cantarell, 'Helvetica Neue', sans-serif; font-size: 12px; font-weight: bold;\"><\/p>\n<p style=\"text-align:justify\">A \u00a0Ag\u00eancia Nacional de Avia\u00e7\u00e3o Civil (Anac) anunciou o reajuste das tarifas aeroportu\u00e1rias nos aeroportos internacionais de Cumbica, em Guarulhos, e Viracopos, em Campinas, os dois em S\u00e3o Paulo. Congonhas, cuja administra\u00e7\u00e3o ainda \u00e9 isolada por parte da infraero, n\u00e3o foi alterado.<\/p>\n<p style=\"text-align:justify\"><a class=\"fancybox-media\" href=\"..\/_uploads\/_noticia\/2017-07\/aeroportosembarquespassageirosneutra.jpg\" rel=\"portfolio\"><img decoding=\"async\" alt=\"\" src=\"..\/_uploads\/_noticia\/2017-07\/aeroportosembarquespassageirosneutra.jpg\" \/><\/a><\/p>\n<p style=\"text-align:justify\">Para o embarque de passageiro em voo dom\u00e9stico, no GRU Airport, o aumento ser\u00e1 de 3,1573% com tarifa m\u00e1xima de R$ 29,53 e, em Viracopos, de 1,0924%, com tarifa m\u00e1xima de R$ 27,97. A cobran\u00e7a com os novos valores s\u00f3 entra em vigor 30 dias ap\u00f3s a divulga\u00e7\u00e3o pelas concession\u00e1rias.<\/p>\n<p style=\"text-align:justify\">Para as viagens internacionais, o valor passar\u00e1 de R$ 113,37 para R$ 114,97, em Guarulhos, e de R$ 111,66 para R$ 112,19, em Viracopos. Nestes casos, tem o adicional de US$ 18, referente ao Fundo Nacional de Avia\u00e7\u00e3o Civil (FNAC), com valor atual de R$ 62,70.<\/p>\n<p style=\"text-align:justify\">Sempre \u00e9 v\u00e1lida a explica\u00e7\u00e3o para os usu\u00e1rios. As\u00a0 tarifas s\u00e3o pagas aos concession\u00e1rios pelas companhias a\u00e9reas, pelo operador da aeronave ou pelo passageiro como forma de custeio dos procedimentos de embarque, conex\u00e3o, pouso, perman\u00eancia, armazenagem e capatazia dentro dos aeroportos.<\/p>\n<p style=\"text-align:justify\">A Anac est\u00e1 anunciando tamb\u00e9m e para dirimir d\u00favidas,\u00a0 junto a todos os passageiros que a Carteira Nacional de Habilita\u00e7\u00e3o (CNH) fora da validade ser\u00e1 aceita como documento de identifica\u00e7\u00e3o v\u00e1lido para embarques dom\u00e9sticos em todo territ\u00f3rio brasileiro. Mas isto \u00e9 apenas para o documento original.\u00a0 A c\u00f3pia da CNH fora da validade, mesmo que autenticada, n\u00e3o ser\u00e1 aceita como documento v\u00e1lido para embarque. A carteira de estudante tamb\u00e9m n\u00e3o \u00e9 um documento de identifica\u00e7\u00e3o previsto para o embarque.<\/p>\n<p style=\"text-align:justify\">\u00a0<\/p>\n<p style=\"text-align:justify\">\u00a0<\/p>\n<p style=\"text-align:justify\">\u00a0<\/p>\n<p style=\"text-align:justify\">\u00a0<\/p>\n<p>\u00a0<\/p>\n<p><\/span><\/p>\n","protected":false},"excerpt":{"rendered":"<p>Reajustes determinados pela Anac valem para o domestico e internacional,  em vigor dentro de um mes e carteiras da CNH mesmo vencidas podem ser utilizadas em voos nacionais<\/p>\n","protected":false},"author":1,"featured_media":0,"comment_status":"open","ping_status":"open","sticky":false,"template":"","format":"standard","meta":{"footnotes":""},"categories":[],"tags":[],"class_list":["post-1326","post","type-post","status-publish","format-standard","hentry"],"yoast_head":"<!-- This site is optimized with the Yoast SEO plugin v26.2 - https:\/\/yoast.com\/wordpress\/plugins\/seo\/ -->\n<title>SOBEM AS TAXAS DE EMBARQUE PARA O GRU AIRPORT E VIRACOPOS - Travel3<\/title>\n<meta name=\"description\" content=\"A TRAVEL3 \u00e9 um portal de conte\u00fado voltado para o turismo, encontre destinos, viagens, hospedagem, passagens, guias, not\u00edcias sobre o mercado do turismo, dicas de viagem, v\u00eddeos e podcast.\" \/>\n<meta name=\"robots\" content=\"index, follow, max-snippet:-1, max-image-preview:large, max-video-preview:-1\" \/>\n<link rel=\"canonical\" href=\"https:\/\/www.travel3.com.br\/site\/sem-categoria\/sobem-as-taxas-de-embarque-para-o-gru-airport-e-viracopos\/\" \/>\n<meta property=\"og:locale\" content=\"pt_BR\" \/>\n<meta property=\"og:type\" content=\"article\" \/>\n<meta property=\"og:title\" content=\"SOBEM AS TAXAS DE EMBARQUE PARA O GRU AIRPORT E VIRACOPOS - Travel3\" \/>\n<meta property=\"og:description\" content=\"A TRAVEL3 \u00e9 um portal de conte\u00fado voltado para o turismo, encontre destinos, viagens, hospedagem, passagens, guias, not\u00edcias sobre o mercado do turismo, dicas de viagem, v\u00eddeos e podcast.\" \/>\n<meta property=\"og:url\" content=\"https:\/\/www.travel3.com.br\/site\/sem-categoria\/sobem-as-taxas-de-embarque-para-o-gru-airport-e-viracopos\/\" \/>\n<meta property=\"og:site_name\" content=\"Travel3\" \/>\n<meta property=\"article:publisher\" content=\"https:\/\/www.facebook.com\/travel3media\/\" \/>\n<meta property=\"article:published_time\" content=\"2017-08-25T05:43:45+00:00\" \/>\n<meta name=\"author\" content=\"admin\" \/>\n<meta name=\"twitter:card\" content=\"summary_large_image\" \/>\n<meta name=\"twitter:label1\" content=\"Escrito por\" \/>\n\t<meta name=\"twitter:data1\" content=\"admin\" \/>\n\t<meta name=\"twitter:label2\" content=\"Est. tempo de leitura\" \/>\n\t<meta name=\"twitter:data2\" content=\"1 minuto\" \/>\n<script type=\"application\/ld+json\" class=\"yoast-schema-graph\">{\"@context\":\"https:\/\/schema.org\",\"@graph\":[{\"@type\":\"Article\",\"@id\":\"https:\/\/www.travel3.com.br\/site\/sem-categoria\/sobem-as-taxas-de-embarque-para-o-gru-airport-e-viracopos\/#article\",\"isPartOf\":{\"@id\":\"https:\/\/www.travel3.com.br\/site\/sem-categoria\/sobem-as-taxas-de-embarque-para-o-gru-airport-e-viracopos\/\"},\"author\":{\"name\":\"admin\",\"@id\":\"https:\/\/www.travel3.com.br\/site\/#\/schema\/person\/a69d71e41a024999b6ab82369ac0bd1e\"},\"headline\":\"SOBEM AS TAXAS DE EMBARQUE PARA O GRU AIRPORT E VIRACOPOS\",\"datePublished\":\"2017-08-25T05:43:45+00:00\",\"mainEntityOfPage\":{\"@id\":\"https:\/\/www.travel3.com.br\/site\/sem-categoria\/sobem-as-taxas-de-embarque-para-o-gru-airport-e-viracopos\/\"},\"wordCount\":289,\"commentCount\":0,\"publisher\":{\"@id\":\"https:\/\/www.travel3.com.br\/site\/#organization\"},\"inLanguage\":\"pt-BR\",\"potentialAction\":[{\"@type\":\"CommentAction\",\"name\":\"Comment\",\"target\":[\"https:\/\/www.travel3.com.br\/site\/sem-categoria\/sobem-as-taxas-de-embarque-para-o-gru-airport-e-viracopos\/#respond\"]}]},{\"@type\":\"WebPage\",\"@id\":\"https:\/\/www.travel3.com.br\/site\/sem-categoria\/sobem-as-taxas-de-embarque-para-o-gru-airport-e-viracopos\/\",\"url\":\"https:\/\/www.travel3.com.br\/site\/sem-categoria\/sobem-as-taxas-de-embarque-para-o-gru-airport-e-viracopos\/\",\"name\":\"SOBEM AS TAXAS DE EMBARQUE PARA O GRU AIRPORT E VIRACOPOS - Travel3\",\"isPartOf\":{\"@id\":\"https:\/\/www.travel3.com.br\/site\/#website\"},\"datePublished\":\"2017-08-25T05:43:45+00:00\",\"description\":\"A TRAVEL3 \u00e9 um portal de conte\u00fado voltado para o turismo, encontre destinos, viagens, hospedagem, passagens, guias, not\u00edcias sobre o mercado do turismo, dicas de viagem, v\u00eddeos e podcast.\",\"breadcrumb\":{\"@id\":\"https:\/\/www.travel3.com.br\/site\/sem-categoria\/sobem-as-taxas-de-embarque-para-o-gru-airport-e-viracopos\/#breadcrumb\"},\"inLanguage\":\"pt-BR\",\"potentialAction\":[{\"@type\":\"ReadAction\",\"target\":[\"https:\/\/www.travel3.com.br\/site\/sem-categoria\/sobem-as-taxas-de-embarque-para-o-gru-airport-e-viracopos\/\"]}]},{\"@type\":\"BreadcrumbList\",\"@id\":\"https:\/\/www.travel3.com.br\/site\/sem-categoria\/sobem-as-taxas-de-embarque-para-o-gru-airport-e-viracopos\/#breadcrumb\",\"itemListElement\":[{\"@type\":\"ListItem\",\"position\":1,\"name\":\"In\u00edcio\",\"item\":\"https:\/\/www.travel3.com.br\/site\/\"},{\"@type\":\"ListItem\",\"position\":2,\"name\":\"SOBEM AS TAXAS DE EMBARQUE PARA O GRU AIRPORT E VIRACOPOS\"}]},{\"@type\":\"WebSite\",\"@id\":\"https:\/\/www.travel3.com.br\/site\/#website\",\"url\":\"https:\/\/www.travel3.com.br\/site\/\",\"name\":\"Travel3\",\"description\":\"Lazer + Neg&oacute;cios + Aventura\",\"publisher\":{\"@id\":\"https:\/\/www.travel3.com.br\/site\/#organization\"},\"potentialAction\":[{\"@type\":\"SearchAction\",\"target\":{\"@type\":\"EntryPoint\",\"urlTemplate\":\"https:\/\/www.travel3.com.br\/site\/?s={search_term_string}\"},\"query-input\":{\"@type\":\"PropertyValueSpecification\",\"valueRequired\":true,\"valueName\":\"search_term_string\"}}],\"inLanguage\":\"pt-BR\"},{\"@type\":\"Organization\",\"@id\":\"https:\/\/www.travel3.com.br\/site\/#organization\",\"name\":\"Travel3\",\"url\":\"https:\/\/www.travel3.com.br\/site\/\",\"logo\":{\"@type\":\"ImageObject\",\"inLanguage\":\"pt-BR\",\"@id\":\"https:\/\/www.travel3.com.br\/site\/#\/schema\/logo\/image\/\",\"url\":\"https:\/\/www.travel3.com.br\/site\/wp-content\/uploads\/2020\/01\/logo-travel3-2020.png\",\"contentUrl\":\"https:\/\/www.travel3.com.br\/site\/wp-content\/uploads\/2020\/01\/logo-travel3-2020.png\",\"width\":232,\"height\":79,\"caption\":\"Travel3\"},\"image\":{\"@id\":\"https:\/\/www.travel3.com.br\/site\/#\/schema\/logo\/image\/\"},\"sameAs\":[\"https:\/\/www.facebook.com\/travel3media\/\",\"https:\/\/www.instagram.com\/revistatravel3\/\",\"https:\/\/www.youtube.com\/channel\/UCno7J4paGBR3VbZQzvoJ9Eg\"]},{\"@type\":\"Person\",\"@id\":\"https:\/\/www.travel3.com.br\/site\/#\/schema\/person\/a69d71e41a024999b6ab82369ac0bd1e\",\"name\":\"admin\",\"image\":{\"@type\":\"ImageObject\",\"inLanguage\":\"pt-BR\",\"@id\":\"https:\/\/www.travel3.com.br\/site\/#\/schema\/person\/image\/\",\"url\":\"https:\/\/secure.gravatar.com\/avatar\/732a67adfd764da2a47ba10ce731c4c0?s=96&d=mm&r=g\",\"contentUrl\":\"https:\/\/secure.gravatar.com\/avatar\/732a67adfd764da2a47ba10ce731c4c0?s=96&d=mm&r=g\",\"caption\":\"admin\"},\"url\":\"https:\/\/www.travel3.com.br\/site\/author\/admin\/\"}]}<\/script>\n<!-- \/ Yoast SEO plugin. -->","yoast_head_json":{"title":"SOBEM AS TAXAS DE EMBARQUE PARA O GRU AIRPORT E VIRACOPOS - Travel3","description":"A TRAVEL3 \u00e9 um portal de conte\u00fado voltado para o turismo, encontre destinos, viagens, hospedagem, passagens, guias, not\u00edcias sobre o mercado do turismo, dicas de viagem, v\u00eddeos e podcast.","robots":{"index":"index","follow":"follow","max-snippet":"max-snippet:-1","max-image-preview":"max-image-preview:large","max-video-preview":"max-video-preview:-1"},"canonical":"https:\/\/www.travel3.com.br\/site\/sem-categoria\/sobem-as-taxas-de-embarque-para-o-gru-airport-e-viracopos\/","og_locale":"pt_BR","og_type":"article","og_title":"SOBEM AS TAXAS DE EMBARQUE PARA O GRU AIRPORT E VIRACOPOS - Travel3","og_description":"A TRAVEL3 \u00e9 um portal de conte\u00fado voltado para o turismo, encontre destinos, viagens, hospedagem, passagens, guias, not\u00edcias sobre o mercado do turismo, dicas de viagem, v\u00eddeos e podcast.","og_url":"https:\/\/www.travel3.com.br\/site\/sem-categoria\/sobem-as-taxas-de-embarque-para-o-gru-airport-e-viracopos\/","og_site_name":"Travel3","article_publisher":"https:\/\/www.facebook.com\/travel3media\/","article_published_time":"2017-08-25T05:43:45+00:00","author":"admin","twitter_card":"summary_large_image","twitter_misc":{"Escrito por":"admin","Est. tempo de leitura":"1 minuto"},"schema":{"@context":"https:\/\/schema.org","@graph":[{"@type":"Article","@id":"https:\/\/www.travel3.com.br\/site\/sem-categoria\/sobem-as-taxas-de-embarque-para-o-gru-airport-e-viracopos\/#article","isPartOf":{"@id":"https:\/\/www.travel3.com.br\/site\/sem-categoria\/sobem-as-taxas-de-embarque-para-o-gru-airport-e-viracopos\/"},"author":{"name":"admin","@id":"https:\/\/www.travel3.com.br\/site\/#\/schema\/person\/a69d71e41a024999b6ab82369ac0bd1e"},"headline":"SOBEM AS TAXAS DE EMBARQUE PARA O GRU AIRPORT E VIRACOPOS","datePublished":"2017-08-25T05:43:45+00:00","mainEntityOfPage":{"@id":"https:\/\/www.travel3.com.br\/site\/sem-categoria\/sobem-as-taxas-de-embarque-para-o-gru-airport-e-viracopos\/"},"wordCount":289,"commentCount":0,"publisher":{"@id":"https:\/\/www.travel3.com.br\/site\/#organization"},"inLanguage":"pt-BR","potentialAction":[{"@type":"CommentAction","name":"Comment","target":["https:\/\/www.travel3.com.br\/site\/sem-categoria\/sobem-as-taxas-de-embarque-para-o-gru-airport-e-viracopos\/#respond"]}]},{"@type":"WebPage","@id":"https:\/\/www.travel3.com.br\/site\/sem-categoria\/sobem-as-taxas-de-embarque-para-o-gru-airport-e-viracopos\/","url":"https:\/\/www.travel3.com.br\/site\/sem-categoria\/sobem-as-taxas-de-embarque-para-o-gru-airport-e-viracopos\/","name":"SOBEM AS TAXAS DE EMBARQUE PARA O GRU AIRPORT E VIRACOPOS - Travel3","isPartOf":{"@id":"https:\/\/www.travel3.com.br\/site\/#website"},"datePublished":"2017-08-25T05:43:45+00:00","description":"A TRAVEL3 \u00e9 um portal de conte\u00fado voltado para o turismo, encontre destinos, viagens, hospedagem, passagens, guias, not\u00edcias sobre o mercado do turismo, dicas de viagem, v\u00eddeos e podcast.","breadcrumb":{"@id":"https:\/\/www.travel3.com.br\/site\/sem-categoria\/sobem-as-taxas-de-embarque-para-o-gru-airport-e-viracopos\/#breadcrumb"},"inLanguage":"pt-BR","potentialAction":[{"@type":"ReadAction","target":["https:\/\/www.travel3.com.br\/site\/sem-categoria\/sobem-as-taxas-de-embarque-para-o-gru-airport-e-viracopos\/"]}]},{"@type":"BreadcrumbList","@id":"https:\/\/www.travel3.com.br\/site\/sem-categoria\/sobem-as-taxas-de-embarque-para-o-gru-airport-e-viracopos\/#breadcrumb","itemListElement":[{"@type":"ListItem","position":1,"name":"In\u00edcio","item":"https:\/\/www.travel3.com.br\/site\/"},{"@type":"ListItem","position":2,"name":"SOBEM AS TAXAS DE EMBARQUE PARA O GRU AIRPORT E VIRACOPOS"}]},{"@type":"WebSite","@id":"https:\/\/www.travel3.com.br\/site\/#website","url":"https:\/\/www.travel3.com.br\/site\/","name":"Travel3","description":"Lazer + Neg&oacute;cios + Aventura","publisher":{"@id":"https:\/\/www.travel3.com.br\/site\/#organization"},"potentialAction":[{"@type":"SearchAction","target":{"@type":"EntryPoint","urlTemplate":"https:\/\/www.travel3.com.br\/site\/?s={search_term_string}"},"query-input":{"@type":"PropertyValueSpecification","valueRequired":true,"valueName":"search_term_string"}}],"inLanguage":"pt-BR"},{"@type":"Organization","@id":"https:\/\/www.travel3.com.br\/site\/#organization","name":"Travel3","url":"https:\/\/www.travel3.com.br\/site\/","logo":{"@type":"ImageObject","inLanguage":"pt-BR","@id":"https:\/\/www.travel3.com.br\/site\/#\/schema\/logo\/image\/","url":"https:\/\/www.travel3.com.br\/site\/wp-content\/uploads\/2020\/01\/logo-travel3-2020.png","contentUrl":"https:\/\/www.travel3.com.br\/site\/wp-content\/uploads\/2020\/01\/logo-travel3-2020.png","width":232,"height":79,"caption":"Travel3"},"image":{"@id":"https:\/\/www.travel3.com.br\/site\/#\/schema\/logo\/image\/"},"sameAs":["https:\/\/www.facebook.com\/travel3media\/","https:\/\/www.instagram.com\/revistatravel3\/","https:\/\/www.youtube.com\/channel\/UCno7J4paGBR3VbZQzvoJ9Eg"]},{"@type":"Person","@id":"https:\/\/www.travel3.com.br\/site\/#\/schema\/person\/a69d71e41a024999b6ab82369ac0bd1e","name":"admin","image":{"@type":"ImageObject","inLanguage":"pt-BR","@id":"https:\/\/www.travel3.com.br\/site\/#\/schema\/person\/image\/","url":"https:\/\/secure.gravatar.com\/avatar\/732a67adfd764da2a47ba10ce731c4c0?s=96&d=mm&r=g","contentUrl":"https:\/\/secure.gravatar.com\/avatar\/732a67adfd764da2a47ba10ce731c4c0?s=96&d=mm&r=g","caption":"admin"},"url":"https:\/\/www.travel3.com.br\/site\/author\/admin\/"}]}},"_links":{"self":[{"href":"https:\/\/www.travel3.com.br\/site\/wp-json\/wp\/v2\/posts\/1326","targetHints":{"allow":["GET"]}}],"collection":[{"href":"https:\/\/www.travel3.com.br\/site\/wp-json\/wp\/v2\/posts"}],"about":[{"href":"https:\/\/www.travel3.com.br\/site\/wp-json\/wp\/v2\/types\/post"}],"author":[{"embeddable":true,"href":"https:\/\/www.travel3.com.br\/site\/wp-json\/wp\/v2\/users\/1"}],"replies":[{"embeddable":true,"href":"https:\/\/www.travel3.com.br\/site\/wp-json\/wp\/v2\/comments?post=1326"}],"version-history":[{"count":0,"href":"https:\/\/www.travel3.com.br\/site\/wp-json\/wp\/v2\/posts\/1326\/revisions"}],"wp:attachment":[{"href":"https:\/\/www.travel3.com.br\/site\/wp-json\/wp\/v2\/media?parent=1326"}],"wp:term":[{"taxonomy":"category","embeddable":true,"href":"https:\/\/www.travel3.com.br\/site\/wp-json\/wp\/v2\/categories?post=1326"},{"taxonomy":"post_tag","embeddable":true,"href":"https:\/\/www.travel3.com.br\/site\/wp-json\/wp\/v2\/tags?post=1326"}],"curies":[{"name":"wp","href":"https:\/\/api.w.org\/{rel}","templated":true}]}}