{"id":13197,"date":"2018-05-30T09:57:13","date_gmt":"2018-05-30T12:57:13","guid":{"rendered":"http:\/\/www.travel3.com.br\/?p=13197"},"modified":"2018-05-30T09:58:40","modified_gmt":"2018-05-30T12:58:40","slug":"abba-the-history","status":"publish","type":"post","link":"https:\/\/www.travel3.com.br\/site\/hotel\/nacional\/abba-the-history\/","title":{"rendered":"ABBA THE HISTORY, EM JULHO, ENTRA EM CARTAZ NO TIVOLI ECORESORT PRAIA DO FORTE"},"content":{"rendered":"<h2>Tributo \u00e0 banda ser\u00e1 no dia 21 de julho, \u00e0 partir das 18h<\/h2>\n<p>O Tivoli Ecoresort Praia do Forte ter\u00e1 show da banda ABBA <em>The History \u2013 A salute to Abba<\/em> na noite de 21 de julho. O evento, que come\u00e7a \u00e0s 18h, ser\u00e1 aberto para h\u00f3spedes e n\u00e3o-h\u00f3spedes do hotel.<\/p>\n<figure id=\"attachment_13198\" aria-describedby=\"caption-attachment-13198\" style=\"width: 1920px\" class=\"wp-caption aligncenter\"><a href=\"http:\/\/www.travel3.com.br\/site\/wp-content\/uploads\/2018\/05\/338266_794183_novas_piscinas_noturna_eduardo_moody.jpg\"><img loading=\"lazy\" decoding=\"async\" class=\"size-full wp-image-13198\" src=\"http:\/\/www.travel3.com.br\/site\/wp-content\/uploads\/2018\/05\/338266_794183_novas_piscinas_noturna_eduardo_moody.jpg\" alt=\"Tivoli Ecoresort Praia do Forte\" width=\"1920\" height=\"1280\" srcset=\"https:\/\/www.travel3.com.br\/site\/wp-content\/uploads\/2018\/05\/338266_794183_novas_piscinas_noturna_eduardo_moody.jpg 1920w, https:\/\/www.travel3.com.br\/site\/wp-content\/uploads\/2018\/05\/338266_794183_novas_piscinas_noturna_eduardo_moody-300x200.jpg 300w, https:\/\/www.travel3.com.br\/site\/wp-content\/uploads\/2018\/05\/338266_794183_novas_piscinas_noturna_eduardo_moody-768x512.jpg 768w, https:\/\/www.travel3.com.br\/site\/wp-content\/uploads\/2018\/05\/338266_794183_novas_piscinas_noturna_eduardo_moody-1024x682.jpg 1024w, https:\/\/www.travel3.com.br\/site\/wp-content\/uploads\/2018\/05\/338266_794183_novas_piscinas_noturna_eduardo_moody-60x40.jpg 60w, https:\/\/www.travel3.com.br\/site\/wp-content\/uploads\/2018\/05\/338266_794183_novas_piscinas_noturna_eduardo_moody-144x95.jpg 144w, https:\/\/www.travel3.com.br\/site\/wp-content\/uploads\/2018\/05\/338266_794183_novas_piscinas_noturna_eduardo_moody-210x139.jpg 210w\" sizes=\"auto, (max-width: 1920px) 100vw, 1920px\" \/><\/a><figcaption id=\"caption-attachment-13198\" class=\"wp-caption-text\"><strong>A nova \u00e1rea de piscinas do Tivoli Ecoresort Praia do Forte \u00e9 uma das atra\u00e7\u00f5es do sofisticado hotel (Fotos: Divulga\u00e7\u00e3o)<\/strong><\/figcaption><\/figure>\n<p>Os ingressos tem valor de R$180,00 para n\u00e3o-h\u00f3spedes, e de R$120,00 para h\u00f3spedes do resort durante o per\u00edodo.<\/p>\n<p><a href=\"http:\/\/www.travel3.com.br\/site\/wp-content\/uploads\/2018\/05\/338266_794181_foto_palco_ath_dourado.jpg\"><img loading=\"lazy\" decoding=\"async\" class=\"alignnone size-full wp-image-13199\" src=\"http:\/\/www.travel3.com.br\/site\/wp-content\/uploads\/2018\/05\/338266_794181_foto_palco_ath_dourado.jpg\" alt=\"\" width=\"1356\" height=\"1920\" srcset=\"https:\/\/www.travel3.com.br\/site\/wp-content\/uploads\/2018\/05\/338266_794181_foto_palco_ath_dourado.jpg 1356w, https:\/\/www.travel3.com.br\/site\/wp-content\/uploads\/2018\/05\/338266_794181_foto_palco_ath_dourado-212x300.jpg 212w, https:\/\/www.travel3.com.br\/site\/wp-content\/uploads\/2018\/05\/338266_794181_foto_palco_ath_dourado-768x1088.jpg 768w, https:\/\/www.travel3.com.br\/site\/wp-content\/uploads\/2018\/05\/338266_794181_foto_palco_ath_dourado-723x1024.jpg 723w\" sizes=\"auto, (max-width: 1356px) 100vw, 1356px\" \/><\/a><\/p>\n<h6>Abba &#8211; The History<\/h6>\n<p>Formada em 2013, a banda nasceu com o objetivo de comemorar o anivers\u00e1rio de 40 anos do grupo ABBA, em 2014. A ABBA The History \u2013 A Salute to Abba junta a musicalidade, harmonia vocal, figurinos e coreografias do ABBA num show eletrizante para todas as idades.<\/p>\n<h2>ABBA The History \u2013 A Salute to Abba<\/h2>\n<p><strong>Data =<\/strong> 21 de julho de 2018<\/p>\n<p><strong>Hor\u00e1rio =<\/strong> 18h<\/p>\n<p><strong>Valor por pessoa =<\/strong> R$ 120,00 para h\u00f3spedes e R$ 180,00 para n\u00e3o-h\u00f3spedes do hotel.<\/p>\n<p><strong>Local =<\/strong> Tivoli Ecoresort Praia do Forte<\/p>\n<p><strong>Endere\u00e7o =<\/strong> Av. do Farol &#8211; Praia do Forte, Mata de S\u00e3o Jo\u00e3o &#8211; BA<\/p>\n<p><strong>Saiba mais =<\/strong> 55 (71) 3676 4000 +\u00a0<a href=\"reservas.tepf@tivolihotels.com\">reservas.tepf@tivolihotels.com<\/a> +\u00a0<a href=\"http:\/\/www.tivolihotels.com\">www.tivolihotels.com<\/a><\/p>\n","protected":false},"excerpt":{"rendered":"<p>Tributo \u00e0 banda ser\u00e1 no dia 21 de julho, \u00e0 partir das 18h O Tivoli Ecoresort Praia do Forte ter\u00e1 show da banda ABBA The History \u2013 A salute to Abba na noite de 21 de julho. O evento, que come\u00e7a \u00e0s 18h, ser\u00e1 aberto para h\u00f3spedes e n\u00e3o-h\u00f3spedes do hotel. Os ingressos tem valor [&hellip;]<\/p>\n","protected":false},"author":5,"featured_media":13199,"comment_status":"open","ping_status":"open","sticky":false,"template":"","format":"standard","meta":{"footnotes":""},"categories":[178,226,10,167,168],"tags":[2095,1319,206,702,525,187],"class_list":["post-13197","post","type-post","status-publish","format-standard","has-post-thumbnail","hentry","category-brasil","category-destaque","category-destinos","category-hotel","category-nacional","tag-abba","tag-hotel-nacional","tag-resort","tag-tivoli","tag-tivoli-ecoresort-praia-do-forte","tag-travel3"],"yoast_head":"<!-- This site is optimized with the Yoast SEO plugin v26.2 - https:\/\/yoast.com\/wordpress\/plugins\/seo\/ -->\n<title>ABBA THE HISTORY, EM JULHO, ENTRA EM CARTAZ NO TIVOLI ECORESORT PRAIA DO FORTE - Travel3<\/title>\n<meta name=\"description\" content=\"Tivoli Ecoresort Praia do Forte apresentar\u00e1 no dia 21 de julho, a partir das 18h o show Abba The History, uma homenagem a banda\" \/>\n<meta name=\"robots\" content=\"index, follow, max-snippet:-1, max-image-preview:large, max-video-preview:-1\" \/>\n<link rel=\"canonical\" href=\"https:\/\/www.travel3.com.br\/site\/hotel\/nacional\/abba-the-history\/\" \/>\n<meta property=\"og:locale\" content=\"pt_BR\" \/>\n<meta property=\"og:type\" content=\"article\" \/>\n<meta property=\"og:title\" content=\"ABBA THE HISTORY, EM JULHO, ENTRA EM CARTAZ NO TIVOLI ECORESORT PRAIA DO FORTE - Travel3\" \/>\n<meta property=\"og:description\" content=\"Tivoli Ecoresort Praia do Forte apresentar\u00e1 no dia 21 de julho, a partir das 18h o show Abba The History, uma homenagem a banda\" \/>\n<meta property=\"og:url\" content=\"https:\/\/www.travel3.com.br\/site\/hotel\/nacional\/abba-the-history\/\" \/>\n<meta property=\"og:site_name\" content=\"Travel3\" \/>\n<meta property=\"article:publisher\" content=\"https:\/\/www.facebook.com\/travel3media\/\" \/>\n<meta property=\"article:published_time\" content=\"2018-05-30T12:57:13+00:00\" \/>\n<meta property=\"article:modified_time\" content=\"2018-05-30T12:58:40+00:00\" \/>\n<meta property=\"og:image\" content=\"https:\/\/www.travel3.com.br\/site\/wp-content\/uploads\/2018\/05\/338266_794181_foto_palco_ath_dourado.jpg\" \/>\n\t<meta property=\"og:image:width\" content=\"1356\" \/>\n\t<meta property=\"og:image:height\" content=\"1920\" \/>\n\t<meta property=\"og:image:type\" content=\"image\/jpeg\" \/>\n<meta name=\"author\" content=\"Reda\u00e7\u00e3o Travel3\" \/>\n<meta name=\"twitter:card\" content=\"summary_large_image\" \/>\n<meta name=\"twitter:label1\" content=\"Escrito por\" \/>\n\t<meta name=\"twitter:data1\" content=\"Reda\u00e7\u00e3o Travel3\" \/>\n\t<meta name=\"twitter:label2\" content=\"Est. tempo de leitura\" \/>\n\t<meta name=\"twitter:data2\" content=\"1 minuto\" \/>\n<script type=\"application\/ld+json\" class=\"yoast-schema-graph\">{\"@context\":\"https:\/\/schema.org\",\"@graph\":[{\"@type\":\"Article\",\"@id\":\"https:\/\/www.travel3.com.br\/site\/hotel\/nacional\/abba-the-history\/#article\",\"isPartOf\":{\"@id\":\"https:\/\/www.travel3.com.br\/site\/hotel\/nacional\/abba-the-history\/\"},\"author\":{\"name\":\"Reda\u00e7\u00e3o Travel3\",\"@id\":\"https:\/\/www.travel3.com.br\/site\/#\/schema\/person\/89251b0320bc67697de92249f97f3fdb\"},\"headline\":\"ABBA THE HISTORY, EM JULHO, ENTRA EM CARTAZ NO TIVOLI ECORESORT PRAIA DO FORTE\",\"datePublished\":\"2018-05-30T12:57:13+00:00\",\"dateModified\":\"2018-05-30T12:58:40+00:00\",\"mainEntityOfPage\":{\"@id\":\"https:\/\/www.travel3.com.br\/site\/hotel\/nacional\/abba-the-history\/\"},\"wordCount\":223,\"commentCount\":0,\"publisher\":{\"@id\":\"https:\/\/www.travel3.com.br\/site\/#organization\"},\"image\":{\"@id\":\"https:\/\/www.travel3.com.br\/site\/hotel\/nacional\/abba-the-history\/#primaryimage\"},\"thumbnailUrl\":\"https:\/\/www.travel3.com.br\/site\/wp-content\/uploads\/2018\/05\/338266_794181_foto_palco_ath_dourado.jpg\",\"keywords\":[\"abba\",\"hotel nacional\",\"resort\",\"Tivoli\",\"Tivoli Ecoresort Praia do Forte\",\"Travel3\"],\"articleSection\":[\"Brasil\",\"Destaque\",\"Destinos\",\"Hotel\",\"Hotel Nacional\"],\"inLanguage\":\"pt-BR\",\"potentialAction\":[{\"@type\":\"CommentAction\",\"name\":\"Comment\",\"target\":[\"https:\/\/www.travel3.com.br\/site\/hotel\/nacional\/abba-the-history\/#respond\"]}]},{\"@type\":\"WebPage\",\"@id\":\"https:\/\/www.travel3.com.br\/site\/hotel\/nacional\/abba-the-history\/\",\"url\":\"https:\/\/www.travel3.com.br\/site\/hotel\/nacional\/abba-the-history\/\",\"name\":\"ABBA THE HISTORY, EM JULHO, ENTRA EM CARTAZ NO TIVOLI ECORESORT PRAIA DO FORTE - Travel3\",\"isPartOf\":{\"@id\":\"https:\/\/www.travel3.com.br\/site\/#website\"},\"primaryImageOfPage\":{\"@id\":\"https:\/\/www.travel3.com.br\/site\/hotel\/nacional\/abba-the-history\/#primaryimage\"},\"image\":{\"@id\":\"https:\/\/www.travel3.com.br\/site\/hotel\/nacional\/abba-the-history\/#primaryimage\"},\"thumbnailUrl\":\"https:\/\/www.travel3.com.br\/site\/wp-content\/uploads\/2018\/05\/338266_794181_foto_palco_ath_dourado.jpg\",\"datePublished\":\"2018-05-30T12:57:13+00:00\",\"dateModified\":\"2018-05-30T12:58:40+00:00\",\"description\":\"Tivoli Ecoresort Praia do Forte apresentar\u00e1 no dia 21 de julho, a partir das 18h o show Abba The History, uma homenagem a banda\",\"breadcrumb\":{\"@id\":\"https:\/\/www.travel3.com.br\/site\/hotel\/nacional\/abba-the-history\/#breadcrumb\"},\"inLanguage\":\"pt-BR\",\"potentialAction\":[{\"@type\":\"ReadAction\",\"target\":[\"https:\/\/www.travel3.com.br\/site\/hotel\/nacional\/abba-the-history\/\"]}]},{\"@type\":\"ImageObject\",\"inLanguage\":\"pt-BR\",\"@id\":\"https:\/\/www.travel3.com.br\/site\/hotel\/nacional\/abba-the-history\/#primaryimage\",\"url\":\"https:\/\/www.travel3.com.br\/site\/wp-content\/uploads\/2018\/05\/338266_794181_foto_palco_ath_dourado.jpg\",\"contentUrl\":\"https:\/\/www.travel3.com.br\/site\/wp-content\/uploads\/2018\/05\/338266_794181_foto_palco_ath_dourado.jpg\",\"width\":1356,\"height\":1920,\"caption\":\"ABBA The History, ser\u00e1 o show apresentado no dia 21 de julho, no Tivoli Ecoresort Praia do Forte\"},{\"@type\":\"BreadcrumbList\",\"@id\":\"https:\/\/www.travel3.com.br\/site\/hotel\/nacional\/abba-the-history\/#breadcrumb\",\"itemListElement\":[{\"@type\":\"ListItem\",\"position\":1,\"name\":\"In\u00edcio\",\"item\":\"https:\/\/www.travel3.com.br\/site\/\"},{\"@type\":\"ListItem\",\"position\":2,\"name\":\"ABBA THE HISTORY, EM JULHO, ENTRA EM CARTAZ NO TIVOLI ECORESORT PRAIA DO FORTE\"}]},{\"@type\":\"WebSite\",\"@id\":\"https:\/\/www.travel3.com.br\/site\/#website\",\"url\":\"https:\/\/www.travel3.com.br\/site\/\",\"name\":\"Travel3\",\"description\":\"Lazer + Neg&oacute;cios + Aventura\",\"publisher\":{\"@id\":\"https:\/\/www.travel3.com.br\/site\/#organization\"},\"potentialAction\":[{\"@type\":\"SearchAction\",\"target\":{\"@type\":\"EntryPoint\",\"urlTemplate\":\"https:\/\/www.travel3.com.br\/site\/?s={search_term_string}\"},\"query-input\":{\"@type\":\"PropertyValueSpecification\",\"valueRequired\":true,\"valueName\":\"search_term_string\"}}],\"inLanguage\":\"pt-BR\"},{\"@type\":\"Organization\",\"@id\":\"https:\/\/www.travel3.com.br\/site\/#organization\",\"name\":\"Travel3\",\"url\":\"https:\/\/www.travel3.com.br\/site\/\",\"logo\":{\"@type\":\"ImageObject\",\"inLanguage\":\"pt-BR\",\"@id\":\"https:\/\/www.travel3.com.br\/site\/#\/schema\/logo\/image\/\",\"url\":\"https:\/\/www.travel3.com.br\/site\/wp-content\/uploads\/2020\/01\/logo-travel3-2020.png\",\"contentUrl\":\"https:\/\/www.travel3.com.br\/site\/wp-content\/uploads\/2020\/01\/logo-travel3-2020.png\",\"width\":232,\"height\":79,\"caption\":\"Travel3\"},\"image\":{\"@id\":\"https:\/\/www.travel3.com.br\/site\/#\/schema\/logo\/image\/\"},\"sameAs\":[\"https:\/\/www.facebook.com\/travel3media\/\",\"https:\/\/www.instagram.com\/revistatravel3\/\",\"https:\/\/www.youtube.com\/channel\/UCno7J4paGBR3VbZQzvoJ9Eg\"]},{\"@type\":\"Person\",\"@id\":\"https:\/\/www.travel3.com.br\/site\/#\/schema\/person\/89251b0320bc67697de92249f97f3fdb\",\"name\":\"Reda\u00e7\u00e3o Travel3\",\"image\":{\"@type\":\"ImageObject\",\"inLanguage\":\"pt-BR\",\"@id\":\"https:\/\/www.travel3.com.br\/site\/#\/schema\/person\/image\/\",\"url\":\"https:\/\/secure.gravatar.com\/avatar\/85a5ec2ad99b1932f671ebf50c117db6?s=96&d=mm&r=g\",\"contentUrl\":\"https:\/\/secure.gravatar.com\/avatar\/85a5ec2ad99b1932f671ebf50c117db6?s=96&d=mm&r=g\",\"caption\":\"Reda\u00e7\u00e3o Travel3\"},\"sameAs\":[\"http:\/\/www.travel3.com.br\/\"],\"url\":\"https:\/\/www.travel3.com.br\/site\/author\/redacao\/\"}]}<\/script>\n<!-- \/ Yoast SEO plugin. -->","yoast_head_json":{"title":"ABBA THE HISTORY, EM JULHO, ENTRA EM CARTAZ NO TIVOLI ECORESORT PRAIA DO FORTE - Travel3","description":"Tivoli Ecoresort Praia do Forte apresentar\u00e1 no dia 21 de julho, a partir das 18h o show Abba The History, uma homenagem a banda","robots":{"index":"index","follow":"follow","max-snippet":"max-snippet:-1","max-image-preview":"max-image-preview:large","max-video-preview":"max-video-preview:-1"},"canonical":"https:\/\/www.travel3.com.br\/site\/hotel\/nacional\/abba-the-history\/","og_locale":"pt_BR","og_type":"article","og_title":"ABBA THE HISTORY, EM JULHO, ENTRA EM CARTAZ NO TIVOLI ECORESORT PRAIA DO FORTE - Travel3","og_description":"Tivoli Ecoresort Praia do Forte apresentar\u00e1 no dia 21 de julho, a partir das 18h o show Abba The History, uma homenagem a banda","og_url":"https:\/\/www.travel3.com.br\/site\/hotel\/nacional\/abba-the-history\/","og_site_name":"Travel3","article_publisher":"https:\/\/www.facebook.com\/travel3media\/","article_published_time":"2018-05-30T12:57:13+00:00","article_modified_time":"2018-05-30T12:58:40+00:00","og_image":[{"width":1356,"height":1920,"url":"https:\/\/www.travel3.com.br\/site\/wp-content\/uploads\/2018\/05\/338266_794181_foto_palco_ath_dourado.jpg","type":"image\/jpeg"}],"author":"Reda\u00e7\u00e3o Travel3","twitter_card":"summary_large_image","twitter_misc":{"Escrito por":"Reda\u00e7\u00e3o Travel3","Est. tempo de leitura":"1 minuto"},"schema":{"@context":"https:\/\/schema.org","@graph":[{"@type":"Article","@id":"https:\/\/www.travel3.com.br\/site\/hotel\/nacional\/abba-the-history\/#article","isPartOf":{"@id":"https:\/\/www.travel3.com.br\/site\/hotel\/nacional\/abba-the-history\/"},"author":{"name":"Reda\u00e7\u00e3o Travel3","@id":"https:\/\/www.travel3.com.br\/site\/#\/schema\/person\/89251b0320bc67697de92249f97f3fdb"},"headline":"ABBA THE HISTORY, EM JULHO, ENTRA EM CARTAZ NO TIVOLI ECORESORT PRAIA DO FORTE","datePublished":"2018-05-30T12:57:13+00:00","dateModified":"2018-05-30T12:58:40+00:00","mainEntityOfPage":{"@id":"https:\/\/www.travel3.com.br\/site\/hotel\/nacional\/abba-the-history\/"},"wordCount":223,"commentCount":0,"publisher":{"@id":"https:\/\/www.travel3.com.br\/site\/#organization"},"image":{"@id":"https:\/\/www.travel3.com.br\/site\/hotel\/nacional\/abba-the-history\/#primaryimage"},"thumbnailUrl":"https:\/\/www.travel3.com.br\/site\/wp-content\/uploads\/2018\/05\/338266_794181_foto_palco_ath_dourado.jpg","keywords":["abba","hotel nacional","resort","Tivoli","Tivoli Ecoresort Praia do Forte","Travel3"],"articleSection":["Brasil","Destaque","Destinos","Hotel","Hotel Nacional"],"inLanguage":"pt-BR","potentialAction":[{"@type":"CommentAction","name":"Comment","target":["https:\/\/www.travel3.com.br\/site\/hotel\/nacional\/abba-the-history\/#respond"]}]},{"@type":"WebPage","@id":"https:\/\/www.travel3.com.br\/site\/hotel\/nacional\/abba-the-history\/","url":"https:\/\/www.travel3.com.br\/site\/hotel\/nacional\/abba-the-history\/","name":"ABBA THE HISTORY, EM JULHO, ENTRA EM CARTAZ NO TIVOLI ECORESORT PRAIA DO FORTE - Travel3","isPartOf":{"@id":"https:\/\/www.travel3.com.br\/site\/#website"},"primaryImageOfPage":{"@id":"https:\/\/www.travel3.com.br\/site\/hotel\/nacional\/abba-the-history\/#primaryimage"},"image":{"@id":"https:\/\/www.travel3.com.br\/site\/hotel\/nacional\/abba-the-history\/#primaryimage"},"thumbnailUrl":"https:\/\/www.travel3.com.br\/site\/wp-content\/uploads\/2018\/05\/338266_794181_foto_palco_ath_dourado.jpg","datePublished":"2018-05-30T12:57:13+00:00","dateModified":"2018-05-30T12:58:40+00:00","description":"Tivoli Ecoresort Praia do Forte apresentar\u00e1 no dia 21 de julho, a partir das 18h o show Abba The History, uma homenagem a banda","breadcrumb":{"@id":"https:\/\/www.travel3.com.br\/site\/hotel\/nacional\/abba-the-history\/#breadcrumb"},"inLanguage":"pt-BR","potentialAction":[{"@type":"ReadAction","target":["https:\/\/www.travel3.com.br\/site\/hotel\/nacional\/abba-the-history\/"]}]},{"@type":"ImageObject","inLanguage":"pt-BR","@id":"https:\/\/www.travel3.com.br\/site\/hotel\/nacional\/abba-the-history\/#primaryimage","url":"https:\/\/www.travel3.com.br\/site\/wp-content\/uploads\/2018\/05\/338266_794181_foto_palco_ath_dourado.jpg","contentUrl":"https:\/\/www.travel3.com.br\/site\/wp-content\/uploads\/2018\/05\/338266_794181_foto_palco_ath_dourado.jpg","width":1356,"height":1920,"caption":"ABBA The History, ser\u00e1 o show apresentado no dia 21 de julho, no Tivoli Ecoresort Praia do Forte"},{"@type":"BreadcrumbList","@id":"https:\/\/www.travel3.com.br\/site\/hotel\/nacional\/abba-the-history\/#breadcrumb","itemListElement":[{"@type":"ListItem","position":1,"name":"In\u00edcio","item":"https:\/\/www.travel3.com.br\/site\/"},{"@type":"ListItem","position":2,"name":"ABBA THE HISTORY, EM JULHO, ENTRA EM CARTAZ NO TIVOLI ECORESORT PRAIA DO FORTE"}]},{"@type":"WebSite","@id":"https:\/\/www.travel3.com.br\/site\/#website","url":"https:\/\/www.travel3.com.br\/site\/","name":"Travel3","description":"Lazer + Neg&oacute;cios + Aventura","publisher":{"@id":"https:\/\/www.travel3.com.br\/site\/#organization"},"potentialAction":[{"@type":"SearchAction","target":{"@type":"EntryPoint","urlTemplate":"https:\/\/www.travel3.com.br\/site\/?s={search_term_string}"},"query-input":{"@type":"PropertyValueSpecification","valueRequired":true,"valueName":"search_term_string"}}],"inLanguage":"pt-BR"},{"@type":"Organization","@id":"https:\/\/www.travel3.com.br\/site\/#organization","name":"Travel3","url":"https:\/\/www.travel3.com.br\/site\/","logo":{"@type":"ImageObject","inLanguage":"pt-BR","@id":"https:\/\/www.travel3.com.br\/site\/#\/schema\/logo\/image\/","url":"https:\/\/www.travel3.com.br\/site\/wp-content\/uploads\/2020\/01\/logo-travel3-2020.png","contentUrl":"https:\/\/www.travel3.com.br\/site\/wp-content\/uploads\/2020\/01\/logo-travel3-2020.png","width":232,"height":79,"caption":"Travel3"},"image":{"@id":"https:\/\/www.travel3.com.br\/site\/#\/schema\/logo\/image\/"},"sameAs":["https:\/\/www.facebook.com\/travel3media\/","https:\/\/www.instagram.com\/revistatravel3\/","https:\/\/www.youtube.com\/channel\/UCno7J4paGBR3VbZQzvoJ9Eg"]},{"@type":"Person","@id":"https:\/\/www.travel3.com.br\/site\/#\/schema\/person\/89251b0320bc67697de92249f97f3fdb","name":"Reda\u00e7\u00e3o Travel3","image":{"@type":"ImageObject","inLanguage":"pt-BR","@id":"https:\/\/www.travel3.com.br\/site\/#\/schema\/person\/image\/","url":"https:\/\/secure.gravatar.com\/avatar\/85a5ec2ad99b1932f671ebf50c117db6?s=96&d=mm&r=g","contentUrl":"https:\/\/secure.gravatar.com\/avatar\/85a5ec2ad99b1932f671ebf50c117db6?s=96&d=mm&r=g","caption":"Reda\u00e7\u00e3o Travel3"},"sameAs":["http:\/\/www.travel3.com.br\/"],"url":"https:\/\/www.travel3.com.br\/site\/author\/redacao\/"}]}},"_links":{"self":[{"href":"https:\/\/www.travel3.com.br\/site\/wp-json\/wp\/v2\/posts\/13197","targetHints":{"allow":["GET"]}}],"collection":[{"href":"https:\/\/www.travel3.com.br\/site\/wp-json\/wp\/v2\/posts"}],"about":[{"href":"https:\/\/www.travel3.com.br\/site\/wp-json\/wp\/v2\/types\/post"}],"author":[{"embeddable":true,"href":"https:\/\/www.travel3.com.br\/site\/wp-json\/wp\/v2\/users\/5"}],"replies":[{"embeddable":true,"href":"https:\/\/www.travel3.com.br\/site\/wp-json\/wp\/v2\/comments?post=13197"}],"version-history":[{"count":5,"href":"https:\/\/www.travel3.com.br\/site\/wp-json\/wp\/v2\/posts\/13197\/revisions"}],"predecessor-version":[{"id":13214,"href":"https:\/\/www.travel3.com.br\/site\/wp-json\/wp\/v2\/posts\/13197\/revisions\/13214"}],"wp:featuredmedia":[{"embeddable":true,"href":"https:\/\/www.travel3.com.br\/site\/wp-json\/wp\/v2\/media\/13199"}],"wp:attachment":[{"href":"https:\/\/www.travel3.com.br\/site\/wp-json\/wp\/v2\/media?parent=13197"}],"wp:term":[{"taxonomy":"category","embeddable":true,"href":"https:\/\/www.travel3.com.br\/site\/wp-json\/wp\/v2\/categories?post=13197"},{"taxonomy":"post_tag","embeddable":true,"href":"https:\/\/www.travel3.com.br\/site\/wp-json\/wp\/v2\/tags?post=13197"}],"curies":[{"name":"wp","href":"https:\/\/api.w.org\/{rel}","templated":true}]}}