{"id":13147,"date":"2018-05-29T09:32:43","date_gmt":"2018-05-29T12:32:43","guid":{"rendered":"http:\/\/www.travel3.com.br\/?p=13147"},"modified":"2018-06-06T15:03:31","modified_gmt":"2018-06-06T18:03:31","slug":"capacitacoes-foram-destaque-na-24a-bnt-mercosul","status":"publish","type":"post","link":"https:\/\/www.travel3.com.br\/site\/acontece-no-turismo\/capacitacoes-foram-destaque-na-24a-bnt-mercosul\/","title":{"rendered":"CAPACITA\u00c7\u00d5ES FORAM DESTAQUE NA 24\u00aa EDI\u00c7\u00c3O DA BNT MERCOSUL"},"content":{"rendered":"<h2>Organiza\u00e7\u00e3o do evento informou que foram capacitados 2.364 agentes de viagens durante os dias 25 e 26 de maio<\/h2>\n<p>A 24\u00aa edi\u00e7\u00e3o da BNT Mercosul terminou com saldo bastante positivo. O evento aconteceu nos dias 25 e 26 de maio, em Itaja\u00ed, Balne\u00e1rio Cambori\u00fa, e Beto Carrero World. Visitaram a feira 5.410 pessoas, durante os 2 dias de programa\u00e7\u00e3o.<\/p>\n<p>A organiza\u00e7\u00e3o da BNT Mercosul divulgou os n\u00fameros do evento. Participaram 114 operadoras + 93 estandes + 350 marcas participantes + 38 grupos de Famturs, com profissionais vindos de 288 cidades brasileiras + 67 estrangeiras, de 21 estados brasileiros e 6 pa\u00edses = Brasil + Argentina + Uruguai + Paraguai + Chile + Peru.<\/p>\n<p>As capacita\u00e7\u00f5es para agentes de viagens foram concorridas. Foram 2.364 profissionais capacitados em 7 salas. As capacita\u00e7\u00f5es apresentaram os seguintes destinos = Maranh\u00e3o + Rio Grande do Norte + Mato Grosso + Mato Grosso do Sul + Blumenau + Parque Unipraias.<\/p>\n<p><a href=\"http:\/\/www.travel3.com.br\/site\/wp-content\/uploads\/2018\/05\/unnamed-28.jpg\"><img loading=\"lazy\" decoding=\"async\" class=\"alignnone size-full wp-image-13149\" src=\"http:\/\/www.travel3.com.br\/site\/wp-content\/uploads\/2018\/05\/unnamed-28.jpg\" alt=\"\" width=\"1920\" height=\"1280\" srcset=\"https:\/\/www.travel3.com.br\/site\/wp-content\/uploads\/2018\/05\/unnamed-28.jpg 1920w, https:\/\/www.travel3.com.br\/site\/wp-content\/uploads\/2018\/05\/unnamed-28-300x200.jpg 300w, https:\/\/www.travel3.com.br\/site\/wp-content\/uploads\/2018\/05\/unnamed-28-768x512.jpg 768w, https:\/\/www.travel3.com.br\/site\/wp-content\/uploads\/2018\/05\/unnamed-28-1024x683.jpg 1024w, https:\/\/www.travel3.com.br\/site\/wp-content\/uploads\/2018\/05\/unnamed-28-60x40.jpg 60w, https:\/\/www.travel3.com.br\/site\/wp-content\/uploads\/2018\/05\/unnamed-28-144x95.jpg 144w, https:\/\/www.travel3.com.br\/site\/wp-content\/uploads\/2018\/05\/unnamed-28-210x139.jpg 210w\" sizes=\"auto, (max-width: 1920px) 100vw, 1920px\" \/><\/a><\/p>\n<blockquote><p>&#8220;Com corredores mais livres, os profissionais puderam circular mais, aproveitando melhor o seu tempo no evento e encontrar com mais facilidade as salas das Capacita\u00e7\u00f5es&#8221;.<\/p>\n<p><strong>Geninho Goes &#8211; Diretor da BNT Mercosul<\/strong><\/p><\/blockquote>\n<p>O principal objetivo do evento foi aproximar os profissionais de turismo, para a realiza\u00e7\u00e3o de neg\u00f3cios. A rodada de neg\u00f3cios registrou 1.394 contatos comerciais. Estiveram presentes os representantes de empresas como CVC Corp + Flytour MMT + Azul Viagens, entre outros.<\/p>\n<p>Como tradi\u00e7\u00e3o, a BNT Mercosul encerrou a feira com uma festa no Beto Carrero World.<\/p>\n<p>Em 2019, a feira vai celebrar 25 anos e j\u00e1 prepara uma edi\u00e7\u00e3o especial, que acontecer\u00e1 nos dias 24 e 25 de maio.<\/p>\n","protected":false},"excerpt":{"rendered":"<p>Organiza\u00e7\u00e3o do evento informou que foram capacitados 2.364 agentes de viagens durante os dias 25 e 26 de maio A 24\u00aa edi\u00e7\u00e3o da BNT Mercosul terminou com saldo bastante positivo. O evento aconteceu nos dias 25 e 26 de maio, em Itaja\u00ed, Balne\u00e1rio Cambori\u00fa, e Beto Carrero World. Visitaram a feira 5.410 pessoas, durante os [&hellip;]<\/p>\n","protected":false},"author":5,"featured_media":13148,"comment_status":"open","ping_status":"open","sticky":false,"template":"","format":"standard","meta":{"footnotes":""},"categories":[969,5,3],"tags":[1947,1668,431,1493,2078,460,1624,187],"class_list":["post-13147","post","type-post","status-publish","format-standard","has-post-thumbnail","hentry","category-acontece-no-turismo","category-eventos-e-feiras","category-negocios","tag-acontece","tag-acontece-no-turismo","tag-agentes-de-viagem","tag-bnt-mercosul","tag-capacitacoes","tag-destinos","tag-eventos-e-feiras","tag-travel3"],"yoast_head":"<!-- This site is optimized with the Yoast SEO plugin v26.2 - https:\/\/yoast.com\/wordpress\/plugins\/seo\/ -->\n<title>CAPACITA\u00c7\u00d5ES FORAM DESTAQUE NA 24\u00aa EDI\u00c7\u00c3O DA BNT MERCOSUL - Travel3<\/title>\n<meta name=\"description\" content=\"As capacita\u00e7\u00f5es foram destaque na 24a edi\u00e7\u00e3o da BNT Mercosul, que aconteceu no Balne\u00e1rio de Cambori\u00fa nos dias 25 e 26 de maio\" \/>\n<meta name=\"robots\" content=\"index, follow, max-snippet:-1, max-image-preview:large, max-video-preview:-1\" \/>\n<link rel=\"canonical\" href=\"https:\/\/www.travel3.com.br\/site\/acontece-no-turismo\/capacitacoes-foram-destaque-na-24a-bnt-mercosul\/\" \/>\n<meta property=\"og:locale\" content=\"pt_BR\" \/>\n<meta property=\"og:type\" content=\"article\" \/>\n<meta property=\"og:title\" content=\"CAPACITA\u00c7\u00d5ES FORAM DESTAQUE NA 24\u00aa EDI\u00c7\u00c3O DA BNT MERCOSUL - Travel3\" \/>\n<meta property=\"og:description\" content=\"As capacita\u00e7\u00f5es foram destaque na 24a edi\u00e7\u00e3o da BNT Mercosul, que aconteceu no Balne\u00e1rio de Cambori\u00fa nos dias 25 e 26 de maio\" \/>\n<meta property=\"og:url\" content=\"https:\/\/www.travel3.com.br\/site\/acontece-no-turismo\/capacitacoes-foram-destaque-na-24a-bnt-mercosul\/\" \/>\n<meta property=\"og:site_name\" content=\"Travel3\" \/>\n<meta property=\"article:publisher\" content=\"https:\/\/www.facebook.com\/travel3media\/\" \/>\n<meta property=\"article:published_time\" content=\"2018-05-29T12:32:43+00:00\" \/>\n<meta property=\"article:modified_time\" content=\"2018-06-06T18:03:31+00:00\" \/>\n<meta property=\"og:image\" content=\"https:\/\/www.travel3.com.br\/site\/wp-content\/uploads\/2018\/05\/unnamed-27.jpg\" \/>\n\t<meta property=\"og:image:width\" content=\"1920\" \/>\n\t<meta property=\"og:image:height\" content=\"1280\" \/>\n\t<meta property=\"og:image:type\" content=\"image\/jpeg\" \/>\n<meta name=\"author\" content=\"Reda\u00e7\u00e3o Travel3\" \/>\n<meta name=\"twitter:card\" content=\"summary_large_image\" \/>\n<meta name=\"twitter:label1\" content=\"Escrito por\" \/>\n\t<meta name=\"twitter:data1\" content=\"Reda\u00e7\u00e3o Travel3\" \/>\n\t<meta name=\"twitter:label2\" content=\"Est. tempo de leitura\" \/>\n\t<meta name=\"twitter:data2\" content=\"1 minuto\" \/>\n<script type=\"application\/ld+json\" class=\"yoast-schema-graph\">{\"@context\":\"https:\/\/schema.org\",\"@graph\":[{\"@type\":\"Article\",\"@id\":\"https:\/\/www.travel3.com.br\/site\/acontece-no-turismo\/capacitacoes-foram-destaque-na-24a-bnt-mercosul\/#article\",\"isPartOf\":{\"@id\":\"https:\/\/www.travel3.com.br\/site\/acontece-no-turismo\/capacitacoes-foram-destaque-na-24a-bnt-mercosul\/\"},\"author\":{\"name\":\"Reda\u00e7\u00e3o Travel3\",\"@id\":\"https:\/\/www.travel3.com.br\/site\/#\/schema\/person\/89251b0320bc67697de92249f97f3fdb\"},\"headline\":\"CAPACITA\u00c7\u00d5ES FORAM DESTAQUE NA 24\u00aa EDI\u00c7\u00c3O DA BNT MERCOSUL\",\"datePublished\":\"2018-05-29T12:32:43+00:00\",\"dateModified\":\"2018-06-06T18:03:31+00:00\",\"mainEntityOfPage\":{\"@id\":\"https:\/\/www.travel3.com.br\/site\/acontece-no-turismo\/capacitacoes-foram-destaque-na-24a-bnt-mercosul\/\"},\"wordCount\":250,\"commentCount\":0,\"publisher\":{\"@id\":\"https:\/\/www.travel3.com.br\/site\/#organization\"},\"image\":{\"@id\":\"https:\/\/www.travel3.com.br\/site\/acontece-no-turismo\/capacitacoes-foram-destaque-na-24a-bnt-mercosul\/#primaryimage\"},\"thumbnailUrl\":\"https:\/\/www.travel3.com.br\/site\/wp-content\/uploads\/2018\/05\/unnamed-27.jpg\",\"keywords\":[\"acontece\",\"acontece no turismo\",\"agentes de viagem\",\"BNT Mercosul\",\"capacita\u00e7\u00f5es\",\"destinos\",\"eventos e feiras\",\"Travel3\"],\"articleSection\":[\"Acontece no Turismo\",\"Eventos e Feiras\",\"Neg\u00f3cios\"],\"inLanguage\":\"pt-BR\",\"potentialAction\":[{\"@type\":\"CommentAction\",\"name\":\"Comment\",\"target\":[\"https:\/\/www.travel3.com.br\/site\/acontece-no-turismo\/capacitacoes-foram-destaque-na-24a-bnt-mercosul\/#respond\"]}]},{\"@type\":\"WebPage\",\"@id\":\"https:\/\/www.travel3.com.br\/site\/acontece-no-turismo\/capacitacoes-foram-destaque-na-24a-bnt-mercosul\/\",\"url\":\"https:\/\/www.travel3.com.br\/site\/acontece-no-turismo\/capacitacoes-foram-destaque-na-24a-bnt-mercosul\/\",\"name\":\"CAPACITA\u00c7\u00d5ES FORAM DESTAQUE NA 24\u00aa EDI\u00c7\u00c3O DA BNT MERCOSUL - Travel3\",\"isPartOf\":{\"@id\":\"https:\/\/www.travel3.com.br\/site\/#website\"},\"primaryImageOfPage\":{\"@id\":\"https:\/\/www.travel3.com.br\/site\/acontece-no-turismo\/capacitacoes-foram-destaque-na-24a-bnt-mercosul\/#primaryimage\"},\"image\":{\"@id\":\"https:\/\/www.travel3.com.br\/site\/acontece-no-turismo\/capacitacoes-foram-destaque-na-24a-bnt-mercosul\/#primaryimage\"},\"thumbnailUrl\":\"https:\/\/www.travel3.com.br\/site\/wp-content\/uploads\/2018\/05\/unnamed-27.jpg\",\"datePublished\":\"2018-05-29T12:32:43+00:00\",\"dateModified\":\"2018-06-06T18:03:31+00:00\",\"description\":\"As capacita\u00e7\u00f5es foram destaque na 24a edi\u00e7\u00e3o da BNT Mercosul, que aconteceu no Balne\u00e1rio de Cambori\u00fa nos dias 25 e 26 de maio\",\"breadcrumb\":{\"@id\":\"https:\/\/www.travel3.com.br\/site\/acontece-no-turismo\/capacitacoes-foram-destaque-na-24a-bnt-mercosul\/#breadcrumb\"},\"inLanguage\":\"pt-BR\",\"potentialAction\":[{\"@type\":\"ReadAction\",\"target\":[\"https:\/\/www.travel3.com.br\/site\/acontece-no-turismo\/capacitacoes-foram-destaque-na-24a-bnt-mercosul\/\"]}]},{\"@type\":\"ImageObject\",\"inLanguage\":\"pt-BR\",\"@id\":\"https:\/\/www.travel3.com.br\/site\/acontece-no-turismo\/capacitacoes-foram-destaque-na-24a-bnt-mercosul\/#primaryimage\",\"url\":\"https:\/\/www.travel3.com.br\/site\/wp-content\/uploads\/2018\/05\/unnamed-27.jpg\",\"contentUrl\":\"https:\/\/www.travel3.com.br\/site\/wp-content\/uploads\/2018\/05\/unnamed-27.jpg\",\"width\":1920,\"height\":1280},{\"@type\":\"BreadcrumbList\",\"@id\":\"https:\/\/www.travel3.com.br\/site\/acontece-no-turismo\/capacitacoes-foram-destaque-na-24a-bnt-mercosul\/#breadcrumb\",\"itemListElement\":[{\"@type\":\"ListItem\",\"position\":1,\"name\":\"In\u00edcio\",\"item\":\"https:\/\/www.travel3.com.br\/site\/\"},{\"@type\":\"ListItem\",\"position\":2,\"name\":\"CAPACITA\u00c7\u00d5ES FORAM DESTAQUE NA 24\u00aa EDI\u00c7\u00c3O DA BNT MERCOSUL\"}]},{\"@type\":\"WebSite\",\"@id\":\"https:\/\/www.travel3.com.br\/site\/#website\",\"url\":\"https:\/\/www.travel3.com.br\/site\/\",\"name\":\"Travel3\",\"description\":\"Lazer + Neg&oacute;cios + Aventura\",\"publisher\":{\"@id\":\"https:\/\/www.travel3.com.br\/site\/#organization\"},\"potentialAction\":[{\"@type\":\"SearchAction\",\"target\":{\"@type\":\"EntryPoint\",\"urlTemplate\":\"https:\/\/www.travel3.com.br\/site\/?s={search_term_string}\"},\"query-input\":{\"@type\":\"PropertyValueSpecification\",\"valueRequired\":true,\"valueName\":\"search_term_string\"}}],\"inLanguage\":\"pt-BR\"},{\"@type\":\"Organization\",\"@id\":\"https:\/\/www.travel3.com.br\/site\/#organization\",\"name\":\"Travel3\",\"url\":\"https:\/\/www.travel3.com.br\/site\/\",\"logo\":{\"@type\":\"ImageObject\",\"inLanguage\":\"pt-BR\",\"@id\":\"https:\/\/www.travel3.com.br\/site\/#\/schema\/logo\/image\/\",\"url\":\"https:\/\/www.travel3.com.br\/site\/wp-content\/uploads\/2020\/01\/logo-travel3-2020.png\",\"contentUrl\":\"https:\/\/www.travel3.com.br\/site\/wp-content\/uploads\/2020\/01\/logo-travel3-2020.png\",\"width\":232,\"height\":79,\"caption\":\"Travel3\"},\"image\":{\"@id\":\"https:\/\/www.travel3.com.br\/site\/#\/schema\/logo\/image\/\"},\"sameAs\":[\"https:\/\/www.facebook.com\/travel3media\/\",\"https:\/\/www.instagram.com\/revistatravel3\/\",\"https:\/\/www.youtube.com\/channel\/UCno7J4paGBR3VbZQzvoJ9Eg\"]},{\"@type\":\"Person\",\"@id\":\"https:\/\/www.travel3.com.br\/site\/#\/schema\/person\/89251b0320bc67697de92249f97f3fdb\",\"name\":\"Reda\u00e7\u00e3o Travel3\",\"image\":{\"@type\":\"ImageObject\",\"inLanguage\":\"pt-BR\",\"@id\":\"https:\/\/www.travel3.com.br\/site\/#\/schema\/person\/image\/\",\"url\":\"https:\/\/secure.gravatar.com\/avatar\/85a5ec2ad99b1932f671ebf50c117db6?s=96&d=mm&r=g\",\"contentUrl\":\"https:\/\/secure.gravatar.com\/avatar\/85a5ec2ad99b1932f671ebf50c117db6?s=96&d=mm&r=g\",\"caption\":\"Reda\u00e7\u00e3o Travel3\"},\"sameAs\":[\"http:\/\/www.travel3.com.br\/\"],\"url\":\"https:\/\/www.travel3.com.br\/site\/author\/redacao\/\"}]}<\/script>\n<!-- \/ Yoast SEO plugin. -->","yoast_head_json":{"title":"CAPACITA\u00c7\u00d5ES FORAM DESTAQUE NA 24\u00aa EDI\u00c7\u00c3O DA BNT MERCOSUL - Travel3","description":"As capacita\u00e7\u00f5es foram destaque na 24a edi\u00e7\u00e3o da BNT Mercosul, que aconteceu no Balne\u00e1rio de Cambori\u00fa nos dias 25 e 26 de maio","robots":{"index":"index","follow":"follow","max-snippet":"max-snippet:-1","max-image-preview":"max-image-preview:large","max-video-preview":"max-video-preview:-1"},"canonical":"https:\/\/www.travel3.com.br\/site\/acontece-no-turismo\/capacitacoes-foram-destaque-na-24a-bnt-mercosul\/","og_locale":"pt_BR","og_type":"article","og_title":"CAPACITA\u00c7\u00d5ES FORAM DESTAQUE NA 24\u00aa EDI\u00c7\u00c3O DA BNT MERCOSUL - Travel3","og_description":"As capacita\u00e7\u00f5es foram destaque na 24a edi\u00e7\u00e3o da BNT Mercosul, que aconteceu no Balne\u00e1rio de Cambori\u00fa nos dias 25 e 26 de maio","og_url":"https:\/\/www.travel3.com.br\/site\/acontece-no-turismo\/capacitacoes-foram-destaque-na-24a-bnt-mercosul\/","og_site_name":"Travel3","article_publisher":"https:\/\/www.facebook.com\/travel3media\/","article_published_time":"2018-05-29T12:32:43+00:00","article_modified_time":"2018-06-06T18:03:31+00:00","og_image":[{"width":1920,"height":1280,"url":"https:\/\/www.travel3.com.br\/site\/wp-content\/uploads\/2018\/05\/unnamed-27.jpg","type":"image\/jpeg"}],"author":"Reda\u00e7\u00e3o Travel3","twitter_card":"summary_large_image","twitter_misc":{"Escrito por":"Reda\u00e7\u00e3o Travel3","Est. tempo de leitura":"1 minuto"},"schema":{"@context":"https:\/\/schema.org","@graph":[{"@type":"Article","@id":"https:\/\/www.travel3.com.br\/site\/acontece-no-turismo\/capacitacoes-foram-destaque-na-24a-bnt-mercosul\/#article","isPartOf":{"@id":"https:\/\/www.travel3.com.br\/site\/acontece-no-turismo\/capacitacoes-foram-destaque-na-24a-bnt-mercosul\/"},"author":{"name":"Reda\u00e7\u00e3o Travel3","@id":"https:\/\/www.travel3.com.br\/site\/#\/schema\/person\/89251b0320bc67697de92249f97f3fdb"},"headline":"CAPACITA\u00c7\u00d5ES FORAM DESTAQUE NA 24\u00aa EDI\u00c7\u00c3O DA BNT MERCOSUL","datePublished":"2018-05-29T12:32:43+00:00","dateModified":"2018-06-06T18:03:31+00:00","mainEntityOfPage":{"@id":"https:\/\/www.travel3.com.br\/site\/acontece-no-turismo\/capacitacoes-foram-destaque-na-24a-bnt-mercosul\/"},"wordCount":250,"commentCount":0,"publisher":{"@id":"https:\/\/www.travel3.com.br\/site\/#organization"},"image":{"@id":"https:\/\/www.travel3.com.br\/site\/acontece-no-turismo\/capacitacoes-foram-destaque-na-24a-bnt-mercosul\/#primaryimage"},"thumbnailUrl":"https:\/\/www.travel3.com.br\/site\/wp-content\/uploads\/2018\/05\/unnamed-27.jpg","keywords":["acontece","acontece no turismo","agentes de viagem","BNT Mercosul","capacita\u00e7\u00f5es","destinos","eventos e feiras","Travel3"],"articleSection":["Acontece no Turismo","Eventos e Feiras","Neg\u00f3cios"],"inLanguage":"pt-BR","potentialAction":[{"@type":"CommentAction","name":"Comment","target":["https:\/\/www.travel3.com.br\/site\/acontece-no-turismo\/capacitacoes-foram-destaque-na-24a-bnt-mercosul\/#respond"]}]},{"@type":"WebPage","@id":"https:\/\/www.travel3.com.br\/site\/acontece-no-turismo\/capacitacoes-foram-destaque-na-24a-bnt-mercosul\/","url":"https:\/\/www.travel3.com.br\/site\/acontece-no-turismo\/capacitacoes-foram-destaque-na-24a-bnt-mercosul\/","name":"CAPACITA\u00c7\u00d5ES FORAM DESTAQUE NA 24\u00aa EDI\u00c7\u00c3O DA BNT MERCOSUL - Travel3","isPartOf":{"@id":"https:\/\/www.travel3.com.br\/site\/#website"},"primaryImageOfPage":{"@id":"https:\/\/www.travel3.com.br\/site\/acontece-no-turismo\/capacitacoes-foram-destaque-na-24a-bnt-mercosul\/#primaryimage"},"image":{"@id":"https:\/\/www.travel3.com.br\/site\/acontece-no-turismo\/capacitacoes-foram-destaque-na-24a-bnt-mercosul\/#primaryimage"},"thumbnailUrl":"https:\/\/www.travel3.com.br\/site\/wp-content\/uploads\/2018\/05\/unnamed-27.jpg","datePublished":"2018-05-29T12:32:43+00:00","dateModified":"2018-06-06T18:03:31+00:00","description":"As capacita\u00e7\u00f5es foram destaque na 24a edi\u00e7\u00e3o da BNT Mercosul, que aconteceu no Balne\u00e1rio de Cambori\u00fa nos dias 25 e 26 de maio","breadcrumb":{"@id":"https:\/\/www.travel3.com.br\/site\/acontece-no-turismo\/capacitacoes-foram-destaque-na-24a-bnt-mercosul\/#breadcrumb"},"inLanguage":"pt-BR","potentialAction":[{"@type":"ReadAction","target":["https:\/\/www.travel3.com.br\/site\/acontece-no-turismo\/capacitacoes-foram-destaque-na-24a-bnt-mercosul\/"]}]},{"@type":"ImageObject","inLanguage":"pt-BR","@id":"https:\/\/www.travel3.com.br\/site\/acontece-no-turismo\/capacitacoes-foram-destaque-na-24a-bnt-mercosul\/#primaryimage","url":"https:\/\/www.travel3.com.br\/site\/wp-content\/uploads\/2018\/05\/unnamed-27.jpg","contentUrl":"https:\/\/www.travel3.com.br\/site\/wp-content\/uploads\/2018\/05\/unnamed-27.jpg","width":1920,"height":1280},{"@type":"BreadcrumbList","@id":"https:\/\/www.travel3.com.br\/site\/acontece-no-turismo\/capacitacoes-foram-destaque-na-24a-bnt-mercosul\/#breadcrumb","itemListElement":[{"@type":"ListItem","position":1,"name":"In\u00edcio","item":"https:\/\/www.travel3.com.br\/site\/"},{"@type":"ListItem","position":2,"name":"CAPACITA\u00c7\u00d5ES FORAM DESTAQUE NA 24\u00aa EDI\u00c7\u00c3O DA BNT MERCOSUL"}]},{"@type":"WebSite","@id":"https:\/\/www.travel3.com.br\/site\/#website","url":"https:\/\/www.travel3.com.br\/site\/","name":"Travel3","description":"Lazer + Neg&oacute;cios + Aventura","publisher":{"@id":"https:\/\/www.travel3.com.br\/site\/#organization"},"potentialAction":[{"@type":"SearchAction","target":{"@type":"EntryPoint","urlTemplate":"https:\/\/www.travel3.com.br\/site\/?s={search_term_string}"},"query-input":{"@type":"PropertyValueSpecification","valueRequired":true,"valueName":"search_term_string"}}],"inLanguage":"pt-BR"},{"@type":"Organization","@id":"https:\/\/www.travel3.com.br\/site\/#organization","name":"Travel3","url":"https:\/\/www.travel3.com.br\/site\/","logo":{"@type":"ImageObject","inLanguage":"pt-BR","@id":"https:\/\/www.travel3.com.br\/site\/#\/schema\/logo\/image\/","url":"https:\/\/www.travel3.com.br\/site\/wp-content\/uploads\/2020\/01\/logo-travel3-2020.png","contentUrl":"https:\/\/www.travel3.com.br\/site\/wp-content\/uploads\/2020\/01\/logo-travel3-2020.png","width":232,"height":79,"caption":"Travel3"},"image":{"@id":"https:\/\/www.travel3.com.br\/site\/#\/schema\/logo\/image\/"},"sameAs":["https:\/\/www.facebook.com\/travel3media\/","https:\/\/www.instagram.com\/revistatravel3\/","https:\/\/www.youtube.com\/channel\/UCno7J4paGBR3VbZQzvoJ9Eg"]},{"@type":"Person","@id":"https:\/\/www.travel3.com.br\/site\/#\/schema\/person\/89251b0320bc67697de92249f97f3fdb","name":"Reda\u00e7\u00e3o Travel3","image":{"@type":"ImageObject","inLanguage":"pt-BR","@id":"https:\/\/www.travel3.com.br\/site\/#\/schema\/person\/image\/","url":"https:\/\/secure.gravatar.com\/avatar\/85a5ec2ad99b1932f671ebf50c117db6?s=96&d=mm&r=g","contentUrl":"https:\/\/secure.gravatar.com\/avatar\/85a5ec2ad99b1932f671ebf50c117db6?s=96&d=mm&r=g","caption":"Reda\u00e7\u00e3o Travel3"},"sameAs":["http:\/\/www.travel3.com.br\/"],"url":"https:\/\/www.travel3.com.br\/site\/author\/redacao\/"}]}},"_links":{"self":[{"href":"https:\/\/www.travel3.com.br\/site\/wp-json\/wp\/v2\/posts\/13147","targetHints":{"allow":["GET"]}}],"collection":[{"href":"https:\/\/www.travel3.com.br\/site\/wp-json\/wp\/v2\/posts"}],"about":[{"href":"https:\/\/www.travel3.com.br\/site\/wp-json\/wp\/v2\/types\/post"}],"author":[{"embeddable":true,"href":"https:\/\/www.travel3.com.br\/site\/wp-json\/wp\/v2\/users\/5"}],"replies":[{"embeddable":true,"href":"https:\/\/www.travel3.com.br\/site\/wp-json\/wp\/v2\/comments?post=13147"}],"version-history":[{"count":3,"href":"https:\/\/www.travel3.com.br\/site\/wp-json\/wp\/v2\/posts\/13147\/revisions"}],"predecessor-version":[{"id":13180,"href":"https:\/\/www.travel3.com.br\/site\/wp-json\/wp\/v2\/posts\/13147\/revisions\/13180"}],"wp:featuredmedia":[{"embeddable":true,"href":"https:\/\/www.travel3.com.br\/site\/wp-json\/wp\/v2\/media\/13148"}],"wp:attachment":[{"href":"https:\/\/www.travel3.com.br\/site\/wp-json\/wp\/v2\/media?parent=13147"}],"wp:term":[{"taxonomy":"category","embeddable":true,"href":"https:\/\/www.travel3.com.br\/site\/wp-json\/wp\/v2\/categories?post=13147"},{"taxonomy":"post_tag","embeddable":true,"href":"https:\/\/www.travel3.com.br\/site\/wp-json\/wp\/v2\/tags?post=13147"}],"curies":[{"name":"wp","href":"https:\/\/api.w.org\/{rel}","templated":true}]}}