{"id":1302,"date":"2017-09-11T06:04:59","date_gmt":"2017-09-11T06:04:59","guid":{"rendered":"http:\/\/www.travel3.com.br\/site\/ir-e-vir\/ar\/dior-inaugurou-pop-up-store-no-t3-do-gru-airport\/"},"modified":"2017-09-11T06:04:59","modified_gmt":"2017-09-11T06:04:59","slug":"dior-inaugurou-pop-up-store-no-t3-do-gru-airport","status":"publish","type":"post","link":"https:\/\/www.travel3.com.br\/site\/sem-categoria\/dior-inaugurou-pop-up-store-no-t3-do-gru-airport\/","title":{"rendered":"DIOR INAUGUROU POP-UP STORE NO T3 DO GRU AIRPORT"},"content":{"rendered":"<p><span style=\"color: #40acad; font-family: -apple-system, system-ui, 'Segoe UI', Roboto, Oxygen-Sans, Ubuntu, Cantarell, 'Helvetica Neue', sans-serif; font-size: 12px; font-weight: bold;\"><\/p>\n<p style=\"text-align:justify\">Pela primeira vez, a Dior cria uma POP-UP store em um aeroporto brasileiro. Com espa\u00e7o de 65m2, localizada no Terminal 3, do GRU Airport. Oferece uma experi\u00eancia exclusiva aos viajantes enquanto aguardam pelo v\u00f4o.<\/p>\n<p style=\"text-align:justify\">Em parceria com a DUFRY, a loja contar\u00e1 com dois universos fortes inspirados nas cria\u00e7\u00f5es ic\u00f4nicas da famosa marca. Os consultores de beleza v\u00e3o oferecer diferentes servi\u00e7os, como consulta de fragr\u00e2ncias e maquiagem instant\u00e2nea com direito \u00e0 fotografia do resultado.<\/p>\n<p style=\"text-align:justify\"><a class=\"fancybox-media\" href=\"..\/_uploads\/_noticia\/2017-07\/316546-715736-pah-5055-.--web---2-.jpg\" rel=\"portfolio\"><img decoding=\"async\" alt=\"\" src=\"..\/_uploads\/_noticia\/2017-07\/316546-715736-pah-5055-.--web---2-.jpg\" \/><\/a><\/p>\n<p style=\"text-align:justify\">Entre os lan\u00e7amentos de inaugura\u00e7\u00e3o, o Dior Addict Lacquer, novo labial h\u00edbrido, metade brilho laqueado e metade batom, em um contexto divertido e colorido de um diner de Los Angeles. Quando Paris se mistura com Los Angeles, esque\u00e7a todo o anterior sobre brilho e experi\u00eancia.<\/p>\n<p style=\"text-align:justify\">Em sintonia com uma nova gera\u00e7\u00e3o de mulheres jovens que confia em seus instintos e gosta de se divertir com maquiagem, a Dior est\u00e1 lan\u00e7ando o primeiro bast\u00e3o de laca concentrado, altamente pigmentado, cultivado pela moda e chique.<\/p>\n<p style=\"text-align:justify\">A excepcional express\u00e3o de cores desta nova gera\u00e7\u00e3o de laca inspirou Peter Philips a criar as quatro tend\u00eancias de cores da temporada: Pastel, Neon, Classic e Wild. Todas elas influenciadas por locais emblem\u00e1ticos de Los Angeles, banhados pela luz da Costa Oeste e incorporados pela bela e definitiva LA girl, Jennifer Lawrence.<\/p>\n<p style=\"text-align:justify\">Vale experimentar uma paleta de 18 cria\u00e7\u00f5es de cores que v\u00e3o desde a mais altamente experimental at\u00e9 a mais atemporal. Four It-shades \u00e9 esta cole\u00e7\u00e3o com 877 Turn Me Dior, 684 Diabolo, 924 Sauvage 550 Tease.<\/p>\n<p style=\"text-align:justify\">DIOR MASCULINO<\/p>\n<p style=\"text-align:justify\">Os homens n\u00e3o foram esquecidos, com uma \u00e1rea inteira \u00a0no lado oposto para a experi\u00eancia das fragr\u00e2ncias masculinas da Maison Dior. Inspirado em bares e no universo de vinhos e destilados, as cria\u00e7\u00f5es ic\u00f4nicas incluindo Sauvage e seu novo e revolucion\u00e1rio Very Cool Spray, Dior Homme e Fahrenheit.<\/p>\n<p style=\"text-align:justify\">A loja Pop Up da Dior que fica logo depois da imigra\u00e7\u00e3o, oferece assim um ambiente de compras instigante, refletindo a hist\u00f3ria singular de luxo e inova\u00e7\u00e3o da marca.<\/p>\n<p style=\"text-align:justify\">O hor\u00e1rio de funcionamento ? das 6h \u00e0s 24h de\u00a0segunda\u00a0\u00e0\u00a0domingo<\/p>\n<p>\u00a0<\/p>\n<p>\u00a0<\/p>\n<p><\/span><\/p>\n","protected":false},"excerpt":{"rendered":"<p>Para uma experi\u00eancia exclusiva de servi\u00e7os de beleza e perfumaria no espa\u00e7o de compras  internacionais do principal aeroporto brasileiro<\/p>\n","protected":false},"author":1,"featured_media":0,"comment_status":"open","ping_status":"open","sticky":false,"template":"","format":"standard","meta":{"footnotes":""},"categories":[],"tags":[],"class_list":["post-1302","post","type-post","status-publish","format-standard","hentry"],"yoast_head":"<!-- This site is optimized with the Yoast SEO plugin v26.2 - https:\/\/yoast.com\/wordpress\/plugins\/seo\/ -->\n<title>DIOR INAUGUROU POP-UP STORE NO T3 DO GRU AIRPORT - Travel3<\/title>\n<meta name=\"description\" content=\"A TRAVEL3 \u00e9 um portal de conte\u00fado voltado para o turismo, encontre destinos, viagens, hospedagem, passagens, guias, not\u00edcias sobre o mercado do turismo, dicas de viagem, v\u00eddeos e podcast.\" \/>\n<meta name=\"robots\" content=\"index, follow, max-snippet:-1, max-image-preview:large, max-video-preview:-1\" \/>\n<link rel=\"canonical\" href=\"https:\/\/www.travel3.com.br\/site\/sem-categoria\/dior-inaugurou-pop-up-store-no-t3-do-gru-airport\/\" \/>\n<meta property=\"og:locale\" content=\"pt_BR\" \/>\n<meta property=\"og:type\" content=\"article\" \/>\n<meta property=\"og:title\" content=\"DIOR INAUGUROU POP-UP STORE NO T3 DO GRU AIRPORT - Travel3\" \/>\n<meta property=\"og:description\" content=\"A TRAVEL3 \u00e9 um portal de conte\u00fado voltado para o turismo, encontre destinos, viagens, hospedagem, passagens, guias, not\u00edcias sobre o mercado do turismo, dicas de viagem, v\u00eddeos e podcast.\" \/>\n<meta property=\"og:url\" content=\"https:\/\/www.travel3.com.br\/site\/sem-categoria\/dior-inaugurou-pop-up-store-no-t3-do-gru-airport\/\" \/>\n<meta property=\"og:site_name\" content=\"Travel3\" \/>\n<meta property=\"article:publisher\" content=\"https:\/\/www.facebook.com\/travel3media\/\" \/>\n<meta property=\"article:published_time\" content=\"2017-09-11T06:04:59+00:00\" \/>\n<meta name=\"author\" content=\"admin\" \/>\n<meta name=\"twitter:card\" content=\"summary_large_image\" \/>\n<meta name=\"twitter:label1\" content=\"Escrito por\" \/>\n\t<meta name=\"twitter:data1\" content=\"admin\" \/>\n\t<meta name=\"twitter:label2\" content=\"Est. tempo de leitura\" \/>\n\t<meta name=\"twitter:data2\" content=\"2 minutos\" \/>\n<script type=\"application\/ld+json\" class=\"yoast-schema-graph\">{\"@context\":\"https:\/\/schema.org\",\"@graph\":[{\"@type\":\"Article\",\"@id\":\"https:\/\/www.travel3.com.br\/site\/sem-categoria\/dior-inaugurou-pop-up-store-no-t3-do-gru-airport\/#article\",\"isPartOf\":{\"@id\":\"https:\/\/www.travel3.com.br\/site\/sem-categoria\/dior-inaugurou-pop-up-store-no-t3-do-gru-airport\/\"},\"author\":{\"name\":\"admin\",\"@id\":\"https:\/\/www.travel3.com.br\/site\/#\/schema\/person\/a69d71e41a024999b6ab82369ac0bd1e\"},\"headline\":\"DIOR INAUGUROU POP-UP STORE NO T3 DO GRU AIRPORT\",\"datePublished\":\"2017-09-11T06:04:59+00:00\",\"mainEntityOfPage\":{\"@id\":\"https:\/\/www.travel3.com.br\/site\/sem-categoria\/dior-inaugurou-pop-up-store-no-t3-do-gru-airport\/\"},\"wordCount\":370,\"commentCount\":0,\"publisher\":{\"@id\":\"https:\/\/www.travel3.com.br\/site\/#organization\"},\"inLanguage\":\"pt-BR\",\"potentialAction\":[{\"@type\":\"CommentAction\",\"name\":\"Comment\",\"target\":[\"https:\/\/www.travel3.com.br\/site\/sem-categoria\/dior-inaugurou-pop-up-store-no-t3-do-gru-airport\/#respond\"]}]},{\"@type\":\"WebPage\",\"@id\":\"https:\/\/www.travel3.com.br\/site\/sem-categoria\/dior-inaugurou-pop-up-store-no-t3-do-gru-airport\/\",\"url\":\"https:\/\/www.travel3.com.br\/site\/sem-categoria\/dior-inaugurou-pop-up-store-no-t3-do-gru-airport\/\",\"name\":\"DIOR INAUGUROU POP-UP STORE NO T3 DO GRU AIRPORT - Travel3\",\"isPartOf\":{\"@id\":\"https:\/\/www.travel3.com.br\/site\/#website\"},\"datePublished\":\"2017-09-11T06:04:59+00:00\",\"description\":\"A TRAVEL3 \u00e9 um portal de conte\u00fado voltado para o turismo, encontre destinos, viagens, hospedagem, passagens, guias, not\u00edcias sobre o mercado do turismo, dicas de viagem, v\u00eddeos e podcast.\",\"breadcrumb\":{\"@id\":\"https:\/\/www.travel3.com.br\/site\/sem-categoria\/dior-inaugurou-pop-up-store-no-t3-do-gru-airport\/#breadcrumb\"},\"inLanguage\":\"pt-BR\",\"potentialAction\":[{\"@type\":\"ReadAction\",\"target\":[\"https:\/\/www.travel3.com.br\/site\/sem-categoria\/dior-inaugurou-pop-up-store-no-t3-do-gru-airport\/\"]}]},{\"@type\":\"BreadcrumbList\",\"@id\":\"https:\/\/www.travel3.com.br\/site\/sem-categoria\/dior-inaugurou-pop-up-store-no-t3-do-gru-airport\/#breadcrumb\",\"itemListElement\":[{\"@type\":\"ListItem\",\"position\":1,\"name\":\"In\u00edcio\",\"item\":\"https:\/\/www.travel3.com.br\/site\/\"},{\"@type\":\"ListItem\",\"position\":2,\"name\":\"DIOR INAUGUROU POP-UP STORE NO T3 DO GRU AIRPORT\"}]},{\"@type\":\"WebSite\",\"@id\":\"https:\/\/www.travel3.com.br\/site\/#website\",\"url\":\"https:\/\/www.travel3.com.br\/site\/\",\"name\":\"Travel3\",\"description\":\"Lazer + Neg&oacute;cios + Aventura\",\"publisher\":{\"@id\":\"https:\/\/www.travel3.com.br\/site\/#organization\"},\"potentialAction\":[{\"@type\":\"SearchAction\",\"target\":{\"@type\":\"EntryPoint\",\"urlTemplate\":\"https:\/\/www.travel3.com.br\/site\/?s={search_term_string}\"},\"query-input\":{\"@type\":\"PropertyValueSpecification\",\"valueRequired\":true,\"valueName\":\"search_term_string\"}}],\"inLanguage\":\"pt-BR\"},{\"@type\":\"Organization\",\"@id\":\"https:\/\/www.travel3.com.br\/site\/#organization\",\"name\":\"Travel3\",\"url\":\"https:\/\/www.travel3.com.br\/site\/\",\"logo\":{\"@type\":\"ImageObject\",\"inLanguage\":\"pt-BR\",\"@id\":\"https:\/\/www.travel3.com.br\/site\/#\/schema\/logo\/image\/\",\"url\":\"https:\/\/www.travel3.com.br\/site\/wp-content\/uploads\/2020\/01\/logo-travel3-2020.png\",\"contentUrl\":\"https:\/\/www.travel3.com.br\/site\/wp-content\/uploads\/2020\/01\/logo-travel3-2020.png\",\"width\":232,\"height\":79,\"caption\":\"Travel3\"},\"image\":{\"@id\":\"https:\/\/www.travel3.com.br\/site\/#\/schema\/logo\/image\/\"},\"sameAs\":[\"https:\/\/www.facebook.com\/travel3media\/\",\"https:\/\/www.instagram.com\/revistatravel3\/\",\"https:\/\/www.youtube.com\/channel\/UCno7J4paGBR3VbZQzvoJ9Eg\"]},{\"@type\":\"Person\",\"@id\":\"https:\/\/www.travel3.com.br\/site\/#\/schema\/person\/a69d71e41a024999b6ab82369ac0bd1e\",\"name\":\"admin\",\"image\":{\"@type\":\"ImageObject\",\"inLanguage\":\"pt-BR\",\"@id\":\"https:\/\/www.travel3.com.br\/site\/#\/schema\/person\/image\/\",\"url\":\"https:\/\/secure.gravatar.com\/avatar\/732a67adfd764da2a47ba10ce731c4c0?s=96&d=mm&r=g\",\"contentUrl\":\"https:\/\/secure.gravatar.com\/avatar\/732a67adfd764da2a47ba10ce731c4c0?s=96&d=mm&r=g\",\"caption\":\"admin\"},\"url\":\"https:\/\/www.travel3.com.br\/site\/author\/admin\/\"}]}<\/script>\n<!-- \/ Yoast SEO plugin. -->","yoast_head_json":{"title":"DIOR INAUGUROU POP-UP STORE NO T3 DO GRU AIRPORT - Travel3","description":"A TRAVEL3 \u00e9 um portal de conte\u00fado voltado para o turismo, encontre destinos, viagens, hospedagem, passagens, guias, not\u00edcias sobre o mercado do turismo, dicas de viagem, v\u00eddeos e podcast.","robots":{"index":"index","follow":"follow","max-snippet":"max-snippet:-1","max-image-preview":"max-image-preview:large","max-video-preview":"max-video-preview:-1"},"canonical":"https:\/\/www.travel3.com.br\/site\/sem-categoria\/dior-inaugurou-pop-up-store-no-t3-do-gru-airport\/","og_locale":"pt_BR","og_type":"article","og_title":"DIOR INAUGUROU POP-UP STORE NO T3 DO GRU AIRPORT - Travel3","og_description":"A TRAVEL3 \u00e9 um portal de conte\u00fado voltado para o turismo, encontre destinos, viagens, hospedagem, passagens, guias, not\u00edcias sobre o mercado do turismo, dicas de viagem, v\u00eddeos e podcast.","og_url":"https:\/\/www.travel3.com.br\/site\/sem-categoria\/dior-inaugurou-pop-up-store-no-t3-do-gru-airport\/","og_site_name":"Travel3","article_publisher":"https:\/\/www.facebook.com\/travel3media\/","article_published_time":"2017-09-11T06:04:59+00:00","author":"admin","twitter_card":"summary_large_image","twitter_misc":{"Escrito por":"admin","Est. tempo de leitura":"2 minutos"},"schema":{"@context":"https:\/\/schema.org","@graph":[{"@type":"Article","@id":"https:\/\/www.travel3.com.br\/site\/sem-categoria\/dior-inaugurou-pop-up-store-no-t3-do-gru-airport\/#article","isPartOf":{"@id":"https:\/\/www.travel3.com.br\/site\/sem-categoria\/dior-inaugurou-pop-up-store-no-t3-do-gru-airport\/"},"author":{"name":"admin","@id":"https:\/\/www.travel3.com.br\/site\/#\/schema\/person\/a69d71e41a024999b6ab82369ac0bd1e"},"headline":"DIOR INAUGUROU POP-UP STORE NO T3 DO GRU AIRPORT","datePublished":"2017-09-11T06:04:59+00:00","mainEntityOfPage":{"@id":"https:\/\/www.travel3.com.br\/site\/sem-categoria\/dior-inaugurou-pop-up-store-no-t3-do-gru-airport\/"},"wordCount":370,"commentCount":0,"publisher":{"@id":"https:\/\/www.travel3.com.br\/site\/#organization"},"inLanguage":"pt-BR","potentialAction":[{"@type":"CommentAction","name":"Comment","target":["https:\/\/www.travel3.com.br\/site\/sem-categoria\/dior-inaugurou-pop-up-store-no-t3-do-gru-airport\/#respond"]}]},{"@type":"WebPage","@id":"https:\/\/www.travel3.com.br\/site\/sem-categoria\/dior-inaugurou-pop-up-store-no-t3-do-gru-airport\/","url":"https:\/\/www.travel3.com.br\/site\/sem-categoria\/dior-inaugurou-pop-up-store-no-t3-do-gru-airport\/","name":"DIOR INAUGUROU POP-UP STORE NO T3 DO GRU AIRPORT - Travel3","isPartOf":{"@id":"https:\/\/www.travel3.com.br\/site\/#website"},"datePublished":"2017-09-11T06:04:59+00:00","description":"A TRAVEL3 \u00e9 um portal de conte\u00fado voltado para o turismo, encontre destinos, viagens, hospedagem, passagens, guias, not\u00edcias sobre o mercado do turismo, dicas de viagem, v\u00eddeos e podcast.","breadcrumb":{"@id":"https:\/\/www.travel3.com.br\/site\/sem-categoria\/dior-inaugurou-pop-up-store-no-t3-do-gru-airport\/#breadcrumb"},"inLanguage":"pt-BR","potentialAction":[{"@type":"ReadAction","target":["https:\/\/www.travel3.com.br\/site\/sem-categoria\/dior-inaugurou-pop-up-store-no-t3-do-gru-airport\/"]}]},{"@type":"BreadcrumbList","@id":"https:\/\/www.travel3.com.br\/site\/sem-categoria\/dior-inaugurou-pop-up-store-no-t3-do-gru-airport\/#breadcrumb","itemListElement":[{"@type":"ListItem","position":1,"name":"In\u00edcio","item":"https:\/\/www.travel3.com.br\/site\/"},{"@type":"ListItem","position":2,"name":"DIOR INAUGUROU POP-UP STORE NO T3 DO GRU AIRPORT"}]},{"@type":"WebSite","@id":"https:\/\/www.travel3.com.br\/site\/#website","url":"https:\/\/www.travel3.com.br\/site\/","name":"Travel3","description":"Lazer + Neg&oacute;cios + Aventura","publisher":{"@id":"https:\/\/www.travel3.com.br\/site\/#organization"},"potentialAction":[{"@type":"SearchAction","target":{"@type":"EntryPoint","urlTemplate":"https:\/\/www.travel3.com.br\/site\/?s={search_term_string}"},"query-input":{"@type":"PropertyValueSpecification","valueRequired":true,"valueName":"search_term_string"}}],"inLanguage":"pt-BR"},{"@type":"Organization","@id":"https:\/\/www.travel3.com.br\/site\/#organization","name":"Travel3","url":"https:\/\/www.travel3.com.br\/site\/","logo":{"@type":"ImageObject","inLanguage":"pt-BR","@id":"https:\/\/www.travel3.com.br\/site\/#\/schema\/logo\/image\/","url":"https:\/\/www.travel3.com.br\/site\/wp-content\/uploads\/2020\/01\/logo-travel3-2020.png","contentUrl":"https:\/\/www.travel3.com.br\/site\/wp-content\/uploads\/2020\/01\/logo-travel3-2020.png","width":232,"height":79,"caption":"Travel3"},"image":{"@id":"https:\/\/www.travel3.com.br\/site\/#\/schema\/logo\/image\/"},"sameAs":["https:\/\/www.facebook.com\/travel3media\/","https:\/\/www.instagram.com\/revistatravel3\/","https:\/\/www.youtube.com\/channel\/UCno7J4paGBR3VbZQzvoJ9Eg"]},{"@type":"Person","@id":"https:\/\/www.travel3.com.br\/site\/#\/schema\/person\/a69d71e41a024999b6ab82369ac0bd1e","name":"admin","image":{"@type":"ImageObject","inLanguage":"pt-BR","@id":"https:\/\/www.travel3.com.br\/site\/#\/schema\/person\/image\/","url":"https:\/\/secure.gravatar.com\/avatar\/732a67adfd764da2a47ba10ce731c4c0?s=96&d=mm&r=g","contentUrl":"https:\/\/secure.gravatar.com\/avatar\/732a67adfd764da2a47ba10ce731c4c0?s=96&d=mm&r=g","caption":"admin"},"url":"https:\/\/www.travel3.com.br\/site\/author\/admin\/"}]}},"_links":{"self":[{"href":"https:\/\/www.travel3.com.br\/site\/wp-json\/wp\/v2\/posts\/1302","targetHints":{"allow":["GET"]}}],"collection":[{"href":"https:\/\/www.travel3.com.br\/site\/wp-json\/wp\/v2\/posts"}],"about":[{"href":"https:\/\/www.travel3.com.br\/site\/wp-json\/wp\/v2\/types\/post"}],"author":[{"embeddable":true,"href":"https:\/\/www.travel3.com.br\/site\/wp-json\/wp\/v2\/users\/1"}],"replies":[{"embeddable":true,"href":"https:\/\/www.travel3.com.br\/site\/wp-json\/wp\/v2\/comments?post=1302"}],"version-history":[{"count":0,"href":"https:\/\/www.travel3.com.br\/site\/wp-json\/wp\/v2\/posts\/1302\/revisions"}],"wp:attachment":[{"href":"https:\/\/www.travel3.com.br\/site\/wp-json\/wp\/v2\/media?parent=1302"}],"wp:term":[{"taxonomy":"category","embeddable":true,"href":"https:\/\/www.travel3.com.br\/site\/wp-json\/wp\/v2\/categories?post=1302"},{"taxonomy":"post_tag","embeddable":true,"href":"https:\/\/www.travel3.com.br\/site\/wp-json\/wp\/v2\/tags?post=1302"}],"curies":[{"name":"wp","href":"https:\/\/api.w.org\/{rel}","templated":true}]}}