{"id":1282,"date":"2017-09-11T02:41:45","date_gmt":"2017-09-11T02:41:45","guid":{"rendered":"http:\/\/www.travel3.com.br\/site\/ir-e-vir\/ar\/avianca-brasil-anuncia-nova-york-para-dezembro\/"},"modified":"2017-09-11T02:41:45","modified_gmt":"2017-09-11T02:41:45","slug":"avianca-brasil-anuncia-nova-york-para-dezembro","status":"publish","type":"post","link":"https:\/\/www.travel3.com.br\/site\/sem-categoria\/avianca-brasil-anuncia-nova-york-para-dezembro\/","title":{"rendered":"AVIANCA BRASIL ANUNCIA NOVA YORK PARA DEZEMBRO"},"content":{"rendered":"<p><span style=\"color: #40acad; font-family: -apple-system, system-ui, 'Segoe UI', Roboto, Oxygen-Sans, Ubuntu, Cantarell, 'Helvetica Neue', sans-serif; font-size: 12px; font-weight: bold;\"><\/p>\n<p><a class=\"fancybox-media\" href=\"..\/_uploads\/_noticia\/2017-07\/novayorkcomestatuaemdest.jpg\" rel=\"portfolio\"><img decoding=\"async\" alt=\"\" src=\"..\/_uploads\/_noticia\/2017-07\/novayorkcomestatuaemdest.jpg\" \/><\/a><\/p>\n<p><strong>S\u00c3O PAULO<\/strong> &#8211; A Avianca Brasil est\u00e1 indo cada vez mais longe. Em uma coletiva super movimentada, a empresa est\u00e1 anunciando na manh\u00e3 de hoje (18), diretamente da sede da Grey (ag\u00eancia de publicidade), na regi\u00e3o do Morumbi, zona Sul da capital paulista, os dois novos fatos de um ano movimentado e especial como est\u00e1 sendo 2017.<\/p>\n<p>Em dezembro a empresa lan\u00e7ar\u00e1 o destino Nova York, voos di\u00e1rios, com vendas que come\u00e7ar\u00e3o\u00a0\u00a0 a partir de agosto, quando tamb\u00e9m todas as informa\u00e7\u00f5es referentes ser\u00e3o anunciadas (datas, detalhes operacionais, etc). A rota GU Airport, com o novo A330 da empresa, ser\u00e1 feita com o JFKennedy, em NY. A op\u00e7\u00e3o pela cidade considerada a &#39;capital do mundo&#39; entrou nos planos da empresa em aumentar a conex\u00e3o com os Estados Unidos, depois de ter iniciado Miami no mes passado e que est\u00e1 recebendo um aproveitamengo acima do esperado.<\/p>\n<p>At\u00e9 o final do ano a Avianca Brasil contar\u00e1 com quatro aeronaves A330, atualmente s\u00e3o dois em opera\u00e7\u00e3o na rota de Miami.<\/p>\n<p>Antes, a companhia ter\u00e1 neste segundo semestre, o lan\u00e7amento da rota semanal entre Salvador e Bogot\u00e1 e tamb\u00e9m mais uma atua\u00e7\u00e3o na malha dom\u00e9stica com a volta da liga\u00e7\u00e3o entre Belo Horizonte (Confins) e o GRU Airport.<\/p>\n<p>Al\u00e9m destes anuncios, feitos com a presen\u00e7a do presidente Frederico Pedreira e do Vice de Marketing e Vendas, Tarcisio Gargioni, outras novidades foram apresentadas no encontro desta manh\u00e3, com destaque para o retrospecto da presen\u00e7a institucional da companhia que em 2010 entrava com este modelo com 1,8 milh\u00f5es de passageiros Seis anos depois, em seu crescimento, a compnhia chega a 11 milh\u00f5es em crescimento continuo.<\/p>\n<p><a class=\"fancybox-media\" href=\"..\/_uploads\/_noticia\/2017-07\/dscn8956--2-.jpg\" rel=\"portfolio\"><img decoding=\"async\" alt=\"\" src=\"..\/_uploads\/_noticia\/2017-07\/dscn8956--2-.jpg\" \/><\/a><\/p>\n<p><strong>G\u00ea Rocha, diretora de comunica\u00e7\u00e3o da Grey, anunciando detalhes da campanha <\/strong><\/p>\n<p>A primeira campanha institucional da &#39;nova&#39; fase Avianca Brasil foi apresentada pelos executivos da companhia e da ag\u00eancia Grey, que tem sede (feliz coincid\u00eancia) em Nova York e trabalha com 96 escrit\u00f3rios mundiais. A comunica\u00e7\u00e3o destaca os principais diferenciais de viajar com a Avianca e suas novidades em atendimento, conforto, servi\u00e7o de bordo, entretenimento e aeronaves.<\/p>\n<p>&#39;A companhia est\u00e1 vivendo realmente uma fase de grande transforma\u00e7\u00e3o&#39;, assegura Frederico Pedreira, na apresenta\u00e7\u00e3o do flme <em>AviancaLovers<\/em> como &#39;servi\u00e7o de excel\u00eancia&#39;. Para Tarcisio Gargioni, &#39;\u00e9 um amor que nasce de dentro para fora&#39;.<\/p>\n<p>\u00a0<\/p>\n<p>\u00a0<\/p>\n<p>\u00a0<\/p>\n<p><a class=\"fancybox-media\" href=\"..\/_uploads\/_noticia\/2017-07\/2dscn8970--2-.jpg\" rel=\"portfolio\"><img decoding=\"async\" alt=\"\" src=\"..\/_uploads\/_noticia\/2017-07\/2dscn8970--2-.jpg\" \/><\/a><\/p>\n<p><\/span><\/p>\n","protected":false},"excerpt":{"rendered":"<p>Empresa apresenta nova campanha institucinal &#8211; &#8216;Quem Ama Voa&#8217; &#8211; e anuncia o seu terceiro destino internacional neste ano<\/p>\n","protected":false},"author":1,"featured_media":0,"comment_status":"open","ping_status":"open","sticky":false,"template":"","format":"standard","meta":{"footnotes":""},"categories":[],"tags":[],"class_list":["post-1282","post","type-post","status-publish","format-standard","hentry"],"yoast_head":"<!-- This site is optimized with the Yoast SEO plugin v26.2 - https:\/\/yoast.com\/wordpress\/plugins\/seo\/ -->\n<title>AVIANCA BRASIL ANUNCIA NOVA YORK PARA DEZEMBRO - Travel3<\/title>\n<meta name=\"description\" content=\"A TRAVEL3 \u00e9 um portal de conte\u00fado voltado para o turismo, encontre destinos, viagens, hospedagem, passagens, guias, not\u00edcias sobre o mercado do turismo, dicas de viagem, v\u00eddeos e podcast.\" \/>\n<meta name=\"robots\" content=\"index, follow, max-snippet:-1, max-image-preview:large, max-video-preview:-1\" \/>\n<link rel=\"canonical\" href=\"https:\/\/www.travel3.com.br\/site\/sem-categoria\/avianca-brasil-anuncia-nova-york-para-dezembro\/\" \/>\n<meta property=\"og:locale\" content=\"pt_BR\" \/>\n<meta property=\"og:type\" content=\"article\" \/>\n<meta property=\"og:title\" content=\"AVIANCA BRASIL ANUNCIA NOVA YORK PARA DEZEMBRO - Travel3\" \/>\n<meta property=\"og:description\" content=\"A TRAVEL3 \u00e9 um portal de conte\u00fado voltado para o turismo, encontre destinos, viagens, hospedagem, passagens, guias, not\u00edcias sobre o mercado do turismo, dicas de viagem, v\u00eddeos e podcast.\" \/>\n<meta property=\"og:url\" content=\"https:\/\/www.travel3.com.br\/site\/sem-categoria\/avianca-brasil-anuncia-nova-york-para-dezembro\/\" \/>\n<meta property=\"og:site_name\" content=\"Travel3\" \/>\n<meta property=\"article:publisher\" content=\"https:\/\/www.facebook.com\/travel3media\/\" \/>\n<meta property=\"article:published_time\" content=\"2017-09-11T02:41:45+00:00\" \/>\n<meta name=\"author\" content=\"admin\" \/>\n<meta name=\"twitter:card\" content=\"summary_large_image\" \/>\n<meta name=\"twitter:label1\" content=\"Escrito por\" \/>\n\t<meta name=\"twitter:data1\" content=\"admin\" \/>\n\t<meta name=\"twitter:label2\" content=\"Est. tempo de leitura\" \/>\n\t<meta name=\"twitter:data2\" content=\"2 minutos\" \/>\n<script type=\"application\/ld+json\" class=\"yoast-schema-graph\">{\"@context\":\"https:\/\/schema.org\",\"@graph\":[{\"@type\":\"Article\",\"@id\":\"https:\/\/www.travel3.com.br\/site\/sem-categoria\/avianca-brasil-anuncia-nova-york-para-dezembro\/#article\",\"isPartOf\":{\"@id\":\"https:\/\/www.travel3.com.br\/site\/sem-categoria\/avianca-brasil-anuncia-nova-york-para-dezembro\/\"},\"author\":{\"name\":\"admin\",\"@id\":\"https:\/\/www.travel3.com.br\/site\/#\/schema\/person\/a69d71e41a024999b6ab82369ac0bd1e\"},\"headline\":\"AVIANCA BRASIL ANUNCIA NOVA YORK PARA DEZEMBRO\",\"datePublished\":\"2017-09-11T02:41:45+00:00\",\"mainEntityOfPage\":{\"@id\":\"https:\/\/www.travel3.com.br\/site\/sem-categoria\/avianca-brasil-anuncia-nova-york-para-dezembro\/\"},\"wordCount\":403,\"commentCount\":0,\"publisher\":{\"@id\":\"https:\/\/www.travel3.com.br\/site\/#organization\"},\"inLanguage\":\"pt-BR\",\"potentialAction\":[{\"@type\":\"CommentAction\",\"name\":\"Comment\",\"target\":[\"https:\/\/www.travel3.com.br\/site\/sem-categoria\/avianca-brasil-anuncia-nova-york-para-dezembro\/#respond\"]}]},{\"@type\":\"WebPage\",\"@id\":\"https:\/\/www.travel3.com.br\/site\/sem-categoria\/avianca-brasil-anuncia-nova-york-para-dezembro\/\",\"url\":\"https:\/\/www.travel3.com.br\/site\/sem-categoria\/avianca-brasil-anuncia-nova-york-para-dezembro\/\",\"name\":\"AVIANCA BRASIL ANUNCIA NOVA YORK PARA DEZEMBRO - Travel3\",\"isPartOf\":{\"@id\":\"https:\/\/www.travel3.com.br\/site\/#website\"},\"datePublished\":\"2017-09-11T02:41:45+00:00\",\"description\":\"A TRAVEL3 \u00e9 um portal de conte\u00fado voltado para o turismo, encontre destinos, viagens, hospedagem, passagens, guias, not\u00edcias sobre o mercado do turismo, dicas de viagem, v\u00eddeos e podcast.\",\"breadcrumb\":{\"@id\":\"https:\/\/www.travel3.com.br\/site\/sem-categoria\/avianca-brasil-anuncia-nova-york-para-dezembro\/#breadcrumb\"},\"inLanguage\":\"pt-BR\",\"potentialAction\":[{\"@type\":\"ReadAction\",\"target\":[\"https:\/\/www.travel3.com.br\/site\/sem-categoria\/avianca-brasil-anuncia-nova-york-para-dezembro\/\"]}]},{\"@type\":\"BreadcrumbList\",\"@id\":\"https:\/\/www.travel3.com.br\/site\/sem-categoria\/avianca-brasil-anuncia-nova-york-para-dezembro\/#breadcrumb\",\"itemListElement\":[{\"@type\":\"ListItem\",\"position\":1,\"name\":\"In\u00edcio\",\"item\":\"https:\/\/www.travel3.com.br\/site\/\"},{\"@type\":\"ListItem\",\"position\":2,\"name\":\"AVIANCA BRASIL ANUNCIA NOVA YORK PARA DEZEMBRO\"}]},{\"@type\":\"WebSite\",\"@id\":\"https:\/\/www.travel3.com.br\/site\/#website\",\"url\":\"https:\/\/www.travel3.com.br\/site\/\",\"name\":\"Travel3\",\"description\":\"Lazer + Neg&oacute;cios + Aventura\",\"publisher\":{\"@id\":\"https:\/\/www.travel3.com.br\/site\/#organization\"},\"potentialAction\":[{\"@type\":\"SearchAction\",\"target\":{\"@type\":\"EntryPoint\",\"urlTemplate\":\"https:\/\/www.travel3.com.br\/site\/?s={search_term_string}\"},\"query-input\":{\"@type\":\"PropertyValueSpecification\",\"valueRequired\":true,\"valueName\":\"search_term_string\"}}],\"inLanguage\":\"pt-BR\"},{\"@type\":\"Organization\",\"@id\":\"https:\/\/www.travel3.com.br\/site\/#organization\",\"name\":\"Travel3\",\"url\":\"https:\/\/www.travel3.com.br\/site\/\",\"logo\":{\"@type\":\"ImageObject\",\"inLanguage\":\"pt-BR\",\"@id\":\"https:\/\/www.travel3.com.br\/site\/#\/schema\/logo\/image\/\",\"url\":\"https:\/\/www.travel3.com.br\/site\/wp-content\/uploads\/2020\/01\/logo-travel3-2020.png\",\"contentUrl\":\"https:\/\/www.travel3.com.br\/site\/wp-content\/uploads\/2020\/01\/logo-travel3-2020.png\",\"width\":232,\"height\":79,\"caption\":\"Travel3\"},\"image\":{\"@id\":\"https:\/\/www.travel3.com.br\/site\/#\/schema\/logo\/image\/\"},\"sameAs\":[\"https:\/\/www.facebook.com\/travel3media\/\",\"https:\/\/www.instagram.com\/revistatravel3\/\",\"https:\/\/www.youtube.com\/channel\/UCno7J4paGBR3VbZQzvoJ9Eg\"]},{\"@type\":\"Person\",\"@id\":\"https:\/\/www.travel3.com.br\/site\/#\/schema\/person\/a69d71e41a024999b6ab82369ac0bd1e\",\"name\":\"admin\",\"image\":{\"@type\":\"ImageObject\",\"inLanguage\":\"pt-BR\",\"@id\":\"https:\/\/www.travel3.com.br\/site\/#\/schema\/person\/image\/\",\"url\":\"https:\/\/secure.gravatar.com\/avatar\/732a67adfd764da2a47ba10ce731c4c0?s=96&d=mm&r=g\",\"contentUrl\":\"https:\/\/secure.gravatar.com\/avatar\/732a67adfd764da2a47ba10ce731c4c0?s=96&d=mm&r=g\",\"caption\":\"admin\"},\"url\":\"https:\/\/www.travel3.com.br\/site\/author\/admin\/\"}]}<\/script>\n<!-- \/ Yoast SEO plugin. -->","yoast_head_json":{"title":"AVIANCA BRASIL ANUNCIA NOVA YORK PARA DEZEMBRO - Travel3","description":"A TRAVEL3 \u00e9 um portal de conte\u00fado voltado para o turismo, encontre destinos, viagens, hospedagem, passagens, guias, not\u00edcias sobre o mercado do turismo, dicas de viagem, v\u00eddeos e podcast.","robots":{"index":"index","follow":"follow","max-snippet":"max-snippet:-1","max-image-preview":"max-image-preview:large","max-video-preview":"max-video-preview:-1"},"canonical":"https:\/\/www.travel3.com.br\/site\/sem-categoria\/avianca-brasil-anuncia-nova-york-para-dezembro\/","og_locale":"pt_BR","og_type":"article","og_title":"AVIANCA BRASIL ANUNCIA NOVA YORK PARA DEZEMBRO - Travel3","og_description":"A TRAVEL3 \u00e9 um portal de conte\u00fado voltado para o turismo, encontre destinos, viagens, hospedagem, passagens, guias, not\u00edcias sobre o mercado do turismo, dicas de viagem, v\u00eddeos e podcast.","og_url":"https:\/\/www.travel3.com.br\/site\/sem-categoria\/avianca-brasil-anuncia-nova-york-para-dezembro\/","og_site_name":"Travel3","article_publisher":"https:\/\/www.facebook.com\/travel3media\/","article_published_time":"2017-09-11T02:41:45+00:00","author":"admin","twitter_card":"summary_large_image","twitter_misc":{"Escrito por":"admin","Est. tempo de leitura":"2 minutos"},"schema":{"@context":"https:\/\/schema.org","@graph":[{"@type":"Article","@id":"https:\/\/www.travel3.com.br\/site\/sem-categoria\/avianca-brasil-anuncia-nova-york-para-dezembro\/#article","isPartOf":{"@id":"https:\/\/www.travel3.com.br\/site\/sem-categoria\/avianca-brasil-anuncia-nova-york-para-dezembro\/"},"author":{"name":"admin","@id":"https:\/\/www.travel3.com.br\/site\/#\/schema\/person\/a69d71e41a024999b6ab82369ac0bd1e"},"headline":"AVIANCA BRASIL ANUNCIA NOVA YORK PARA DEZEMBRO","datePublished":"2017-09-11T02:41:45+00:00","mainEntityOfPage":{"@id":"https:\/\/www.travel3.com.br\/site\/sem-categoria\/avianca-brasil-anuncia-nova-york-para-dezembro\/"},"wordCount":403,"commentCount":0,"publisher":{"@id":"https:\/\/www.travel3.com.br\/site\/#organization"},"inLanguage":"pt-BR","potentialAction":[{"@type":"CommentAction","name":"Comment","target":["https:\/\/www.travel3.com.br\/site\/sem-categoria\/avianca-brasil-anuncia-nova-york-para-dezembro\/#respond"]}]},{"@type":"WebPage","@id":"https:\/\/www.travel3.com.br\/site\/sem-categoria\/avianca-brasil-anuncia-nova-york-para-dezembro\/","url":"https:\/\/www.travel3.com.br\/site\/sem-categoria\/avianca-brasil-anuncia-nova-york-para-dezembro\/","name":"AVIANCA BRASIL ANUNCIA NOVA YORK PARA DEZEMBRO - Travel3","isPartOf":{"@id":"https:\/\/www.travel3.com.br\/site\/#website"},"datePublished":"2017-09-11T02:41:45+00:00","description":"A TRAVEL3 \u00e9 um portal de conte\u00fado voltado para o turismo, encontre destinos, viagens, hospedagem, passagens, guias, not\u00edcias sobre o mercado do turismo, dicas de viagem, v\u00eddeos e podcast.","breadcrumb":{"@id":"https:\/\/www.travel3.com.br\/site\/sem-categoria\/avianca-brasil-anuncia-nova-york-para-dezembro\/#breadcrumb"},"inLanguage":"pt-BR","potentialAction":[{"@type":"ReadAction","target":["https:\/\/www.travel3.com.br\/site\/sem-categoria\/avianca-brasil-anuncia-nova-york-para-dezembro\/"]}]},{"@type":"BreadcrumbList","@id":"https:\/\/www.travel3.com.br\/site\/sem-categoria\/avianca-brasil-anuncia-nova-york-para-dezembro\/#breadcrumb","itemListElement":[{"@type":"ListItem","position":1,"name":"In\u00edcio","item":"https:\/\/www.travel3.com.br\/site\/"},{"@type":"ListItem","position":2,"name":"AVIANCA BRASIL ANUNCIA NOVA YORK PARA DEZEMBRO"}]},{"@type":"WebSite","@id":"https:\/\/www.travel3.com.br\/site\/#website","url":"https:\/\/www.travel3.com.br\/site\/","name":"Travel3","description":"Lazer + Neg&oacute;cios + Aventura","publisher":{"@id":"https:\/\/www.travel3.com.br\/site\/#organization"},"potentialAction":[{"@type":"SearchAction","target":{"@type":"EntryPoint","urlTemplate":"https:\/\/www.travel3.com.br\/site\/?s={search_term_string}"},"query-input":{"@type":"PropertyValueSpecification","valueRequired":true,"valueName":"search_term_string"}}],"inLanguage":"pt-BR"},{"@type":"Organization","@id":"https:\/\/www.travel3.com.br\/site\/#organization","name":"Travel3","url":"https:\/\/www.travel3.com.br\/site\/","logo":{"@type":"ImageObject","inLanguage":"pt-BR","@id":"https:\/\/www.travel3.com.br\/site\/#\/schema\/logo\/image\/","url":"https:\/\/www.travel3.com.br\/site\/wp-content\/uploads\/2020\/01\/logo-travel3-2020.png","contentUrl":"https:\/\/www.travel3.com.br\/site\/wp-content\/uploads\/2020\/01\/logo-travel3-2020.png","width":232,"height":79,"caption":"Travel3"},"image":{"@id":"https:\/\/www.travel3.com.br\/site\/#\/schema\/logo\/image\/"},"sameAs":["https:\/\/www.facebook.com\/travel3media\/","https:\/\/www.instagram.com\/revistatravel3\/","https:\/\/www.youtube.com\/channel\/UCno7J4paGBR3VbZQzvoJ9Eg"]},{"@type":"Person","@id":"https:\/\/www.travel3.com.br\/site\/#\/schema\/person\/a69d71e41a024999b6ab82369ac0bd1e","name":"admin","image":{"@type":"ImageObject","inLanguage":"pt-BR","@id":"https:\/\/www.travel3.com.br\/site\/#\/schema\/person\/image\/","url":"https:\/\/secure.gravatar.com\/avatar\/732a67adfd764da2a47ba10ce731c4c0?s=96&d=mm&r=g","contentUrl":"https:\/\/secure.gravatar.com\/avatar\/732a67adfd764da2a47ba10ce731c4c0?s=96&d=mm&r=g","caption":"admin"},"url":"https:\/\/www.travel3.com.br\/site\/author\/admin\/"}]}},"_links":{"self":[{"href":"https:\/\/www.travel3.com.br\/site\/wp-json\/wp\/v2\/posts\/1282","targetHints":{"allow":["GET"]}}],"collection":[{"href":"https:\/\/www.travel3.com.br\/site\/wp-json\/wp\/v2\/posts"}],"about":[{"href":"https:\/\/www.travel3.com.br\/site\/wp-json\/wp\/v2\/types\/post"}],"author":[{"embeddable":true,"href":"https:\/\/www.travel3.com.br\/site\/wp-json\/wp\/v2\/users\/1"}],"replies":[{"embeddable":true,"href":"https:\/\/www.travel3.com.br\/site\/wp-json\/wp\/v2\/comments?post=1282"}],"version-history":[{"count":0,"href":"https:\/\/www.travel3.com.br\/site\/wp-json\/wp\/v2\/posts\/1282\/revisions"}],"wp:attachment":[{"href":"https:\/\/www.travel3.com.br\/site\/wp-json\/wp\/v2\/media?parent=1282"}],"wp:term":[{"taxonomy":"category","embeddable":true,"href":"https:\/\/www.travel3.com.br\/site\/wp-json\/wp\/v2\/categories?post=1282"},{"taxonomy":"post_tag","embeddable":true,"href":"https:\/\/www.travel3.com.br\/site\/wp-json\/wp\/v2\/tags?post=1282"}],"curies":[{"name":"wp","href":"https:\/\/api.w.org\/{rel}","templated":true}]}}