{"id":1247,"date":"2017-09-12T06:34:48","date_gmt":"2017-09-12T06:34:48","guid":{"rendered":"http:\/\/www.travel3.com.br\/site\/ir-e-vir\/ar\/quinta-das-videiras-promete-escapada-requintada-em-florianopolis\/"},"modified":"2017-09-12T06:34:48","modified_gmt":"2017-09-12T06:34:48","slug":"quinta-das-videiras-promete-escapada-requintada-em-florianopolis","status":"publish","type":"post","link":"https:\/\/www.travel3.com.br\/site\/sem-categoria\/quinta-das-videiras-promete-escapada-requintada-em-florianopolis\/","title":{"rendered":"QUINTA DAS VIDEIRAS PROMETE ESCAPADA REQUINTADA EM FLORIAN\u00d3POLIS"},"content":{"rendered":"<p><span style=\"color: #40acad; font-family: -apple-system, system-ui, 'Segoe UI', Roboto, Oxygen-Sans, Ubuntu, Cantarell, 'Helvetica Neue', sans-serif; font-size: 12px; font-weight: bold;\"><\/p>\n<p style=\"text-align:justify\"><strong>Detalhe de uma das su\u00edtes do Hotel Boutique Quinta das Videiras, em Florian\u00f3polis (Fotos: Divulga\u00e7\u00e3o)<\/strong><\/p>\n<p style=\"text-align:justify\">Um \u00edcone da hotelaria de Florian\u00f3polis, o Hotel Boutique Quinta das Videiras tem apenas 11 su\u00edtes e, por isso mesmo, um servi\u00e7o exclusivo e personalizado.<\/p>\n<p style=\"text-align:justify\">Localizado no cora\u00e7\u00e3o da Lagoa da Concei\u00e7\u00e3o, est\u00e1 bem pr\u00f3ximo do Boulevard, conhecido pelos \u00f3timos caf\u00e9s, restaurantes e com\u00e9rcio da regi\u00e3o.<\/p>\n<p style=\"text-align:justify\">E como Florian\u00f3polis \u00e9 famosa pelas suas praias, algumas delas est\u00e3o bem perto do Quinta das Videiras, como a Praia de Joaquina, a Praia Mole e Barra da Lagoa, entre outras.<\/p>\n<p style=\"text-align:justify\">O charme deste hotel boutique est\u00e1 na decora\u00e7\u00e3o de \u00e9poca, que remete aos cen\u00e1rios do Brasil no s\u00e9culo 19. Os quartos transportam o h\u00f3spede para tempos do Brasil Imp\u00e9rio, mas com comodidades do s\u00e9culo 21, como\u00a0amenities L\u00b4Occitane e travesseiros de plumas de ganso.<\/p>\n<p style=\"text-align:justify\">O Quinta das Videiras ainda oferece aos seus h\u00f3spedes uma infraestrutura surpreendente pelo tamanho do hotel, com piscina, bel\u00edssimos jardins e um spa com v\u00e1rios tratamentos e terapias.<\/p>\n<p style=\"text-align:justify\">A culin\u00e1ria do hotel \u00e9 outra grande atra\u00e7\u00e3o. O card\u00e1pio ressalta pratos da cozinha contempor\u00e2nea, preparados sempre com ingredientes frescos, da esta\u00e7\u00e3o. A carta de vinhos e espumante completa a aten\u00e7\u00e3o para com a gastronomia.<\/p>\n<p style=\"text-align:justify\">Outra pol\u00edtica diferenciada do hotel \u00e9 o servi\u00e7o de caf\u00e9 da manh\u00e3, que vai at\u00e9 o meio dia e pode ser apreciado no jardim, ao redor da piscina, no restaurante ou mesmo na su\u00edte, para quem busca mais privacidade.<\/p>\n<p style=\"text-align:justify\">Saiba mais =\u00a0<a href=\"http:\/\/cap-amazon.us6.list-manage.com\/track\/click?u=0eef2b0b642d6185ac09187bb&#038;id=77e5159357&#038;e=3062b02ba6\">www.quintadasvideiras.com.br<\/a><\/p>\n<p><\/span><\/p>\n","protected":false},"excerpt":{"rendered":"<p>Hotel boutique \u00e9 um dos \u00edcones da hotelaria local, tem apenas 11 su\u00edtes e oferece servi\u00e7os diferenciados, com charme e exclusividades<\/p>\n","protected":false},"author":1,"featured_media":0,"comment_status":"open","ping_status":"open","sticky":false,"template":"","format":"standard","meta":{"footnotes":""},"categories":[],"tags":[],"class_list":["post-1247","post","type-post","status-publish","format-standard","hentry"],"yoast_head":"<!-- This site is optimized with the Yoast SEO plugin v26.2 - https:\/\/yoast.com\/wordpress\/plugins\/seo\/ -->\n<title>QUINTA DAS VIDEIRAS PROMETE ESCAPADA REQUINTADA EM FLORIAN\u00d3POLIS - Travel3<\/title>\n<meta name=\"description\" content=\"A TRAVEL3 \u00e9 um portal de conte\u00fado voltado para o turismo, encontre destinos, viagens, hospedagem, passagens, guias, not\u00edcias sobre o mercado do turismo, dicas de viagem, v\u00eddeos e podcast.\" \/>\n<meta name=\"robots\" content=\"index, follow, max-snippet:-1, max-image-preview:large, max-video-preview:-1\" \/>\n<link rel=\"canonical\" href=\"https:\/\/www.travel3.com.br\/site\/sem-categoria\/quinta-das-videiras-promete-escapada-requintada-em-florianopolis\/\" \/>\n<meta property=\"og:locale\" content=\"pt_BR\" \/>\n<meta property=\"og:type\" content=\"article\" \/>\n<meta property=\"og:title\" content=\"QUINTA DAS VIDEIRAS PROMETE ESCAPADA REQUINTADA EM FLORIAN\u00d3POLIS - Travel3\" \/>\n<meta property=\"og:description\" content=\"A TRAVEL3 \u00e9 um portal de conte\u00fado voltado para o turismo, encontre destinos, viagens, hospedagem, passagens, guias, not\u00edcias sobre o mercado do turismo, dicas de viagem, v\u00eddeos e podcast.\" \/>\n<meta property=\"og:url\" content=\"https:\/\/www.travel3.com.br\/site\/sem-categoria\/quinta-das-videiras-promete-escapada-requintada-em-florianopolis\/\" \/>\n<meta property=\"og:site_name\" content=\"Travel3\" \/>\n<meta property=\"article:publisher\" content=\"https:\/\/www.facebook.com\/travel3media\/\" \/>\n<meta property=\"article:published_time\" content=\"2017-09-12T06:34:48+00:00\" \/>\n<meta name=\"author\" content=\"admin\" \/>\n<meta name=\"twitter:card\" content=\"summary_large_image\" \/>\n<meta name=\"twitter:label1\" content=\"Escrito por\" \/>\n\t<meta name=\"twitter:data1\" content=\"admin\" \/>\n\t<meta name=\"twitter:label2\" content=\"Est. tempo de leitura\" \/>\n\t<meta name=\"twitter:data2\" content=\"1 minuto\" \/>\n<script type=\"application\/ld+json\" class=\"yoast-schema-graph\">{\"@context\":\"https:\/\/schema.org\",\"@graph\":[{\"@type\":\"Article\",\"@id\":\"https:\/\/www.travel3.com.br\/site\/sem-categoria\/quinta-das-videiras-promete-escapada-requintada-em-florianopolis\/#article\",\"isPartOf\":{\"@id\":\"https:\/\/www.travel3.com.br\/site\/sem-categoria\/quinta-das-videiras-promete-escapada-requintada-em-florianopolis\/\"},\"author\":{\"name\":\"admin\",\"@id\":\"https:\/\/www.travel3.com.br\/site\/#\/schema\/person\/a69d71e41a024999b6ab82369ac0bd1e\"},\"headline\":\"QUINTA DAS VIDEIRAS PROMETE ESCAPADA REQUINTADA EM FLORIAN\u00d3POLIS\",\"datePublished\":\"2017-09-12T06:34:48+00:00\",\"mainEntityOfPage\":{\"@id\":\"https:\/\/www.travel3.com.br\/site\/sem-categoria\/quinta-das-videiras-promete-escapada-requintada-em-florianopolis\/\"},\"wordCount\":280,\"commentCount\":0,\"publisher\":{\"@id\":\"https:\/\/www.travel3.com.br\/site\/#organization\"},\"inLanguage\":\"pt-BR\",\"potentialAction\":[{\"@type\":\"CommentAction\",\"name\":\"Comment\",\"target\":[\"https:\/\/www.travel3.com.br\/site\/sem-categoria\/quinta-das-videiras-promete-escapada-requintada-em-florianopolis\/#respond\"]}]},{\"@type\":\"WebPage\",\"@id\":\"https:\/\/www.travel3.com.br\/site\/sem-categoria\/quinta-das-videiras-promete-escapada-requintada-em-florianopolis\/\",\"url\":\"https:\/\/www.travel3.com.br\/site\/sem-categoria\/quinta-das-videiras-promete-escapada-requintada-em-florianopolis\/\",\"name\":\"QUINTA DAS VIDEIRAS PROMETE ESCAPADA REQUINTADA EM FLORIAN\u00d3POLIS - Travel3\",\"isPartOf\":{\"@id\":\"https:\/\/www.travel3.com.br\/site\/#website\"},\"datePublished\":\"2017-09-12T06:34:48+00:00\",\"description\":\"A TRAVEL3 \u00e9 um portal de conte\u00fado voltado para o turismo, encontre destinos, viagens, hospedagem, passagens, guias, not\u00edcias sobre o mercado do turismo, dicas de viagem, v\u00eddeos e podcast.\",\"breadcrumb\":{\"@id\":\"https:\/\/www.travel3.com.br\/site\/sem-categoria\/quinta-das-videiras-promete-escapada-requintada-em-florianopolis\/#breadcrumb\"},\"inLanguage\":\"pt-BR\",\"potentialAction\":[{\"@type\":\"ReadAction\",\"target\":[\"https:\/\/www.travel3.com.br\/site\/sem-categoria\/quinta-das-videiras-promete-escapada-requintada-em-florianopolis\/\"]}]},{\"@type\":\"BreadcrumbList\",\"@id\":\"https:\/\/www.travel3.com.br\/site\/sem-categoria\/quinta-das-videiras-promete-escapada-requintada-em-florianopolis\/#breadcrumb\",\"itemListElement\":[{\"@type\":\"ListItem\",\"position\":1,\"name\":\"In\u00edcio\",\"item\":\"https:\/\/www.travel3.com.br\/site\/\"},{\"@type\":\"ListItem\",\"position\":2,\"name\":\"QUINTA DAS VIDEIRAS PROMETE ESCAPADA REQUINTADA EM FLORIAN\u00d3POLIS\"}]},{\"@type\":\"WebSite\",\"@id\":\"https:\/\/www.travel3.com.br\/site\/#website\",\"url\":\"https:\/\/www.travel3.com.br\/site\/\",\"name\":\"Travel3\",\"description\":\"Lazer + Neg&oacute;cios + Aventura\",\"publisher\":{\"@id\":\"https:\/\/www.travel3.com.br\/site\/#organization\"},\"potentialAction\":[{\"@type\":\"SearchAction\",\"target\":{\"@type\":\"EntryPoint\",\"urlTemplate\":\"https:\/\/www.travel3.com.br\/site\/?s={search_term_string}\"},\"query-input\":{\"@type\":\"PropertyValueSpecification\",\"valueRequired\":true,\"valueName\":\"search_term_string\"}}],\"inLanguage\":\"pt-BR\"},{\"@type\":\"Organization\",\"@id\":\"https:\/\/www.travel3.com.br\/site\/#organization\",\"name\":\"Travel3\",\"url\":\"https:\/\/www.travel3.com.br\/site\/\",\"logo\":{\"@type\":\"ImageObject\",\"inLanguage\":\"pt-BR\",\"@id\":\"https:\/\/www.travel3.com.br\/site\/#\/schema\/logo\/image\/\",\"url\":\"https:\/\/www.travel3.com.br\/site\/wp-content\/uploads\/2020\/01\/logo-travel3-2020.png\",\"contentUrl\":\"https:\/\/www.travel3.com.br\/site\/wp-content\/uploads\/2020\/01\/logo-travel3-2020.png\",\"width\":232,\"height\":79,\"caption\":\"Travel3\"},\"image\":{\"@id\":\"https:\/\/www.travel3.com.br\/site\/#\/schema\/logo\/image\/\"},\"sameAs\":[\"https:\/\/www.facebook.com\/travel3media\/\",\"https:\/\/www.instagram.com\/revistatravel3\/\",\"https:\/\/www.youtube.com\/channel\/UCno7J4paGBR3VbZQzvoJ9Eg\"]},{\"@type\":\"Person\",\"@id\":\"https:\/\/www.travel3.com.br\/site\/#\/schema\/person\/a69d71e41a024999b6ab82369ac0bd1e\",\"name\":\"admin\",\"image\":{\"@type\":\"ImageObject\",\"inLanguage\":\"pt-BR\",\"@id\":\"https:\/\/www.travel3.com.br\/site\/#\/schema\/person\/image\/\",\"url\":\"https:\/\/secure.gravatar.com\/avatar\/732a67adfd764da2a47ba10ce731c4c0?s=96&d=mm&r=g\",\"contentUrl\":\"https:\/\/secure.gravatar.com\/avatar\/732a67adfd764da2a47ba10ce731c4c0?s=96&d=mm&r=g\",\"caption\":\"admin\"},\"url\":\"https:\/\/www.travel3.com.br\/site\/author\/admin\/\"}]}<\/script>\n<!-- \/ Yoast SEO plugin. -->","yoast_head_json":{"title":"QUINTA DAS VIDEIRAS PROMETE ESCAPADA REQUINTADA EM FLORIAN\u00d3POLIS - Travel3","description":"A TRAVEL3 \u00e9 um portal de conte\u00fado voltado para o turismo, encontre destinos, viagens, hospedagem, passagens, guias, not\u00edcias sobre o mercado do turismo, dicas de viagem, v\u00eddeos e podcast.","robots":{"index":"index","follow":"follow","max-snippet":"max-snippet:-1","max-image-preview":"max-image-preview:large","max-video-preview":"max-video-preview:-1"},"canonical":"https:\/\/www.travel3.com.br\/site\/sem-categoria\/quinta-das-videiras-promete-escapada-requintada-em-florianopolis\/","og_locale":"pt_BR","og_type":"article","og_title":"QUINTA DAS VIDEIRAS PROMETE ESCAPADA REQUINTADA EM FLORIAN\u00d3POLIS - Travel3","og_description":"A TRAVEL3 \u00e9 um portal de conte\u00fado voltado para o turismo, encontre destinos, viagens, hospedagem, passagens, guias, not\u00edcias sobre o mercado do turismo, dicas de viagem, v\u00eddeos e podcast.","og_url":"https:\/\/www.travel3.com.br\/site\/sem-categoria\/quinta-das-videiras-promete-escapada-requintada-em-florianopolis\/","og_site_name":"Travel3","article_publisher":"https:\/\/www.facebook.com\/travel3media\/","article_published_time":"2017-09-12T06:34:48+00:00","author":"admin","twitter_card":"summary_large_image","twitter_misc":{"Escrito por":"admin","Est. tempo de leitura":"1 minuto"},"schema":{"@context":"https:\/\/schema.org","@graph":[{"@type":"Article","@id":"https:\/\/www.travel3.com.br\/site\/sem-categoria\/quinta-das-videiras-promete-escapada-requintada-em-florianopolis\/#article","isPartOf":{"@id":"https:\/\/www.travel3.com.br\/site\/sem-categoria\/quinta-das-videiras-promete-escapada-requintada-em-florianopolis\/"},"author":{"name":"admin","@id":"https:\/\/www.travel3.com.br\/site\/#\/schema\/person\/a69d71e41a024999b6ab82369ac0bd1e"},"headline":"QUINTA DAS VIDEIRAS PROMETE ESCAPADA REQUINTADA EM FLORIAN\u00d3POLIS","datePublished":"2017-09-12T06:34:48+00:00","mainEntityOfPage":{"@id":"https:\/\/www.travel3.com.br\/site\/sem-categoria\/quinta-das-videiras-promete-escapada-requintada-em-florianopolis\/"},"wordCount":280,"commentCount":0,"publisher":{"@id":"https:\/\/www.travel3.com.br\/site\/#organization"},"inLanguage":"pt-BR","potentialAction":[{"@type":"CommentAction","name":"Comment","target":["https:\/\/www.travel3.com.br\/site\/sem-categoria\/quinta-das-videiras-promete-escapada-requintada-em-florianopolis\/#respond"]}]},{"@type":"WebPage","@id":"https:\/\/www.travel3.com.br\/site\/sem-categoria\/quinta-das-videiras-promete-escapada-requintada-em-florianopolis\/","url":"https:\/\/www.travel3.com.br\/site\/sem-categoria\/quinta-das-videiras-promete-escapada-requintada-em-florianopolis\/","name":"QUINTA DAS VIDEIRAS PROMETE ESCAPADA REQUINTADA EM FLORIAN\u00d3POLIS - Travel3","isPartOf":{"@id":"https:\/\/www.travel3.com.br\/site\/#website"},"datePublished":"2017-09-12T06:34:48+00:00","description":"A TRAVEL3 \u00e9 um portal de conte\u00fado voltado para o turismo, encontre destinos, viagens, hospedagem, passagens, guias, not\u00edcias sobre o mercado do turismo, dicas de viagem, v\u00eddeos e podcast.","breadcrumb":{"@id":"https:\/\/www.travel3.com.br\/site\/sem-categoria\/quinta-das-videiras-promete-escapada-requintada-em-florianopolis\/#breadcrumb"},"inLanguage":"pt-BR","potentialAction":[{"@type":"ReadAction","target":["https:\/\/www.travel3.com.br\/site\/sem-categoria\/quinta-das-videiras-promete-escapada-requintada-em-florianopolis\/"]}]},{"@type":"BreadcrumbList","@id":"https:\/\/www.travel3.com.br\/site\/sem-categoria\/quinta-das-videiras-promete-escapada-requintada-em-florianopolis\/#breadcrumb","itemListElement":[{"@type":"ListItem","position":1,"name":"In\u00edcio","item":"https:\/\/www.travel3.com.br\/site\/"},{"@type":"ListItem","position":2,"name":"QUINTA DAS VIDEIRAS PROMETE ESCAPADA REQUINTADA EM FLORIAN\u00d3POLIS"}]},{"@type":"WebSite","@id":"https:\/\/www.travel3.com.br\/site\/#website","url":"https:\/\/www.travel3.com.br\/site\/","name":"Travel3","description":"Lazer + Neg&oacute;cios + Aventura","publisher":{"@id":"https:\/\/www.travel3.com.br\/site\/#organization"},"potentialAction":[{"@type":"SearchAction","target":{"@type":"EntryPoint","urlTemplate":"https:\/\/www.travel3.com.br\/site\/?s={search_term_string}"},"query-input":{"@type":"PropertyValueSpecification","valueRequired":true,"valueName":"search_term_string"}}],"inLanguage":"pt-BR"},{"@type":"Organization","@id":"https:\/\/www.travel3.com.br\/site\/#organization","name":"Travel3","url":"https:\/\/www.travel3.com.br\/site\/","logo":{"@type":"ImageObject","inLanguage":"pt-BR","@id":"https:\/\/www.travel3.com.br\/site\/#\/schema\/logo\/image\/","url":"https:\/\/www.travel3.com.br\/site\/wp-content\/uploads\/2020\/01\/logo-travel3-2020.png","contentUrl":"https:\/\/www.travel3.com.br\/site\/wp-content\/uploads\/2020\/01\/logo-travel3-2020.png","width":232,"height":79,"caption":"Travel3"},"image":{"@id":"https:\/\/www.travel3.com.br\/site\/#\/schema\/logo\/image\/"},"sameAs":["https:\/\/www.facebook.com\/travel3media\/","https:\/\/www.instagram.com\/revistatravel3\/","https:\/\/www.youtube.com\/channel\/UCno7J4paGBR3VbZQzvoJ9Eg"]},{"@type":"Person","@id":"https:\/\/www.travel3.com.br\/site\/#\/schema\/person\/a69d71e41a024999b6ab82369ac0bd1e","name":"admin","image":{"@type":"ImageObject","inLanguage":"pt-BR","@id":"https:\/\/www.travel3.com.br\/site\/#\/schema\/person\/image\/","url":"https:\/\/secure.gravatar.com\/avatar\/732a67adfd764da2a47ba10ce731c4c0?s=96&d=mm&r=g","contentUrl":"https:\/\/secure.gravatar.com\/avatar\/732a67adfd764da2a47ba10ce731c4c0?s=96&d=mm&r=g","caption":"admin"},"url":"https:\/\/www.travel3.com.br\/site\/author\/admin\/"}]}},"_links":{"self":[{"href":"https:\/\/www.travel3.com.br\/site\/wp-json\/wp\/v2\/posts\/1247","targetHints":{"allow":["GET"]}}],"collection":[{"href":"https:\/\/www.travel3.com.br\/site\/wp-json\/wp\/v2\/posts"}],"about":[{"href":"https:\/\/www.travel3.com.br\/site\/wp-json\/wp\/v2\/types\/post"}],"author":[{"embeddable":true,"href":"https:\/\/www.travel3.com.br\/site\/wp-json\/wp\/v2\/users\/1"}],"replies":[{"embeddable":true,"href":"https:\/\/www.travel3.com.br\/site\/wp-json\/wp\/v2\/comments?post=1247"}],"version-history":[{"count":0,"href":"https:\/\/www.travel3.com.br\/site\/wp-json\/wp\/v2\/posts\/1247\/revisions"}],"wp:attachment":[{"href":"https:\/\/www.travel3.com.br\/site\/wp-json\/wp\/v2\/media?parent=1247"}],"wp:term":[{"taxonomy":"category","embeddable":true,"href":"https:\/\/www.travel3.com.br\/site\/wp-json\/wp\/v2\/categories?post=1247"},{"taxonomy":"post_tag","embeddable":true,"href":"https:\/\/www.travel3.com.br\/site\/wp-json\/wp\/v2\/tags?post=1247"}],"curies":[{"name":"wp","href":"https:\/\/api.w.org\/{rel}","templated":true}]}}