{"id":1243,"date":"2017-09-10T18:46:04","date_gmt":"2017-09-10T18:46:04","guid":{"rendered":"http:\/\/www.travel3.com.br\/site\/ir-e-vir\/ar\/intercambio-turistico-ampliado-em-paises-da-lingua-portuguesa\/"},"modified":"2017-09-10T18:46:04","modified_gmt":"2017-09-10T18:46:04","slug":"intercambio-turistico-ampliado-em-paises-da-lingua-portuguesa","status":"publish","type":"post","link":"https:\/\/www.travel3.com.br\/site\/sem-categoria\/intercambio-turistico-ampliado-em-paises-da-lingua-portuguesa\/","title":{"rendered":"INTERC\u00c2MBIO TURISTICO AMPLIADO EM PAISES DA LINGUA PORTUGUESA"},"content":{"rendered":"<p><span style=\"color: #40acad; font-family: -apple-system, system-ui, 'Segoe UI', Roboto, Oxygen-Sans, Ubuntu, Cantarell, 'Helvetica Neue', sans-serif; font-size: 12px; font-weight: bold;\"><\/p>\n<p style=\"text-align: justify;\">Decreto presidencial publicado antes da viagem para a Argentina promulgou o acordo de concess\u00e3o &#8211; assinado em 2007 &#8211; do visto para estudantes dos pa\u00edses que integram a Comunidade dos Pa\u00edses de L\u00edngua Portuguesa (CPLP). O texto foi publicado no dia da abertura da 22\u00aa Reuni\u00e3o Ordin\u00e1ria do Conselho de Ministros da CPLP, em Bras\u00edlia.<\/p>\n<p style=\"text-align: justify;\">O Brasil ocupa a presid\u00eancia pro tempore da Comunidade durante o bi\u00eanio 2016-2018. A medida permitir\u00e1 que estudantes brasileiros se candidatem a cursos acad\u00eamicos ou t\u00e9cnico profissional em todos os pa\u00edses-membros da Comunidade: Angola, Cabo Verde, Guin\u00e9-Bissau, Guin\u00e9 Equatorial, Mo\u00e7ambique, Portugal, S\u00e3o Tom\u00e9 e Pr\u00edncipe e Timor-Leste.<\/p>\n<p style=\"text-align: justify;\">\u201cCom esta iniciativa, os nossos estudantes podem ter uma experi\u00eancia fora do pa\u00eds e se qualificar nas \u00e1reas de interesse, como \u00e9 o caso do Turismo. J\u00e1 enviamos um grupo de estudantes para Portugal, considerado uma das refer\u00eancias atuais do turismo mundial. A ideia \u00e9 que tenhamos profissionais cada vez mais qualificados para atuarem no mercado\u201d, afirma o ministro do Turismo, Marx Beltr\u00e3o.<\/p>\n<p style=\"text-align: justify;\">Segundo o decreto, os estudantes interessados no acordo devem estar inscritos em cursos com, no m\u00ednimo, tr\u00eas meses de dura\u00e7\u00e3o, em estabelecimento de ensino reconhecido e situado em outro pa\u00eds-membro.\u00a0<\/p>\n<p style=\"text-align: justify;\">O visto dever\u00e1 ser solicitado 30 dias ap\u00f3s a aceita\u00e7\u00e3o no curso e a resposta n\u00e3o dever\u00e1 ultrapassar os mesmos 30 dias. O documento ter\u00e1 validade de quatro meses a um ano e poder\u00e1 ser renovado mediante prova de frequ\u00eancia e matr\u00edcula para o pr\u00f3ximo per\u00edodo letivo.<\/p>\n<p style=\"text-align: justify;\">A medida tamb\u00e9m \u00e9 resultando do acordo estabelecido dia 29 de junho, \u00a0entre ministros e autoridades do turismo de oito pa\u00edses, na IX Reuni\u00e3o de Ministros da CPLP, durante o 12\u00ba Festival das Cataratas, em Foz do Igua\u00e7u (PR). As autoridades participantes discutiram na ocasi\u00e7ao, o Plano Estrat\u00e9gico de Coopera\u00e7\u00e3o em Turismo da CPLP e assinaram a \u2018Declara\u00e7\u00e3o de Foz\u2019.<\/p>\n<p style=\"text-align: justify;\">O plano foi elaborado pelo Brasil e tem entre as medidas previstas a promo\u00e7\u00e3o do desenvolvimento sustent\u00e1vel tur\u00edstico nos pa\u00edses de l\u00edngua portuguesa, al\u00e9m da manuten\u00e7\u00e3o das rela\u00e7\u00f5es multilaterais.<\/p>\n<p style=\"text-align: justify;\">A declara\u00e7\u00e3o \u00a0mostra um comprometimento das autoridades e seus pa\u00edses, com o desenvolvimento social e econ\u00f4mico e fomento \u00e0s discuss\u00f5es sobre cultura, trabalho infantil e polui\u00e7\u00e3o de oceanos.<\/p>\n<p style=\"text-align: justify;\">\u00a0<\/p>\n<p><\/span><\/p>\n","protected":false},"excerpt":{"rendered":"<p>Turismo ser\u00e1 uma das \u00e1reas beneficiadas por acordo assinado que concede vistos para estudantes brasileiros interessados em estudar em pa\u00edses de l\u00edngua portuguesa<\/p>\n","protected":false},"author":1,"featured_media":0,"comment_status":"open","ping_status":"open","sticky":false,"template":"","format":"standard","meta":{"footnotes":""},"categories":[],"tags":[],"class_list":["post-1243","post","type-post","status-publish","format-standard","hentry"],"yoast_head":"<!-- This site is optimized with the Yoast SEO plugin v26.2 - https:\/\/yoast.com\/wordpress\/plugins\/seo\/ -->\n<title>INTERC\u00c2MBIO TURISTICO AMPLIADO EM PAISES DA LINGUA PORTUGUESA - Travel3<\/title>\n<meta name=\"description\" content=\"A TRAVEL3 \u00e9 um portal de conte\u00fado voltado para o turismo, encontre destinos, viagens, hospedagem, passagens, guias, not\u00edcias sobre o mercado do turismo, dicas de viagem, v\u00eddeos e podcast.\" \/>\n<meta name=\"robots\" content=\"index, follow, max-snippet:-1, max-image-preview:large, max-video-preview:-1\" \/>\n<link rel=\"canonical\" href=\"https:\/\/www.travel3.com.br\/site\/sem-categoria\/intercambio-turistico-ampliado-em-paises-da-lingua-portuguesa\/\" \/>\n<meta property=\"og:locale\" content=\"pt_BR\" \/>\n<meta property=\"og:type\" content=\"article\" \/>\n<meta property=\"og:title\" content=\"INTERC\u00c2MBIO TURISTICO AMPLIADO EM PAISES DA LINGUA PORTUGUESA - Travel3\" \/>\n<meta property=\"og:description\" content=\"A TRAVEL3 \u00e9 um portal de conte\u00fado voltado para o turismo, encontre destinos, viagens, hospedagem, passagens, guias, not\u00edcias sobre o mercado do turismo, dicas de viagem, v\u00eddeos e podcast.\" \/>\n<meta property=\"og:url\" content=\"https:\/\/www.travel3.com.br\/site\/sem-categoria\/intercambio-turistico-ampliado-em-paises-da-lingua-portuguesa\/\" \/>\n<meta property=\"og:site_name\" content=\"Travel3\" \/>\n<meta property=\"article:publisher\" content=\"https:\/\/www.facebook.com\/travel3media\/\" \/>\n<meta property=\"article:published_time\" content=\"2017-09-10T18:46:04+00:00\" \/>\n<meta name=\"author\" content=\"admin\" \/>\n<meta name=\"twitter:card\" content=\"summary_large_image\" \/>\n<meta name=\"twitter:label1\" content=\"Escrito por\" \/>\n\t<meta name=\"twitter:data1\" content=\"admin\" \/>\n\t<meta name=\"twitter:label2\" content=\"Est. tempo de leitura\" \/>\n\t<meta name=\"twitter:data2\" content=\"2 minutos\" \/>\n<script type=\"application\/ld+json\" class=\"yoast-schema-graph\">{\"@context\":\"https:\/\/schema.org\",\"@graph\":[{\"@type\":\"Article\",\"@id\":\"https:\/\/www.travel3.com.br\/site\/sem-categoria\/intercambio-turistico-ampliado-em-paises-da-lingua-portuguesa\/#article\",\"isPartOf\":{\"@id\":\"https:\/\/www.travel3.com.br\/site\/sem-categoria\/intercambio-turistico-ampliado-em-paises-da-lingua-portuguesa\/\"},\"author\":{\"name\":\"admin\",\"@id\":\"https:\/\/www.travel3.com.br\/site\/#\/schema\/person\/a69d71e41a024999b6ab82369ac0bd1e\"},\"headline\":\"INTERC\u00c2MBIO TURISTICO AMPLIADO EM PAISES DA LINGUA PORTUGUESA\",\"datePublished\":\"2017-09-10T18:46:04+00:00\",\"mainEntityOfPage\":{\"@id\":\"https:\/\/www.travel3.com.br\/site\/sem-categoria\/intercambio-turistico-ampliado-em-paises-da-lingua-portuguesa\/\"},\"wordCount\":411,\"commentCount\":0,\"publisher\":{\"@id\":\"https:\/\/www.travel3.com.br\/site\/#organization\"},\"inLanguage\":\"pt-BR\",\"potentialAction\":[{\"@type\":\"CommentAction\",\"name\":\"Comment\",\"target\":[\"https:\/\/www.travel3.com.br\/site\/sem-categoria\/intercambio-turistico-ampliado-em-paises-da-lingua-portuguesa\/#respond\"]}]},{\"@type\":\"WebPage\",\"@id\":\"https:\/\/www.travel3.com.br\/site\/sem-categoria\/intercambio-turistico-ampliado-em-paises-da-lingua-portuguesa\/\",\"url\":\"https:\/\/www.travel3.com.br\/site\/sem-categoria\/intercambio-turistico-ampliado-em-paises-da-lingua-portuguesa\/\",\"name\":\"INTERC\u00c2MBIO TURISTICO AMPLIADO EM PAISES DA LINGUA PORTUGUESA - Travel3\",\"isPartOf\":{\"@id\":\"https:\/\/www.travel3.com.br\/site\/#website\"},\"datePublished\":\"2017-09-10T18:46:04+00:00\",\"description\":\"A TRAVEL3 \u00e9 um portal de conte\u00fado voltado para o turismo, encontre destinos, viagens, hospedagem, passagens, guias, not\u00edcias sobre o mercado do turismo, dicas de viagem, v\u00eddeos e podcast.\",\"breadcrumb\":{\"@id\":\"https:\/\/www.travel3.com.br\/site\/sem-categoria\/intercambio-turistico-ampliado-em-paises-da-lingua-portuguesa\/#breadcrumb\"},\"inLanguage\":\"pt-BR\",\"potentialAction\":[{\"@type\":\"ReadAction\",\"target\":[\"https:\/\/www.travel3.com.br\/site\/sem-categoria\/intercambio-turistico-ampliado-em-paises-da-lingua-portuguesa\/\"]}]},{\"@type\":\"BreadcrumbList\",\"@id\":\"https:\/\/www.travel3.com.br\/site\/sem-categoria\/intercambio-turistico-ampliado-em-paises-da-lingua-portuguesa\/#breadcrumb\",\"itemListElement\":[{\"@type\":\"ListItem\",\"position\":1,\"name\":\"In\u00edcio\",\"item\":\"https:\/\/www.travel3.com.br\/site\/\"},{\"@type\":\"ListItem\",\"position\":2,\"name\":\"INTERC\u00c2MBIO TURISTICO AMPLIADO EM PAISES DA LINGUA PORTUGUESA\"}]},{\"@type\":\"WebSite\",\"@id\":\"https:\/\/www.travel3.com.br\/site\/#website\",\"url\":\"https:\/\/www.travel3.com.br\/site\/\",\"name\":\"Travel3\",\"description\":\"Lazer + Neg&oacute;cios + Aventura\",\"publisher\":{\"@id\":\"https:\/\/www.travel3.com.br\/site\/#organization\"},\"potentialAction\":[{\"@type\":\"SearchAction\",\"target\":{\"@type\":\"EntryPoint\",\"urlTemplate\":\"https:\/\/www.travel3.com.br\/site\/?s={search_term_string}\"},\"query-input\":{\"@type\":\"PropertyValueSpecification\",\"valueRequired\":true,\"valueName\":\"search_term_string\"}}],\"inLanguage\":\"pt-BR\"},{\"@type\":\"Organization\",\"@id\":\"https:\/\/www.travel3.com.br\/site\/#organization\",\"name\":\"Travel3\",\"url\":\"https:\/\/www.travel3.com.br\/site\/\",\"logo\":{\"@type\":\"ImageObject\",\"inLanguage\":\"pt-BR\",\"@id\":\"https:\/\/www.travel3.com.br\/site\/#\/schema\/logo\/image\/\",\"url\":\"https:\/\/www.travel3.com.br\/site\/wp-content\/uploads\/2020\/01\/logo-travel3-2020.png\",\"contentUrl\":\"https:\/\/www.travel3.com.br\/site\/wp-content\/uploads\/2020\/01\/logo-travel3-2020.png\",\"width\":232,\"height\":79,\"caption\":\"Travel3\"},\"image\":{\"@id\":\"https:\/\/www.travel3.com.br\/site\/#\/schema\/logo\/image\/\"},\"sameAs\":[\"https:\/\/www.facebook.com\/travel3media\/\",\"https:\/\/www.instagram.com\/revistatravel3\/\",\"https:\/\/www.youtube.com\/channel\/UCno7J4paGBR3VbZQzvoJ9Eg\"]},{\"@type\":\"Person\",\"@id\":\"https:\/\/www.travel3.com.br\/site\/#\/schema\/person\/a69d71e41a024999b6ab82369ac0bd1e\",\"name\":\"admin\",\"image\":{\"@type\":\"ImageObject\",\"inLanguage\":\"pt-BR\",\"@id\":\"https:\/\/www.travel3.com.br\/site\/#\/schema\/person\/image\/\",\"url\":\"https:\/\/secure.gravatar.com\/avatar\/732a67adfd764da2a47ba10ce731c4c0?s=96&d=mm&r=g\",\"contentUrl\":\"https:\/\/secure.gravatar.com\/avatar\/732a67adfd764da2a47ba10ce731c4c0?s=96&d=mm&r=g\",\"caption\":\"admin\"},\"url\":\"https:\/\/www.travel3.com.br\/site\/author\/admin\/\"}]}<\/script>\n<!-- \/ Yoast SEO plugin. -->","yoast_head_json":{"title":"INTERC\u00c2MBIO TURISTICO AMPLIADO EM PAISES DA LINGUA PORTUGUESA - Travel3","description":"A TRAVEL3 \u00e9 um portal de conte\u00fado voltado para o turismo, encontre destinos, viagens, hospedagem, passagens, guias, not\u00edcias sobre o mercado do turismo, dicas de viagem, v\u00eddeos e podcast.","robots":{"index":"index","follow":"follow","max-snippet":"max-snippet:-1","max-image-preview":"max-image-preview:large","max-video-preview":"max-video-preview:-1"},"canonical":"https:\/\/www.travel3.com.br\/site\/sem-categoria\/intercambio-turistico-ampliado-em-paises-da-lingua-portuguesa\/","og_locale":"pt_BR","og_type":"article","og_title":"INTERC\u00c2MBIO TURISTICO AMPLIADO EM PAISES DA LINGUA PORTUGUESA - Travel3","og_description":"A TRAVEL3 \u00e9 um portal de conte\u00fado voltado para o turismo, encontre destinos, viagens, hospedagem, passagens, guias, not\u00edcias sobre o mercado do turismo, dicas de viagem, v\u00eddeos e podcast.","og_url":"https:\/\/www.travel3.com.br\/site\/sem-categoria\/intercambio-turistico-ampliado-em-paises-da-lingua-portuguesa\/","og_site_name":"Travel3","article_publisher":"https:\/\/www.facebook.com\/travel3media\/","article_published_time":"2017-09-10T18:46:04+00:00","author":"admin","twitter_card":"summary_large_image","twitter_misc":{"Escrito por":"admin","Est. tempo de leitura":"2 minutos"},"schema":{"@context":"https:\/\/schema.org","@graph":[{"@type":"Article","@id":"https:\/\/www.travel3.com.br\/site\/sem-categoria\/intercambio-turistico-ampliado-em-paises-da-lingua-portuguesa\/#article","isPartOf":{"@id":"https:\/\/www.travel3.com.br\/site\/sem-categoria\/intercambio-turistico-ampliado-em-paises-da-lingua-portuguesa\/"},"author":{"name":"admin","@id":"https:\/\/www.travel3.com.br\/site\/#\/schema\/person\/a69d71e41a024999b6ab82369ac0bd1e"},"headline":"INTERC\u00c2MBIO TURISTICO AMPLIADO EM PAISES DA LINGUA PORTUGUESA","datePublished":"2017-09-10T18:46:04+00:00","mainEntityOfPage":{"@id":"https:\/\/www.travel3.com.br\/site\/sem-categoria\/intercambio-turistico-ampliado-em-paises-da-lingua-portuguesa\/"},"wordCount":411,"commentCount":0,"publisher":{"@id":"https:\/\/www.travel3.com.br\/site\/#organization"},"inLanguage":"pt-BR","potentialAction":[{"@type":"CommentAction","name":"Comment","target":["https:\/\/www.travel3.com.br\/site\/sem-categoria\/intercambio-turistico-ampliado-em-paises-da-lingua-portuguesa\/#respond"]}]},{"@type":"WebPage","@id":"https:\/\/www.travel3.com.br\/site\/sem-categoria\/intercambio-turistico-ampliado-em-paises-da-lingua-portuguesa\/","url":"https:\/\/www.travel3.com.br\/site\/sem-categoria\/intercambio-turistico-ampliado-em-paises-da-lingua-portuguesa\/","name":"INTERC\u00c2MBIO TURISTICO AMPLIADO EM PAISES DA LINGUA PORTUGUESA - Travel3","isPartOf":{"@id":"https:\/\/www.travel3.com.br\/site\/#website"},"datePublished":"2017-09-10T18:46:04+00:00","description":"A TRAVEL3 \u00e9 um portal de conte\u00fado voltado para o turismo, encontre destinos, viagens, hospedagem, passagens, guias, not\u00edcias sobre o mercado do turismo, dicas de viagem, v\u00eddeos e podcast.","breadcrumb":{"@id":"https:\/\/www.travel3.com.br\/site\/sem-categoria\/intercambio-turistico-ampliado-em-paises-da-lingua-portuguesa\/#breadcrumb"},"inLanguage":"pt-BR","potentialAction":[{"@type":"ReadAction","target":["https:\/\/www.travel3.com.br\/site\/sem-categoria\/intercambio-turistico-ampliado-em-paises-da-lingua-portuguesa\/"]}]},{"@type":"BreadcrumbList","@id":"https:\/\/www.travel3.com.br\/site\/sem-categoria\/intercambio-turistico-ampliado-em-paises-da-lingua-portuguesa\/#breadcrumb","itemListElement":[{"@type":"ListItem","position":1,"name":"In\u00edcio","item":"https:\/\/www.travel3.com.br\/site\/"},{"@type":"ListItem","position":2,"name":"INTERC\u00c2MBIO TURISTICO AMPLIADO EM PAISES DA LINGUA PORTUGUESA"}]},{"@type":"WebSite","@id":"https:\/\/www.travel3.com.br\/site\/#website","url":"https:\/\/www.travel3.com.br\/site\/","name":"Travel3","description":"Lazer + Neg&oacute;cios + Aventura","publisher":{"@id":"https:\/\/www.travel3.com.br\/site\/#organization"},"potentialAction":[{"@type":"SearchAction","target":{"@type":"EntryPoint","urlTemplate":"https:\/\/www.travel3.com.br\/site\/?s={search_term_string}"},"query-input":{"@type":"PropertyValueSpecification","valueRequired":true,"valueName":"search_term_string"}}],"inLanguage":"pt-BR"},{"@type":"Organization","@id":"https:\/\/www.travel3.com.br\/site\/#organization","name":"Travel3","url":"https:\/\/www.travel3.com.br\/site\/","logo":{"@type":"ImageObject","inLanguage":"pt-BR","@id":"https:\/\/www.travel3.com.br\/site\/#\/schema\/logo\/image\/","url":"https:\/\/www.travel3.com.br\/site\/wp-content\/uploads\/2020\/01\/logo-travel3-2020.png","contentUrl":"https:\/\/www.travel3.com.br\/site\/wp-content\/uploads\/2020\/01\/logo-travel3-2020.png","width":232,"height":79,"caption":"Travel3"},"image":{"@id":"https:\/\/www.travel3.com.br\/site\/#\/schema\/logo\/image\/"},"sameAs":["https:\/\/www.facebook.com\/travel3media\/","https:\/\/www.instagram.com\/revistatravel3\/","https:\/\/www.youtube.com\/channel\/UCno7J4paGBR3VbZQzvoJ9Eg"]},{"@type":"Person","@id":"https:\/\/www.travel3.com.br\/site\/#\/schema\/person\/a69d71e41a024999b6ab82369ac0bd1e","name":"admin","image":{"@type":"ImageObject","inLanguage":"pt-BR","@id":"https:\/\/www.travel3.com.br\/site\/#\/schema\/person\/image\/","url":"https:\/\/secure.gravatar.com\/avatar\/732a67adfd764da2a47ba10ce731c4c0?s=96&d=mm&r=g","contentUrl":"https:\/\/secure.gravatar.com\/avatar\/732a67adfd764da2a47ba10ce731c4c0?s=96&d=mm&r=g","caption":"admin"},"url":"https:\/\/www.travel3.com.br\/site\/author\/admin\/"}]}},"_links":{"self":[{"href":"https:\/\/www.travel3.com.br\/site\/wp-json\/wp\/v2\/posts\/1243","targetHints":{"allow":["GET"]}}],"collection":[{"href":"https:\/\/www.travel3.com.br\/site\/wp-json\/wp\/v2\/posts"}],"about":[{"href":"https:\/\/www.travel3.com.br\/site\/wp-json\/wp\/v2\/types\/post"}],"author":[{"embeddable":true,"href":"https:\/\/www.travel3.com.br\/site\/wp-json\/wp\/v2\/users\/1"}],"replies":[{"embeddable":true,"href":"https:\/\/www.travel3.com.br\/site\/wp-json\/wp\/v2\/comments?post=1243"}],"version-history":[{"count":0,"href":"https:\/\/www.travel3.com.br\/site\/wp-json\/wp\/v2\/posts\/1243\/revisions"}],"wp:attachment":[{"href":"https:\/\/www.travel3.com.br\/site\/wp-json\/wp\/v2\/media?parent=1243"}],"wp:term":[{"taxonomy":"category","embeddable":true,"href":"https:\/\/www.travel3.com.br\/site\/wp-json\/wp\/v2\/categories?post=1243"},{"taxonomy":"post_tag","embeddable":true,"href":"https:\/\/www.travel3.com.br\/site\/wp-json\/wp\/v2\/tags?post=1243"}],"curies":[{"name":"wp","href":"https:\/\/api.w.org\/{rel}","templated":true}]}}