{"id":1237,"date":"2017-09-12T09:17:26","date_gmt":"2017-09-12T09:17:26","guid":{"rendered":"http:\/\/www.travel3.com.br\/site\/ir-e-vir\/ar\/lembra-se-da-marsans-as-repercussoes-da-condenacao-argentina\/"},"modified":"2017-09-12T09:17:26","modified_gmt":"2017-09-12T09:17:26","slug":"lembra-se-da-marsans-as-repercussoes-da-condenacao-argentina","status":"publish","type":"post","link":"https:\/\/www.travel3.com.br\/site\/sem-categoria\/lembra-se-da-marsans-as-repercussoes-da-condenacao-argentina\/","title":{"rendered":"LEMBRA-SE DA MARSANS? AS REPERCUSS\u00d5ES DA CONDENA\u00c7\u00c3O ARGENTINA"},"content":{"rendered":"<p><span style=\"color: #40acad; font-family: -apple-system, system-ui, 'Segoe UI', Roboto, Oxygen-Sans, Ubuntu, Cantarell, 'Helvetica Neue', sans-serif; font-size: 12px; font-weight: bold;\"><\/p>\n<p style=\"text-align:justify\">O Tribunal Internacional do Banco Mundial (CIADI), que funciona como centro de avalia\u00e7\u00e3o de disputas relativas a investimentos, condenou o Estado \u2013 no caso o governo da Argentina \u2013 ao pagamento de 347 milhoes de d\u00f3lares pela expropria\u00e7\u00e3o feita em 2008 da Aerolineas Argentinas \u2013 colocando um julgamento no processo movido pelo Grupo Marsans depois de oito anos.<\/p>\n<p style=\"text-align:justify\">Do valor total, US$ 320 milhoes s\u00e3o pela exproporia\u00e7\u00e3o, US$ 23,7 milhoes s\u00e3o compensat\u00f3rios por danos causados, US$ 3,5 milhoes por custos legais<\/p>\n<p style=\"text-align:justify\">Com tal senten\u00e7a, acrescida dos custos judiciais, os principais beneficiados ser\u00e3o os credores da Air Comet, a extinta companhia pertencente ao grupo espanhol, que encerrou atividades em 21\/12\/2009. Eles poder\u00e3o cobrar a divida existente em torno de 260 milhoes de euros, pois grande parte dos ativos dependiam da indeniza\u00e7\u00e3o reclamada pela Marsans.<\/p>\n<p style=\"text-align:justify\">O empres\u00e1rio Diz Ferr\u00e1n (preso em Madrid) e seu antigo s\u00f3cio, o j\u00e1 falecido Gonzalo Pascual, foram condenados pela justi\u00e7a espanhola ao pagamento de mais de 400 milh\u00f5es de euros deixados pelo grupo Marsans<\/p>\n<p style=\"text-align:justify\">Em 16 de dezembro de 2008, a poucas horas de ser sancionada pelo Senado argentino a lei que declarva sujeitas \u00e0 expropria\u00e7\u00e3o as a\u00e7\u00f5es da Aerolineas e sua subsidi\u00e1ria Austral, a Marsans apresentou uma reclama\u00e7\u00e3o indenizat\u00f3ria. Em 09 de janeiro de 2009, o governo da ent\u00e3o presidenta Cristina Fern\u00e1ndez de Kirchner publicou a decis\u00e3o de expropriante para a empresa a\u00e9rea<\/p>\n<p style=\"text-align:justify\">O grupo espanhol apresentou como recurso, relat\u00f3rio elaborado pelo Credit Suisse Securities, no qual o valor da empresa a\u00e9rea era avaliado entre US$ 330 e 536 milhoes. Ai se baseou a reclama\u00e7\u00e3o da Sociedade Tenver, controlada pelos ent\u00e3o donos da Marsan.<\/p>\n<p style=\"text-align:justify\"><a class=\"fancybox-media\" href=\"..\/_uploads\/_noticia\/2017-07\/aerolineasprocessojulgado.jpg\" rel=\"portfolio\"><img decoding=\"async\" alt=\"\" src=\"..\/_uploads\/_noticia\/2017-07\/aerolineasprocessojulgado.jpg\" \/><\/a><\/p>\n<p style=\"text-align:justify\">Embroglio que ganha novas caracter\u00edsticas, o assunto ainda ter\u00e1 desdobramentos. O Burford Capital informou aos seus acionistas sobre a decis\u00e3o do tribunal arbitral do Banco Mundial mas esclareceu que outros passos processuais ainda v\u00e3o determinar qual o valor final para o caso<\/p>\n<p style=\"text-align:justify\">\u00a0<\/p>\n<p>\u00a0<\/p>\n<p>\u00a0<\/p>\n<p><\/span><\/p>\n","protected":false},"excerpt":{"rendered":"<p>Decis\u00e3o de organismo do Banco Mundial sobre a expropria\u00e7\u00e3o da Aerolineas Argentinas facilita a\u00e7\u00e3o de cobran\u00e7a dos credores<\/p>\n","protected":false},"author":1,"featured_media":0,"comment_status":"open","ping_status":"open","sticky":false,"template":"","format":"standard","meta":{"footnotes":""},"categories":[],"tags":[],"class_list":["post-1237","post","type-post","status-publish","format-standard","hentry"],"yoast_head":"<!-- This site is optimized with the Yoast SEO plugin v26.2 - https:\/\/yoast.com\/wordpress\/plugins\/seo\/ -->\n<title>LEMBRA-SE DA MARSANS? AS REPERCUSS\u00d5ES DA CONDENA\u00c7\u00c3O ARGENTINA - Travel3<\/title>\n<meta name=\"description\" content=\"A TRAVEL3 \u00e9 um portal de conte\u00fado voltado para o turismo, encontre destinos, viagens, hospedagem, passagens, guias, not\u00edcias sobre o mercado do turismo, dicas de viagem, v\u00eddeos e podcast.\" \/>\n<meta name=\"robots\" content=\"index, follow, max-snippet:-1, max-image-preview:large, max-video-preview:-1\" \/>\n<link rel=\"canonical\" href=\"https:\/\/www.travel3.com.br\/site\/sem-categoria\/lembra-se-da-marsans-as-repercussoes-da-condenacao-argentina\/\" \/>\n<meta property=\"og:locale\" content=\"pt_BR\" \/>\n<meta property=\"og:type\" content=\"article\" \/>\n<meta property=\"og:title\" content=\"LEMBRA-SE DA MARSANS? AS REPERCUSS\u00d5ES DA CONDENA\u00c7\u00c3O ARGENTINA - Travel3\" \/>\n<meta property=\"og:description\" content=\"A TRAVEL3 \u00e9 um portal de conte\u00fado voltado para o turismo, encontre destinos, viagens, hospedagem, passagens, guias, not\u00edcias sobre o mercado do turismo, dicas de viagem, v\u00eddeos e podcast.\" \/>\n<meta property=\"og:url\" content=\"https:\/\/www.travel3.com.br\/site\/sem-categoria\/lembra-se-da-marsans-as-repercussoes-da-condenacao-argentina\/\" \/>\n<meta property=\"og:site_name\" content=\"Travel3\" \/>\n<meta property=\"article:publisher\" content=\"https:\/\/www.facebook.com\/travel3media\/\" \/>\n<meta property=\"article:published_time\" content=\"2017-09-12T09:17:26+00:00\" \/>\n<meta name=\"author\" content=\"admin\" \/>\n<meta name=\"twitter:card\" content=\"summary_large_image\" \/>\n<meta name=\"twitter:label1\" content=\"Escrito por\" \/>\n\t<meta name=\"twitter:data1\" content=\"admin\" \/>\n\t<meta name=\"twitter:label2\" content=\"Est. tempo de leitura\" \/>\n\t<meta name=\"twitter:data2\" content=\"2 minutos\" \/>\n<script type=\"application\/ld+json\" class=\"yoast-schema-graph\">{\"@context\":\"https:\/\/schema.org\",\"@graph\":[{\"@type\":\"Article\",\"@id\":\"https:\/\/www.travel3.com.br\/site\/sem-categoria\/lembra-se-da-marsans-as-repercussoes-da-condenacao-argentina\/#article\",\"isPartOf\":{\"@id\":\"https:\/\/www.travel3.com.br\/site\/sem-categoria\/lembra-se-da-marsans-as-repercussoes-da-condenacao-argentina\/\"},\"author\":{\"name\":\"admin\",\"@id\":\"https:\/\/www.travel3.com.br\/site\/#\/schema\/person\/a69d71e41a024999b6ab82369ac0bd1e\"},\"headline\":\"LEMBRA-SE DA MARSANS? AS REPERCUSS\u00d5ES DA CONDENA\u00c7\u00c3O ARGENTINA\",\"datePublished\":\"2017-09-12T09:17:26+00:00\",\"mainEntityOfPage\":{\"@id\":\"https:\/\/www.travel3.com.br\/site\/sem-categoria\/lembra-se-da-marsans-as-repercussoes-da-condenacao-argentina\/\"},\"wordCount\":334,\"commentCount\":0,\"publisher\":{\"@id\":\"https:\/\/www.travel3.com.br\/site\/#organization\"},\"inLanguage\":\"pt-BR\",\"potentialAction\":[{\"@type\":\"CommentAction\",\"name\":\"Comment\",\"target\":[\"https:\/\/www.travel3.com.br\/site\/sem-categoria\/lembra-se-da-marsans-as-repercussoes-da-condenacao-argentina\/#respond\"]}]},{\"@type\":\"WebPage\",\"@id\":\"https:\/\/www.travel3.com.br\/site\/sem-categoria\/lembra-se-da-marsans-as-repercussoes-da-condenacao-argentina\/\",\"url\":\"https:\/\/www.travel3.com.br\/site\/sem-categoria\/lembra-se-da-marsans-as-repercussoes-da-condenacao-argentina\/\",\"name\":\"LEMBRA-SE DA MARSANS? AS REPERCUSS\u00d5ES DA CONDENA\u00c7\u00c3O ARGENTINA - Travel3\",\"isPartOf\":{\"@id\":\"https:\/\/www.travel3.com.br\/site\/#website\"},\"datePublished\":\"2017-09-12T09:17:26+00:00\",\"description\":\"A TRAVEL3 \u00e9 um portal de conte\u00fado voltado para o turismo, encontre destinos, viagens, hospedagem, passagens, guias, not\u00edcias sobre o mercado do turismo, dicas de viagem, v\u00eddeos e podcast.\",\"breadcrumb\":{\"@id\":\"https:\/\/www.travel3.com.br\/site\/sem-categoria\/lembra-se-da-marsans-as-repercussoes-da-condenacao-argentina\/#breadcrumb\"},\"inLanguage\":\"pt-BR\",\"potentialAction\":[{\"@type\":\"ReadAction\",\"target\":[\"https:\/\/www.travel3.com.br\/site\/sem-categoria\/lembra-se-da-marsans-as-repercussoes-da-condenacao-argentina\/\"]}]},{\"@type\":\"BreadcrumbList\",\"@id\":\"https:\/\/www.travel3.com.br\/site\/sem-categoria\/lembra-se-da-marsans-as-repercussoes-da-condenacao-argentina\/#breadcrumb\",\"itemListElement\":[{\"@type\":\"ListItem\",\"position\":1,\"name\":\"In\u00edcio\",\"item\":\"https:\/\/www.travel3.com.br\/site\/\"},{\"@type\":\"ListItem\",\"position\":2,\"name\":\"LEMBRA-SE DA MARSANS? AS REPERCUSS\u00d5ES DA CONDENA\u00c7\u00c3O ARGENTINA\"}]},{\"@type\":\"WebSite\",\"@id\":\"https:\/\/www.travel3.com.br\/site\/#website\",\"url\":\"https:\/\/www.travel3.com.br\/site\/\",\"name\":\"Travel3\",\"description\":\"Lazer + Neg&oacute;cios + Aventura\",\"publisher\":{\"@id\":\"https:\/\/www.travel3.com.br\/site\/#organization\"},\"potentialAction\":[{\"@type\":\"SearchAction\",\"target\":{\"@type\":\"EntryPoint\",\"urlTemplate\":\"https:\/\/www.travel3.com.br\/site\/?s={search_term_string}\"},\"query-input\":{\"@type\":\"PropertyValueSpecification\",\"valueRequired\":true,\"valueName\":\"search_term_string\"}}],\"inLanguage\":\"pt-BR\"},{\"@type\":\"Organization\",\"@id\":\"https:\/\/www.travel3.com.br\/site\/#organization\",\"name\":\"Travel3\",\"url\":\"https:\/\/www.travel3.com.br\/site\/\",\"logo\":{\"@type\":\"ImageObject\",\"inLanguage\":\"pt-BR\",\"@id\":\"https:\/\/www.travel3.com.br\/site\/#\/schema\/logo\/image\/\",\"url\":\"https:\/\/www.travel3.com.br\/site\/wp-content\/uploads\/2020\/01\/logo-travel3-2020.png\",\"contentUrl\":\"https:\/\/www.travel3.com.br\/site\/wp-content\/uploads\/2020\/01\/logo-travel3-2020.png\",\"width\":232,\"height\":79,\"caption\":\"Travel3\"},\"image\":{\"@id\":\"https:\/\/www.travel3.com.br\/site\/#\/schema\/logo\/image\/\"},\"sameAs\":[\"https:\/\/www.facebook.com\/travel3media\/\",\"https:\/\/www.instagram.com\/revistatravel3\/\",\"https:\/\/www.youtube.com\/channel\/UCno7J4paGBR3VbZQzvoJ9Eg\"]},{\"@type\":\"Person\",\"@id\":\"https:\/\/www.travel3.com.br\/site\/#\/schema\/person\/a69d71e41a024999b6ab82369ac0bd1e\",\"name\":\"admin\",\"image\":{\"@type\":\"ImageObject\",\"inLanguage\":\"pt-BR\",\"@id\":\"https:\/\/www.travel3.com.br\/site\/#\/schema\/person\/image\/\",\"url\":\"https:\/\/secure.gravatar.com\/avatar\/732a67adfd764da2a47ba10ce731c4c0?s=96&d=mm&r=g\",\"contentUrl\":\"https:\/\/secure.gravatar.com\/avatar\/732a67adfd764da2a47ba10ce731c4c0?s=96&d=mm&r=g\",\"caption\":\"admin\"},\"url\":\"https:\/\/www.travel3.com.br\/site\/author\/admin\/\"}]}<\/script>\n<!-- \/ Yoast SEO plugin. -->","yoast_head_json":{"title":"LEMBRA-SE DA MARSANS? AS REPERCUSS\u00d5ES DA CONDENA\u00c7\u00c3O ARGENTINA - Travel3","description":"A TRAVEL3 \u00e9 um portal de conte\u00fado voltado para o turismo, encontre destinos, viagens, hospedagem, passagens, guias, not\u00edcias sobre o mercado do turismo, dicas de viagem, v\u00eddeos e podcast.","robots":{"index":"index","follow":"follow","max-snippet":"max-snippet:-1","max-image-preview":"max-image-preview:large","max-video-preview":"max-video-preview:-1"},"canonical":"https:\/\/www.travel3.com.br\/site\/sem-categoria\/lembra-se-da-marsans-as-repercussoes-da-condenacao-argentina\/","og_locale":"pt_BR","og_type":"article","og_title":"LEMBRA-SE DA MARSANS? AS REPERCUSS\u00d5ES DA CONDENA\u00c7\u00c3O ARGENTINA - Travel3","og_description":"A TRAVEL3 \u00e9 um portal de conte\u00fado voltado para o turismo, encontre destinos, viagens, hospedagem, passagens, guias, not\u00edcias sobre o mercado do turismo, dicas de viagem, v\u00eddeos e podcast.","og_url":"https:\/\/www.travel3.com.br\/site\/sem-categoria\/lembra-se-da-marsans-as-repercussoes-da-condenacao-argentina\/","og_site_name":"Travel3","article_publisher":"https:\/\/www.facebook.com\/travel3media\/","article_published_time":"2017-09-12T09:17:26+00:00","author":"admin","twitter_card":"summary_large_image","twitter_misc":{"Escrito por":"admin","Est. tempo de leitura":"2 minutos"},"schema":{"@context":"https:\/\/schema.org","@graph":[{"@type":"Article","@id":"https:\/\/www.travel3.com.br\/site\/sem-categoria\/lembra-se-da-marsans-as-repercussoes-da-condenacao-argentina\/#article","isPartOf":{"@id":"https:\/\/www.travel3.com.br\/site\/sem-categoria\/lembra-se-da-marsans-as-repercussoes-da-condenacao-argentina\/"},"author":{"name":"admin","@id":"https:\/\/www.travel3.com.br\/site\/#\/schema\/person\/a69d71e41a024999b6ab82369ac0bd1e"},"headline":"LEMBRA-SE DA MARSANS? AS REPERCUSS\u00d5ES DA CONDENA\u00c7\u00c3O ARGENTINA","datePublished":"2017-09-12T09:17:26+00:00","mainEntityOfPage":{"@id":"https:\/\/www.travel3.com.br\/site\/sem-categoria\/lembra-se-da-marsans-as-repercussoes-da-condenacao-argentina\/"},"wordCount":334,"commentCount":0,"publisher":{"@id":"https:\/\/www.travel3.com.br\/site\/#organization"},"inLanguage":"pt-BR","potentialAction":[{"@type":"CommentAction","name":"Comment","target":["https:\/\/www.travel3.com.br\/site\/sem-categoria\/lembra-se-da-marsans-as-repercussoes-da-condenacao-argentina\/#respond"]}]},{"@type":"WebPage","@id":"https:\/\/www.travel3.com.br\/site\/sem-categoria\/lembra-se-da-marsans-as-repercussoes-da-condenacao-argentina\/","url":"https:\/\/www.travel3.com.br\/site\/sem-categoria\/lembra-se-da-marsans-as-repercussoes-da-condenacao-argentina\/","name":"LEMBRA-SE DA MARSANS? AS REPERCUSS\u00d5ES DA CONDENA\u00c7\u00c3O ARGENTINA - Travel3","isPartOf":{"@id":"https:\/\/www.travel3.com.br\/site\/#website"},"datePublished":"2017-09-12T09:17:26+00:00","description":"A TRAVEL3 \u00e9 um portal de conte\u00fado voltado para o turismo, encontre destinos, viagens, hospedagem, passagens, guias, not\u00edcias sobre o mercado do turismo, dicas de viagem, v\u00eddeos e podcast.","breadcrumb":{"@id":"https:\/\/www.travel3.com.br\/site\/sem-categoria\/lembra-se-da-marsans-as-repercussoes-da-condenacao-argentina\/#breadcrumb"},"inLanguage":"pt-BR","potentialAction":[{"@type":"ReadAction","target":["https:\/\/www.travel3.com.br\/site\/sem-categoria\/lembra-se-da-marsans-as-repercussoes-da-condenacao-argentina\/"]}]},{"@type":"BreadcrumbList","@id":"https:\/\/www.travel3.com.br\/site\/sem-categoria\/lembra-se-da-marsans-as-repercussoes-da-condenacao-argentina\/#breadcrumb","itemListElement":[{"@type":"ListItem","position":1,"name":"In\u00edcio","item":"https:\/\/www.travel3.com.br\/site\/"},{"@type":"ListItem","position":2,"name":"LEMBRA-SE DA MARSANS? AS REPERCUSS\u00d5ES DA CONDENA\u00c7\u00c3O ARGENTINA"}]},{"@type":"WebSite","@id":"https:\/\/www.travel3.com.br\/site\/#website","url":"https:\/\/www.travel3.com.br\/site\/","name":"Travel3","description":"Lazer + Neg&oacute;cios + Aventura","publisher":{"@id":"https:\/\/www.travel3.com.br\/site\/#organization"},"potentialAction":[{"@type":"SearchAction","target":{"@type":"EntryPoint","urlTemplate":"https:\/\/www.travel3.com.br\/site\/?s={search_term_string}"},"query-input":{"@type":"PropertyValueSpecification","valueRequired":true,"valueName":"search_term_string"}}],"inLanguage":"pt-BR"},{"@type":"Organization","@id":"https:\/\/www.travel3.com.br\/site\/#organization","name":"Travel3","url":"https:\/\/www.travel3.com.br\/site\/","logo":{"@type":"ImageObject","inLanguage":"pt-BR","@id":"https:\/\/www.travel3.com.br\/site\/#\/schema\/logo\/image\/","url":"https:\/\/www.travel3.com.br\/site\/wp-content\/uploads\/2020\/01\/logo-travel3-2020.png","contentUrl":"https:\/\/www.travel3.com.br\/site\/wp-content\/uploads\/2020\/01\/logo-travel3-2020.png","width":232,"height":79,"caption":"Travel3"},"image":{"@id":"https:\/\/www.travel3.com.br\/site\/#\/schema\/logo\/image\/"},"sameAs":["https:\/\/www.facebook.com\/travel3media\/","https:\/\/www.instagram.com\/revistatravel3\/","https:\/\/www.youtube.com\/channel\/UCno7J4paGBR3VbZQzvoJ9Eg"]},{"@type":"Person","@id":"https:\/\/www.travel3.com.br\/site\/#\/schema\/person\/a69d71e41a024999b6ab82369ac0bd1e","name":"admin","image":{"@type":"ImageObject","inLanguage":"pt-BR","@id":"https:\/\/www.travel3.com.br\/site\/#\/schema\/person\/image\/","url":"https:\/\/secure.gravatar.com\/avatar\/732a67adfd764da2a47ba10ce731c4c0?s=96&d=mm&r=g","contentUrl":"https:\/\/secure.gravatar.com\/avatar\/732a67adfd764da2a47ba10ce731c4c0?s=96&d=mm&r=g","caption":"admin"},"url":"https:\/\/www.travel3.com.br\/site\/author\/admin\/"}]}},"_links":{"self":[{"href":"https:\/\/www.travel3.com.br\/site\/wp-json\/wp\/v2\/posts\/1237","targetHints":{"allow":["GET"]}}],"collection":[{"href":"https:\/\/www.travel3.com.br\/site\/wp-json\/wp\/v2\/posts"}],"about":[{"href":"https:\/\/www.travel3.com.br\/site\/wp-json\/wp\/v2\/types\/post"}],"author":[{"embeddable":true,"href":"https:\/\/www.travel3.com.br\/site\/wp-json\/wp\/v2\/users\/1"}],"replies":[{"embeddable":true,"href":"https:\/\/www.travel3.com.br\/site\/wp-json\/wp\/v2\/comments?post=1237"}],"version-history":[{"count":0,"href":"https:\/\/www.travel3.com.br\/site\/wp-json\/wp\/v2\/posts\/1237\/revisions"}],"wp:attachment":[{"href":"https:\/\/www.travel3.com.br\/site\/wp-json\/wp\/v2\/media?parent=1237"}],"wp:term":[{"taxonomy":"category","embeddable":true,"href":"https:\/\/www.travel3.com.br\/site\/wp-json\/wp\/v2\/categories?post=1237"},{"taxonomy":"post_tag","embeddable":true,"href":"https:\/\/www.travel3.com.br\/site\/wp-json\/wp\/v2\/tags?post=1237"}],"curies":[{"name":"wp","href":"https:\/\/api.w.org\/{rel}","templated":true}]}}