{"id":1226,"date":"2017-09-09T17:42:51","date_gmt":"2017-09-09T17:42:51","guid":{"rendered":"http:\/\/www.travel3.com.br\/site\/ir-e-vir\/ar\/tomando-cafe-com-politica-em-calgary-no-canada\/"},"modified":"2017-09-09T17:42:51","modified_gmt":"2017-09-09T17:42:51","slug":"tomando-cafe-com-politica-em-calgary-no-canada","status":"publish","type":"post","link":"https:\/\/www.travel3.com.br\/site\/sem-categoria\/tomando-cafe-com-politica-em-calgary-no-canada\/","title":{"rendered":"TOMANDO CAF\u00c9 COM POL\u00cdTICA EM CALGARY, NO CANAD\u00c1"},"content":{"rendered":"<p><span style=\"color: #40acad; font-family: -apple-system, system-ui, 'Segoe UI', Roboto, Oxygen-Sans, Ubuntu, Cantarell, 'Helvetica Neue', sans-serif; font-size: 12px; font-weight: bold;\"><\/p>\n<p style=\"text-align: justify;\">Durante o Rendez-vous Canada 2017, que aconteceu em Calgary, reencontrei velhos amigos, desses que, a gente que trabalha com turismo, vai conhecendo mundo afora. Como de costume, marcamos um caf\u00e9 no fim do primeiro dia de trabalho, para colocarmos nossas vidas em dia e, desde que a pol\u00edtica se tornou um assunto cada vez mais relevante, atualizar uns aos outros sobre o momento pol\u00edtico dos respectivos pa\u00edses.<\/p>\n<p style=\"text-align: justify;\">O caf\u00e9 come\u00e7ou com um brinde pela vitoriosa elei\u00e7\u00e3o francesa e um abra\u00e7o de solidariedade no amigo venezuelano, visivelmente triste. Entretanto, o que todos queriam saber era o que est\u00e1 acontecendo com o Brasil. Minha tarefa foi tentar explicar \u00e0quele grupo t\u00e3o diverso algo que nem n\u00f3s, brasileiros, entendemos. Curiosa foi a resposta de cada um deles, que ressaltou uma vis\u00e3o ao mesmo tempo pessoal, mas tamb\u00e9m ligada \u00e0 cultura do pa\u00eds de cada um.<\/p>\n<p style=\"text-align: justify;\">Meus amigos canadenses definitivamente n\u00e3o entendem o que ocorre no Brasil e questionam por que e como deixamos a situa\u00e7\u00e3o chegar at\u00e9 este ponto. Minha amiga belga, incr\u00e9dula, parecia ouvir um conto de fic\u00e7\u00e3o. Indignados, os norte-americanos disseram que est\u00e3o passando por algo parecido (\u201cmas n\u00e3o t\u00e3o sujo\u201d, frisou um deles) e que \u201ca culpa \u00e9 do sistema pol\u00edtico dos nossos pa\u00edses, que est\u00e1 falido e precisa ser mudado\u201d.<\/p>\n<p style=\"text-align: justify;\">Os indianos n\u00e3o se espantaram e comentaram que este tamb\u00e9m \u00e9 \u201co sistema de operar indiano\u201d, e meu amigo sul-coreano acrescentou que \u201cnada como uma pris\u00e3o perp\u00e9tua para dar uma li\u00e7\u00e3o em pol\u00edtico corrupto\u201d. J\u00e1 os franceses, felizes com a elei\u00e7\u00e3o de Emmanuel Macron, pediram para sermos persistentes e combatermos a corrup\u00e7\u00e3o e o populismo, estudando a biografia dos pol\u00edticos antes de votarmos.<\/p>\n<p style=\"text-align: justify;\">Os amigos mexicanos estavam muito preocupados e disseram que, se perdermos esta batalha, a entidade chamada \u201ccrime organizado tomar\u00e1 definitivamente o poder, como se d\u00e1 hoje no M\u00e9xico\u201d; e o argentino acredita que, como o seu pa\u00eds, \u201cestamos fadados a conviver eternamente com o submundo na pol\u00edtica\u201d.<\/p>\n<p style=\"text-align: justify;\">Pensativo, meu amigo venezuelano sorriu, deu um suspiro e encerrou a conversa: \u201cAinda assim, eu me mudaria agora para o Brasil&#8230;\u201d<\/p>\n<p><\/span><\/p>\n","protected":false},"excerpt":{"rendered":"<p>Em um encontro com amigos, minha tarefa foi tentar explicar \u00e0quele grupo t\u00e3o diverso algo que nem n\u00f3s, brasileiros, entendemos<\/p>\n","protected":false},"author":1,"featured_media":0,"comment_status":"open","ping_status":"open","sticky":false,"template":"","format":"standard","meta":{"footnotes":""},"categories":[],"tags":[],"class_list":["post-1226","post","type-post","status-publish","format-standard","hentry"],"yoast_head":"<!-- This site is optimized with the Yoast SEO plugin v26.2 - https:\/\/yoast.com\/wordpress\/plugins\/seo\/ -->\n<title>TOMANDO CAF\u00c9 COM POL\u00cdTICA EM CALGARY, NO CANAD\u00c1 - Travel3<\/title>\n<meta name=\"description\" content=\"A TRAVEL3 \u00e9 um portal de conte\u00fado voltado para o turismo, encontre destinos, viagens, hospedagem, passagens, guias, not\u00edcias sobre o mercado do turismo, dicas de viagem, v\u00eddeos e podcast.\" \/>\n<meta name=\"robots\" content=\"index, follow, max-snippet:-1, max-image-preview:large, max-video-preview:-1\" \/>\n<link rel=\"canonical\" href=\"https:\/\/www.travel3.com.br\/site\/sem-categoria\/tomando-cafe-com-politica-em-calgary-no-canada\/\" \/>\n<meta property=\"og:locale\" content=\"pt_BR\" \/>\n<meta property=\"og:type\" content=\"article\" \/>\n<meta property=\"og:title\" content=\"TOMANDO CAF\u00c9 COM POL\u00cdTICA EM CALGARY, NO CANAD\u00c1 - Travel3\" \/>\n<meta property=\"og:description\" content=\"A TRAVEL3 \u00e9 um portal de conte\u00fado voltado para o turismo, encontre destinos, viagens, hospedagem, passagens, guias, not\u00edcias sobre o mercado do turismo, dicas de viagem, v\u00eddeos e podcast.\" \/>\n<meta property=\"og:url\" content=\"https:\/\/www.travel3.com.br\/site\/sem-categoria\/tomando-cafe-com-politica-em-calgary-no-canada\/\" \/>\n<meta property=\"og:site_name\" content=\"Travel3\" \/>\n<meta property=\"article:publisher\" content=\"https:\/\/www.facebook.com\/travel3media\/\" \/>\n<meta property=\"article:published_time\" content=\"2017-09-09T17:42:51+00:00\" \/>\n<meta name=\"author\" content=\"admin\" \/>\n<meta name=\"twitter:card\" content=\"summary_large_image\" \/>\n<meta name=\"twitter:label1\" content=\"Escrito por\" \/>\n\t<meta name=\"twitter:data1\" content=\"admin\" \/>\n\t<meta name=\"twitter:label2\" content=\"Est. tempo de leitura\" \/>\n\t<meta name=\"twitter:data2\" content=\"2 minutos\" \/>\n<script type=\"application\/ld+json\" class=\"yoast-schema-graph\">{\"@context\":\"https:\/\/schema.org\",\"@graph\":[{\"@type\":\"Article\",\"@id\":\"https:\/\/www.travel3.com.br\/site\/sem-categoria\/tomando-cafe-com-politica-em-calgary-no-canada\/#article\",\"isPartOf\":{\"@id\":\"https:\/\/www.travel3.com.br\/site\/sem-categoria\/tomando-cafe-com-politica-em-calgary-no-canada\/\"},\"author\":{\"name\":\"admin\",\"@id\":\"https:\/\/www.travel3.com.br\/site\/#\/schema\/person\/a69d71e41a024999b6ab82369ac0bd1e\"},\"headline\":\"TOMANDO CAF\u00c9 COM POL\u00cdTICA EM CALGARY, NO CANAD\u00c1\",\"datePublished\":\"2017-09-09T17:42:51+00:00\",\"mainEntityOfPage\":{\"@id\":\"https:\/\/www.travel3.com.br\/site\/sem-categoria\/tomando-cafe-com-politica-em-calgary-no-canada\/\"},\"wordCount\":379,\"commentCount\":0,\"publisher\":{\"@id\":\"https:\/\/www.travel3.com.br\/site\/#organization\"},\"inLanguage\":\"pt-BR\",\"potentialAction\":[{\"@type\":\"CommentAction\",\"name\":\"Comment\",\"target\":[\"https:\/\/www.travel3.com.br\/site\/sem-categoria\/tomando-cafe-com-politica-em-calgary-no-canada\/#respond\"]}]},{\"@type\":\"WebPage\",\"@id\":\"https:\/\/www.travel3.com.br\/site\/sem-categoria\/tomando-cafe-com-politica-em-calgary-no-canada\/\",\"url\":\"https:\/\/www.travel3.com.br\/site\/sem-categoria\/tomando-cafe-com-politica-em-calgary-no-canada\/\",\"name\":\"TOMANDO CAF\u00c9 COM POL\u00cdTICA EM CALGARY, NO CANAD\u00c1 - Travel3\",\"isPartOf\":{\"@id\":\"https:\/\/www.travel3.com.br\/site\/#website\"},\"datePublished\":\"2017-09-09T17:42:51+00:00\",\"description\":\"A TRAVEL3 \u00e9 um portal de conte\u00fado voltado para o turismo, encontre destinos, viagens, hospedagem, passagens, guias, not\u00edcias sobre o mercado do turismo, dicas de viagem, v\u00eddeos e podcast.\",\"breadcrumb\":{\"@id\":\"https:\/\/www.travel3.com.br\/site\/sem-categoria\/tomando-cafe-com-politica-em-calgary-no-canada\/#breadcrumb\"},\"inLanguage\":\"pt-BR\",\"potentialAction\":[{\"@type\":\"ReadAction\",\"target\":[\"https:\/\/www.travel3.com.br\/site\/sem-categoria\/tomando-cafe-com-politica-em-calgary-no-canada\/\"]}]},{\"@type\":\"BreadcrumbList\",\"@id\":\"https:\/\/www.travel3.com.br\/site\/sem-categoria\/tomando-cafe-com-politica-em-calgary-no-canada\/#breadcrumb\",\"itemListElement\":[{\"@type\":\"ListItem\",\"position\":1,\"name\":\"In\u00edcio\",\"item\":\"https:\/\/www.travel3.com.br\/site\/\"},{\"@type\":\"ListItem\",\"position\":2,\"name\":\"TOMANDO CAF\u00c9 COM POL\u00cdTICA EM CALGARY, NO CANAD\u00c1\"}]},{\"@type\":\"WebSite\",\"@id\":\"https:\/\/www.travel3.com.br\/site\/#website\",\"url\":\"https:\/\/www.travel3.com.br\/site\/\",\"name\":\"Travel3\",\"description\":\"Lazer + Neg&oacute;cios + Aventura\",\"publisher\":{\"@id\":\"https:\/\/www.travel3.com.br\/site\/#organization\"},\"potentialAction\":[{\"@type\":\"SearchAction\",\"target\":{\"@type\":\"EntryPoint\",\"urlTemplate\":\"https:\/\/www.travel3.com.br\/site\/?s={search_term_string}\"},\"query-input\":{\"@type\":\"PropertyValueSpecification\",\"valueRequired\":true,\"valueName\":\"search_term_string\"}}],\"inLanguage\":\"pt-BR\"},{\"@type\":\"Organization\",\"@id\":\"https:\/\/www.travel3.com.br\/site\/#organization\",\"name\":\"Travel3\",\"url\":\"https:\/\/www.travel3.com.br\/site\/\",\"logo\":{\"@type\":\"ImageObject\",\"inLanguage\":\"pt-BR\",\"@id\":\"https:\/\/www.travel3.com.br\/site\/#\/schema\/logo\/image\/\",\"url\":\"https:\/\/www.travel3.com.br\/site\/wp-content\/uploads\/2020\/01\/logo-travel3-2020.png\",\"contentUrl\":\"https:\/\/www.travel3.com.br\/site\/wp-content\/uploads\/2020\/01\/logo-travel3-2020.png\",\"width\":232,\"height\":79,\"caption\":\"Travel3\"},\"image\":{\"@id\":\"https:\/\/www.travel3.com.br\/site\/#\/schema\/logo\/image\/\"},\"sameAs\":[\"https:\/\/www.facebook.com\/travel3media\/\",\"https:\/\/www.instagram.com\/revistatravel3\/\",\"https:\/\/www.youtube.com\/channel\/UCno7J4paGBR3VbZQzvoJ9Eg\"]},{\"@type\":\"Person\",\"@id\":\"https:\/\/www.travel3.com.br\/site\/#\/schema\/person\/a69d71e41a024999b6ab82369ac0bd1e\",\"name\":\"admin\",\"image\":{\"@type\":\"ImageObject\",\"inLanguage\":\"pt-BR\",\"@id\":\"https:\/\/www.travel3.com.br\/site\/#\/schema\/person\/image\/\",\"url\":\"https:\/\/secure.gravatar.com\/avatar\/732a67adfd764da2a47ba10ce731c4c0?s=96&d=mm&r=g\",\"contentUrl\":\"https:\/\/secure.gravatar.com\/avatar\/732a67adfd764da2a47ba10ce731c4c0?s=96&d=mm&r=g\",\"caption\":\"admin\"},\"url\":\"https:\/\/www.travel3.com.br\/site\/author\/admin\/\"}]}<\/script>\n<!-- \/ Yoast SEO plugin. -->","yoast_head_json":{"title":"TOMANDO CAF\u00c9 COM POL\u00cdTICA EM CALGARY, NO CANAD\u00c1 - Travel3","description":"A TRAVEL3 \u00e9 um portal de conte\u00fado voltado para o turismo, encontre destinos, viagens, hospedagem, passagens, guias, not\u00edcias sobre o mercado do turismo, dicas de viagem, v\u00eddeos e podcast.","robots":{"index":"index","follow":"follow","max-snippet":"max-snippet:-1","max-image-preview":"max-image-preview:large","max-video-preview":"max-video-preview:-1"},"canonical":"https:\/\/www.travel3.com.br\/site\/sem-categoria\/tomando-cafe-com-politica-em-calgary-no-canada\/","og_locale":"pt_BR","og_type":"article","og_title":"TOMANDO CAF\u00c9 COM POL\u00cdTICA EM CALGARY, NO CANAD\u00c1 - Travel3","og_description":"A TRAVEL3 \u00e9 um portal de conte\u00fado voltado para o turismo, encontre destinos, viagens, hospedagem, passagens, guias, not\u00edcias sobre o mercado do turismo, dicas de viagem, v\u00eddeos e podcast.","og_url":"https:\/\/www.travel3.com.br\/site\/sem-categoria\/tomando-cafe-com-politica-em-calgary-no-canada\/","og_site_name":"Travel3","article_publisher":"https:\/\/www.facebook.com\/travel3media\/","article_published_time":"2017-09-09T17:42:51+00:00","author":"admin","twitter_card":"summary_large_image","twitter_misc":{"Escrito por":"admin","Est. tempo de leitura":"2 minutos"},"schema":{"@context":"https:\/\/schema.org","@graph":[{"@type":"Article","@id":"https:\/\/www.travel3.com.br\/site\/sem-categoria\/tomando-cafe-com-politica-em-calgary-no-canada\/#article","isPartOf":{"@id":"https:\/\/www.travel3.com.br\/site\/sem-categoria\/tomando-cafe-com-politica-em-calgary-no-canada\/"},"author":{"name":"admin","@id":"https:\/\/www.travel3.com.br\/site\/#\/schema\/person\/a69d71e41a024999b6ab82369ac0bd1e"},"headline":"TOMANDO CAF\u00c9 COM POL\u00cdTICA EM CALGARY, NO CANAD\u00c1","datePublished":"2017-09-09T17:42:51+00:00","mainEntityOfPage":{"@id":"https:\/\/www.travel3.com.br\/site\/sem-categoria\/tomando-cafe-com-politica-em-calgary-no-canada\/"},"wordCount":379,"commentCount":0,"publisher":{"@id":"https:\/\/www.travel3.com.br\/site\/#organization"},"inLanguage":"pt-BR","potentialAction":[{"@type":"CommentAction","name":"Comment","target":["https:\/\/www.travel3.com.br\/site\/sem-categoria\/tomando-cafe-com-politica-em-calgary-no-canada\/#respond"]}]},{"@type":"WebPage","@id":"https:\/\/www.travel3.com.br\/site\/sem-categoria\/tomando-cafe-com-politica-em-calgary-no-canada\/","url":"https:\/\/www.travel3.com.br\/site\/sem-categoria\/tomando-cafe-com-politica-em-calgary-no-canada\/","name":"TOMANDO CAF\u00c9 COM POL\u00cdTICA EM CALGARY, NO CANAD\u00c1 - Travel3","isPartOf":{"@id":"https:\/\/www.travel3.com.br\/site\/#website"},"datePublished":"2017-09-09T17:42:51+00:00","description":"A TRAVEL3 \u00e9 um portal de conte\u00fado voltado para o turismo, encontre destinos, viagens, hospedagem, passagens, guias, not\u00edcias sobre o mercado do turismo, dicas de viagem, v\u00eddeos e podcast.","breadcrumb":{"@id":"https:\/\/www.travel3.com.br\/site\/sem-categoria\/tomando-cafe-com-politica-em-calgary-no-canada\/#breadcrumb"},"inLanguage":"pt-BR","potentialAction":[{"@type":"ReadAction","target":["https:\/\/www.travel3.com.br\/site\/sem-categoria\/tomando-cafe-com-politica-em-calgary-no-canada\/"]}]},{"@type":"BreadcrumbList","@id":"https:\/\/www.travel3.com.br\/site\/sem-categoria\/tomando-cafe-com-politica-em-calgary-no-canada\/#breadcrumb","itemListElement":[{"@type":"ListItem","position":1,"name":"In\u00edcio","item":"https:\/\/www.travel3.com.br\/site\/"},{"@type":"ListItem","position":2,"name":"TOMANDO CAF\u00c9 COM POL\u00cdTICA EM CALGARY, NO CANAD\u00c1"}]},{"@type":"WebSite","@id":"https:\/\/www.travel3.com.br\/site\/#website","url":"https:\/\/www.travel3.com.br\/site\/","name":"Travel3","description":"Lazer + Neg&oacute;cios + Aventura","publisher":{"@id":"https:\/\/www.travel3.com.br\/site\/#organization"},"potentialAction":[{"@type":"SearchAction","target":{"@type":"EntryPoint","urlTemplate":"https:\/\/www.travel3.com.br\/site\/?s={search_term_string}"},"query-input":{"@type":"PropertyValueSpecification","valueRequired":true,"valueName":"search_term_string"}}],"inLanguage":"pt-BR"},{"@type":"Organization","@id":"https:\/\/www.travel3.com.br\/site\/#organization","name":"Travel3","url":"https:\/\/www.travel3.com.br\/site\/","logo":{"@type":"ImageObject","inLanguage":"pt-BR","@id":"https:\/\/www.travel3.com.br\/site\/#\/schema\/logo\/image\/","url":"https:\/\/www.travel3.com.br\/site\/wp-content\/uploads\/2020\/01\/logo-travel3-2020.png","contentUrl":"https:\/\/www.travel3.com.br\/site\/wp-content\/uploads\/2020\/01\/logo-travel3-2020.png","width":232,"height":79,"caption":"Travel3"},"image":{"@id":"https:\/\/www.travel3.com.br\/site\/#\/schema\/logo\/image\/"},"sameAs":["https:\/\/www.facebook.com\/travel3media\/","https:\/\/www.instagram.com\/revistatravel3\/","https:\/\/www.youtube.com\/channel\/UCno7J4paGBR3VbZQzvoJ9Eg"]},{"@type":"Person","@id":"https:\/\/www.travel3.com.br\/site\/#\/schema\/person\/a69d71e41a024999b6ab82369ac0bd1e","name":"admin","image":{"@type":"ImageObject","inLanguage":"pt-BR","@id":"https:\/\/www.travel3.com.br\/site\/#\/schema\/person\/image\/","url":"https:\/\/secure.gravatar.com\/avatar\/732a67adfd764da2a47ba10ce731c4c0?s=96&d=mm&r=g","contentUrl":"https:\/\/secure.gravatar.com\/avatar\/732a67adfd764da2a47ba10ce731c4c0?s=96&d=mm&r=g","caption":"admin"},"url":"https:\/\/www.travel3.com.br\/site\/author\/admin\/"}]}},"_links":{"self":[{"href":"https:\/\/www.travel3.com.br\/site\/wp-json\/wp\/v2\/posts\/1226","targetHints":{"allow":["GET"]}}],"collection":[{"href":"https:\/\/www.travel3.com.br\/site\/wp-json\/wp\/v2\/posts"}],"about":[{"href":"https:\/\/www.travel3.com.br\/site\/wp-json\/wp\/v2\/types\/post"}],"author":[{"embeddable":true,"href":"https:\/\/www.travel3.com.br\/site\/wp-json\/wp\/v2\/users\/1"}],"replies":[{"embeddable":true,"href":"https:\/\/www.travel3.com.br\/site\/wp-json\/wp\/v2\/comments?post=1226"}],"version-history":[{"count":0,"href":"https:\/\/www.travel3.com.br\/site\/wp-json\/wp\/v2\/posts\/1226\/revisions"}],"wp:attachment":[{"href":"https:\/\/www.travel3.com.br\/site\/wp-json\/wp\/v2\/media?parent=1226"}],"wp:term":[{"taxonomy":"category","embeddable":true,"href":"https:\/\/www.travel3.com.br\/site\/wp-json\/wp\/v2\/categories?post=1226"},{"taxonomy":"post_tag","embeddable":true,"href":"https:\/\/www.travel3.com.br\/site\/wp-json\/wp\/v2\/tags?post=1226"}],"curies":[{"name":"wp","href":"https:\/\/api.w.org\/{rel}","templated":true}]}}