{"id":1215,"date":"2017-09-11T08:34:08","date_gmt":"2017-09-11T08:34:08","guid":{"rendered":"http:\/\/www.travel3.com.br\/site\/ir-e-vir\/ar\/museu-do-amanha-inaugura-exposicao-holocausto-trevas-e-luz\/"},"modified":"2017-09-11T08:34:08","modified_gmt":"2017-09-11T08:34:08","slug":"museu-do-amanha-inaugura-exposicao-holocausto-trevas-e-luz","status":"publish","type":"post","link":"https:\/\/www.travel3.com.br\/site\/sem-categoria\/museu-do-amanha-inaugura-exposicao-holocausto-trevas-e-luz\/","title":{"rendered":"MUSEU DO AMANH\u00c3 INAUGURA EXPOSI\u00c7\u00c3O &#8220;HOLOCAUSTO &#8211; TREVAS E LUZ&#8221;"},"content":{"rendered":"<p><span style=\"color: #40acad; font-family: -apple-system, system-ui, 'Segoe UI', Roboto, Oxygen-Sans, Ubuntu, Cantarell, 'Helvetica Neue', sans-serif; font-size: 12px; font-weight: bold;\"><\/p>\n<p style=\"text-align:justify\"><a class=\"fancybox-media\" href=\"..\/_uploads\/_noticia\/2017-07\/holocausto10-credito-guilerme-leporace.jpg\" rel=\"portfolio\"><img decoding=\"async\" alt=\"\" src=\"..\/_uploads\/_noticia\/2017-07\/holocausto10-credito-guilerme-leporace.jpg\" \/><\/a><\/p>\n<p style=\"text-align:justify\"><strong>(Fotos: Guilherme Leporace)<\/strong><\/p>\n<p style=\"text-align:justify\">Cerca de 6 milh\u00f5es de pessoas, a maioria judeus, foram perseguidas e aniquiladas pelos nazistas, liderados por Adolf Hitler, em um dos cap\u00edtulos mais sombrios da hist\u00f3ria da humanidade, marcado pela intoler\u00e2ncia e pelo preconceito de credos e ra\u00e7as. O Museu do Amanh\u00e3 abriu a exposi\u00e7\u00e3o \u2018Holocausto &#8211; Trevas e Luz\u2019, uma mostra que re\u00fane pe\u00e7as de \u00e9poca, imagens, cen\u00e1rios e mensagensque nos fazem refletir sobre o futuro que queremos. A exposi\u00e7\u00e3o ficar\u00e1 aberta ao p\u00fablico at\u00e9 dia 15 de outubro.<\/p>\n<p style=\"text-align:justify\"><a class=\"fancybox-media\" href=\"..\/_uploads\/_noticia\/2017-07\/holocausto11-credito-guilerme-leporace.jpg\" rel=\"portfolio\"><img decoding=\"async\" alt=\"\" src=\"..\/_uploads\/_noticia\/2017-07\/holocausto11-credito-guilerme-leporace.jpg\" \/><\/a><\/p>\n<p style=\"text-align:justify\">\u201cRevisitar o fato hist\u00f3rico, por meio desta mostra \u00e9 uma forma de rever o passado e refletir sobre o nosso presente, a fim de poder escolher o amanh\u00e3 que desejamos. Nesse triste per\u00edodo da hist\u00f3ria prevaleceram as piores caracter\u00edsticas humanas, como o \u00f3dio, a intoler\u00e2ncia, o racismo e o preconceito. Apesar das mudan\u00e7as e evolu\u00e7\u00f5es entre as rela\u00e7\u00f5es humanas, continuamos, inclusive no Brasil, a repetir tais atitudes. Esperamos que a escurid\u00e3o do Holocausto sirva como um farol para iluminar o futuro da humanidade\u201d, destaca o diretor de Conte\u00fado do Museu do Amanh\u00e3, Alfredo Tolmasquim.<br \/>\n\u00a0<br \/>\n\u2018Holocausto &#8211; Trevas e Luz\u2019 \u00e9 dividida em tr\u00eas m\u00f3dulos, todos expostos no espa\u00e7o do Museu do Amanh\u00e3 denominado Galeria do Tempo. No primeiro, o visitante ser\u00e1 convidado a refletir sobre a trag\u00e9dia, por meio de uma cenografia tem\u00e1tica, reproduzindo desde uma t\u00edpica c\u00e2mara de g\u00e1s dos campos de concentra\u00e7\u00e3o, a fotos de \u00e9poca marcantes e frases de impacto.<\/p>\n<p style=\"text-align:justify\"><strong>Holocausto \u2018Trevas e Luz\u2019<\/strong><br \/>\nMuseu do Amanh\u00e3 \u2013 Pra\u00e7a Mau\u00e1 1, Centro<br \/>\nGaleria do Tempo \u2013 2\u00ba andar<br \/>\nTel.: 3812-1800<br \/>\nPer\u00edodo: de 26 de julho a 15 de outubro de 2017<br \/>\nFuncionamento: De ter\u00e7a-feira a domingo, das 10h \u00e0s 18h (com encerramento da bilheteria \u00e0s 17h)<br \/>\nIngressos: A mostra tempor\u00e1ria est\u00e1 inclu\u00edda no valor da entrada para o Museu<br \/>\nInteira: R$ 20,00; \u200bMeia-entrada: R$ 10,00<br \/>\nwww.museudoamanha.org.br<\/p>\n<p><\/span><\/p>\n","protected":false},"excerpt":{"rendered":"<p>Fotos, imagens e cenografias recriam uma das maiores trag\u00e9dias da humanidade. Mostra ficar\u00e1 em cartaz at\u00e9 o dia 15 de outubro<\/p>\n","protected":false},"author":1,"featured_media":0,"comment_status":"open","ping_status":"open","sticky":false,"template":"","format":"standard","meta":{"footnotes":""},"categories":[],"tags":[],"class_list":["post-1215","post","type-post","status-publish","format-standard","hentry"],"yoast_head":"<!-- This site is optimized with the Yoast SEO plugin v26.2 - https:\/\/yoast.com\/wordpress\/plugins\/seo\/ -->\n<title>MUSEU DO AMANH\u00c3 INAUGURA EXPOSI\u00c7\u00c3O &quot;HOLOCAUSTO - TREVAS E LUZ&quot; - Travel3<\/title>\n<meta name=\"description\" content=\"A TRAVEL3 \u00e9 um portal de conte\u00fado voltado para o turismo, encontre destinos, viagens, hospedagem, passagens, guias, not\u00edcias sobre o mercado do turismo, dicas de viagem, v\u00eddeos e podcast.\" \/>\n<meta name=\"robots\" content=\"index, follow, max-snippet:-1, max-image-preview:large, max-video-preview:-1\" \/>\n<link rel=\"canonical\" href=\"https:\/\/www.travel3.com.br\/site\/sem-categoria\/museu-do-amanha-inaugura-exposicao-holocausto-trevas-e-luz\/\" \/>\n<meta property=\"og:locale\" content=\"pt_BR\" \/>\n<meta property=\"og:type\" content=\"article\" \/>\n<meta property=\"og:title\" content=\"MUSEU DO AMANH\u00c3 INAUGURA EXPOSI\u00c7\u00c3O &quot;HOLOCAUSTO - TREVAS E LUZ&quot; - Travel3\" \/>\n<meta property=\"og:description\" content=\"A TRAVEL3 \u00e9 um portal de conte\u00fado voltado para o turismo, encontre destinos, viagens, hospedagem, passagens, guias, not\u00edcias sobre o mercado do turismo, dicas de viagem, v\u00eddeos e podcast.\" \/>\n<meta property=\"og:url\" content=\"https:\/\/www.travel3.com.br\/site\/sem-categoria\/museu-do-amanha-inaugura-exposicao-holocausto-trevas-e-luz\/\" \/>\n<meta property=\"og:site_name\" content=\"Travel3\" \/>\n<meta property=\"article:publisher\" content=\"https:\/\/www.facebook.com\/travel3media\/\" \/>\n<meta property=\"article:published_time\" content=\"2017-09-11T08:34:08+00:00\" \/>\n<meta name=\"author\" content=\"admin\" \/>\n<meta name=\"twitter:card\" content=\"summary_large_image\" \/>\n<meta name=\"twitter:label1\" content=\"Escrito por\" \/>\n\t<meta name=\"twitter:data1\" content=\"admin\" \/>\n\t<meta name=\"twitter:label2\" content=\"Est. tempo de leitura\" \/>\n\t<meta name=\"twitter:data2\" content=\"2 minutos\" \/>\n<script type=\"application\/ld+json\" class=\"yoast-schema-graph\">{\"@context\":\"https:\/\/schema.org\",\"@graph\":[{\"@type\":\"Article\",\"@id\":\"https:\/\/www.travel3.com.br\/site\/sem-categoria\/museu-do-amanha-inaugura-exposicao-holocausto-trevas-e-luz\/#article\",\"isPartOf\":{\"@id\":\"https:\/\/www.travel3.com.br\/site\/sem-categoria\/museu-do-amanha-inaugura-exposicao-holocausto-trevas-e-luz\/\"},\"author\":{\"name\":\"admin\",\"@id\":\"https:\/\/www.travel3.com.br\/site\/#\/schema\/person\/a69d71e41a024999b6ab82369ac0bd1e\"},\"headline\":\"MUSEU DO AMANH\u00c3 INAUGURA EXPOSI\u00c7\u00c3O &#8220;HOLOCAUSTO &#8211; TREVAS E LUZ&#8221;\",\"datePublished\":\"2017-09-11T08:34:08+00:00\",\"mainEntityOfPage\":{\"@id\":\"https:\/\/www.travel3.com.br\/site\/sem-categoria\/museu-do-amanha-inaugura-exposicao-holocausto-trevas-e-luz\/\"},\"wordCount\":339,\"commentCount\":0,\"publisher\":{\"@id\":\"https:\/\/www.travel3.com.br\/site\/#organization\"},\"inLanguage\":\"pt-BR\",\"potentialAction\":[{\"@type\":\"CommentAction\",\"name\":\"Comment\",\"target\":[\"https:\/\/www.travel3.com.br\/site\/sem-categoria\/museu-do-amanha-inaugura-exposicao-holocausto-trevas-e-luz\/#respond\"]}]},{\"@type\":\"WebPage\",\"@id\":\"https:\/\/www.travel3.com.br\/site\/sem-categoria\/museu-do-amanha-inaugura-exposicao-holocausto-trevas-e-luz\/\",\"url\":\"https:\/\/www.travel3.com.br\/site\/sem-categoria\/museu-do-amanha-inaugura-exposicao-holocausto-trevas-e-luz\/\",\"name\":\"MUSEU DO AMANH\u00c3 INAUGURA EXPOSI\u00c7\u00c3O \\\"HOLOCAUSTO - TREVAS E LUZ\\\" - Travel3\",\"isPartOf\":{\"@id\":\"https:\/\/www.travel3.com.br\/site\/#website\"},\"datePublished\":\"2017-09-11T08:34:08+00:00\",\"description\":\"A TRAVEL3 \u00e9 um portal de conte\u00fado voltado para o turismo, encontre destinos, viagens, hospedagem, passagens, guias, not\u00edcias sobre o mercado do turismo, dicas de viagem, v\u00eddeos e podcast.\",\"breadcrumb\":{\"@id\":\"https:\/\/www.travel3.com.br\/site\/sem-categoria\/museu-do-amanha-inaugura-exposicao-holocausto-trevas-e-luz\/#breadcrumb\"},\"inLanguage\":\"pt-BR\",\"potentialAction\":[{\"@type\":\"ReadAction\",\"target\":[\"https:\/\/www.travel3.com.br\/site\/sem-categoria\/museu-do-amanha-inaugura-exposicao-holocausto-trevas-e-luz\/\"]}]},{\"@type\":\"BreadcrumbList\",\"@id\":\"https:\/\/www.travel3.com.br\/site\/sem-categoria\/museu-do-amanha-inaugura-exposicao-holocausto-trevas-e-luz\/#breadcrumb\",\"itemListElement\":[{\"@type\":\"ListItem\",\"position\":1,\"name\":\"In\u00edcio\",\"item\":\"https:\/\/www.travel3.com.br\/site\/\"},{\"@type\":\"ListItem\",\"position\":2,\"name\":\"MUSEU DO AMANH\u00c3 INAUGURA EXPOSI\u00c7\u00c3O &#8220;HOLOCAUSTO &#8211; TREVAS E LUZ&#8221;\"}]},{\"@type\":\"WebSite\",\"@id\":\"https:\/\/www.travel3.com.br\/site\/#website\",\"url\":\"https:\/\/www.travel3.com.br\/site\/\",\"name\":\"Travel3\",\"description\":\"Lazer + Neg&oacute;cios + Aventura\",\"publisher\":{\"@id\":\"https:\/\/www.travel3.com.br\/site\/#organization\"},\"potentialAction\":[{\"@type\":\"SearchAction\",\"target\":{\"@type\":\"EntryPoint\",\"urlTemplate\":\"https:\/\/www.travel3.com.br\/site\/?s={search_term_string}\"},\"query-input\":{\"@type\":\"PropertyValueSpecification\",\"valueRequired\":true,\"valueName\":\"search_term_string\"}}],\"inLanguage\":\"pt-BR\"},{\"@type\":\"Organization\",\"@id\":\"https:\/\/www.travel3.com.br\/site\/#organization\",\"name\":\"Travel3\",\"url\":\"https:\/\/www.travel3.com.br\/site\/\",\"logo\":{\"@type\":\"ImageObject\",\"inLanguage\":\"pt-BR\",\"@id\":\"https:\/\/www.travel3.com.br\/site\/#\/schema\/logo\/image\/\",\"url\":\"https:\/\/www.travel3.com.br\/site\/wp-content\/uploads\/2020\/01\/logo-travel3-2020.png\",\"contentUrl\":\"https:\/\/www.travel3.com.br\/site\/wp-content\/uploads\/2020\/01\/logo-travel3-2020.png\",\"width\":232,\"height\":79,\"caption\":\"Travel3\"},\"image\":{\"@id\":\"https:\/\/www.travel3.com.br\/site\/#\/schema\/logo\/image\/\"},\"sameAs\":[\"https:\/\/www.facebook.com\/travel3media\/\",\"https:\/\/www.instagram.com\/revistatravel3\/\",\"https:\/\/www.youtube.com\/channel\/UCno7J4paGBR3VbZQzvoJ9Eg\"]},{\"@type\":\"Person\",\"@id\":\"https:\/\/www.travel3.com.br\/site\/#\/schema\/person\/a69d71e41a024999b6ab82369ac0bd1e\",\"name\":\"admin\",\"image\":{\"@type\":\"ImageObject\",\"inLanguage\":\"pt-BR\",\"@id\":\"https:\/\/www.travel3.com.br\/site\/#\/schema\/person\/image\/\",\"url\":\"https:\/\/secure.gravatar.com\/avatar\/732a67adfd764da2a47ba10ce731c4c0?s=96&d=mm&r=g\",\"contentUrl\":\"https:\/\/secure.gravatar.com\/avatar\/732a67adfd764da2a47ba10ce731c4c0?s=96&d=mm&r=g\",\"caption\":\"admin\"},\"url\":\"https:\/\/www.travel3.com.br\/site\/author\/admin\/\"}]}<\/script>\n<!-- \/ Yoast SEO plugin. -->","yoast_head_json":{"title":"MUSEU DO AMANH\u00c3 INAUGURA EXPOSI\u00c7\u00c3O \"HOLOCAUSTO - TREVAS E LUZ\" - Travel3","description":"A TRAVEL3 \u00e9 um portal de conte\u00fado voltado para o turismo, encontre destinos, viagens, hospedagem, passagens, guias, not\u00edcias sobre o mercado do turismo, dicas de viagem, v\u00eddeos e podcast.","robots":{"index":"index","follow":"follow","max-snippet":"max-snippet:-1","max-image-preview":"max-image-preview:large","max-video-preview":"max-video-preview:-1"},"canonical":"https:\/\/www.travel3.com.br\/site\/sem-categoria\/museu-do-amanha-inaugura-exposicao-holocausto-trevas-e-luz\/","og_locale":"pt_BR","og_type":"article","og_title":"MUSEU DO AMANH\u00c3 INAUGURA EXPOSI\u00c7\u00c3O \"HOLOCAUSTO - TREVAS E LUZ\" - Travel3","og_description":"A TRAVEL3 \u00e9 um portal de conte\u00fado voltado para o turismo, encontre destinos, viagens, hospedagem, passagens, guias, not\u00edcias sobre o mercado do turismo, dicas de viagem, v\u00eddeos e podcast.","og_url":"https:\/\/www.travel3.com.br\/site\/sem-categoria\/museu-do-amanha-inaugura-exposicao-holocausto-trevas-e-luz\/","og_site_name":"Travel3","article_publisher":"https:\/\/www.facebook.com\/travel3media\/","article_published_time":"2017-09-11T08:34:08+00:00","author":"admin","twitter_card":"summary_large_image","twitter_misc":{"Escrito por":"admin","Est. tempo de leitura":"2 minutos"},"schema":{"@context":"https:\/\/schema.org","@graph":[{"@type":"Article","@id":"https:\/\/www.travel3.com.br\/site\/sem-categoria\/museu-do-amanha-inaugura-exposicao-holocausto-trevas-e-luz\/#article","isPartOf":{"@id":"https:\/\/www.travel3.com.br\/site\/sem-categoria\/museu-do-amanha-inaugura-exposicao-holocausto-trevas-e-luz\/"},"author":{"name":"admin","@id":"https:\/\/www.travel3.com.br\/site\/#\/schema\/person\/a69d71e41a024999b6ab82369ac0bd1e"},"headline":"MUSEU DO AMANH\u00c3 INAUGURA EXPOSI\u00c7\u00c3O &#8220;HOLOCAUSTO &#8211; TREVAS E LUZ&#8221;","datePublished":"2017-09-11T08:34:08+00:00","mainEntityOfPage":{"@id":"https:\/\/www.travel3.com.br\/site\/sem-categoria\/museu-do-amanha-inaugura-exposicao-holocausto-trevas-e-luz\/"},"wordCount":339,"commentCount":0,"publisher":{"@id":"https:\/\/www.travel3.com.br\/site\/#organization"},"inLanguage":"pt-BR","potentialAction":[{"@type":"CommentAction","name":"Comment","target":["https:\/\/www.travel3.com.br\/site\/sem-categoria\/museu-do-amanha-inaugura-exposicao-holocausto-trevas-e-luz\/#respond"]}]},{"@type":"WebPage","@id":"https:\/\/www.travel3.com.br\/site\/sem-categoria\/museu-do-amanha-inaugura-exposicao-holocausto-trevas-e-luz\/","url":"https:\/\/www.travel3.com.br\/site\/sem-categoria\/museu-do-amanha-inaugura-exposicao-holocausto-trevas-e-luz\/","name":"MUSEU DO AMANH\u00c3 INAUGURA EXPOSI\u00c7\u00c3O \"HOLOCAUSTO - TREVAS E LUZ\" - Travel3","isPartOf":{"@id":"https:\/\/www.travel3.com.br\/site\/#website"},"datePublished":"2017-09-11T08:34:08+00:00","description":"A TRAVEL3 \u00e9 um portal de conte\u00fado voltado para o turismo, encontre destinos, viagens, hospedagem, passagens, guias, not\u00edcias sobre o mercado do turismo, dicas de viagem, v\u00eddeos e podcast.","breadcrumb":{"@id":"https:\/\/www.travel3.com.br\/site\/sem-categoria\/museu-do-amanha-inaugura-exposicao-holocausto-trevas-e-luz\/#breadcrumb"},"inLanguage":"pt-BR","potentialAction":[{"@type":"ReadAction","target":["https:\/\/www.travel3.com.br\/site\/sem-categoria\/museu-do-amanha-inaugura-exposicao-holocausto-trevas-e-luz\/"]}]},{"@type":"BreadcrumbList","@id":"https:\/\/www.travel3.com.br\/site\/sem-categoria\/museu-do-amanha-inaugura-exposicao-holocausto-trevas-e-luz\/#breadcrumb","itemListElement":[{"@type":"ListItem","position":1,"name":"In\u00edcio","item":"https:\/\/www.travel3.com.br\/site\/"},{"@type":"ListItem","position":2,"name":"MUSEU DO AMANH\u00c3 INAUGURA EXPOSI\u00c7\u00c3O &#8220;HOLOCAUSTO &#8211; TREVAS E LUZ&#8221;"}]},{"@type":"WebSite","@id":"https:\/\/www.travel3.com.br\/site\/#website","url":"https:\/\/www.travel3.com.br\/site\/","name":"Travel3","description":"Lazer + Neg&oacute;cios + Aventura","publisher":{"@id":"https:\/\/www.travel3.com.br\/site\/#organization"},"potentialAction":[{"@type":"SearchAction","target":{"@type":"EntryPoint","urlTemplate":"https:\/\/www.travel3.com.br\/site\/?s={search_term_string}"},"query-input":{"@type":"PropertyValueSpecification","valueRequired":true,"valueName":"search_term_string"}}],"inLanguage":"pt-BR"},{"@type":"Organization","@id":"https:\/\/www.travel3.com.br\/site\/#organization","name":"Travel3","url":"https:\/\/www.travel3.com.br\/site\/","logo":{"@type":"ImageObject","inLanguage":"pt-BR","@id":"https:\/\/www.travel3.com.br\/site\/#\/schema\/logo\/image\/","url":"https:\/\/www.travel3.com.br\/site\/wp-content\/uploads\/2020\/01\/logo-travel3-2020.png","contentUrl":"https:\/\/www.travel3.com.br\/site\/wp-content\/uploads\/2020\/01\/logo-travel3-2020.png","width":232,"height":79,"caption":"Travel3"},"image":{"@id":"https:\/\/www.travel3.com.br\/site\/#\/schema\/logo\/image\/"},"sameAs":["https:\/\/www.facebook.com\/travel3media\/","https:\/\/www.instagram.com\/revistatravel3\/","https:\/\/www.youtube.com\/channel\/UCno7J4paGBR3VbZQzvoJ9Eg"]},{"@type":"Person","@id":"https:\/\/www.travel3.com.br\/site\/#\/schema\/person\/a69d71e41a024999b6ab82369ac0bd1e","name":"admin","image":{"@type":"ImageObject","inLanguage":"pt-BR","@id":"https:\/\/www.travel3.com.br\/site\/#\/schema\/person\/image\/","url":"https:\/\/secure.gravatar.com\/avatar\/732a67adfd764da2a47ba10ce731c4c0?s=96&d=mm&r=g","contentUrl":"https:\/\/secure.gravatar.com\/avatar\/732a67adfd764da2a47ba10ce731c4c0?s=96&d=mm&r=g","caption":"admin"},"url":"https:\/\/www.travel3.com.br\/site\/author\/admin\/"}]}},"_links":{"self":[{"href":"https:\/\/www.travel3.com.br\/site\/wp-json\/wp\/v2\/posts\/1215","targetHints":{"allow":["GET"]}}],"collection":[{"href":"https:\/\/www.travel3.com.br\/site\/wp-json\/wp\/v2\/posts"}],"about":[{"href":"https:\/\/www.travel3.com.br\/site\/wp-json\/wp\/v2\/types\/post"}],"author":[{"embeddable":true,"href":"https:\/\/www.travel3.com.br\/site\/wp-json\/wp\/v2\/users\/1"}],"replies":[{"embeddable":true,"href":"https:\/\/www.travel3.com.br\/site\/wp-json\/wp\/v2\/comments?post=1215"}],"version-history":[{"count":0,"href":"https:\/\/www.travel3.com.br\/site\/wp-json\/wp\/v2\/posts\/1215\/revisions"}],"wp:attachment":[{"href":"https:\/\/www.travel3.com.br\/site\/wp-json\/wp\/v2\/media?parent=1215"}],"wp:term":[{"taxonomy":"category","embeddable":true,"href":"https:\/\/www.travel3.com.br\/site\/wp-json\/wp\/v2\/categories?post=1215"},{"taxonomy":"post_tag","embeddable":true,"href":"https:\/\/www.travel3.com.br\/site\/wp-json\/wp\/v2\/tags?post=1215"}],"curies":[{"name":"wp","href":"https:\/\/api.w.org\/{rel}","templated":true}]}}