{"id":1173,"date":"2017-09-05T09:29:58","date_gmt":"2017-09-05T09:29:58","guid":{"rendered":"http:\/\/www.travel3.com.br\/site\/ir-e-vir\/ar\/restaurante-do-esuites-toscanini-recebe-jantar-magno-do-mesa-ao-vivo\/"},"modified":"2017-09-05T09:29:58","modified_gmt":"2017-09-05T09:29:58","slug":"restaurante-do-esuites-toscanini-recebe-jantar-magno-do-mesa-ao-vivo","status":"publish","type":"post","link":"https:\/\/www.travel3.com.br\/site\/sem-categoria\/restaurante-do-esuites-toscanini-recebe-jantar-magno-do-mesa-ao-vivo\/","title":{"rendered":"RESTAURANTE DO eSU\u00cdTES TOSCANINI RECEBE JANTAR MAGNO DO MESA AO VIVO"},"content":{"rendered":"<p><span style=\"color: #40acad; font-family: -apple-system, system-ui, 'Segoe UI', Roboto, Oxygen-Sans, Ubuntu, Cantarell, 'Helvetica Neue', sans-serif; font-size: 12px; font-weight: bold;\"><\/p>\n<p style=\"text-align:justify\"><a class=\"fancybox-media\" href=\"..\/_uploads\/_noticia\/2017-08\/restaurante.jpg\" rel=\"portfolio\"><img decoding=\"async\" alt=\"\" src=\"..\/_uploads\/_noticia\/2017-08\/restaurante.jpg\" \/><\/a><\/p>\n<p style=\"text-align:justify\">O restaurante Emp\u00f3rio Toscanini, no hotel eSuites Toscanini em Belo Horizonte, recebe chefs renomados de todo o pa\u00eds, no dia 10 de agosto, para realiza\u00e7\u00e3o do Jantar Magno que abre oficialmente o evento Mesa\u00a0ao Vivo, realizado pela 1<sup>a<\/sup>\u00a0vez em Minas Gerais. O jantar \u00e9 preparado em conjunto por estrelas da cozinha nacional em restaurantes \u00edcones da localidade por onde passa.<\/p>\n<p style=\"text-align:justify\">Os convidados ter\u00e3o direito a entrada, tr\u00eas pratos principais e sobremesa, com menu harmonizado com vinhos especiais. A entrada ser\u00e1 por conta do chef Pedro Siqueira. O prato principal vegetariano ser\u00e1 preparado pelo chef Paulo Shin, o com op\u00e7\u00e3o de peixe pelo chef Pablo Oazen e o com a op\u00e7\u00e3o de carne pelo chef Ivo Faria. A sobremesa ser\u00e1 por conta da chef Ana Luiza Trajano.<\/p>\n<p style=\"text-align:justify\">O chef M\u00e1rio Resende destaca a import\u00e2ncia de receber o jantar. \u201cO Emp\u00f3rio Toscanini est\u00e1 extremamente honrado em fazer parte desta hist\u00f3ria. Esta \u00e9 a primeira vez que a capital mineira sedia um dos maiores circuitos gastron\u00f4micos do pa\u00eds. Nossa cozinha ser\u00e1 liderada por grandes nomes, e isto refor\u00e7a ainda mais a ideia do emp\u00f3rio j\u00e1 que estamos falando de um interc\u00e2mbio gastron\u00f4mico entre diferentes regi\u00f5es do pa\u00eds, e tamb\u00e9m a n\u00edvel internacional\u201d, ressalta o chef executivo.<\/p>\n<p style=\"text-align:justify\"><strong>Emp\u00f3rio Toscanini &#8211; Jantar Magno MESA ao Vivo Minas Gerais<\/strong><br \/>\nEndere\u00e7o: rua Arturo Toscanini, 61, Santo Ant\u00f4nio, Belo Horizonte, Minas Gerais<br \/>\nQuando: 10 de agosto<br \/>\nHor\u00e1rio: 20h30 \u00e0s 23h30<br \/>\nValor: R$230,00<br \/>\nReservas e informa\u00e7\u00f5es: (31) 99197-4062 chef M\u00e1rio Resende<\/p>\n<p><\/span><\/p>\n","protected":false},"excerpt":{"rendered":"<p>Evento acontece pela 1a vez em Minas Gerais e convidados poder\u00e3o saborear pratos feitos por alguns dos + importantes chefs do pa\u00eds<\/p>\n","protected":false},"author":1,"featured_media":0,"comment_status":"open","ping_status":"open","sticky":false,"template":"","format":"standard","meta":{"footnotes":""},"categories":[],"tags":[],"class_list":["post-1173","post","type-post","status-publish","format-standard","hentry"],"yoast_head":"<!-- This site is optimized with the Yoast SEO plugin v26.2 - https:\/\/yoast.com\/wordpress\/plugins\/seo\/ -->\n<title>RESTAURANTE DO eSU\u00cdTES TOSCANINI RECEBE JANTAR MAGNO DO MESA AO VIVO - Travel3<\/title>\n<meta name=\"description\" content=\"A TRAVEL3 \u00e9 um portal de conte\u00fado voltado para o turismo, encontre destinos, viagens, hospedagem, passagens, guias, not\u00edcias sobre o mercado do turismo, dicas de viagem, v\u00eddeos e podcast.\" \/>\n<meta name=\"robots\" content=\"index, follow, max-snippet:-1, max-image-preview:large, max-video-preview:-1\" \/>\n<link rel=\"canonical\" href=\"https:\/\/www.travel3.com.br\/site\/sem-categoria\/restaurante-do-esuites-toscanini-recebe-jantar-magno-do-mesa-ao-vivo\/\" \/>\n<meta property=\"og:locale\" content=\"pt_BR\" \/>\n<meta property=\"og:type\" content=\"article\" \/>\n<meta property=\"og:title\" content=\"RESTAURANTE DO eSU\u00cdTES TOSCANINI RECEBE JANTAR MAGNO DO MESA AO VIVO - Travel3\" \/>\n<meta property=\"og:description\" content=\"A TRAVEL3 \u00e9 um portal de conte\u00fado voltado para o turismo, encontre destinos, viagens, hospedagem, passagens, guias, not\u00edcias sobre o mercado do turismo, dicas de viagem, v\u00eddeos e podcast.\" \/>\n<meta property=\"og:url\" content=\"https:\/\/www.travel3.com.br\/site\/sem-categoria\/restaurante-do-esuites-toscanini-recebe-jantar-magno-do-mesa-ao-vivo\/\" \/>\n<meta property=\"og:site_name\" content=\"Travel3\" \/>\n<meta property=\"article:publisher\" content=\"https:\/\/www.facebook.com\/travel3media\/\" \/>\n<meta property=\"article:published_time\" content=\"2017-09-05T09:29:58+00:00\" \/>\n<meta name=\"author\" content=\"admin\" \/>\n<meta name=\"twitter:card\" content=\"summary_large_image\" \/>\n<meta name=\"twitter:label1\" content=\"Escrito por\" \/>\n\t<meta name=\"twitter:data1\" content=\"admin\" \/>\n\t<meta name=\"twitter:label2\" content=\"Est. tempo de leitura\" \/>\n\t<meta name=\"twitter:data2\" content=\"1 minuto\" \/>\n<script type=\"application\/ld+json\" class=\"yoast-schema-graph\">{\"@context\":\"https:\/\/schema.org\",\"@graph\":[{\"@type\":\"Article\",\"@id\":\"https:\/\/www.travel3.com.br\/site\/sem-categoria\/restaurante-do-esuites-toscanini-recebe-jantar-magno-do-mesa-ao-vivo\/#article\",\"isPartOf\":{\"@id\":\"https:\/\/www.travel3.com.br\/site\/sem-categoria\/restaurante-do-esuites-toscanini-recebe-jantar-magno-do-mesa-ao-vivo\/\"},\"author\":{\"name\":\"admin\",\"@id\":\"https:\/\/www.travel3.com.br\/site\/#\/schema\/person\/a69d71e41a024999b6ab82369ac0bd1e\"},\"headline\":\"RESTAURANTE DO eSU\u00cdTES TOSCANINI RECEBE JANTAR MAGNO DO MESA AO VIVO\",\"datePublished\":\"2017-09-05T09:29:58+00:00\",\"mainEntityOfPage\":{\"@id\":\"https:\/\/www.travel3.com.br\/site\/sem-categoria\/restaurante-do-esuites-toscanini-recebe-jantar-magno-do-mesa-ao-vivo\/\"},\"wordCount\":277,\"commentCount\":0,\"publisher\":{\"@id\":\"https:\/\/www.travel3.com.br\/site\/#organization\"},\"inLanguage\":\"pt-BR\",\"potentialAction\":[{\"@type\":\"CommentAction\",\"name\":\"Comment\",\"target\":[\"https:\/\/www.travel3.com.br\/site\/sem-categoria\/restaurante-do-esuites-toscanini-recebe-jantar-magno-do-mesa-ao-vivo\/#respond\"]}]},{\"@type\":\"WebPage\",\"@id\":\"https:\/\/www.travel3.com.br\/site\/sem-categoria\/restaurante-do-esuites-toscanini-recebe-jantar-magno-do-mesa-ao-vivo\/\",\"url\":\"https:\/\/www.travel3.com.br\/site\/sem-categoria\/restaurante-do-esuites-toscanini-recebe-jantar-magno-do-mesa-ao-vivo\/\",\"name\":\"RESTAURANTE DO eSU\u00cdTES TOSCANINI RECEBE JANTAR MAGNO DO MESA AO VIVO - Travel3\",\"isPartOf\":{\"@id\":\"https:\/\/www.travel3.com.br\/site\/#website\"},\"datePublished\":\"2017-09-05T09:29:58+00:00\",\"description\":\"A TRAVEL3 \u00e9 um portal de conte\u00fado voltado para o turismo, encontre destinos, viagens, hospedagem, passagens, guias, not\u00edcias sobre o mercado do turismo, dicas de viagem, v\u00eddeos e podcast.\",\"breadcrumb\":{\"@id\":\"https:\/\/www.travel3.com.br\/site\/sem-categoria\/restaurante-do-esuites-toscanini-recebe-jantar-magno-do-mesa-ao-vivo\/#breadcrumb\"},\"inLanguage\":\"pt-BR\",\"potentialAction\":[{\"@type\":\"ReadAction\",\"target\":[\"https:\/\/www.travel3.com.br\/site\/sem-categoria\/restaurante-do-esuites-toscanini-recebe-jantar-magno-do-mesa-ao-vivo\/\"]}]},{\"@type\":\"BreadcrumbList\",\"@id\":\"https:\/\/www.travel3.com.br\/site\/sem-categoria\/restaurante-do-esuites-toscanini-recebe-jantar-magno-do-mesa-ao-vivo\/#breadcrumb\",\"itemListElement\":[{\"@type\":\"ListItem\",\"position\":1,\"name\":\"In\u00edcio\",\"item\":\"https:\/\/www.travel3.com.br\/site\/\"},{\"@type\":\"ListItem\",\"position\":2,\"name\":\"RESTAURANTE DO eSU\u00cdTES TOSCANINI RECEBE JANTAR MAGNO DO MESA AO VIVO\"}]},{\"@type\":\"WebSite\",\"@id\":\"https:\/\/www.travel3.com.br\/site\/#website\",\"url\":\"https:\/\/www.travel3.com.br\/site\/\",\"name\":\"Travel3\",\"description\":\"Lazer + Neg&oacute;cios + Aventura\",\"publisher\":{\"@id\":\"https:\/\/www.travel3.com.br\/site\/#organization\"},\"potentialAction\":[{\"@type\":\"SearchAction\",\"target\":{\"@type\":\"EntryPoint\",\"urlTemplate\":\"https:\/\/www.travel3.com.br\/site\/?s={search_term_string}\"},\"query-input\":{\"@type\":\"PropertyValueSpecification\",\"valueRequired\":true,\"valueName\":\"search_term_string\"}}],\"inLanguage\":\"pt-BR\"},{\"@type\":\"Organization\",\"@id\":\"https:\/\/www.travel3.com.br\/site\/#organization\",\"name\":\"Travel3\",\"url\":\"https:\/\/www.travel3.com.br\/site\/\",\"logo\":{\"@type\":\"ImageObject\",\"inLanguage\":\"pt-BR\",\"@id\":\"https:\/\/www.travel3.com.br\/site\/#\/schema\/logo\/image\/\",\"url\":\"https:\/\/www.travel3.com.br\/site\/wp-content\/uploads\/2020\/01\/logo-travel3-2020.png\",\"contentUrl\":\"https:\/\/www.travel3.com.br\/site\/wp-content\/uploads\/2020\/01\/logo-travel3-2020.png\",\"width\":232,\"height\":79,\"caption\":\"Travel3\"},\"image\":{\"@id\":\"https:\/\/www.travel3.com.br\/site\/#\/schema\/logo\/image\/\"},\"sameAs\":[\"https:\/\/www.facebook.com\/travel3media\/\",\"https:\/\/www.instagram.com\/revistatravel3\/\",\"https:\/\/www.youtube.com\/channel\/UCno7J4paGBR3VbZQzvoJ9Eg\"]},{\"@type\":\"Person\",\"@id\":\"https:\/\/www.travel3.com.br\/site\/#\/schema\/person\/a69d71e41a024999b6ab82369ac0bd1e\",\"name\":\"admin\",\"image\":{\"@type\":\"ImageObject\",\"inLanguage\":\"pt-BR\",\"@id\":\"https:\/\/www.travel3.com.br\/site\/#\/schema\/person\/image\/\",\"url\":\"https:\/\/secure.gravatar.com\/avatar\/732a67adfd764da2a47ba10ce731c4c0?s=96&d=mm&r=g\",\"contentUrl\":\"https:\/\/secure.gravatar.com\/avatar\/732a67adfd764da2a47ba10ce731c4c0?s=96&d=mm&r=g\",\"caption\":\"admin\"},\"url\":\"https:\/\/www.travel3.com.br\/site\/author\/admin\/\"}]}<\/script>\n<!-- \/ Yoast SEO plugin. -->","yoast_head_json":{"title":"RESTAURANTE DO eSU\u00cdTES TOSCANINI RECEBE JANTAR MAGNO DO MESA AO VIVO - Travel3","description":"A TRAVEL3 \u00e9 um portal de conte\u00fado voltado para o turismo, encontre destinos, viagens, hospedagem, passagens, guias, not\u00edcias sobre o mercado do turismo, dicas de viagem, v\u00eddeos e podcast.","robots":{"index":"index","follow":"follow","max-snippet":"max-snippet:-1","max-image-preview":"max-image-preview:large","max-video-preview":"max-video-preview:-1"},"canonical":"https:\/\/www.travel3.com.br\/site\/sem-categoria\/restaurante-do-esuites-toscanini-recebe-jantar-magno-do-mesa-ao-vivo\/","og_locale":"pt_BR","og_type":"article","og_title":"RESTAURANTE DO eSU\u00cdTES TOSCANINI RECEBE JANTAR MAGNO DO MESA AO VIVO - Travel3","og_description":"A TRAVEL3 \u00e9 um portal de conte\u00fado voltado para o turismo, encontre destinos, viagens, hospedagem, passagens, guias, not\u00edcias sobre o mercado do turismo, dicas de viagem, v\u00eddeos e podcast.","og_url":"https:\/\/www.travel3.com.br\/site\/sem-categoria\/restaurante-do-esuites-toscanini-recebe-jantar-magno-do-mesa-ao-vivo\/","og_site_name":"Travel3","article_publisher":"https:\/\/www.facebook.com\/travel3media\/","article_published_time":"2017-09-05T09:29:58+00:00","author":"admin","twitter_card":"summary_large_image","twitter_misc":{"Escrito por":"admin","Est. tempo de leitura":"1 minuto"},"schema":{"@context":"https:\/\/schema.org","@graph":[{"@type":"Article","@id":"https:\/\/www.travel3.com.br\/site\/sem-categoria\/restaurante-do-esuites-toscanini-recebe-jantar-magno-do-mesa-ao-vivo\/#article","isPartOf":{"@id":"https:\/\/www.travel3.com.br\/site\/sem-categoria\/restaurante-do-esuites-toscanini-recebe-jantar-magno-do-mesa-ao-vivo\/"},"author":{"name":"admin","@id":"https:\/\/www.travel3.com.br\/site\/#\/schema\/person\/a69d71e41a024999b6ab82369ac0bd1e"},"headline":"RESTAURANTE DO eSU\u00cdTES TOSCANINI RECEBE JANTAR MAGNO DO MESA AO VIVO","datePublished":"2017-09-05T09:29:58+00:00","mainEntityOfPage":{"@id":"https:\/\/www.travel3.com.br\/site\/sem-categoria\/restaurante-do-esuites-toscanini-recebe-jantar-magno-do-mesa-ao-vivo\/"},"wordCount":277,"commentCount":0,"publisher":{"@id":"https:\/\/www.travel3.com.br\/site\/#organization"},"inLanguage":"pt-BR","potentialAction":[{"@type":"CommentAction","name":"Comment","target":["https:\/\/www.travel3.com.br\/site\/sem-categoria\/restaurante-do-esuites-toscanini-recebe-jantar-magno-do-mesa-ao-vivo\/#respond"]}]},{"@type":"WebPage","@id":"https:\/\/www.travel3.com.br\/site\/sem-categoria\/restaurante-do-esuites-toscanini-recebe-jantar-magno-do-mesa-ao-vivo\/","url":"https:\/\/www.travel3.com.br\/site\/sem-categoria\/restaurante-do-esuites-toscanini-recebe-jantar-magno-do-mesa-ao-vivo\/","name":"RESTAURANTE DO eSU\u00cdTES TOSCANINI RECEBE JANTAR MAGNO DO MESA AO VIVO - Travel3","isPartOf":{"@id":"https:\/\/www.travel3.com.br\/site\/#website"},"datePublished":"2017-09-05T09:29:58+00:00","description":"A TRAVEL3 \u00e9 um portal de conte\u00fado voltado para o turismo, encontre destinos, viagens, hospedagem, passagens, guias, not\u00edcias sobre o mercado do turismo, dicas de viagem, v\u00eddeos e podcast.","breadcrumb":{"@id":"https:\/\/www.travel3.com.br\/site\/sem-categoria\/restaurante-do-esuites-toscanini-recebe-jantar-magno-do-mesa-ao-vivo\/#breadcrumb"},"inLanguage":"pt-BR","potentialAction":[{"@type":"ReadAction","target":["https:\/\/www.travel3.com.br\/site\/sem-categoria\/restaurante-do-esuites-toscanini-recebe-jantar-magno-do-mesa-ao-vivo\/"]}]},{"@type":"BreadcrumbList","@id":"https:\/\/www.travel3.com.br\/site\/sem-categoria\/restaurante-do-esuites-toscanini-recebe-jantar-magno-do-mesa-ao-vivo\/#breadcrumb","itemListElement":[{"@type":"ListItem","position":1,"name":"In\u00edcio","item":"https:\/\/www.travel3.com.br\/site\/"},{"@type":"ListItem","position":2,"name":"RESTAURANTE DO eSU\u00cdTES TOSCANINI RECEBE JANTAR MAGNO DO MESA AO VIVO"}]},{"@type":"WebSite","@id":"https:\/\/www.travel3.com.br\/site\/#website","url":"https:\/\/www.travel3.com.br\/site\/","name":"Travel3","description":"Lazer + Neg&oacute;cios + Aventura","publisher":{"@id":"https:\/\/www.travel3.com.br\/site\/#organization"},"potentialAction":[{"@type":"SearchAction","target":{"@type":"EntryPoint","urlTemplate":"https:\/\/www.travel3.com.br\/site\/?s={search_term_string}"},"query-input":{"@type":"PropertyValueSpecification","valueRequired":true,"valueName":"search_term_string"}}],"inLanguage":"pt-BR"},{"@type":"Organization","@id":"https:\/\/www.travel3.com.br\/site\/#organization","name":"Travel3","url":"https:\/\/www.travel3.com.br\/site\/","logo":{"@type":"ImageObject","inLanguage":"pt-BR","@id":"https:\/\/www.travel3.com.br\/site\/#\/schema\/logo\/image\/","url":"https:\/\/www.travel3.com.br\/site\/wp-content\/uploads\/2020\/01\/logo-travel3-2020.png","contentUrl":"https:\/\/www.travel3.com.br\/site\/wp-content\/uploads\/2020\/01\/logo-travel3-2020.png","width":232,"height":79,"caption":"Travel3"},"image":{"@id":"https:\/\/www.travel3.com.br\/site\/#\/schema\/logo\/image\/"},"sameAs":["https:\/\/www.facebook.com\/travel3media\/","https:\/\/www.instagram.com\/revistatravel3\/","https:\/\/www.youtube.com\/channel\/UCno7J4paGBR3VbZQzvoJ9Eg"]},{"@type":"Person","@id":"https:\/\/www.travel3.com.br\/site\/#\/schema\/person\/a69d71e41a024999b6ab82369ac0bd1e","name":"admin","image":{"@type":"ImageObject","inLanguage":"pt-BR","@id":"https:\/\/www.travel3.com.br\/site\/#\/schema\/person\/image\/","url":"https:\/\/secure.gravatar.com\/avatar\/732a67adfd764da2a47ba10ce731c4c0?s=96&d=mm&r=g","contentUrl":"https:\/\/secure.gravatar.com\/avatar\/732a67adfd764da2a47ba10ce731c4c0?s=96&d=mm&r=g","caption":"admin"},"url":"https:\/\/www.travel3.com.br\/site\/author\/admin\/"}]}},"_links":{"self":[{"href":"https:\/\/www.travel3.com.br\/site\/wp-json\/wp\/v2\/posts\/1173","targetHints":{"allow":["GET"]}}],"collection":[{"href":"https:\/\/www.travel3.com.br\/site\/wp-json\/wp\/v2\/posts"}],"about":[{"href":"https:\/\/www.travel3.com.br\/site\/wp-json\/wp\/v2\/types\/post"}],"author":[{"embeddable":true,"href":"https:\/\/www.travel3.com.br\/site\/wp-json\/wp\/v2\/users\/1"}],"replies":[{"embeddable":true,"href":"https:\/\/www.travel3.com.br\/site\/wp-json\/wp\/v2\/comments?post=1173"}],"version-history":[{"count":0,"href":"https:\/\/www.travel3.com.br\/site\/wp-json\/wp\/v2\/posts\/1173\/revisions"}],"wp:attachment":[{"href":"https:\/\/www.travel3.com.br\/site\/wp-json\/wp\/v2\/media?parent=1173"}],"wp:term":[{"taxonomy":"category","embeddable":true,"href":"https:\/\/www.travel3.com.br\/site\/wp-json\/wp\/v2\/categories?post=1173"},{"taxonomy":"post_tag","embeddable":true,"href":"https:\/\/www.travel3.com.br\/site\/wp-json\/wp\/v2\/tags?post=1173"}],"curies":[{"name":"wp","href":"https:\/\/api.w.org\/{rel}","templated":true}]}}