{"id":1159,"date":"2017-08-08T01:16:59","date_gmt":"2017-08-08T01:16:59","guid":{"rendered":"http:\/\/www.travel3.com.br\/site\/ir-e-vir\/ar\/capacitacoes-movimentam-a-feira-avirrp-comemora-primeiro-dia-alem-do-previsto\/"},"modified":"2017-08-08T01:16:59","modified_gmt":"2017-08-08T01:16:59","slug":"capacitacoes-movimentam-a-feira-avirrp-comemora-primeiro-dia-alem-do-previsto","status":"publish","type":"post","link":"https:\/\/www.travel3.com.br\/site\/sem-categoria\/capacitacoes-movimentam-a-feira-avirrp-comemora-primeiro-dia-alem-do-previsto\/","title":{"rendered":"CAPACITA\u00c7\u00d5ES MOVIMENTAM A FEIRA, AVIRRP COMEMORA PRIMEIRO DIA AL\u00c9M DO PREVISTO"},"content":{"rendered":"<p><span style=\"color: #40acad; font-family: -apple-system, system-ui, 'Segoe UI', Roboto, Oxygen-Sans, Ubuntu, Cantarell, 'Helvetica Neue', sans-serif; font-size: 12px; font-weight: bold;\"><\/p>\n<p style=\"text-align:justify\"><strong>RIBEIR\u00c3O PRETO (SP) <\/strong>\u00a0A 21\u00aa. Feira da AVIRRP teve um primeiro dia muito melhor do que era esperado. Opini\u00e3o entre expositores, agentes e visitantes, entre eles v\u00e1rios profissionais representantes de operadoras, hot\u00e9is e destinos, que n\u00e3o estiveram animados para a comercializa\u00e7\u00e3o de estandes, por\u00e9m circularam com desenvoltura no relacionamento de contatos e gostaram muito, foi at\u00e9 surpreendente.<\/p>\n<p style=\"text-align:justify\">Cerca de 1,2 mil agentes de viagens percorreram os sal\u00f5es da feira, boa parte vindos atrav\u00e9s das caravanas que vieram para Ribeir\u00e3o Preto em um dos principais esfor\u00e7os da dire\u00e7\u00e3o da associa\u00e7\u00e3o para garantir a proje\u00e7\u00e3o do evento que, como outros, teve a desconfian\u00e7a causada pela situa\u00e7\u00e3o econ\u00f4mica em plena crise.<\/p>\n<p style=\"text-align:justify\">E se ontem a programa\u00e7\u00e3o atendeu a expectativa de quem esteve no Centro de Eventos Twain, o s\u00e1bado promete mais. 300 agentes de viagens compareceram hoje cedo nas capacita\u00e7\u00f5es realizadas, com destaque para a palestra sobre o destino Israel, com muitas de suas peculiares atra\u00e7\u00f5es e aten\u00e7\u00f5es. Em seguida, o Rio Grande do Norte fez mais uma de suas incurs\u00f5es junto ao mercado do interior paulista, respons\u00e1vel por mais de 30% do publico emissivo para Natal e o litoral potiguar.<\/p>\n<p style=\"text-align:justify\">Com desenvoltura, a equipe da Emprotur acelerou o passeio informativo pela capital e outros locais como Pipa, S\u00e3o Miguel do Gostoso, Galinhos, Ponta do Mel<\/p>\n<p style=\"text-align:justify\">No ritmo desta participa\u00e7\u00e3o, o Rio Grande do Norte trouxe mais uma vez a sua farta e gostosa gastronomia para \u00a0ser saboreada no almo\u00e7o que completou a parte inicial do dia. A feira come\u00e7a logo mais \u00e0s 12h30 e se for mantida a tradi\u00e7\u00e3o, hoje ser\u00e1 o dia de muitos agentes de viagens da cidade e regi\u00e3o. \u00a0\u00a0<\/p>\n<p style=\"text-align:justify\">A feira segue at\u00e9 o inicio da noite, em seguida haver\u00e1 o jantar e festa de confraterniza\u00e7\u00e3o que a dire\u00e7\u00e3o da AVIRRP prop\u00f5e como uma comemora\u00e7\u00e3o pelo esfor\u00e7o de todos os que possibilitaram a realiza\u00e7\u00e3o do \u00a0evento. &#39;Foi a mais complicada das 21 j\u00e1 realizadas&#39;, reconhece o presidente Evandro de Oliveira. &#39;A expectativa de muitos estava fora da realidade, achamos que dentro do possivel, foi o melhor. As capacita\u00e7\u00f5es s\u00e3o bem o exemplo, precisando at\u00e9 do espa\u00e7o maior. Muitos expositores tiveram o consumo do material logo ontem&#39;.<\/p>\n<p style=\"text-align:justify\">Definido para o ano que vem, garantindo a realiza\u00e7\u00e3o da 22a. AVIRPP, que j\u00e1 est\u00e1 com as datas asseguradas no calend\u00e1rio. Em agosto, dias 3 e 4, no mesmo Centro de Eventos Twain, e uma s\u00e9rie de novidades j\u00e1 prometidas. Uma delas, aumento nas capacita\u00e7\u00f5es e certifica\u00e7\u00f5es de agentes,<\/p>\n<p><\/span><\/p>\n","protected":false},"excerpt":{"rendered":"<p>Mais de 1,2 mil agentes circularam pelo espa\u00e7o de expositores e maioria considerou a sexta com bons resultados<\/p>\n","protected":false},"author":1,"featured_media":0,"comment_status":"open","ping_status":"open","sticky":false,"template":"","format":"standard","meta":{"footnotes":""},"categories":[],"tags":[],"class_list":["post-1159","post","type-post","status-publish","format-standard","hentry"],"yoast_head":"<!-- This site is optimized with the Yoast SEO plugin v26.2 - https:\/\/yoast.com\/wordpress\/plugins\/seo\/ -->\n<title>CAPACITA\u00c7\u00d5ES MOVIMENTAM A FEIRA, AVIRRP COMEMORA PRIMEIRO DIA AL\u00c9M DO PREVISTO - Travel3<\/title>\n<meta name=\"description\" content=\"A TRAVEL3 \u00e9 um portal de conte\u00fado voltado para o turismo, encontre destinos, viagens, hospedagem, passagens, guias, not\u00edcias sobre o mercado do turismo, dicas de viagem, v\u00eddeos e podcast.\" \/>\n<meta name=\"robots\" content=\"index, follow, max-snippet:-1, max-image-preview:large, max-video-preview:-1\" \/>\n<link rel=\"canonical\" href=\"https:\/\/www.travel3.com.br\/site\/sem-categoria\/capacitacoes-movimentam-a-feira-avirrp-comemora-primeiro-dia-alem-do-previsto\/\" \/>\n<meta property=\"og:locale\" content=\"pt_BR\" \/>\n<meta property=\"og:type\" content=\"article\" \/>\n<meta property=\"og:title\" content=\"CAPACITA\u00c7\u00d5ES MOVIMENTAM A FEIRA, AVIRRP COMEMORA PRIMEIRO DIA AL\u00c9M DO PREVISTO - Travel3\" \/>\n<meta property=\"og:description\" content=\"A TRAVEL3 \u00e9 um portal de conte\u00fado voltado para o turismo, encontre destinos, viagens, hospedagem, passagens, guias, not\u00edcias sobre o mercado do turismo, dicas de viagem, v\u00eddeos e podcast.\" \/>\n<meta property=\"og:url\" content=\"https:\/\/www.travel3.com.br\/site\/sem-categoria\/capacitacoes-movimentam-a-feira-avirrp-comemora-primeiro-dia-alem-do-previsto\/\" \/>\n<meta property=\"og:site_name\" content=\"Travel3\" \/>\n<meta property=\"article:publisher\" content=\"https:\/\/www.facebook.com\/travel3media\/\" \/>\n<meta property=\"article:published_time\" content=\"2017-08-08T01:16:59+00:00\" \/>\n<meta name=\"author\" content=\"admin\" \/>\n<meta name=\"twitter:card\" content=\"summary_large_image\" \/>\n<meta name=\"twitter:label1\" content=\"Escrito por\" \/>\n\t<meta name=\"twitter:data1\" content=\"admin\" \/>\n\t<meta name=\"twitter:label2\" content=\"Est. tempo de leitura\" \/>\n\t<meta name=\"twitter:data2\" content=\"2 minutos\" \/>\n<script type=\"application\/ld+json\" class=\"yoast-schema-graph\">{\"@context\":\"https:\/\/schema.org\",\"@graph\":[{\"@type\":\"Article\",\"@id\":\"https:\/\/www.travel3.com.br\/site\/sem-categoria\/capacitacoes-movimentam-a-feira-avirrp-comemora-primeiro-dia-alem-do-previsto\/#article\",\"isPartOf\":{\"@id\":\"https:\/\/www.travel3.com.br\/site\/sem-categoria\/capacitacoes-movimentam-a-feira-avirrp-comemora-primeiro-dia-alem-do-previsto\/\"},\"author\":{\"name\":\"admin\",\"@id\":\"https:\/\/www.travel3.com.br\/site\/#\/schema\/person\/a69d71e41a024999b6ab82369ac0bd1e\"},\"headline\":\"CAPACITA\u00c7\u00d5ES MOVIMENTAM A FEIRA, AVIRRP COMEMORA PRIMEIRO DIA AL\u00c9M DO PREVISTO\",\"datePublished\":\"2017-08-08T01:16:59+00:00\",\"mainEntityOfPage\":{\"@id\":\"https:\/\/www.travel3.com.br\/site\/sem-categoria\/capacitacoes-movimentam-a-feira-avirrp-comemora-primeiro-dia-alem-do-previsto\/\"},\"wordCount\":456,\"commentCount\":0,\"publisher\":{\"@id\":\"https:\/\/www.travel3.com.br\/site\/#organization\"},\"inLanguage\":\"pt-BR\",\"potentialAction\":[{\"@type\":\"CommentAction\",\"name\":\"Comment\",\"target\":[\"https:\/\/www.travel3.com.br\/site\/sem-categoria\/capacitacoes-movimentam-a-feira-avirrp-comemora-primeiro-dia-alem-do-previsto\/#respond\"]}]},{\"@type\":\"WebPage\",\"@id\":\"https:\/\/www.travel3.com.br\/site\/sem-categoria\/capacitacoes-movimentam-a-feira-avirrp-comemora-primeiro-dia-alem-do-previsto\/\",\"url\":\"https:\/\/www.travel3.com.br\/site\/sem-categoria\/capacitacoes-movimentam-a-feira-avirrp-comemora-primeiro-dia-alem-do-previsto\/\",\"name\":\"CAPACITA\u00c7\u00d5ES MOVIMENTAM A FEIRA, AVIRRP COMEMORA PRIMEIRO DIA AL\u00c9M DO PREVISTO - Travel3\",\"isPartOf\":{\"@id\":\"https:\/\/www.travel3.com.br\/site\/#website\"},\"datePublished\":\"2017-08-08T01:16:59+00:00\",\"description\":\"A TRAVEL3 \u00e9 um portal de conte\u00fado voltado para o turismo, encontre destinos, viagens, hospedagem, passagens, guias, not\u00edcias sobre o mercado do turismo, dicas de viagem, v\u00eddeos e podcast.\",\"breadcrumb\":{\"@id\":\"https:\/\/www.travel3.com.br\/site\/sem-categoria\/capacitacoes-movimentam-a-feira-avirrp-comemora-primeiro-dia-alem-do-previsto\/#breadcrumb\"},\"inLanguage\":\"pt-BR\",\"potentialAction\":[{\"@type\":\"ReadAction\",\"target\":[\"https:\/\/www.travel3.com.br\/site\/sem-categoria\/capacitacoes-movimentam-a-feira-avirrp-comemora-primeiro-dia-alem-do-previsto\/\"]}]},{\"@type\":\"BreadcrumbList\",\"@id\":\"https:\/\/www.travel3.com.br\/site\/sem-categoria\/capacitacoes-movimentam-a-feira-avirrp-comemora-primeiro-dia-alem-do-previsto\/#breadcrumb\",\"itemListElement\":[{\"@type\":\"ListItem\",\"position\":1,\"name\":\"In\u00edcio\",\"item\":\"https:\/\/www.travel3.com.br\/site\/\"},{\"@type\":\"ListItem\",\"position\":2,\"name\":\"CAPACITA\u00c7\u00d5ES MOVIMENTAM A FEIRA, AVIRRP COMEMORA PRIMEIRO DIA AL\u00c9M DO PREVISTO\"}]},{\"@type\":\"WebSite\",\"@id\":\"https:\/\/www.travel3.com.br\/site\/#website\",\"url\":\"https:\/\/www.travel3.com.br\/site\/\",\"name\":\"Travel3\",\"description\":\"Lazer + Neg&oacute;cios + Aventura\",\"publisher\":{\"@id\":\"https:\/\/www.travel3.com.br\/site\/#organization\"},\"potentialAction\":[{\"@type\":\"SearchAction\",\"target\":{\"@type\":\"EntryPoint\",\"urlTemplate\":\"https:\/\/www.travel3.com.br\/site\/?s={search_term_string}\"},\"query-input\":{\"@type\":\"PropertyValueSpecification\",\"valueRequired\":true,\"valueName\":\"search_term_string\"}}],\"inLanguage\":\"pt-BR\"},{\"@type\":\"Organization\",\"@id\":\"https:\/\/www.travel3.com.br\/site\/#organization\",\"name\":\"Travel3\",\"url\":\"https:\/\/www.travel3.com.br\/site\/\",\"logo\":{\"@type\":\"ImageObject\",\"inLanguage\":\"pt-BR\",\"@id\":\"https:\/\/www.travel3.com.br\/site\/#\/schema\/logo\/image\/\",\"url\":\"https:\/\/www.travel3.com.br\/site\/wp-content\/uploads\/2020\/01\/logo-travel3-2020.png\",\"contentUrl\":\"https:\/\/www.travel3.com.br\/site\/wp-content\/uploads\/2020\/01\/logo-travel3-2020.png\",\"width\":232,\"height\":79,\"caption\":\"Travel3\"},\"image\":{\"@id\":\"https:\/\/www.travel3.com.br\/site\/#\/schema\/logo\/image\/\"},\"sameAs\":[\"https:\/\/www.facebook.com\/travel3media\/\",\"https:\/\/www.instagram.com\/revistatravel3\/\",\"https:\/\/www.youtube.com\/channel\/UCno7J4paGBR3VbZQzvoJ9Eg\"]},{\"@type\":\"Person\",\"@id\":\"https:\/\/www.travel3.com.br\/site\/#\/schema\/person\/a69d71e41a024999b6ab82369ac0bd1e\",\"name\":\"admin\",\"image\":{\"@type\":\"ImageObject\",\"inLanguage\":\"pt-BR\",\"@id\":\"https:\/\/www.travel3.com.br\/site\/#\/schema\/person\/image\/\",\"url\":\"https:\/\/secure.gravatar.com\/avatar\/732a67adfd764da2a47ba10ce731c4c0?s=96&d=mm&r=g\",\"contentUrl\":\"https:\/\/secure.gravatar.com\/avatar\/732a67adfd764da2a47ba10ce731c4c0?s=96&d=mm&r=g\",\"caption\":\"admin\"},\"url\":\"https:\/\/www.travel3.com.br\/site\/author\/admin\/\"}]}<\/script>\n<!-- \/ Yoast SEO plugin. -->","yoast_head_json":{"title":"CAPACITA\u00c7\u00d5ES MOVIMENTAM A FEIRA, AVIRRP COMEMORA PRIMEIRO DIA AL\u00c9M DO PREVISTO - Travel3","description":"A TRAVEL3 \u00e9 um portal de conte\u00fado voltado para o turismo, encontre destinos, viagens, hospedagem, passagens, guias, not\u00edcias sobre o mercado do turismo, dicas de viagem, v\u00eddeos e podcast.","robots":{"index":"index","follow":"follow","max-snippet":"max-snippet:-1","max-image-preview":"max-image-preview:large","max-video-preview":"max-video-preview:-1"},"canonical":"https:\/\/www.travel3.com.br\/site\/sem-categoria\/capacitacoes-movimentam-a-feira-avirrp-comemora-primeiro-dia-alem-do-previsto\/","og_locale":"pt_BR","og_type":"article","og_title":"CAPACITA\u00c7\u00d5ES MOVIMENTAM A FEIRA, AVIRRP COMEMORA PRIMEIRO DIA AL\u00c9M DO PREVISTO - Travel3","og_description":"A TRAVEL3 \u00e9 um portal de conte\u00fado voltado para o turismo, encontre destinos, viagens, hospedagem, passagens, guias, not\u00edcias sobre o mercado do turismo, dicas de viagem, v\u00eddeos e podcast.","og_url":"https:\/\/www.travel3.com.br\/site\/sem-categoria\/capacitacoes-movimentam-a-feira-avirrp-comemora-primeiro-dia-alem-do-previsto\/","og_site_name":"Travel3","article_publisher":"https:\/\/www.facebook.com\/travel3media\/","article_published_time":"2017-08-08T01:16:59+00:00","author":"admin","twitter_card":"summary_large_image","twitter_misc":{"Escrito por":"admin","Est. tempo de leitura":"2 minutos"},"schema":{"@context":"https:\/\/schema.org","@graph":[{"@type":"Article","@id":"https:\/\/www.travel3.com.br\/site\/sem-categoria\/capacitacoes-movimentam-a-feira-avirrp-comemora-primeiro-dia-alem-do-previsto\/#article","isPartOf":{"@id":"https:\/\/www.travel3.com.br\/site\/sem-categoria\/capacitacoes-movimentam-a-feira-avirrp-comemora-primeiro-dia-alem-do-previsto\/"},"author":{"name":"admin","@id":"https:\/\/www.travel3.com.br\/site\/#\/schema\/person\/a69d71e41a024999b6ab82369ac0bd1e"},"headline":"CAPACITA\u00c7\u00d5ES MOVIMENTAM A FEIRA, AVIRRP COMEMORA PRIMEIRO DIA AL\u00c9M DO PREVISTO","datePublished":"2017-08-08T01:16:59+00:00","mainEntityOfPage":{"@id":"https:\/\/www.travel3.com.br\/site\/sem-categoria\/capacitacoes-movimentam-a-feira-avirrp-comemora-primeiro-dia-alem-do-previsto\/"},"wordCount":456,"commentCount":0,"publisher":{"@id":"https:\/\/www.travel3.com.br\/site\/#organization"},"inLanguage":"pt-BR","potentialAction":[{"@type":"CommentAction","name":"Comment","target":["https:\/\/www.travel3.com.br\/site\/sem-categoria\/capacitacoes-movimentam-a-feira-avirrp-comemora-primeiro-dia-alem-do-previsto\/#respond"]}]},{"@type":"WebPage","@id":"https:\/\/www.travel3.com.br\/site\/sem-categoria\/capacitacoes-movimentam-a-feira-avirrp-comemora-primeiro-dia-alem-do-previsto\/","url":"https:\/\/www.travel3.com.br\/site\/sem-categoria\/capacitacoes-movimentam-a-feira-avirrp-comemora-primeiro-dia-alem-do-previsto\/","name":"CAPACITA\u00c7\u00d5ES MOVIMENTAM A FEIRA, AVIRRP COMEMORA PRIMEIRO DIA AL\u00c9M DO PREVISTO - Travel3","isPartOf":{"@id":"https:\/\/www.travel3.com.br\/site\/#website"},"datePublished":"2017-08-08T01:16:59+00:00","description":"A TRAVEL3 \u00e9 um portal de conte\u00fado voltado para o turismo, encontre destinos, viagens, hospedagem, passagens, guias, not\u00edcias sobre o mercado do turismo, dicas de viagem, v\u00eddeos e podcast.","breadcrumb":{"@id":"https:\/\/www.travel3.com.br\/site\/sem-categoria\/capacitacoes-movimentam-a-feira-avirrp-comemora-primeiro-dia-alem-do-previsto\/#breadcrumb"},"inLanguage":"pt-BR","potentialAction":[{"@type":"ReadAction","target":["https:\/\/www.travel3.com.br\/site\/sem-categoria\/capacitacoes-movimentam-a-feira-avirrp-comemora-primeiro-dia-alem-do-previsto\/"]}]},{"@type":"BreadcrumbList","@id":"https:\/\/www.travel3.com.br\/site\/sem-categoria\/capacitacoes-movimentam-a-feira-avirrp-comemora-primeiro-dia-alem-do-previsto\/#breadcrumb","itemListElement":[{"@type":"ListItem","position":1,"name":"In\u00edcio","item":"https:\/\/www.travel3.com.br\/site\/"},{"@type":"ListItem","position":2,"name":"CAPACITA\u00c7\u00d5ES MOVIMENTAM A FEIRA, AVIRRP COMEMORA PRIMEIRO DIA AL\u00c9M DO PREVISTO"}]},{"@type":"WebSite","@id":"https:\/\/www.travel3.com.br\/site\/#website","url":"https:\/\/www.travel3.com.br\/site\/","name":"Travel3","description":"Lazer + Neg&oacute;cios + Aventura","publisher":{"@id":"https:\/\/www.travel3.com.br\/site\/#organization"},"potentialAction":[{"@type":"SearchAction","target":{"@type":"EntryPoint","urlTemplate":"https:\/\/www.travel3.com.br\/site\/?s={search_term_string}"},"query-input":{"@type":"PropertyValueSpecification","valueRequired":true,"valueName":"search_term_string"}}],"inLanguage":"pt-BR"},{"@type":"Organization","@id":"https:\/\/www.travel3.com.br\/site\/#organization","name":"Travel3","url":"https:\/\/www.travel3.com.br\/site\/","logo":{"@type":"ImageObject","inLanguage":"pt-BR","@id":"https:\/\/www.travel3.com.br\/site\/#\/schema\/logo\/image\/","url":"https:\/\/www.travel3.com.br\/site\/wp-content\/uploads\/2020\/01\/logo-travel3-2020.png","contentUrl":"https:\/\/www.travel3.com.br\/site\/wp-content\/uploads\/2020\/01\/logo-travel3-2020.png","width":232,"height":79,"caption":"Travel3"},"image":{"@id":"https:\/\/www.travel3.com.br\/site\/#\/schema\/logo\/image\/"},"sameAs":["https:\/\/www.facebook.com\/travel3media\/","https:\/\/www.instagram.com\/revistatravel3\/","https:\/\/www.youtube.com\/channel\/UCno7J4paGBR3VbZQzvoJ9Eg"]},{"@type":"Person","@id":"https:\/\/www.travel3.com.br\/site\/#\/schema\/person\/a69d71e41a024999b6ab82369ac0bd1e","name":"admin","image":{"@type":"ImageObject","inLanguage":"pt-BR","@id":"https:\/\/www.travel3.com.br\/site\/#\/schema\/person\/image\/","url":"https:\/\/secure.gravatar.com\/avatar\/732a67adfd764da2a47ba10ce731c4c0?s=96&d=mm&r=g","contentUrl":"https:\/\/secure.gravatar.com\/avatar\/732a67adfd764da2a47ba10ce731c4c0?s=96&d=mm&r=g","caption":"admin"},"url":"https:\/\/www.travel3.com.br\/site\/author\/admin\/"}]}},"_links":{"self":[{"href":"https:\/\/www.travel3.com.br\/site\/wp-json\/wp\/v2\/posts\/1159","targetHints":{"allow":["GET"]}}],"collection":[{"href":"https:\/\/www.travel3.com.br\/site\/wp-json\/wp\/v2\/posts"}],"about":[{"href":"https:\/\/www.travel3.com.br\/site\/wp-json\/wp\/v2\/types\/post"}],"author":[{"embeddable":true,"href":"https:\/\/www.travel3.com.br\/site\/wp-json\/wp\/v2\/users\/1"}],"replies":[{"embeddable":true,"href":"https:\/\/www.travel3.com.br\/site\/wp-json\/wp\/v2\/comments?post=1159"}],"version-history":[{"count":0,"href":"https:\/\/www.travel3.com.br\/site\/wp-json\/wp\/v2\/posts\/1159\/revisions"}],"wp:attachment":[{"href":"https:\/\/www.travel3.com.br\/site\/wp-json\/wp\/v2\/media?parent=1159"}],"wp:term":[{"taxonomy":"category","embeddable":true,"href":"https:\/\/www.travel3.com.br\/site\/wp-json\/wp\/v2\/categories?post=1159"},{"taxonomy":"post_tag","embeddable":true,"href":"https:\/\/www.travel3.com.br\/site\/wp-json\/wp\/v2\/tags?post=1159"}],"curies":[{"name":"wp","href":"https:\/\/api.w.org\/{rel}","templated":true}]}}