{"id":11281,"date":"2018-03-21T19:24:29","date_gmt":"2018-03-21T22:24:29","guid":{"rendered":"http:\/\/www.travel3.com.br\/?p=11281"},"modified":"2018-03-21T19:24:29","modified_gmt":"2018-03-21T22:24:29","slug":"fusao-flytour-mmt-saiba-qual-e-a-visao-expectativas-dos-agentes-de-viagem","status":"publish","type":"post","link":"https:\/\/www.travel3.com.br\/site\/acontece-no-turismo\/fusao-flytour-mmt-saiba-qual-e-a-visao-expectativas-dos-agentes-de-viagem\/","title":{"rendered":"FUS\u00c3O FLYTOUR MMT: SAIBA QUAL \u00c9 A VIS\u00c3O + EXPECTATIVAS DOS AGENTES DE VIAGEM"},"content":{"rendered":"<h1 style=\"text-align: center;\">A Reportagem TRAVEL3 ouviu alguns profissionais presentes durante o caf\u00e9 da manh\u00e3 realizado pela operadora em Belo Horizonte<\/h1>\n<p>O clima era de expectativa diante dos an\u00fancios que seriam feitos no caf\u00e9 da manh\u00e3 da Flytour Viagens MMT. Durante o evento seriam detalhadas as mudan\u00e7as e transforma\u00e7\u00f5es resultantes da fus\u00e3o entre a Flytour Viagens e a MMTGapnet.<\/p>\n<p>A <strong>Reportagem TRAVEL3<\/strong> ouviu alguns profissionais presentes e compartilha aqui suas vis\u00f5es + expectativas:<\/p>\n<h3 style=\"text-align: left;\">Fl\u00e1via Matos, da Ibiza Turismo<\/h3>\n<p>N\u00f3s da Ibiza estamos adorando a novidade. Nossa percep\u00e7\u00e3o \u00e9 de que 2 empresas que j\u00e1 eram fortes no mercado uniram suas for\u00e7as para oferecer ainda mais vantagens para as ag\u00eancias.<\/p>\n<figure id=\"attachment_11253\" aria-describedby=\"caption-attachment-11253\" style=\"width: 1920px\" class=\"wp-caption aligncenter\"><a href=\"http:\/\/www.travel3.com.br\/site\/wp-content\/uploads\/2018\/03\/flymmt-apresentacao-fusao012-e1521648086245.jpg\"><img loading=\"lazy\" decoding=\"async\" class=\"size-full wp-image-11253\" src=\"http:\/\/www.travel3.com.br\/site\/wp-content\/uploads\/2018\/03\/flymmt-apresentacao-fusao012-e1521648086245.jpg\" alt=\"Fl\u00e1via Matos, da Ibiza Turismo\" width=\"1920\" height=\"1284\" \/><\/a><figcaption id=\"caption-attachment-11253\" class=\"wp-caption-text\"><strong>Fl\u00e1via Matos, da Ibiza Turismo (Fotos: Claudia Tonaco)<\/strong><\/figcaption><\/figure>\n<p>A Ibiza tem como compromisso oferecer os melhores produtos para nossos clientes, mas sempre com a seguran\u00e7a de uma operadora s\u00f3lida na retaguarda das opera\u00e7\u00f5es. Em um momento em que o mercado passa por instabilidades, \u00e9 uma seguran\u00e7a trabalhar com operadoras s\u00f3lidas. J\u00e1 \u00e9ramos parceiros da MMT e da Flytour Viagens, ent\u00e3o para n\u00f3s ficou ainda melhor.<\/p>\n<h3>Zenaide Abreu Lumini Turismo<\/h3>\n<p>Penso que \u00e9 uma fus\u00e3o positiva. Meu desejo \u00e9 que o gerente, o Eduardo Vansan, ofere\u00e7a o mesmo atendimento que sempre tivemos na MMTGapnet. Adoro o trabalho do Clinton mas \u00e9 muito importante termos um gerente atuante, para resolver quest\u00f5es mais complexas. Estava sentindo a MMT um pouco largada, sem suporte.<\/p>\n<p>Fus\u00e3o tem de ser para agregar, para aumentar e estou confiante nas palavras do Michael. Precisamos de boas operadoras e hoje temos poucas. A MMTGapnet esteve sempre presente para todas as solicita\u00e7\u00f5es da Lumini. Espero que ela fique ainda melhor. Minha sugest\u00e3o para o Eduardo \u00e9 lan\u00e7ar pequenos pacotes, nacionais e internacionais, para os feriados.<\/p>\n<figure id=\"attachment_11254\" aria-describedby=\"caption-attachment-11254\" style=\"width: 1920px\" class=\"wp-caption aligncenter\"><a href=\"http:\/\/www.travel3.com.br\/site\/wp-content\/uploads\/2018\/03\/flymmt-apresentacao-fusao014-e1521648053625.jpg\"><img loading=\"lazy\" decoding=\"async\" class=\"size-full wp-image-11254\" src=\"http:\/\/www.travel3.com.br\/site\/wp-content\/uploads\/2018\/03\/flymmt-apresentacao-fusao014-e1521648053625.jpg\" alt=\"Simone Pires, da Art Fly Viagen, e Zenaide Abreu, da Lumini Turismo\" width=\"1920\" height=\"1284\" \/><\/a><figcaption id=\"caption-attachment-11254\" class=\"wp-caption-text\"><strong>Simone Pires, diretora da Art Fly Viagen, e Zenaide Abreu, diretora da Lumini Turismo<\/strong><\/figcaption><\/figure>\n<h3>Simone Pires, da Art Fly Viagens<\/h3>\n<p>Eu vejo a fus\u00e3o Flytour Viagens MMT de uma maneira muito positiva. A Flytour \u00e9 forte no nacional e a MMT \u00e9 forte no internacional. Oferecer um atendimento demarcado dos setores nacional e internacional \u00e9 muito bom. A equipe est\u00e1 indo para o mesmo escrit\u00f3rio. Vai haver apenas um gerente, o Eduardo, que est\u00e1 muito aberto a essas jun\u00e7\u00f5es e mudan\u00e7as.<\/p>\n<p>A uni\u00e3o de um internacional e de um nacional forte, atuando separadamente ser\u00e1 um grande diferencial. Outro ponto importante \u00e9 o fortalecimento competitivo. Fus\u00f5es s\u00e3o hoje uma estrat\u00e9gia para negociar boas tarifas. Vejo de uma maneira muito positiva.<\/p>\n<h3>Renato Moura, Flytour Minas Shopping<\/h3>\n<p>Acredito que esta fus\u00e3o ser\u00e1 muito positiva, n\u00e3o apenas para o Grupo Flytour mas para os agentes de viagem. N\u00f3s, por exemplo, vend\u00edamos apenas produtos da Flytour.<\/p>\n<figure id=\"attachment_11255\" aria-describedby=\"caption-attachment-11255\" style=\"width: 1920px\" class=\"wp-caption aligncenter\"><a href=\"http:\/\/www.travel3.com.br\/site\/wp-content\/uploads\/2018\/03\/flymmt-apresentacao-fusao016_a-e1521648027631.jpg\"><img loading=\"lazy\" decoding=\"async\" class=\"size-full wp-image-11255\" src=\"http:\/\/www.travel3.com.br\/site\/wp-content\/uploads\/2018\/03\/flymmt-apresentacao-fusao016_a-e1521648027631.jpg\" alt=\"Renato Moura, gerente da Flytour Minas Shopping\" width=\"1920\" height=\"1284\" \/><\/a><figcaption id=\"caption-attachment-11255\" class=\"wp-caption-text\"><strong>Renato Moura, gerente da Flytour Minas Shopping<\/strong><\/figcaption><\/figure>\n<p>Teremos a partir de agora um leque de \u00f3timos produtos internacionais. Isso trar\u00e1 ainda mais volume de vendas e consequentemente mais rentabilidade. Nosso volume de vendas com certeza crescer\u00e1.<\/p>\n<h3>Danielle Ramos, diretora da Viagens Incr\u00edveis<\/h3>\n<p>Esta fus\u00e3o veio para agregar. S\u00e3o 2 empresas consolidadas no mercado, com uma gama de produtos de qualidade. Amo vender as duas porque tenho suporte.<\/p>\n<figure id=\"attachment_11256\" aria-describedby=\"caption-attachment-11256\" style=\"width: 1920px\" class=\"wp-caption aligncenter\"><a href=\"http:\/\/www.travel3.com.br\/site\/wp-content\/uploads\/2018\/03\/flymmt-apresentacao-fusao018_a-e1521648000405.jpg\"><img loading=\"lazy\" decoding=\"async\" class=\"size-full wp-image-11256\" src=\"http:\/\/www.travel3.com.br\/site\/wp-content\/uploads\/2018\/03\/flymmt-apresentacao-fusao018_a-e1521648000405.jpg\" alt=\"Danielle Ramos, diretora da Viagens Incr\u00edveis\" width=\"1920\" height=\"1284\" \/><\/a><figcaption id=\"caption-attachment-11256\" class=\"wp-caption-text\"><strong>Danielle Ramos, diretora da Viagens Incr\u00edveis<\/strong><\/figcaption><\/figure>\n<p>Eu vendia muito Flytour e hoje venderei muito mais por causa da MMT. Eu sempre gostei do sistema da Flytour que agora passa a ser adotado pela MMT. Para mim ser\u00e1 incr\u00edvel.<\/p>\n<h3>Ana Paula Chagas, diretora da FlyVip<\/h3>\n<p>Eu tenho plena convic\u00e7\u00e3o que esta fus\u00e3o vai nos beneficiar bastante. Atendimento, valores, o sistema, penso que tudo vai melhorar. Outro ponto importante e que esperamos \u00e9 que a Flytour MMT tenha for\u00e7a para negociar boas tarifas para n\u00f3s oferecermos aos nossos clientes. As tarifas est\u00e3o muito altas.<\/p>\n<figure id=\"attachment_11257\" aria-describedby=\"caption-attachment-11257\" style=\"width: 1920px\" class=\"wp-caption aligncenter\"><a href=\"http:\/\/www.travel3.com.br\/site\/wp-content\/uploads\/2018\/03\/flymmt-apresentacao-fusao019-e1521647980530.jpg\"><img loading=\"lazy\" decoding=\"async\" class=\"size-full wp-image-11257\" src=\"http:\/\/www.travel3.com.br\/site\/wp-content\/uploads\/2018\/03\/flymmt-apresentacao-fusao019-e1521647980530.jpg\" alt=\"Ana Paula Chagas, diretora da FlyVip\" width=\"1920\" height=\"1284\" \/><\/a><figcaption id=\"caption-attachment-11257\" class=\"wp-caption-text\"><strong>Ana Paula Chagas, diretora da FlyVip<\/strong><\/figcaption><\/figure>\n<p>Os voos est\u00e3o com pre\u00e7os alt\u00edssimos, muito d\u00edficl vender assim. Estou confiante de que passarei a vender tamb\u00e9m a Flytour, pois j\u00e1 sou cliente h\u00e1 muito da MMT.<\/p>\n<p>&nbsp;<\/p>\n","protected":false},"excerpt":{"rendered":"<p>A Reportagem TRAVEL3 ouviu alguns profissionais presentes durante o caf\u00e9 da manh\u00e3 realizado pela operadora em Belo Horizonte O clima era de expectativa diante dos an\u00fancios que seriam feitos no caf\u00e9 da manh\u00e3 da Flytour Viagens MMT. Durante o evento seriam detalhadas as mudan\u00e7as e transforma\u00e7\u00f5es resultantes da fus\u00e3o entre a Flytour Viagens e a [&hellip;]<\/p>\n","protected":false},"author":4,"featured_media":11254,"comment_status":"open","ping_status":"open","sticky":false,"template":"","format":"standard","meta":{"footnotes":""},"categories":[969,226,5,4],"tags":[1701,619,1698,1700,1699,1531,187],"class_list":["post-11281","post","type-post","status-publish","format-standard","has-post-thumbnail","hentry","category-acontece-no-turismo","category-destaque","category-eventos-e-feiras","category-operadoras","tag-art-fly","tag-flytour","tag-flyvip","tag-ibiza","tag-lumin","tag-mmt","tag-travel3"],"yoast_head":"<!-- This site is optimized with the Yoast SEO plugin v26.2 - https:\/\/yoast.com\/wordpress\/plugins\/seo\/ -->\n<title>FUS\u00c3O FLYTOUR MMT: SAIBA QUAL \u00c9 A VIS\u00c3O + EXPECTATIVAS DOS AGENTES DE VIAGEM - Travel3<\/title>\n<meta name=\"description\" content=\"A TRAVEL3 \u00e9 um portal de conte\u00fado voltado para o turismo, encontre destinos, viagens, hospedagem, passagens, guias, not\u00edcias sobre o mercado do turismo, dicas de viagem, v\u00eddeos e podcast.\" \/>\n<meta name=\"robots\" content=\"index, follow, max-snippet:-1, max-image-preview:large, max-video-preview:-1\" \/>\n<link rel=\"canonical\" href=\"https:\/\/www.travel3.com.br\/site\/acontece-no-turismo\/fusao-flytour-mmt-saiba-qual-e-a-visao-expectativas-dos-agentes-de-viagem\/\" \/>\n<meta property=\"og:locale\" content=\"pt_BR\" \/>\n<meta property=\"og:type\" content=\"article\" \/>\n<meta property=\"og:title\" content=\"FUS\u00c3O FLYTOUR MMT: SAIBA QUAL \u00c9 A VIS\u00c3O + EXPECTATIVAS DOS AGENTES DE VIAGEM - Travel3\" \/>\n<meta property=\"og:description\" content=\"A TRAVEL3 \u00e9 um portal de conte\u00fado voltado para o turismo, encontre destinos, viagens, hospedagem, passagens, guias, not\u00edcias sobre o mercado do turismo, dicas de viagem, v\u00eddeos e podcast.\" \/>\n<meta property=\"og:url\" content=\"https:\/\/www.travel3.com.br\/site\/acontece-no-turismo\/fusao-flytour-mmt-saiba-qual-e-a-visao-expectativas-dos-agentes-de-viagem\/\" \/>\n<meta property=\"og:site_name\" content=\"Travel3\" \/>\n<meta property=\"article:publisher\" content=\"https:\/\/www.facebook.com\/travel3media\/\" \/>\n<meta property=\"article:published_time\" content=\"2018-03-21T22:24:29+00:00\" \/>\n<meta property=\"og:image\" content=\"https:\/\/www.travel3.com.br\/site\/wp-content\/uploads\/2018\/03\/flymmt-apresentacao-fusao014-e1521648053625.jpg\" \/>\n\t<meta property=\"og:image:width\" content=\"1920\" \/>\n\t<meta property=\"og:image:height\" content=\"1284\" \/>\n\t<meta property=\"og:image:type\" content=\"image\/jpeg\" \/>\n<meta name=\"author\" content=\"Claudia Tonaco\" \/>\n<meta name=\"twitter:card\" content=\"summary_large_image\" \/>\n<meta name=\"twitter:label1\" content=\"Escrito por\" \/>\n\t<meta name=\"twitter:data1\" content=\"Claudia Tonaco\" \/>\n\t<meta name=\"twitter:label2\" content=\"Est. tempo de leitura\" \/>\n\t<meta name=\"twitter:data2\" content=\"3 minutos\" \/>\n<script type=\"application\/ld+json\" class=\"yoast-schema-graph\">{\"@context\":\"https:\/\/schema.org\",\"@graph\":[{\"@type\":\"Article\",\"@id\":\"https:\/\/www.travel3.com.br\/site\/acontece-no-turismo\/fusao-flytour-mmt-saiba-qual-e-a-visao-expectativas-dos-agentes-de-viagem\/#article\",\"isPartOf\":{\"@id\":\"https:\/\/www.travel3.com.br\/site\/acontece-no-turismo\/fusao-flytour-mmt-saiba-qual-e-a-visao-expectativas-dos-agentes-de-viagem\/\"},\"author\":{\"name\":\"Claudia Tonaco\",\"@id\":\"https:\/\/www.travel3.com.br\/site\/#\/schema\/person\/ad24a6ccba88dcd54877f3d2fb76c605\"},\"headline\":\"FUS\u00c3O FLYTOUR MMT: SAIBA QUAL \u00c9 A VIS\u00c3O + EXPECTATIVAS DOS AGENTES DE VIAGEM\",\"datePublished\":\"2018-03-21T22:24:29+00:00\",\"mainEntityOfPage\":{\"@id\":\"https:\/\/www.travel3.com.br\/site\/acontece-no-turismo\/fusao-flytour-mmt-saiba-qual-e-a-visao-expectativas-dos-agentes-de-viagem\/\"},\"wordCount\":713,\"commentCount\":0,\"publisher\":{\"@id\":\"https:\/\/www.travel3.com.br\/site\/#organization\"},\"image\":{\"@id\":\"https:\/\/www.travel3.com.br\/site\/acontece-no-turismo\/fusao-flytour-mmt-saiba-qual-e-a-visao-expectativas-dos-agentes-de-viagem\/#primaryimage\"},\"thumbnailUrl\":\"https:\/\/www.travel3.com.br\/site\/wp-content\/uploads\/2018\/03\/flymmt-apresentacao-fusao014-e1521648053625.jpg\",\"keywords\":[\"Art Fly\",\"flytour\",\"FlyVip\",\"Ibiza\",\"Lumin\",\"MMT\",\"Travel3\"],\"articleSection\":[\"Acontece no Turismo\",\"Destaque\",\"Eventos e Feiras\",\"Operadoras\"],\"inLanguage\":\"pt-BR\",\"potentialAction\":[{\"@type\":\"CommentAction\",\"name\":\"Comment\",\"target\":[\"https:\/\/www.travel3.com.br\/site\/acontece-no-turismo\/fusao-flytour-mmt-saiba-qual-e-a-visao-expectativas-dos-agentes-de-viagem\/#respond\"]}]},{\"@type\":\"WebPage\",\"@id\":\"https:\/\/www.travel3.com.br\/site\/acontece-no-turismo\/fusao-flytour-mmt-saiba-qual-e-a-visao-expectativas-dos-agentes-de-viagem\/\",\"url\":\"https:\/\/www.travel3.com.br\/site\/acontece-no-turismo\/fusao-flytour-mmt-saiba-qual-e-a-visao-expectativas-dos-agentes-de-viagem\/\",\"name\":\"FUS\u00c3O FLYTOUR MMT: SAIBA QUAL \u00c9 A VIS\u00c3O + EXPECTATIVAS DOS AGENTES DE VIAGEM - Travel3\",\"isPartOf\":{\"@id\":\"https:\/\/www.travel3.com.br\/site\/#website\"},\"primaryImageOfPage\":{\"@id\":\"https:\/\/www.travel3.com.br\/site\/acontece-no-turismo\/fusao-flytour-mmt-saiba-qual-e-a-visao-expectativas-dos-agentes-de-viagem\/#primaryimage\"},\"image\":{\"@id\":\"https:\/\/www.travel3.com.br\/site\/acontece-no-turismo\/fusao-flytour-mmt-saiba-qual-e-a-visao-expectativas-dos-agentes-de-viagem\/#primaryimage\"},\"thumbnailUrl\":\"https:\/\/www.travel3.com.br\/site\/wp-content\/uploads\/2018\/03\/flymmt-apresentacao-fusao014-e1521648053625.jpg\",\"datePublished\":\"2018-03-21T22:24:29+00:00\",\"description\":\"A TRAVEL3 \u00e9 um portal de conte\u00fado voltado para o turismo, encontre destinos, viagens, hospedagem, passagens, guias, not\u00edcias sobre o mercado do turismo, dicas de viagem, v\u00eddeos e podcast.\",\"breadcrumb\":{\"@id\":\"https:\/\/www.travel3.com.br\/site\/acontece-no-turismo\/fusao-flytour-mmt-saiba-qual-e-a-visao-expectativas-dos-agentes-de-viagem\/#breadcrumb\"},\"inLanguage\":\"pt-BR\",\"potentialAction\":[{\"@type\":\"ReadAction\",\"target\":[\"https:\/\/www.travel3.com.br\/site\/acontece-no-turismo\/fusao-flytour-mmt-saiba-qual-e-a-visao-expectativas-dos-agentes-de-viagem\/\"]}]},{\"@type\":\"ImageObject\",\"inLanguage\":\"pt-BR\",\"@id\":\"https:\/\/www.travel3.com.br\/site\/acontece-no-turismo\/fusao-flytour-mmt-saiba-qual-e-a-visao-expectativas-dos-agentes-de-viagem\/#primaryimage\",\"url\":\"https:\/\/www.travel3.com.br\/site\/wp-content\/uploads\/2018\/03\/flymmt-apresentacao-fusao014-e1521648053625.jpg\",\"contentUrl\":\"https:\/\/www.travel3.com.br\/site\/wp-content\/uploads\/2018\/03\/flymmt-apresentacao-fusao014-e1521648053625.jpg\",\"width\":1920,\"height\":1284,\"caption\":\"Simone Pires, da Art Fly Viagen, e Zenaide Abreu, da Lumini Turismo\"},{\"@type\":\"BreadcrumbList\",\"@id\":\"https:\/\/www.travel3.com.br\/site\/acontece-no-turismo\/fusao-flytour-mmt-saiba-qual-e-a-visao-expectativas-dos-agentes-de-viagem\/#breadcrumb\",\"itemListElement\":[{\"@type\":\"ListItem\",\"position\":1,\"name\":\"In\u00edcio\",\"item\":\"https:\/\/www.travel3.com.br\/site\/\"},{\"@type\":\"ListItem\",\"position\":2,\"name\":\"FUS\u00c3O FLYTOUR MMT: SAIBA QUAL \u00c9 A VIS\u00c3O + EXPECTATIVAS DOS AGENTES DE VIAGEM\"}]},{\"@type\":\"WebSite\",\"@id\":\"https:\/\/www.travel3.com.br\/site\/#website\",\"url\":\"https:\/\/www.travel3.com.br\/site\/\",\"name\":\"Travel3\",\"description\":\"Lazer + Neg&oacute;cios + Aventura\",\"publisher\":{\"@id\":\"https:\/\/www.travel3.com.br\/site\/#organization\"},\"potentialAction\":[{\"@type\":\"SearchAction\",\"target\":{\"@type\":\"EntryPoint\",\"urlTemplate\":\"https:\/\/www.travel3.com.br\/site\/?s={search_term_string}\"},\"query-input\":{\"@type\":\"PropertyValueSpecification\",\"valueRequired\":true,\"valueName\":\"search_term_string\"}}],\"inLanguage\":\"pt-BR\"},{\"@type\":\"Organization\",\"@id\":\"https:\/\/www.travel3.com.br\/site\/#organization\",\"name\":\"Travel3\",\"url\":\"https:\/\/www.travel3.com.br\/site\/\",\"logo\":{\"@type\":\"ImageObject\",\"inLanguage\":\"pt-BR\",\"@id\":\"https:\/\/www.travel3.com.br\/site\/#\/schema\/logo\/image\/\",\"url\":\"https:\/\/www.travel3.com.br\/site\/wp-content\/uploads\/2020\/01\/logo-travel3-2020.png\",\"contentUrl\":\"https:\/\/www.travel3.com.br\/site\/wp-content\/uploads\/2020\/01\/logo-travel3-2020.png\",\"width\":232,\"height\":79,\"caption\":\"Travel3\"},\"image\":{\"@id\":\"https:\/\/www.travel3.com.br\/site\/#\/schema\/logo\/image\/\"},\"sameAs\":[\"https:\/\/www.facebook.com\/travel3media\/\",\"https:\/\/www.instagram.com\/revistatravel3\/\",\"https:\/\/www.youtube.com\/channel\/UCno7J4paGBR3VbZQzvoJ9Eg\"]},{\"@type\":\"Person\",\"@id\":\"https:\/\/www.travel3.com.br\/site\/#\/schema\/person\/ad24a6ccba88dcd54877f3d2fb76c605\",\"name\":\"Claudia Tonaco\",\"image\":{\"@type\":\"ImageObject\",\"inLanguage\":\"pt-BR\",\"@id\":\"https:\/\/www.travel3.com.br\/site\/#\/schema\/person\/image\/\",\"url\":\"https:\/\/secure.gravatar.com\/avatar\/7c64bb31135bb8c28f49658a042f8b8a?s=96&d=mm&r=g\",\"contentUrl\":\"https:\/\/secure.gravatar.com\/avatar\/7c64bb31135bb8c28f49658a042f8b8a?s=96&d=mm&r=g\",\"caption\":\"Claudia Tonaco\"},\"sameAs\":[\"http:\/\/www.travel3.com.br\"],\"url\":\"https:\/\/www.travel3.com.br\/site\/author\/tonaco\/\"}]}<\/script>\n<!-- \/ Yoast SEO plugin. -->","yoast_head_json":{"title":"FUS\u00c3O FLYTOUR MMT: SAIBA QUAL \u00c9 A VIS\u00c3O + EXPECTATIVAS DOS AGENTES DE VIAGEM - Travel3","description":"A TRAVEL3 \u00e9 um portal de conte\u00fado voltado para o turismo, encontre destinos, viagens, hospedagem, passagens, guias, not\u00edcias sobre o mercado do turismo, dicas de viagem, v\u00eddeos e podcast.","robots":{"index":"index","follow":"follow","max-snippet":"max-snippet:-1","max-image-preview":"max-image-preview:large","max-video-preview":"max-video-preview:-1"},"canonical":"https:\/\/www.travel3.com.br\/site\/acontece-no-turismo\/fusao-flytour-mmt-saiba-qual-e-a-visao-expectativas-dos-agentes-de-viagem\/","og_locale":"pt_BR","og_type":"article","og_title":"FUS\u00c3O FLYTOUR MMT: SAIBA QUAL \u00c9 A VIS\u00c3O + EXPECTATIVAS DOS AGENTES DE VIAGEM - Travel3","og_description":"A TRAVEL3 \u00e9 um portal de conte\u00fado voltado para o turismo, encontre destinos, viagens, hospedagem, passagens, guias, not\u00edcias sobre o mercado do turismo, dicas de viagem, v\u00eddeos e podcast.","og_url":"https:\/\/www.travel3.com.br\/site\/acontece-no-turismo\/fusao-flytour-mmt-saiba-qual-e-a-visao-expectativas-dos-agentes-de-viagem\/","og_site_name":"Travel3","article_publisher":"https:\/\/www.facebook.com\/travel3media\/","article_published_time":"2018-03-21T22:24:29+00:00","og_image":[{"width":1920,"height":1284,"url":"https:\/\/www.travel3.com.br\/site\/wp-content\/uploads\/2018\/03\/flymmt-apresentacao-fusao014-e1521648053625.jpg","type":"image\/jpeg"}],"author":"Claudia Tonaco","twitter_card":"summary_large_image","twitter_misc":{"Escrito por":"Claudia Tonaco","Est. tempo de leitura":"3 minutos"},"schema":{"@context":"https:\/\/schema.org","@graph":[{"@type":"Article","@id":"https:\/\/www.travel3.com.br\/site\/acontece-no-turismo\/fusao-flytour-mmt-saiba-qual-e-a-visao-expectativas-dos-agentes-de-viagem\/#article","isPartOf":{"@id":"https:\/\/www.travel3.com.br\/site\/acontece-no-turismo\/fusao-flytour-mmt-saiba-qual-e-a-visao-expectativas-dos-agentes-de-viagem\/"},"author":{"name":"Claudia Tonaco","@id":"https:\/\/www.travel3.com.br\/site\/#\/schema\/person\/ad24a6ccba88dcd54877f3d2fb76c605"},"headline":"FUS\u00c3O FLYTOUR MMT: SAIBA QUAL \u00c9 A VIS\u00c3O + EXPECTATIVAS DOS AGENTES DE VIAGEM","datePublished":"2018-03-21T22:24:29+00:00","mainEntityOfPage":{"@id":"https:\/\/www.travel3.com.br\/site\/acontece-no-turismo\/fusao-flytour-mmt-saiba-qual-e-a-visao-expectativas-dos-agentes-de-viagem\/"},"wordCount":713,"commentCount":0,"publisher":{"@id":"https:\/\/www.travel3.com.br\/site\/#organization"},"image":{"@id":"https:\/\/www.travel3.com.br\/site\/acontece-no-turismo\/fusao-flytour-mmt-saiba-qual-e-a-visao-expectativas-dos-agentes-de-viagem\/#primaryimage"},"thumbnailUrl":"https:\/\/www.travel3.com.br\/site\/wp-content\/uploads\/2018\/03\/flymmt-apresentacao-fusao014-e1521648053625.jpg","keywords":["Art Fly","flytour","FlyVip","Ibiza","Lumin","MMT","Travel3"],"articleSection":["Acontece no Turismo","Destaque","Eventos e Feiras","Operadoras"],"inLanguage":"pt-BR","potentialAction":[{"@type":"CommentAction","name":"Comment","target":["https:\/\/www.travel3.com.br\/site\/acontece-no-turismo\/fusao-flytour-mmt-saiba-qual-e-a-visao-expectativas-dos-agentes-de-viagem\/#respond"]}]},{"@type":"WebPage","@id":"https:\/\/www.travel3.com.br\/site\/acontece-no-turismo\/fusao-flytour-mmt-saiba-qual-e-a-visao-expectativas-dos-agentes-de-viagem\/","url":"https:\/\/www.travel3.com.br\/site\/acontece-no-turismo\/fusao-flytour-mmt-saiba-qual-e-a-visao-expectativas-dos-agentes-de-viagem\/","name":"FUS\u00c3O FLYTOUR MMT: SAIBA QUAL \u00c9 A VIS\u00c3O + EXPECTATIVAS DOS AGENTES DE VIAGEM - Travel3","isPartOf":{"@id":"https:\/\/www.travel3.com.br\/site\/#website"},"primaryImageOfPage":{"@id":"https:\/\/www.travel3.com.br\/site\/acontece-no-turismo\/fusao-flytour-mmt-saiba-qual-e-a-visao-expectativas-dos-agentes-de-viagem\/#primaryimage"},"image":{"@id":"https:\/\/www.travel3.com.br\/site\/acontece-no-turismo\/fusao-flytour-mmt-saiba-qual-e-a-visao-expectativas-dos-agentes-de-viagem\/#primaryimage"},"thumbnailUrl":"https:\/\/www.travel3.com.br\/site\/wp-content\/uploads\/2018\/03\/flymmt-apresentacao-fusao014-e1521648053625.jpg","datePublished":"2018-03-21T22:24:29+00:00","description":"A TRAVEL3 \u00e9 um portal de conte\u00fado voltado para o turismo, encontre destinos, viagens, hospedagem, passagens, guias, not\u00edcias sobre o mercado do turismo, dicas de viagem, v\u00eddeos e podcast.","breadcrumb":{"@id":"https:\/\/www.travel3.com.br\/site\/acontece-no-turismo\/fusao-flytour-mmt-saiba-qual-e-a-visao-expectativas-dos-agentes-de-viagem\/#breadcrumb"},"inLanguage":"pt-BR","potentialAction":[{"@type":"ReadAction","target":["https:\/\/www.travel3.com.br\/site\/acontece-no-turismo\/fusao-flytour-mmt-saiba-qual-e-a-visao-expectativas-dos-agentes-de-viagem\/"]}]},{"@type":"ImageObject","inLanguage":"pt-BR","@id":"https:\/\/www.travel3.com.br\/site\/acontece-no-turismo\/fusao-flytour-mmt-saiba-qual-e-a-visao-expectativas-dos-agentes-de-viagem\/#primaryimage","url":"https:\/\/www.travel3.com.br\/site\/wp-content\/uploads\/2018\/03\/flymmt-apresentacao-fusao014-e1521648053625.jpg","contentUrl":"https:\/\/www.travel3.com.br\/site\/wp-content\/uploads\/2018\/03\/flymmt-apresentacao-fusao014-e1521648053625.jpg","width":1920,"height":1284,"caption":"Simone Pires, da Art Fly Viagen, e Zenaide Abreu, da Lumini Turismo"},{"@type":"BreadcrumbList","@id":"https:\/\/www.travel3.com.br\/site\/acontece-no-turismo\/fusao-flytour-mmt-saiba-qual-e-a-visao-expectativas-dos-agentes-de-viagem\/#breadcrumb","itemListElement":[{"@type":"ListItem","position":1,"name":"In\u00edcio","item":"https:\/\/www.travel3.com.br\/site\/"},{"@type":"ListItem","position":2,"name":"FUS\u00c3O FLYTOUR MMT: SAIBA QUAL \u00c9 A VIS\u00c3O + EXPECTATIVAS DOS AGENTES DE VIAGEM"}]},{"@type":"WebSite","@id":"https:\/\/www.travel3.com.br\/site\/#website","url":"https:\/\/www.travel3.com.br\/site\/","name":"Travel3","description":"Lazer + Neg&oacute;cios + Aventura","publisher":{"@id":"https:\/\/www.travel3.com.br\/site\/#organization"},"potentialAction":[{"@type":"SearchAction","target":{"@type":"EntryPoint","urlTemplate":"https:\/\/www.travel3.com.br\/site\/?s={search_term_string}"},"query-input":{"@type":"PropertyValueSpecification","valueRequired":true,"valueName":"search_term_string"}}],"inLanguage":"pt-BR"},{"@type":"Organization","@id":"https:\/\/www.travel3.com.br\/site\/#organization","name":"Travel3","url":"https:\/\/www.travel3.com.br\/site\/","logo":{"@type":"ImageObject","inLanguage":"pt-BR","@id":"https:\/\/www.travel3.com.br\/site\/#\/schema\/logo\/image\/","url":"https:\/\/www.travel3.com.br\/site\/wp-content\/uploads\/2020\/01\/logo-travel3-2020.png","contentUrl":"https:\/\/www.travel3.com.br\/site\/wp-content\/uploads\/2020\/01\/logo-travel3-2020.png","width":232,"height":79,"caption":"Travel3"},"image":{"@id":"https:\/\/www.travel3.com.br\/site\/#\/schema\/logo\/image\/"},"sameAs":["https:\/\/www.facebook.com\/travel3media\/","https:\/\/www.instagram.com\/revistatravel3\/","https:\/\/www.youtube.com\/channel\/UCno7J4paGBR3VbZQzvoJ9Eg"]},{"@type":"Person","@id":"https:\/\/www.travel3.com.br\/site\/#\/schema\/person\/ad24a6ccba88dcd54877f3d2fb76c605","name":"Claudia Tonaco","image":{"@type":"ImageObject","inLanguage":"pt-BR","@id":"https:\/\/www.travel3.com.br\/site\/#\/schema\/person\/image\/","url":"https:\/\/secure.gravatar.com\/avatar\/7c64bb31135bb8c28f49658a042f8b8a?s=96&d=mm&r=g","contentUrl":"https:\/\/secure.gravatar.com\/avatar\/7c64bb31135bb8c28f49658a042f8b8a?s=96&d=mm&r=g","caption":"Claudia Tonaco"},"sameAs":["http:\/\/www.travel3.com.br"],"url":"https:\/\/www.travel3.com.br\/site\/author\/tonaco\/"}]}},"_links":{"self":[{"href":"https:\/\/www.travel3.com.br\/site\/wp-json\/wp\/v2\/posts\/11281","targetHints":{"allow":["GET"]}}],"collection":[{"href":"https:\/\/www.travel3.com.br\/site\/wp-json\/wp\/v2\/posts"}],"about":[{"href":"https:\/\/www.travel3.com.br\/site\/wp-json\/wp\/v2\/types\/post"}],"author":[{"embeddable":true,"href":"https:\/\/www.travel3.com.br\/site\/wp-json\/wp\/v2\/users\/4"}],"replies":[{"embeddable":true,"href":"https:\/\/www.travel3.com.br\/site\/wp-json\/wp\/v2\/comments?post=11281"}],"version-history":[{"count":2,"href":"https:\/\/www.travel3.com.br\/site\/wp-json\/wp\/v2\/posts\/11281\/revisions"}],"predecessor-version":[{"id":11283,"href":"https:\/\/www.travel3.com.br\/site\/wp-json\/wp\/v2\/posts\/11281\/revisions\/11283"}],"wp:featuredmedia":[{"embeddable":true,"href":"https:\/\/www.travel3.com.br\/site\/wp-json\/wp\/v2\/media\/11254"}],"wp:attachment":[{"href":"https:\/\/www.travel3.com.br\/site\/wp-json\/wp\/v2\/media?parent=11281"}],"wp:term":[{"taxonomy":"category","embeddable":true,"href":"https:\/\/www.travel3.com.br\/site\/wp-json\/wp\/v2\/categories?post=11281"},{"taxonomy":"post_tag","embeddable":true,"href":"https:\/\/www.travel3.com.br\/site\/wp-json\/wp\/v2\/tags?post=11281"}],"curies":[{"name":"wp","href":"https:\/\/api.w.org\/{rel}","templated":true}]}}