{"id":1120,"date":"2017-09-11T02:35:56","date_gmt":"2017-09-11T02:35:56","guid":{"rendered":"http:\/\/www.travel3.com.br\/site\/ir-e-vir\/ar\/texas-sera-palco-de-festivais-no-segundo-semestre-de-2017\/"},"modified":"2017-09-11T02:35:56","modified_gmt":"2017-09-11T02:35:56","slug":"texas-sera-palco-de-festivais-no-segundo-semestre-de-2017","status":"publish","type":"post","link":"https:\/\/www.travel3.com.br\/site\/sem-categoria\/texas-sera-palco-de-festivais-no-segundo-semestre-de-2017\/","title":{"rendered":"TEXAS SER\u00c1 PALCO DE FESTIVAIS NO SEGUNDO SEMESTRE DE 2017"},"content":{"rendered":"<p><span style=\"color: #40acad; font-family: -apple-system, system-ui, 'Segoe UI', Roboto, Oxygen-Sans, Ubuntu, Cantarell, 'Helvetica Neue', sans-serif; font-size: 12px; font-weight: bold;\"><\/p>\n<p style=\"text-align:justify\"><a class=\"fancybox-media\" href=\"..\/_uploads\/_noticia\/2017-08\/acl-nme-2014---acl-2014-nme-photo-credit-andy-forde-full-usage-permissions--20-.jpg.jpg\" rel=\"portfolio\"><img decoding=\"async\" alt=\"\" src=\"..\/_uploads\/_noticia\/2017-08\/acl-nme-2014---acl-2014-nme-photo-credit-andy-forde-full-usage-permissions--20-.jpg.jpg\" \/><\/a><\/p>\n<p style=\"text-align:justify\">O Texas se prepara para receber diversos festivais durante os pr\u00f3ximos meses, com ofertas para todos os p\u00fablicos. Famoso por ser palco do festival SXSW (South by Southwest), o Texas atrai turistas do mundo inteiro que buscam por experi\u00eancias culturais, rodeio, boa m\u00fasica, al\u00e9m de atividades em fam\u00edlia.<\/p>\n<p style=\"text-align:justify\"><strong>Palomino Fest &#038; Pro Rodeo<\/strong><\/p>\n<p style=\"text-align:justify\">O Palomino Fest &#038; Pro Rodeo come\u00e7a dia 31 de agosto e segue at\u00e9 o dia 03 de setembro no Uvalde County Fairplex, pr\u00f3ximo a San Antonio, e tem como objetivo juntar pessoas de diversos estilos e gostos para uma festa com muito rodeio, m\u00fasica e divers\u00e3o, trazendo \u00e0 tona o verdadeiro estilo do Texas. O festival tem parceria sem fins lucrativos com a Uvalde Festival and Events Association, projeto de dois irm\u00e3os que, desde 1996, decidiram viver o sonho de levar entretenimento de qualidade para as fam\u00edlias do sudoeste do Texas. Na Associa\u00e7\u00e3o, tudo que \u00e9 arrecadado, \u00e9 doado.<\/p>\n<p style=\"text-align:justify\"><strong>Austin City Limits<\/strong><\/p>\n<p style=\"text-align:justify\">Entre os dias 6 e 8 e tamb\u00e9m de 13 a 15 de outubro, Austin, a capital mundial da m\u00fasica ao vivo receber\u00e1 o Austin City Limits, festival popularmente conhecido como ACL. Os oito palcos montados no Zilker Park receber\u00e3o mais de 140 artistas e bandas. Al\u00e9m disso, o evento conta com um \u201cmini festival\u201d para as crian\u00e7as e feiras com diversas op\u00e7\u00f5es de comidas e bebidas. Alguns nomes j\u00e1 est\u00e3o confirmados, como Jay Z, Red Hot Chilli Peppers, Gorillaz, Ryan Adams, Vance Joy e The Killers.<\/p>\n<p style=\"text-align:justify\"><strong>Whitney Pioneer Days 2017<\/strong><\/p>\n<p style=\"text-align:justify\">No dia 7 de outubro, a cidade de Downtown Whitney, no caminho entre Austin e Dallas, realizar\u00e1 o festival Pioneer Days, com diversas atividades que v\u00e3o da venda de livros e artigos de decora\u00e7\u00e3o para a casa, at\u00e9 o principal atrativo da festa: desfile de carros cl\u00e1ssicos. Al\u00e9m disso, \u00e9 poss\u00edvel curtir banda marcial, carros aleg\u00f3ricos e, claro, muita dan\u00e7a carnavalesca. Para aqueles que tiverem f\u00f4lego, o desafio \u00e9 uma corrida de 5 quil\u00f4metros.<\/p>\n<p style=\"text-align:justify\"><a class=\"fancybox-media\" href=\"..\/_uploads\/_noticia\/2017-08\/acl-nme-2014---acl-2014-nme-photo-credit-andy-forde-full-usage-permissions--58-.jpg--1-.jpg\" rel=\"portfolio\"><img decoding=\"async\" alt=\"\" src=\"..\/_uploads\/_noticia\/2017-08\/acl-nme-2014---acl-2014-nme-photo-credit-andy-forde-full-usage-permissions--58-.jpg--1-.jpg\" \/><\/a><\/p>\n<p style=\"text-align:justify\"><strong>Roots Reggae Houston 2017<\/strong><\/p>\n<p style=\"text-align:justify\">O Reggae mudou a postura da sociedade durante os anos 1970 e uniu diversas culturas atrav\u00e9s da m\u00fasica. Pensando nisso, Houston far\u00e1 um evento no dia 8 de outubro para trazer o melhor do ritmo. A lineup do Roots Reggae j\u00e1 est\u00e1 com algumas bandas confirmadas, como Idiginis, King Baby, The High Mile, entre outras. O objetivo \u00e9 reunir os amantes da m\u00fasica para curtir um reggae texano, que sofreu influ\u00eancia de outros estilos musicais.<\/p>\n<p style=\"text-align:justify\">Houston Open Air<\/p>\n<p style=\"text-align:justify\">O Houston Open Air \u00e9 um festival voltado principalmente para os amantes de rock, em especial dos estilos hardcore e metal. O evento acontecer\u00e1 no fim de semana dos dias 14 e 15 de outubro, no The Cynthia Woods Mitchell Pavilion, em The Woodland, Houston. Nomes como Five Finger Death Punch, Marilyn Manson, Prophets of Rage, Stone Sour, HaleStorm, Mastodon, Zakk Sabbath, Gojira, Steel Panther e Suicidal Tendencies j\u00e1 confirmaram presen\u00e7a para o HOA17. O evento conta, ainda, com muitas op\u00e7\u00f5es gastron\u00f4micas, sendo uma delas o Brazilian Bistro, especializado em comida brasileira.<\/p>\n<p style=\"text-align:justify\"><strong>Mala Luna Music Festival<\/strong><\/p>\n<p style=\"text-align:justify\">O Mala Luna Music Festival est\u00e1 agendado para os dias 28 e 29 de outubro, em San Antonio, e tem como principal objetivo aproximar f\u00e3s dos mais variados estilos musicais, gerando uma rica troca cultural. Parte do dinheiro arrecadado com a venda de ingressos ser\u00e1 doado para o Network for Young Artists, uma organiza\u00e7\u00e3o local n\u00e3o governamental que visa estimular a participa\u00e7\u00e3o de jovens artistas em aulas de m\u00fasica e dan\u00e7a. A agenda dessa edi\u00e7\u00e3o ainda n\u00e3o est\u00e1 confirmada, mas para se ter uma ideia, em 2016, Steve Aoki passou pelos palcos do evento e, ent\u00e3o, podemos esperar por atra\u00e7\u00f5es de peso.<\/p>\n<p><\/span><\/p>\n","protected":false},"excerpt":{"rendered":"<p>Famoso por ser palco do SXSW (South by Southwest), turistas do mundo inteiro aterrissam em busca de experi\u00eancias culturais<\/p>\n","protected":false},"author":1,"featured_media":0,"comment_status":"open","ping_status":"open","sticky":false,"template":"","format":"standard","meta":{"footnotes":""},"categories":[],"tags":[],"class_list":["post-1120","post","type-post","status-publish","format-standard","hentry"],"yoast_head":"<!-- This site is optimized with the Yoast SEO plugin v26.2 - https:\/\/yoast.com\/wordpress\/plugins\/seo\/ -->\n<title>TEXAS SER\u00c1 PALCO DE FESTIVAIS NO SEGUNDO SEMESTRE DE 2017 - Travel3<\/title>\n<meta name=\"description\" content=\"A TRAVEL3 \u00e9 um portal de conte\u00fado voltado para o turismo, encontre destinos, viagens, hospedagem, passagens, guias, not\u00edcias sobre o mercado do turismo, dicas de viagem, v\u00eddeos e podcast.\" \/>\n<meta name=\"robots\" content=\"index, follow, max-snippet:-1, max-image-preview:large, max-video-preview:-1\" \/>\n<link rel=\"canonical\" href=\"https:\/\/www.travel3.com.br\/site\/sem-categoria\/texas-sera-palco-de-festivais-no-segundo-semestre-de-2017\/\" \/>\n<meta property=\"og:locale\" content=\"pt_BR\" \/>\n<meta property=\"og:type\" content=\"article\" \/>\n<meta property=\"og:title\" content=\"TEXAS SER\u00c1 PALCO DE FESTIVAIS NO SEGUNDO SEMESTRE DE 2017 - Travel3\" \/>\n<meta property=\"og:description\" content=\"A TRAVEL3 \u00e9 um portal de conte\u00fado voltado para o turismo, encontre destinos, viagens, hospedagem, passagens, guias, not\u00edcias sobre o mercado do turismo, dicas de viagem, v\u00eddeos e podcast.\" \/>\n<meta property=\"og:url\" content=\"https:\/\/www.travel3.com.br\/site\/sem-categoria\/texas-sera-palco-de-festivais-no-segundo-semestre-de-2017\/\" \/>\n<meta property=\"og:site_name\" content=\"Travel3\" \/>\n<meta property=\"article:publisher\" content=\"https:\/\/www.facebook.com\/travel3media\/\" \/>\n<meta property=\"article:published_time\" content=\"2017-09-11T02:35:56+00:00\" \/>\n<meta name=\"author\" content=\"admin\" \/>\n<meta name=\"twitter:card\" content=\"summary_large_image\" \/>\n<meta name=\"twitter:label1\" content=\"Escrito por\" \/>\n\t<meta name=\"twitter:data1\" content=\"admin\" \/>\n\t<meta name=\"twitter:label2\" content=\"Est. tempo de leitura\" \/>\n\t<meta name=\"twitter:data2\" content=\"3 minutos\" \/>\n<script type=\"application\/ld+json\" class=\"yoast-schema-graph\">{\"@context\":\"https:\/\/schema.org\",\"@graph\":[{\"@type\":\"Article\",\"@id\":\"https:\/\/www.travel3.com.br\/site\/sem-categoria\/texas-sera-palco-de-festivais-no-segundo-semestre-de-2017\/#article\",\"isPartOf\":{\"@id\":\"https:\/\/www.travel3.com.br\/site\/sem-categoria\/texas-sera-palco-de-festivais-no-segundo-semestre-de-2017\/\"},\"author\":{\"name\":\"admin\",\"@id\":\"https:\/\/www.travel3.com.br\/site\/#\/schema\/person\/a69d71e41a024999b6ab82369ac0bd1e\"},\"headline\":\"TEXAS SER\u00c1 PALCO DE FESTIVAIS NO SEGUNDO SEMESTRE DE 2017\",\"datePublished\":\"2017-09-11T02:35:56+00:00\",\"mainEntityOfPage\":{\"@id\":\"https:\/\/www.travel3.com.br\/site\/sem-categoria\/texas-sera-palco-de-festivais-no-segundo-semestre-de-2017\/\"},\"wordCount\":628,\"commentCount\":0,\"publisher\":{\"@id\":\"https:\/\/www.travel3.com.br\/site\/#organization\"},\"inLanguage\":\"pt-BR\",\"potentialAction\":[{\"@type\":\"CommentAction\",\"name\":\"Comment\",\"target\":[\"https:\/\/www.travel3.com.br\/site\/sem-categoria\/texas-sera-palco-de-festivais-no-segundo-semestre-de-2017\/#respond\"]}]},{\"@type\":\"WebPage\",\"@id\":\"https:\/\/www.travel3.com.br\/site\/sem-categoria\/texas-sera-palco-de-festivais-no-segundo-semestre-de-2017\/\",\"url\":\"https:\/\/www.travel3.com.br\/site\/sem-categoria\/texas-sera-palco-de-festivais-no-segundo-semestre-de-2017\/\",\"name\":\"TEXAS SER\u00c1 PALCO DE FESTIVAIS NO SEGUNDO SEMESTRE DE 2017 - Travel3\",\"isPartOf\":{\"@id\":\"https:\/\/www.travel3.com.br\/site\/#website\"},\"datePublished\":\"2017-09-11T02:35:56+00:00\",\"description\":\"A TRAVEL3 \u00e9 um portal de conte\u00fado voltado para o turismo, encontre destinos, viagens, hospedagem, passagens, guias, not\u00edcias sobre o mercado do turismo, dicas de viagem, v\u00eddeos e podcast.\",\"breadcrumb\":{\"@id\":\"https:\/\/www.travel3.com.br\/site\/sem-categoria\/texas-sera-palco-de-festivais-no-segundo-semestre-de-2017\/#breadcrumb\"},\"inLanguage\":\"pt-BR\",\"potentialAction\":[{\"@type\":\"ReadAction\",\"target\":[\"https:\/\/www.travel3.com.br\/site\/sem-categoria\/texas-sera-palco-de-festivais-no-segundo-semestre-de-2017\/\"]}]},{\"@type\":\"BreadcrumbList\",\"@id\":\"https:\/\/www.travel3.com.br\/site\/sem-categoria\/texas-sera-palco-de-festivais-no-segundo-semestre-de-2017\/#breadcrumb\",\"itemListElement\":[{\"@type\":\"ListItem\",\"position\":1,\"name\":\"In\u00edcio\",\"item\":\"https:\/\/www.travel3.com.br\/site\/\"},{\"@type\":\"ListItem\",\"position\":2,\"name\":\"TEXAS SER\u00c1 PALCO DE FESTIVAIS NO SEGUNDO SEMESTRE DE 2017\"}]},{\"@type\":\"WebSite\",\"@id\":\"https:\/\/www.travel3.com.br\/site\/#website\",\"url\":\"https:\/\/www.travel3.com.br\/site\/\",\"name\":\"Travel3\",\"description\":\"Lazer + Neg&oacute;cios + Aventura\",\"publisher\":{\"@id\":\"https:\/\/www.travel3.com.br\/site\/#organization\"},\"potentialAction\":[{\"@type\":\"SearchAction\",\"target\":{\"@type\":\"EntryPoint\",\"urlTemplate\":\"https:\/\/www.travel3.com.br\/site\/?s={search_term_string}\"},\"query-input\":{\"@type\":\"PropertyValueSpecification\",\"valueRequired\":true,\"valueName\":\"search_term_string\"}}],\"inLanguage\":\"pt-BR\"},{\"@type\":\"Organization\",\"@id\":\"https:\/\/www.travel3.com.br\/site\/#organization\",\"name\":\"Travel3\",\"url\":\"https:\/\/www.travel3.com.br\/site\/\",\"logo\":{\"@type\":\"ImageObject\",\"inLanguage\":\"pt-BR\",\"@id\":\"https:\/\/www.travel3.com.br\/site\/#\/schema\/logo\/image\/\",\"url\":\"https:\/\/www.travel3.com.br\/site\/wp-content\/uploads\/2020\/01\/logo-travel3-2020.png\",\"contentUrl\":\"https:\/\/www.travel3.com.br\/site\/wp-content\/uploads\/2020\/01\/logo-travel3-2020.png\",\"width\":232,\"height\":79,\"caption\":\"Travel3\"},\"image\":{\"@id\":\"https:\/\/www.travel3.com.br\/site\/#\/schema\/logo\/image\/\"},\"sameAs\":[\"https:\/\/www.facebook.com\/travel3media\/\",\"https:\/\/www.instagram.com\/revistatravel3\/\",\"https:\/\/www.youtube.com\/channel\/UCno7J4paGBR3VbZQzvoJ9Eg\"]},{\"@type\":\"Person\",\"@id\":\"https:\/\/www.travel3.com.br\/site\/#\/schema\/person\/a69d71e41a024999b6ab82369ac0bd1e\",\"name\":\"admin\",\"image\":{\"@type\":\"ImageObject\",\"inLanguage\":\"pt-BR\",\"@id\":\"https:\/\/www.travel3.com.br\/site\/#\/schema\/person\/image\/\",\"url\":\"https:\/\/secure.gravatar.com\/avatar\/732a67adfd764da2a47ba10ce731c4c0?s=96&d=mm&r=g\",\"contentUrl\":\"https:\/\/secure.gravatar.com\/avatar\/732a67adfd764da2a47ba10ce731c4c0?s=96&d=mm&r=g\",\"caption\":\"admin\"},\"url\":\"https:\/\/www.travel3.com.br\/site\/author\/admin\/\"}]}<\/script>\n<!-- \/ Yoast SEO plugin. -->","yoast_head_json":{"title":"TEXAS SER\u00c1 PALCO DE FESTIVAIS NO SEGUNDO SEMESTRE DE 2017 - Travel3","description":"A TRAVEL3 \u00e9 um portal de conte\u00fado voltado para o turismo, encontre destinos, viagens, hospedagem, passagens, guias, not\u00edcias sobre o mercado do turismo, dicas de viagem, v\u00eddeos e podcast.","robots":{"index":"index","follow":"follow","max-snippet":"max-snippet:-1","max-image-preview":"max-image-preview:large","max-video-preview":"max-video-preview:-1"},"canonical":"https:\/\/www.travel3.com.br\/site\/sem-categoria\/texas-sera-palco-de-festivais-no-segundo-semestre-de-2017\/","og_locale":"pt_BR","og_type":"article","og_title":"TEXAS SER\u00c1 PALCO DE FESTIVAIS NO SEGUNDO SEMESTRE DE 2017 - Travel3","og_description":"A TRAVEL3 \u00e9 um portal de conte\u00fado voltado para o turismo, encontre destinos, viagens, hospedagem, passagens, guias, not\u00edcias sobre o mercado do turismo, dicas de viagem, v\u00eddeos e podcast.","og_url":"https:\/\/www.travel3.com.br\/site\/sem-categoria\/texas-sera-palco-de-festivais-no-segundo-semestre-de-2017\/","og_site_name":"Travel3","article_publisher":"https:\/\/www.facebook.com\/travel3media\/","article_published_time":"2017-09-11T02:35:56+00:00","author":"admin","twitter_card":"summary_large_image","twitter_misc":{"Escrito por":"admin","Est. tempo de leitura":"3 minutos"},"schema":{"@context":"https:\/\/schema.org","@graph":[{"@type":"Article","@id":"https:\/\/www.travel3.com.br\/site\/sem-categoria\/texas-sera-palco-de-festivais-no-segundo-semestre-de-2017\/#article","isPartOf":{"@id":"https:\/\/www.travel3.com.br\/site\/sem-categoria\/texas-sera-palco-de-festivais-no-segundo-semestre-de-2017\/"},"author":{"name":"admin","@id":"https:\/\/www.travel3.com.br\/site\/#\/schema\/person\/a69d71e41a024999b6ab82369ac0bd1e"},"headline":"TEXAS SER\u00c1 PALCO DE FESTIVAIS NO SEGUNDO SEMESTRE DE 2017","datePublished":"2017-09-11T02:35:56+00:00","mainEntityOfPage":{"@id":"https:\/\/www.travel3.com.br\/site\/sem-categoria\/texas-sera-palco-de-festivais-no-segundo-semestre-de-2017\/"},"wordCount":628,"commentCount":0,"publisher":{"@id":"https:\/\/www.travel3.com.br\/site\/#organization"},"inLanguage":"pt-BR","potentialAction":[{"@type":"CommentAction","name":"Comment","target":["https:\/\/www.travel3.com.br\/site\/sem-categoria\/texas-sera-palco-de-festivais-no-segundo-semestre-de-2017\/#respond"]}]},{"@type":"WebPage","@id":"https:\/\/www.travel3.com.br\/site\/sem-categoria\/texas-sera-palco-de-festivais-no-segundo-semestre-de-2017\/","url":"https:\/\/www.travel3.com.br\/site\/sem-categoria\/texas-sera-palco-de-festivais-no-segundo-semestre-de-2017\/","name":"TEXAS SER\u00c1 PALCO DE FESTIVAIS NO SEGUNDO SEMESTRE DE 2017 - Travel3","isPartOf":{"@id":"https:\/\/www.travel3.com.br\/site\/#website"},"datePublished":"2017-09-11T02:35:56+00:00","description":"A TRAVEL3 \u00e9 um portal de conte\u00fado voltado para o turismo, encontre destinos, viagens, hospedagem, passagens, guias, not\u00edcias sobre o mercado do turismo, dicas de viagem, v\u00eddeos e podcast.","breadcrumb":{"@id":"https:\/\/www.travel3.com.br\/site\/sem-categoria\/texas-sera-palco-de-festivais-no-segundo-semestre-de-2017\/#breadcrumb"},"inLanguage":"pt-BR","potentialAction":[{"@type":"ReadAction","target":["https:\/\/www.travel3.com.br\/site\/sem-categoria\/texas-sera-palco-de-festivais-no-segundo-semestre-de-2017\/"]}]},{"@type":"BreadcrumbList","@id":"https:\/\/www.travel3.com.br\/site\/sem-categoria\/texas-sera-palco-de-festivais-no-segundo-semestre-de-2017\/#breadcrumb","itemListElement":[{"@type":"ListItem","position":1,"name":"In\u00edcio","item":"https:\/\/www.travel3.com.br\/site\/"},{"@type":"ListItem","position":2,"name":"TEXAS SER\u00c1 PALCO DE FESTIVAIS NO SEGUNDO SEMESTRE DE 2017"}]},{"@type":"WebSite","@id":"https:\/\/www.travel3.com.br\/site\/#website","url":"https:\/\/www.travel3.com.br\/site\/","name":"Travel3","description":"Lazer + Neg&oacute;cios + Aventura","publisher":{"@id":"https:\/\/www.travel3.com.br\/site\/#organization"},"potentialAction":[{"@type":"SearchAction","target":{"@type":"EntryPoint","urlTemplate":"https:\/\/www.travel3.com.br\/site\/?s={search_term_string}"},"query-input":{"@type":"PropertyValueSpecification","valueRequired":true,"valueName":"search_term_string"}}],"inLanguage":"pt-BR"},{"@type":"Organization","@id":"https:\/\/www.travel3.com.br\/site\/#organization","name":"Travel3","url":"https:\/\/www.travel3.com.br\/site\/","logo":{"@type":"ImageObject","inLanguage":"pt-BR","@id":"https:\/\/www.travel3.com.br\/site\/#\/schema\/logo\/image\/","url":"https:\/\/www.travel3.com.br\/site\/wp-content\/uploads\/2020\/01\/logo-travel3-2020.png","contentUrl":"https:\/\/www.travel3.com.br\/site\/wp-content\/uploads\/2020\/01\/logo-travel3-2020.png","width":232,"height":79,"caption":"Travel3"},"image":{"@id":"https:\/\/www.travel3.com.br\/site\/#\/schema\/logo\/image\/"},"sameAs":["https:\/\/www.facebook.com\/travel3media\/","https:\/\/www.instagram.com\/revistatravel3\/","https:\/\/www.youtube.com\/channel\/UCno7J4paGBR3VbZQzvoJ9Eg"]},{"@type":"Person","@id":"https:\/\/www.travel3.com.br\/site\/#\/schema\/person\/a69d71e41a024999b6ab82369ac0bd1e","name":"admin","image":{"@type":"ImageObject","inLanguage":"pt-BR","@id":"https:\/\/www.travel3.com.br\/site\/#\/schema\/person\/image\/","url":"https:\/\/secure.gravatar.com\/avatar\/732a67adfd764da2a47ba10ce731c4c0?s=96&d=mm&r=g","contentUrl":"https:\/\/secure.gravatar.com\/avatar\/732a67adfd764da2a47ba10ce731c4c0?s=96&d=mm&r=g","caption":"admin"},"url":"https:\/\/www.travel3.com.br\/site\/author\/admin\/"}]}},"_links":{"self":[{"href":"https:\/\/www.travel3.com.br\/site\/wp-json\/wp\/v2\/posts\/1120","targetHints":{"allow":["GET"]}}],"collection":[{"href":"https:\/\/www.travel3.com.br\/site\/wp-json\/wp\/v2\/posts"}],"about":[{"href":"https:\/\/www.travel3.com.br\/site\/wp-json\/wp\/v2\/types\/post"}],"author":[{"embeddable":true,"href":"https:\/\/www.travel3.com.br\/site\/wp-json\/wp\/v2\/users\/1"}],"replies":[{"embeddable":true,"href":"https:\/\/www.travel3.com.br\/site\/wp-json\/wp\/v2\/comments?post=1120"}],"version-history":[{"count":0,"href":"https:\/\/www.travel3.com.br\/site\/wp-json\/wp\/v2\/posts\/1120\/revisions"}],"wp:attachment":[{"href":"https:\/\/www.travel3.com.br\/site\/wp-json\/wp\/v2\/media?parent=1120"}],"wp:term":[{"taxonomy":"category","embeddable":true,"href":"https:\/\/www.travel3.com.br\/site\/wp-json\/wp\/v2\/categories?post=1120"},{"taxonomy":"post_tag","embeddable":true,"href":"https:\/\/www.travel3.com.br\/site\/wp-json\/wp\/v2\/tags?post=1120"}],"curies":[{"name":"wp","href":"https:\/\/api.w.org\/{rel}","templated":true}]}}