{"id":1099,"date":"2017-08-23T04:08:13","date_gmt":"2017-08-23T04:08:13","guid":{"rendered":"http:\/\/www.travel3.com.br\/site\/ir-e-vir\/ar\/ministerio-comeca-a-olhar-com-maior-atencao-para-o-turismo-de-pesca\/"},"modified":"2017-08-23T04:08:13","modified_gmt":"2017-08-23T04:08:13","slug":"ministerio-comeca-a-olhar-com-maior-atencao-para-o-turismo-de-pesca","status":"publish","type":"post","link":"https:\/\/www.travel3.com.br\/site\/sem-categoria\/ministerio-comeca-a-olhar-com-maior-atencao-para-o-turismo-de-pesca\/","title":{"rendered":"MINIST\u00c9RIO COME\u00c7A A OLHAR COM MAIOR ATEN\u00c7\u00c3O PARA O TURISMO DE PESCA"},"content":{"rendered":"<p><span style=\"color: #40acad; font-family: -apple-system, system-ui, 'Segoe UI', Roboto, Oxygen-Sans, Ubuntu, Cantarell, 'Helvetica Neue', sans-serif; font-size: 12px; font-weight: bold;\"><\/p>\n<p style=\"text-align:justify\">Localizada no cora\u00e7\u00e3o do Pantanal, Corumb\u00e1 (MS) \u00e9 um dos principais destinos brasileiros de natureza e aventura. A cidade hist\u00f3rica, nas margens do rio Paraguai, recebeu, o ministro do Turismo, Marx Beltr\u00e3o, \u00a0que foi discutir com as autoridades locais e segmentos do turismo regional o fortalecimento da atividade \u00a0de pesca na regi\u00e3o. O debate \u00a0foi durante o semin\u00e1rio \u201cTurismo no Pantanal \u2013 Perspectivas de Desenvolvimento\u201d.<\/p>\n<p style=\"text-align:justify\">Entre os assuntos debatidos, a import\u00e2ncia da conectividade a\u00e9rea para atrair mais visitantes brasileiros e estrangeiros, al\u00e9m das melhorias no porto fluvial para o incremento da pesca esportiva. Tamb\u00e9m participaram do semin\u00e1rio o prefeito de Corumb\u00e1, Ruiter Cunha de Oliveira, o secret\u00e1rio de Meio Ambiente do Mato Grosso do Sul, Jaime Verruck, o Diretor-Presidente da Funda\u00e7\u00e3o de Turismo do estado, Bruno Wendling, e outras autoridades.<\/p>\n<p style=\"text-align:justify\">\u201cN\u00e3o basta o porto, ele precisa estar preparado para receber bem o visitante e a constru\u00e7\u00e3o de terminal de embarque e desembarque, ser\u00e1 fundamental para dar mais conforto para os turistas dos cruzeiros fluviais e de pesca esportiva\u201d, reconheceu o ministro. O projeto do terminal de passageiros do Porto de Corumb\u00e1 est\u00e1 inscrito no Sistema de Conv\u00eanios do Governo Federal (Siconv) com previs\u00e3o de repasse de R$ 1 milh\u00e3o, mesmo valor que dever\u00e1 ser investido pelo governo estadual. A libera\u00e7\u00e3o do R$ 1,5 milh\u00e3o restante ser\u00e1 por meio de emenda no or\u00e7amento da Pasta.<\/p>\n<p style=\"text-align:justify\">A cidade hist\u00f3rica de Corumb\u00e1, al\u00e9m de \u201cCapital do Pantanal\u201d, \u00e9 um polo cultural do Mato Grosso do Sul, celebrizando-se como um centro de festejos juninos.<\/p>\n<p style=\"text-align:justify\">O ministro do Turismo destacou que j\u00e1 foram contratados cerca de R$ 70 milh\u00f5es em projetos e obras com o governo do Mato Grosso do Sul e em torno de R$ 60 milh\u00f5es em conv\u00eanios diretamente com os munic\u00edpios para incrementar as atividades do turismo na regi\u00e3o pantaneira, principalmente no setor da pesca fluvial.<\/p>\n<p style=\"text-align:justify\">\u201cO Mato Grosso do Sul \u00e9 de grande import\u00e2ncia para o turismo brasileiro e estamos dando total apoio ao estado e munic\u00edpios para o crescimento do turismo deste destino\u201d, afirmou.<\/p>\n<p style=\"text-align:justify\">Al\u00e9m do semin\u00e1rio realizado no Centro de Conven\u00e7\u00f5es do Pantanal, Marx Beltr\u00e3o conheceu o Centro Hist\u00f3rico de Corumb\u00e1 e um dos hot\u00e9is flutuantes que navegam pelo rio Paraguai. A embarca\u00e7\u00e3o j\u00e1 tem reservas confirmadas at\u00e9 2019 e \u00e9 um exemplo da import\u00e2ncia da pesca esportiva para o desenvolvimento do turismo regional.<\/p>\n<p style=\"text-align:justify\">O Pantanal abrange os estados do Mato Grosso do Sul e Mato Grosso, na divisa do Brasil com a Bol\u00edvia e o Paraguai \u00e9 Patrimonio Natural reconhecido pela UNESCO e uma das principais regi\u00f5es pesqueiras do Pais. A outra \u00e9 a Amaz\u00f4nia com a sua enorme extens\u00e3o\u00a0 na malha fluvial.<\/p>\n<p style=\"text-align:justify\">A pesca dever\u00e1 ser uma das novidades principais em rela\u00e7\u00e3o aos setores em exposi\u00e7\u00e3o na pr\u00f3xima feira da AbavExpoBraztoa em setembro.\u00a0 A coordena\u00e7\u00e3o da feira confirma que o segmento dever\u00e1 ter espa\u00e7o e posi\u00e7\u00e3o alavancadas como um dos atrativos para as ag\u00eancias de viagens, al\u00e9m daquelas j\u00e1 especializadas na comercializa\u00e7\u00e3o do produto.<\/p>\n<p style=\"text-align:justify\"><strong>Ministro do Turismo e autoridades do Mato Grosso do Sul em passeio de barco pelo Rio Paraguai<\/strong><\/p>\n<p><a class=\"fancybox-media\" href=\"..\/_uploads\/_noticia\/2017-08\/ministronopantanalrioparaguai.jpg\" rel=\"portfolio\"><img decoding=\"async\" alt=\"\" src=\"..\/_uploads\/_noticia\/2017-08\/ministronopantanalrioparaguai.jpg\" \/><\/a><\/p>\n<p><a class=\"fancybox-media\" href=\"..\/_uploads\/_noticia\/2017-08\/2marxbeltraonopantanal.jpg\" rel=\"portfolio\"><img decoding=\"async\" alt=\"\" src=\"..\/_uploads\/_noticia\/2017-08\/2marxbeltraonopantanal.jpg\" \/><\/a><\/p>\n<p><\/span><\/p>\n","protected":false},"excerpt":{"rendered":"<p>Setor poder\u00e1 ser intensificado na promo\u00e7\u00e3o e incentivo, segundo antecipou Marx Beltr\u00e3o em visita a Corumb\u00e1; pesca ir\u00e1 a Expo de setembro<\/p>\n","protected":false},"author":1,"featured_media":0,"comment_status":"open","ping_status":"open","sticky":false,"template":"","format":"standard","meta":{"footnotes":""},"categories":[],"tags":[],"class_list":["post-1099","post","type-post","status-publish","format-standard","hentry"],"yoast_head":"<!-- This site is optimized with the Yoast SEO plugin v26.2 - https:\/\/yoast.com\/wordpress\/plugins\/seo\/ -->\n<title>MINIST\u00c9RIO COME\u00c7A A OLHAR COM MAIOR ATEN\u00c7\u00c3O PARA O TURISMO DE PESCA - Travel3<\/title>\n<meta name=\"description\" content=\"A TRAVEL3 \u00e9 um portal de conte\u00fado voltado para o turismo, encontre destinos, viagens, hospedagem, passagens, guias, not\u00edcias sobre o mercado do turismo, dicas de viagem, v\u00eddeos e podcast.\" \/>\n<meta name=\"robots\" content=\"index, follow, max-snippet:-1, max-image-preview:large, max-video-preview:-1\" \/>\n<link rel=\"canonical\" href=\"https:\/\/www.travel3.com.br\/site\/sem-categoria\/ministerio-comeca-a-olhar-com-maior-atencao-para-o-turismo-de-pesca\/\" \/>\n<meta property=\"og:locale\" content=\"pt_BR\" \/>\n<meta property=\"og:type\" content=\"article\" \/>\n<meta property=\"og:title\" content=\"MINIST\u00c9RIO COME\u00c7A A OLHAR COM MAIOR ATEN\u00c7\u00c3O PARA O TURISMO DE PESCA - Travel3\" \/>\n<meta property=\"og:description\" content=\"A TRAVEL3 \u00e9 um portal de conte\u00fado voltado para o turismo, encontre destinos, viagens, hospedagem, passagens, guias, not\u00edcias sobre o mercado do turismo, dicas de viagem, v\u00eddeos e podcast.\" \/>\n<meta property=\"og:url\" content=\"https:\/\/www.travel3.com.br\/site\/sem-categoria\/ministerio-comeca-a-olhar-com-maior-atencao-para-o-turismo-de-pesca\/\" \/>\n<meta property=\"og:site_name\" content=\"Travel3\" \/>\n<meta property=\"article:publisher\" content=\"https:\/\/www.facebook.com\/travel3media\/\" \/>\n<meta property=\"article:published_time\" content=\"2017-08-23T04:08:13+00:00\" \/>\n<meta name=\"author\" content=\"admin\" \/>\n<meta name=\"twitter:card\" content=\"summary_large_image\" \/>\n<meta name=\"twitter:label1\" content=\"Escrito por\" \/>\n\t<meta name=\"twitter:data1\" content=\"admin\" \/>\n\t<meta name=\"twitter:label2\" content=\"Est. tempo de leitura\" \/>\n\t<meta name=\"twitter:data2\" content=\"3 minutos\" \/>\n<script type=\"application\/ld+json\" class=\"yoast-schema-graph\">{\"@context\":\"https:\/\/schema.org\",\"@graph\":[{\"@type\":\"Article\",\"@id\":\"https:\/\/www.travel3.com.br\/site\/sem-categoria\/ministerio-comeca-a-olhar-com-maior-atencao-para-o-turismo-de-pesca\/#article\",\"isPartOf\":{\"@id\":\"https:\/\/www.travel3.com.br\/site\/sem-categoria\/ministerio-comeca-a-olhar-com-maior-atencao-para-o-turismo-de-pesca\/\"},\"author\":{\"name\":\"admin\",\"@id\":\"https:\/\/www.travel3.com.br\/site\/#\/schema\/person\/a69d71e41a024999b6ab82369ac0bd1e\"},\"headline\":\"MINIST\u00c9RIO COME\u00c7A A OLHAR COM MAIOR ATEN\u00c7\u00c3O PARA O TURISMO DE PESCA\",\"datePublished\":\"2017-08-23T04:08:13+00:00\",\"mainEntityOfPage\":{\"@id\":\"https:\/\/www.travel3.com.br\/site\/sem-categoria\/ministerio-comeca-a-olhar-com-maior-atencao-para-o-turismo-de-pesca\/\"},\"wordCount\":557,\"commentCount\":0,\"publisher\":{\"@id\":\"https:\/\/www.travel3.com.br\/site\/#organization\"},\"inLanguage\":\"pt-BR\",\"potentialAction\":[{\"@type\":\"CommentAction\",\"name\":\"Comment\",\"target\":[\"https:\/\/www.travel3.com.br\/site\/sem-categoria\/ministerio-comeca-a-olhar-com-maior-atencao-para-o-turismo-de-pesca\/#respond\"]}]},{\"@type\":\"WebPage\",\"@id\":\"https:\/\/www.travel3.com.br\/site\/sem-categoria\/ministerio-comeca-a-olhar-com-maior-atencao-para-o-turismo-de-pesca\/\",\"url\":\"https:\/\/www.travel3.com.br\/site\/sem-categoria\/ministerio-comeca-a-olhar-com-maior-atencao-para-o-turismo-de-pesca\/\",\"name\":\"MINIST\u00c9RIO COME\u00c7A A OLHAR COM MAIOR ATEN\u00c7\u00c3O PARA O TURISMO DE PESCA - Travel3\",\"isPartOf\":{\"@id\":\"https:\/\/www.travel3.com.br\/site\/#website\"},\"datePublished\":\"2017-08-23T04:08:13+00:00\",\"description\":\"A TRAVEL3 \u00e9 um portal de conte\u00fado voltado para o turismo, encontre destinos, viagens, hospedagem, passagens, guias, not\u00edcias sobre o mercado do turismo, dicas de viagem, v\u00eddeos e podcast.\",\"breadcrumb\":{\"@id\":\"https:\/\/www.travel3.com.br\/site\/sem-categoria\/ministerio-comeca-a-olhar-com-maior-atencao-para-o-turismo-de-pesca\/#breadcrumb\"},\"inLanguage\":\"pt-BR\",\"potentialAction\":[{\"@type\":\"ReadAction\",\"target\":[\"https:\/\/www.travel3.com.br\/site\/sem-categoria\/ministerio-comeca-a-olhar-com-maior-atencao-para-o-turismo-de-pesca\/\"]}]},{\"@type\":\"BreadcrumbList\",\"@id\":\"https:\/\/www.travel3.com.br\/site\/sem-categoria\/ministerio-comeca-a-olhar-com-maior-atencao-para-o-turismo-de-pesca\/#breadcrumb\",\"itemListElement\":[{\"@type\":\"ListItem\",\"position\":1,\"name\":\"In\u00edcio\",\"item\":\"https:\/\/www.travel3.com.br\/site\/\"},{\"@type\":\"ListItem\",\"position\":2,\"name\":\"MINIST\u00c9RIO COME\u00c7A A OLHAR COM MAIOR ATEN\u00c7\u00c3O PARA O TURISMO DE PESCA\"}]},{\"@type\":\"WebSite\",\"@id\":\"https:\/\/www.travel3.com.br\/site\/#website\",\"url\":\"https:\/\/www.travel3.com.br\/site\/\",\"name\":\"Travel3\",\"description\":\"Lazer + Neg&oacute;cios + Aventura\",\"publisher\":{\"@id\":\"https:\/\/www.travel3.com.br\/site\/#organization\"},\"potentialAction\":[{\"@type\":\"SearchAction\",\"target\":{\"@type\":\"EntryPoint\",\"urlTemplate\":\"https:\/\/www.travel3.com.br\/site\/?s={search_term_string}\"},\"query-input\":{\"@type\":\"PropertyValueSpecification\",\"valueRequired\":true,\"valueName\":\"search_term_string\"}}],\"inLanguage\":\"pt-BR\"},{\"@type\":\"Organization\",\"@id\":\"https:\/\/www.travel3.com.br\/site\/#organization\",\"name\":\"Travel3\",\"url\":\"https:\/\/www.travel3.com.br\/site\/\",\"logo\":{\"@type\":\"ImageObject\",\"inLanguage\":\"pt-BR\",\"@id\":\"https:\/\/www.travel3.com.br\/site\/#\/schema\/logo\/image\/\",\"url\":\"https:\/\/www.travel3.com.br\/site\/wp-content\/uploads\/2020\/01\/logo-travel3-2020.png\",\"contentUrl\":\"https:\/\/www.travel3.com.br\/site\/wp-content\/uploads\/2020\/01\/logo-travel3-2020.png\",\"width\":232,\"height\":79,\"caption\":\"Travel3\"},\"image\":{\"@id\":\"https:\/\/www.travel3.com.br\/site\/#\/schema\/logo\/image\/\"},\"sameAs\":[\"https:\/\/www.facebook.com\/travel3media\/\",\"https:\/\/www.instagram.com\/revistatravel3\/\",\"https:\/\/www.youtube.com\/channel\/UCno7J4paGBR3VbZQzvoJ9Eg\"]},{\"@type\":\"Person\",\"@id\":\"https:\/\/www.travel3.com.br\/site\/#\/schema\/person\/a69d71e41a024999b6ab82369ac0bd1e\",\"name\":\"admin\",\"image\":{\"@type\":\"ImageObject\",\"inLanguage\":\"pt-BR\",\"@id\":\"https:\/\/www.travel3.com.br\/site\/#\/schema\/person\/image\/\",\"url\":\"https:\/\/secure.gravatar.com\/avatar\/732a67adfd764da2a47ba10ce731c4c0?s=96&d=mm&r=g\",\"contentUrl\":\"https:\/\/secure.gravatar.com\/avatar\/732a67adfd764da2a47ba10ce731c4c0?s=96&d=mm&r=g\",\"caption\":\"admin\"},\"url\":\"https:\/\/www.travel3.com.br\/site\/author\/admin\/\"}]}<\/script>\n<!-- \/ Yoast SEO plugin. -->","yoast_head_json":{"title":"MINIST\u00c9RIO COME\u00c7A A OLHAR COM MAIOR ATEN\u00c7\u00c3O PARA O TURISMO DE PESCA - Travel3","description":"A TRAVEL3 \u00e9 um portal de conte\u00fado voltado para o turismo, encontre destinos, viagens, hospedagem, passagens, guias, not\u00edcias sobre o mercado do turismo, dicas de viagem, v\u00eddeos e podcast.","robots":{"index":"index","follow":"follow","max-snippet":"max-snippet:-1","max-image-preview":"max-image-preview:large","max-video-preview":"max-video-preview:-1"},"canonical":"https:\/\/www.travel3.com.br\/site\/sem-categoria\/ministerio-comeca-a-olhar-com-maior-atencao-para-o-turismo-de-pesca\/","og_locale":"pt_BR","og_type":"article","og_title":"MINIST\u00c9RIO COME\u00c7A A OLHAR COM MAIOR ATEN\u00c7\u00c3O PARA O TURISMO DE PESCA - Travel3","og_description":"A TRAVEL3 \u00e9 um portal de conte\u00fado voltado para o turismo, encontre destinos, viagens, hospedagem, passagens, guias, not\u00edcias sobre o mercado do turismo, dicas de viagem, v\u00eddeos e podcast.","og_url":"https:\/\/www.travel3.com.br\/site\/sem-categoria\/ministerio-comeca-a-olhar-com-maior-atencao-para-o-turismo-de-pesca\/","og_site_name":"Travel3","article_publisher":"https:\/\/www.facebook.com\/travel3media\/","article_published_time":"2017-08-23T04:08:13+00:00","author":"admin","twitter_card":"summary_large_image","twitter_misc":{"Escrito por":"admin","Est. tempo de leitura":"3 minutos"},"schema":{"@context":"https:\/\/schema.org","@graph":[{"@type":"Article","@id":"https:\/\/www.travel3.com.br\/site\/sem-categoria\/ministerio-comeca-a-olhar-com-maior-atencao-para-o-turismo-de-pesca\/#article","isPartOf":{"@id":"https:\/\/www.travel3.com.br\/site\/sem-categoria\/ministerio-comeca-a-olhar-com-maior-atencao-para-o-turismo-de-pesca\/"},"author":{"name":"admin","@id":"https:\/\/www.travel3.com.br\/site\/#\/schema\/person\/a69d71e41a024999b6ab82369ac0bd1e"},"headline":"MINIST\u00c9RIO COME\u00c7A A OLHAR COM MAIOR ATEN\u00c7\u00c3O PARA O TURISMO DE PESCA","datePublished":"2017-08-23T04:08:13+00:00","mainEntityOfPage":{"@id":"https:\/\/www.travel3.com.br\/site\/sem-categoria\/ministerio-comeca-a-olhar-com-maior-atencao-para-o-turismo-de-pesca\/"},"wordCount":557,"commentCount":0,"publisher":{"@id":"https:\/\/www.travel3.com.br\/site\/#organization"},"inLanguage":"pt-BR","potentialAction":[{"@type":"CommentAction","name":"Comment","target":["https:\/\/www.travel3.com.br\/site\/sem-categoria\/ministerio-comeca-a-olhar-com-maior-atencao-para-o-turismo-de-pesca\/#respond"]}]},{"@type":"WebPage","@id":"https:\/\/www.travel3.com.br\/site\/sem-categoria\/ministerio-comeca-a-olhar-com-maior-atencao-para-o-turismo-de-pesca\/","url":"https:\/\/www.travel3.com.br\/site\/sem-categoria\/ministerio-comeca-a-olhar-com-maior-atencao-para-o-turismo-de-pesca\/","name":"MINIST\u00c9RIO COME\u00c7A A OLHAR COM MAIOR ATEN\u00c7\u00c3O PARA O TURISMO DE PESCA - Travel3","isPartOf":{"@id":"https:\/\/www.travel3.com.br\/site\/#website"},"datePublished":"2017-08-23T04:08:13+00:00","description":"A TRAVEL3 \u00e9 um portal de conte\u00fado voltado para o turismo, encontre destinos, viagens, hospedagem, passagens, guias, not\u00edcias sobre o mercado do turismo, dicas de viagem, v\u00eddeos e podcast.","breadcrumb":{"@id":"https:\/\/www.travel3.com.br\/site\/sem-categoria\/ministerio-comeca-a-olhar-com-maior-atencao-para-o-turismo-de-pesca\/#breadcrumb"},"inLanguage":"pt-BR","potentialAction":[{"@type":"ReadAction","target":["https:\/\/www.travel3.com.br\/site\/sem-categoria\/ministerio-comeca-a-olhar-com-maior-atencao-para-o-turismo-de-pesca\/"]}]},{"@type":"BreadcrumbList","@id":"https:\/\/www.travel3.com.br\/site\/sem-categoria\/ministerio-comeca-a-olhar-com-maior-atencao-para-o-turismo-de-pesca\/#breadcrumb","itemListElement":[{"@type":"ListItem","position":1,"name":"In\u00edcio","item":"https:\/\/www.travel3.com.br\/site\/"},{"@type":"ListItem","position":2,"name":"MINIST\u00c9RIO COME\u00c7A A OLHAR COM MAIOR ATEN\u00c7\u00c3O PARA O TURISMO DE PESCA"}]},{"@type":"WebSite","@id":"https:\/\/www.travel3.com.br\/site\/#website","url":"https:\/\/www.travel3.com.br\/site\/","name":"Travel3","description":"Lazer + Neg&oacute;cios + Aventura","publisher":{"@id":"https:\/\/www.travel3.com.br\/site\/#organization"},"potentialAction":[{"@type":"SearchAction","target":{"@type":"EntryPoint","urlTemplate":"https:\/\/www.travel3.com.br\/site\/?s={search_term_string}"},"query-input":{"@type":"PropertyValueSpecification","valueRequired":true,"valueName":"search_term_string"}}],"inLanguage":"pt-BR"},{"@type":"Organization","@id":"https:\/\/www.travel3.com.br\/site\/#organization","name":"Travel3","url":"https:\/\/www.travel3.com.br\/site\/","logo":{"@type":"ImageObject","inLanguage":"pt-BR","@id":"https:\/\/www.travel3.com.br\/site\/#\/schema\/logo\/image\/","url":"https:\/\/www.travel3.com.br\/site\/wp-content\/uploads\/2020\/01\/logo-travel3-2020.png","contentUrl":"https:\/\/www.travel3.com.br\/site\/wp-content\/uploads\/2020\/01\/logo-travel3-2020.png","width":232,"height":79,"caption":"Travel3"},"image":{"@id":"https:\/\/www.travel3.com.br\/site\/#\/schema\/logo\/image\/"},"sameAs":["https:\/\/www.facebook.com\/travel3media\/","https:\/\/www.instagram.com\/revistatravel3\/","https:\/\/www.youtube.com\/channel\/UCno7J4paGBR3VbZQzvoJ9Eg"]},{"@type":"Person","@id":"https:\/\/www.travel3.com.br\/site\/#\/schema\/person\/a69d71e41a024999b6ab82369ac0bd1e","name":"admin","image":{"@type":"ImageObject","inLanguage":"pt-BR","@id":"https:\/\/www.travel3.com.br\/site\/#\/schema\/person\/image\/","url":"https:\/\/secure.gravatar.com\/avatar\/732a67adfd764da2a47ba10ce731c4c0?s=96&d=mm&r=g","contentUrl":"https:\/\/secure.gravatar.com\/avatar\/732a67adfd764da2a47ba10ce731c4c0?s=96&d=mm&r=g","caption":"admin"},"url":"https:\/\/www.travel3.com.br\/site\/author\/admin\/"}]}},"_links":{"self":[{"href":"https:\/\/www.travel3.com.br\/site\/wp-json\/wp\/v2\/posts\/1099","targetHints":{"allow":["GET"]}}],"collection":[{"href":"https:\/\/www.travel3.com.br\/site\/wp-json\/wp\/v2\/posts"}],"about":[{"href":"https:\/\/www.travel3.com.br\/site\/wp-json\/wp\/v2\/types\/post"}],"author":[{"embeddable":true,"href":"https:\/\/www.travel3.com.br\/site\/wp-json\/wp\/v2\/users\/1"}],"replies":[{"embeddable":true,"href":"https:\/\/www.travel3.com.br\/site\/wp-json\/wp\/v2\/comments?post=1099"}],"version-history":[{"count":0,"href":"https:\/\/www.travel3.com.br\/site\/wp-json\/wp\/v2\/posts\/1099\/revisions"}],"wp:attachment":[{"href":"https:\/\/www.travel3.com.br\/site\/wp-json\/wp\/v2\/media?parent=1099"}],"wp:term":[{"taxonomy":"category","embeddable":true,"href":"https:\/\/www.travel3.com.br\/site\/wp-json\/wp\/v2\/categories?post=1099"},{"taxonomy":"post_tag","embeddable":true,"href":"https:\/\/www.travel3.com.br\/site\/wp-json\/wp\/v2\/tags?post=1099"}],"curies":[{"name":"wp","href":"https:\/\/api.w.org\/{rel}","templated":true}]}}