{"id":1079,"date":"2017-08-24T04:25:43","date_gmt":"2017-08-24T04:25:43","guid":{"rendered":"http:\/\/www.travel3.com.br\/site\/ir-e-vir\/ar\/conectar-saberes-e-pessoas-e-tema-do-congresso-abrasel-em-brasilia\/"},"modified":"2017-08-24T04:25:43","modified_gmt":"2017-08-24T04:25:43","slug":"conectar-saberes-e-pessoas-e-tema-do-congresso-abrasel-em-brasilia","status":"publish","type":"post","link":"https:\/\/www.travel3.com.br\/site\/sem-categoria\/conectar-saberes-e-pessoas-e-tema-do-congresso-abrasel-em-brasilia\/","title":{"rendered":"CONECTAR SABERES E PESSOAS \u00c9 TEMA DO CONGRESSO ABRASEL EM BRAS\u00cdLIA"},"content":{"rendered":"<p><span style=\"color: #40acad; font-family: -apple-system, system-ui, 'Segoe UI', Roboto, Oxygen-Sans, Ubuntu, Cantarell, 'Helvetica Neue', sans-serif; font-size: 12px; font-weight: bold;\"><\/p>\n<p style=\"text-align:justify\">Com o tema \u201c<em>Conectar \u2013 Saberes, Pessoas, Iniciativa\u201d<\/em>, a \u00a0ABRASEL (Associa\u00e7\u00e3o Brasileira de Bares e Restaurantes) promoveu, nesta ter\u00e7a (15), a abertura da 29\u00ba edi\u00e7\u00e3o de seu Congresso Nacional.<\/p>\n<p style=\"text-align:justify\">O evento, que re\u00fane o segmento de alimenta\u00e7\u00e3o fora do lar, um dos mais importantes do setor de turismo, seguir\u00e1 at\u00e9 \u00a0amanh\u00e3 (17)<\/p>\n<p style=\"text-align:justify\">Na programa\u00e7\u00e3o desta quarta, (16), ser\u00e3o realizados durante todo o dia, pain\u00e9is, palestras e debates abordando temas \u00a0da gastronomia, do seu empreendedorismo e tend\u00eancias do setor dentro do turismo.<\/p>\n<p style=\"text-align:justify\">\u201cA entidade mostra o poder das conex\u00f5es e coloca em pauta assuntos de interesse n\u00e3o s\u00f3 do setor, mas da sociedade como um todo. O objetivo \u00e9 fazer com que o Brasil reencontre, a partir da preval\u00eancia da economia, o seu caminho. \u00c9 um assunto que n\u00e3o poderia ser mais atual\u201d, afirma o presidente da Abrasel, Paulo Solmucci.<\/p>\n<p style=\"text-align:justify\">Depois da abertura realizada no Royal Tulip, com a presen\u00e7a do ministro Marx Beltr\u00e3o e autoridades de governo, o f\u00f3rum de hoje e amanh\u00e3 acontece no campus Edson Machado, no IESB &#8211; SGAS 613\/614 \u2013 Lotes 97 e 98 \u2013 Av. L2 Sul \u2013 Asa Sul.\u00a0<\/p>\n<p style=\"text-align:justify\"><a class=\"fancybox-media\" href=\"..\/_uploads\/_noticia\/2017-08\/gastronomiamapaculinariabrasileira.jpg\" rel=\"portfolio\"><img decoding=\"async\" alt=\"\" src=\"..\/_uploads\/_noticia\/2017-08\/gastronomiamapaculinariabrasileira.jpg\" \/><\/a><\/p>\n<p style=\"text-align:justify\">NR > Com o potencial \u00a0que tem, lamenta-se muito que a prioridade promocional \u00a0tamb\u00e9m n\u00e3o seja dada para a Gastronomia como fator decisivo na propaga\u00e7\u00e3o do turismo brasileiro. Recente relat\u00f3rio apresentado pela OMT mostra o fator gastron\u00f4mico como o terceiro principal indutor na decis\u00e3o dos viajantes. O Brasil tem utilizado muito pouco esta possibilidade, o consumo de comidas e bebidas \u00e9 muito mais de consumo interno. Infelizmente.<\/p>\n<p>\u00a0<\/p>\n<p><\/span><\/p>\n","protected":false},"excerpt":{"rendered":"<p>Palestras, aulas e paralelos de gastronomia v\u00e3o movimentar (muito mais politicamente), o evento do setor de bares e restaurantes<\/p>\n","protected":false},"author":1,"featured_media":0,"comment_status":"open","ping_status":"open","sticky":false,"template":"","format":"standard","meta":{"footnotes":""},"categories":[],"tags":[],"class_list":["post-1079","post","type-post","status-publish","format-standard","hentry"],"yoast_head":"<!-- This site is optimized with the Yoast SEO plugin v26.2 - https:\/\/yoast.com\/wordpress\/plugins\/seo\/ -->\n<title>CONECTAR SABERES E PESSOAS \u00c9 TEMA DO CONGRESSO ABRASEL EM BRAS\u00cdLIA - Travel3<\/title>\n<meta name=\"description\" content=\"A TRAVEL3 \u00e9 um portal de conte\u00fado voltado para o turismo, encontre destinos, viagens, hospedagem, passagens, guias, not\u00edcias sobre o mercado do turismo, dicas de viagem, v\u00eddeos e podcast.\" \/>\n<meta name=\"robots\" content=\"index, follow, max-snippet:-1, max-image-preview:large, max-video-preview:-1\" \/>\n<link rel=\"canonical\" href=\"https:\/\/www.travel3.com.br\/site\/sem-categoria\/conectar-saberes-e-pessoas-e-tema-do-congresso-abrasel-em-brasilia\/\" \/>\n<meta property=\"og:locale\" content=\"pt_BR\" \/>\n<meta property=\"og:type\" content=\"article\" \/>\n<meta property=\"og:title\" content=\"CONECTAR SABERES E PESSOAS \u00c9 TEMA DO CONGRESSO ABRASEL EM BRAS\u00cdLIA - Travel3\" \/>\n<meta property=\"og:description\" content=\"A TRAVEL3 \u00e9 um portal de conte\u00fado voltado para o turismo, encontre destinos, viagens, hospedagem, passagens, guias, not\u00edcias sobre o mercado do turismo, dicas de viagem, v\u00eddeos e podcast.\" \/>\n<meta property=\"og:url\" content=\"https:\/\/www.travel3.com.br\/site\/sem-categoria\/conectar-saberes-e-pessoas-e-tema-do-congresso-abrasel-em-brasilia\/\" \/>\n<meta property=\"og:site_name\" content=\"Travel3\" \/>\n<meta property=\"article:publisher\" content=\"https:\/\/www.facebook.com\/travel3media\/\" \/>\n<meta property=\"article:published_time\" content=\"2017-08-24T04:25:43+00:00\" \/>\n<meta name=\"author\" content=\"admin\" \/>\n<meta name=\"twitter:card\" content=\"summary_large_image\" \/>\n<meta name=\"twitter:label1\" content=\"Escrito por\" \/>\n\t<meta name=\"twitter:data1\" content=\"admin\" \/>\n\t<meta name=\"twitter:label2\" content=\"Est. tempo de leitura\" \/>\n\t<meta name=\"twitter:data2\" content=\"1 minuto\" \/>\n<script type=\"application\/ld+json\" class=\"yoast-schema-graph\">{\"@context\":\"https:\/\/schema.org\",\"@graph\":[{\"@type\":\"Article\",\"@id\":\"https:\/\/www.travel3.com.br\/site\/sem-categoria\/conectar-saberes-e-pessoas-e-tema-do-congresso-abrasel-em-brasilia\/#article\",\"isPartOf\":{\"@id\":\"https:\/\/www.travel3.com.br\/site\/sem-categoria\/conectar-saberes-e-pessoas-e-tema-do-congresso-abrasel-em-brasilia\/\"},\"author\":{\"name\":\"admin\",\"@id\":\"https:\/\/www.travel3.com.br\/site\/#\/schema\/person\/a69d71e41a024999b6ab82369ac0bd1e\"},\"headline\":\"CONECTAR SABERES E PESSOAS \u00c9 TEMA DO CONGRESSO ABRASEL EM BRAS\u00cdLIA\",\"datePublished\":\"2017-08-24T04:25:43+00:00\",\"mainEntityOfPage\":{\"@id\":\"https:\/\/www.travel3.com.br\/site\/sem-categoria\/conectar-saberes-e-pessoas-e-tema-do-congresso-abrasel-em-brasilia\/\"},\"wordCount\":270,\"commentCount\":0,\"publisher\":{\"@id\":\"https:\/\/www.travel3.com.br\/site\/#organization\"},\"inLanguage\":\"pt-BR\",\"potentialAction\":[{\"@type\":\"CommentAction\",\"name\":\"Comment\",\"target\":[\"https:\/\/www.travel3.com.br\/site\/sem-categoria\/conectar-saberes-e-pessoas-e-tema-do-congresso-abrasel-em-brasilia\/#respond\"]}]},{\"@type\":\"WebPage\",\"@id\":\"https:\/\/www.travel3.com.br\/site\/sem-categoria\/conectar-saberes-e-pessoas-e-tema-do-congresso-abrasel-em-brasilia\/\",\"url\":\"https:\/\/www.travel3.com.br\/site\/sem-categoria\/conectar-saberes-e-pessoas-e-tema-do-congresso-abrasel-em-brasilia\/\",\"name\":\"CONECTAR SABERES E PESSOAS \u00c9 TEMA DO CONGRESSO ABRASEL EM BRAS\u00cdLIA - Travel3\",\"isPartOf\":{\"@id\":\"https:\/\/www.travel3.com.br\/site\/#website\"},\"datePublished\":\"2017-08-24T04:25:43+00:00\",\"description\":\"A TRAVEL3 \u00e9 um portal de conte\u00fado voltado para o turismo, encontre destinos, viagens, hospedagem, passagens, guias, not\u00edcias sobre o mercado do turismo, dicas de viagem, v\u00eddeos e podcast.\",\"breadcrumb\":{\"@id\":\"https:\/\/www.travel3.com.br\/site\/sem-categoria\/conectar-saberes-e-pessoas-e-tema-do-congresso-abrasel-em-brasilia\/#breadcrumb\"},\"inLanguage\":\"pt-BR\",\"potentialAction\":[{\"@type\":\"ReadAction\",\"target\":[\"https:\/\/www.travel3.com.br\/site\/sem-categoria\/conectar-saberes-e-pessoas-e-tema-do-congresso-abrasel-em-brasilia\/\"]}]},{\"@type\":\"BreadcrumbList\",\"@id\":\"https:\/\/www.travel3.com.br\/site\/sem-categoria\/conectar-saberes-e-pessoas-e-tema-do-congresso-abrasel-em-brasilia\/#breadcrumb\",\"itemListElement\":[{\"@type\":\"ListItem\",\"position\":1,\"name\":\"In\u00edcio\",\"item\":\"https:\/\/www.travel3.com.br\/site\/\"},{\"@type\":\"ListItem\",\"position\":2,\"name\":\"CONECTAR SABERES E PESSOAS \u00c9 TEMA DO CONGRESSO ABRASEL EM BRAS\u00cdLIA\"}]},{\"@type\":\"WebSite\",\"@id\":\"https:\/\/www.travel3.com.br\/site\/#website\",\"url\":\"https:\/\/www.travel3.com.br\/site\/\",\"name\":\"Travel3\",\"description\":\"Lazer + Neg&oacute;cios + Aventura\",\"publisher\":{\"@id\":\"https:\/\/www.travel3.com.br\/site\/#organization\"},\"potentialAction\":[{\"@type\":\"SearchAction\",\"target\":{\"@type\":\"EntryPoint\",\"urlTemplate\":\"https:\/\/www.travel3.com.br\/site\/?s={search_term_string}\"},\"query-input\":{\"@type\":\"PropertyValueSpecification\",\"valueRequired\":true,\"valueName\":\"search_term_string\"}}],\"inLanguage\":\"pt-BR\"},{\"@type\":\"Organization\",\"@id\":\"https:\/\/www.travel3.com.br\/site\/#organization\",\"name\":\"Travel3\",\"url\":\"https:\/\/www.travel3.com.br\/site\/\",\"logo\":{\"@type\":\"ImageObject\",\"inLanguage\":\"pt-BR\",\"@id\":\"https:\/\/www.travel3.com.br\/site\/#\/schema\/logo\/image\/\",\"url\":\"https:\/\/www.travel3.com.br\/site\/wp-content\/uploads\/2020\/01\/logo-travel3-2020.png\",\"contentUrl\":\"https:\/\/www.travel3.com.br\/site\/wp-content\/uploads\/2020\/01\/logo-travel3-2020.png\",\"width\":232,\"height\":79,\"caption\":\"Travel3\"},\"image\":{\"@id\":\"https:\/\/www.travel3.com.br\/site\/#\/schema\/logo\/image\/\"},\"sameAs\":[\"https:\/\/www.facebook.com\/travel3media\/\",\"https:\/\/www.instagram.com\/revistatravel3\/\",\"https:\/\/www.youtube.com\/channel\/UCno7J4paGBR3VbZQzvoJ9Eg\"]},{\"@type\":\"Person\",\"@id\":\"https:\/\/www.travel3.com.br\/site\/#\/schema\/person\/a69d71e41a024999b6ab82369ac0bd1e\",\"name\":\"admin\",\"image\":{\"@type\":\"ImageObject\",\"inLanguage\":\"pt-BR\",\"@id\":\"https:\/\/www.travel3.com.br\/site\/#\/schema\/person\/image\/\",\"url\":\"https:\/\/secure.gravatar.com\/avatar\/732a67adfd764da2a47ba10ce731c4c0?s=96&d=mm&r=g\",\"contentUrl\":\"https:\/\/secure.gravatar.com\/avatar\/732a67adfd764da2a47ba10ce731c4c0?s=96&d=mm&r=g\",\"caption\":\"admin\"},\"url\":\"https:\/\/www.travel3.com.br\/site\/author\/admin\/\"}]}<\/script>\n<!-- \/ Yoast SEO plugin. -->","yoast_head_json":{"title":"CONECTAR SABERES E PESSOAS \u00c9 TEMA DO CONGRESSO ABRASEL EM BRAS\u00cdLIA - Travel3","description":"A TRAVEL3 \u00e9 um portal de conte\u00fado voltado para o turismo, encontre destinos, viagens, hospedagem, passagens, guias, not\u00edcias sobre o mercado do turismo, dicas de viagem, v\u00eddeos e podcast.","robots":{"index":"index","follow":"follow","max-snippet":"max-snippet:-1","max-image-preview":"max-image-preview:large","max-video-preview":"max-video-preview:-1"},"canonical":"https:\/\/www.travel3.com.br\/site\/sem-categoria\/conectar-saberes-e-pessoas-e-tema-do-congresso-abrasel-em-brasilia\/","og_locale":"pt_BR","og_type":"article","og_title":"CONECTAR SABERES E PESSOAS \u00c9 TEMA DO CONGRESSO ABRASEL EM BRAS\u00cdLIA - Travel3","og_description":"A TRAVEL3 \u00e9 um portal de conte\u00fado voltado para o turismo, encontre destinos, viagens, hospedagem, passagens, guias, not\u00edcias sobre o mercado do turismo, dicas de viagem, v\u00eddeos e podcast.","og_url":"https:\/\/www.travel3.com.br\/site\/sem-categoria\/conectar-saberes-e-pessoas-e-tema-do-congresso-abrasel-em-brasilia\/","og_site_name":"Travel3","article_publisher":"https:\/\/www.facebook.com\/travel3media\/","article_published_time":"2017-08-24T04:25:43+00:00","author":"admin","twitter_card":"summary_large_image","twitter_misc":{"Escrito por":"admin","Est. tempo de leitura":"1 minuto"},"schema":{"@context":"https:\/\/schema.org","@graph":[{"@type":"Article","@id":"https:\/\/www.travel3.com.br\/site\/sem-categoria\/conectar-saberes-e-pessoas-e-tema-do-congresso-abrasel-em-brasilia\/#article","isPartOf":{"@id":"https:\/\/www.travel3.com.br\/site\/sem-categoria\/conectar-saberes-e-pessoas-e-tema-do-congresso-abrasel-em-brasilia\/"},"author":{"name":"admin","@id":"https:\/\/www.travel3.com.br\/site\/#\/schema\/person\/a69d71e41a024999b6ab82369ac0bd1e"},"headline":"CONECTAR SABERES E PESSOAS \u00c9 TEMA DO CONGRESSO ABRASEL EM BRAS\u00cdLIA","datePublished":"2017-08-24T04:25:43+00:00","mainEntityOfPage":{"@id":"https:\/\/www.travel3.com.br\/site\/sem-categoria\/conectar-saberes-e-pessoas-e-tema-do-congresso-abrasel-em-brasilia\/"},"wordCount":270,"commentCount":0,"publisher":{"@id":"https:\/\/www.travel3.com.br\/site\/#organization"},"inLanguage":"pt-BR","potentialAction":[{"@type":"CommentAction","name":"Comment","target":["https:\/\/www.travel3.com.br\/site\/sem-categoria\/conectar-saberes-e-pessoas-e-tema-do-congresso-abrasel-em-brasilia\/#respond"]}]},{"@type":"WebPage","@id":"https:\/\/www.travel3.com.br\/site\/sem-categoria\/conectar-saberes-e-pessoas-e-tema-do-congresso-abrasel-em-brasilia\/","url":"https:\/\/www.travel3.com.br\/site\/sem-categoria\/conectar-saberes-e-pessoas-e-tema-do-congresso-abrasel-em-brasilia\/","name":"CONECTAR SABERES E PESSOAS \u00c9 TEMA DO CONGRESSO ABRASEL EM BRAS\u00cdLIA - Travel3","isPartOf":{"@id":"https:\/\/www.travel3.com.br\/site\/#website"},"datePublished":"2017-08-24T04:25:43+00:00","description":"A TRAVEL3 \u00e9 um portal de conte\u00fado voltado para o turismo, encontre destinos, viagens, hospedagem, passagens, guias, not\u00edcias sobre o mercado do turismo, dicas de viagem, v\u00eddeos e podcast.","breadcrumb":{"@id":"https:\/\/www.travel3.com.br\/site\/sem-categoria\/conectar-saberes-e-pessoas-e-tema-do-congresso-abrasel-em-brasilia\/#breadcrumb"},"inLanguage":"pt-BR","potentialAction":[{"@type":"ReadAction","target":["https:\/\/www.travel3.com.br\/site\/sem-categoria\/conectar-saberes-e-pessoas-e-tema-do-congresso-abrasel-em-brasilia\/"]}]},{"@type":"BreadcrumbList","@id":"https:\/\/www.travel3.com.br\/site\/sem-categoria\/conectar-saberes-e-pessoas-e-tema-do-congresso-abrasel-em-brasilia\/#breadcrumb","itemListElement":[{"@type":"ListItem","position":1,"name":"In\u00edcio","item":"https:\/\/www.travel3.com.br\/site\/"},{"@type":"ListItem","position":2,"name":"CONECTAR SABERES E PESSOAS \u00c9 TEMA DO CONGRESSO ABRASEL EM BRAS\u00cdLIA"}]},{"@type":"WebSite","@id":"https:\/\/www.travel3.com.br\/site\/#website","url":"https:\/\/www.travel3.com.br\/site\/","name":"Travel3","description":"Lazer + Neg&oacute;cios + Aventura","publisher":{"@id":"https:\/\/www.travel3.com.br\/site\/#organization"},"potentialAction":[{"@type":"SearchAction","target":{"@type":"EntryPoint","urlTemplate":"https:\/\/www.travel3.com.br\/site\/?s={search_term_string}"},"query-input":{"@type":"PropertyValueSpecification","valueRequired":true,"valueName":"search_term_string"}}],"inLanguage":"pt-BR"},{"@type":"Organization","@id":"https:\/\/www.travel3.com.br\/site\/#organization","name":"Travel3","url":"https:\/\/www.travel3.com.br\/site\/","logo":{"@type":"ImageObject","inLanguage":"pt-BR","@id":"https:\/\/www.travel3.com.br\/site\/#\/schema\/logo\/image\/","url":"https:\/\/www.travel3.com.br\/site\/wp-content\/uploads\/2020\/01\/logo-travel3-2020.png","contentUrl":"https:\/\/www.travel3.com.br\/site\/wp-content\/uploads\/2020\/01\/logo-travel3-2020.png","width":232,"height":79,"caption":"Travel3"},"image":{"@id":"https:\/\/www.travel3.com.br\/site\/#\/schema\/logo\/image\/"},"sameAs":["https:\/\/www.facebook.com\/travel3media\/","https:\/\/www.instagram.com\/revistatravel3\/","https:\/\/www.youtube.com\/channel\/UCno7J4paGBR3VbZQzvoJ9Eg"]},{"@type":"Person","@id":"https:\/\/www.travel3.com.br\/site\/#\/schema\/person\/a69d71e41a024999b6ab82369ac0bd1e","name":"admin","image":{"@type":"ImageObject","inLanguage":"pt-BR","@id":"https:\/\/www.travel3.com.br\/site\/#\/schema\/person\/image\/","url":"https:\/\/secure.gravatar.com\/avatar\/732a67adfd764da2a47ba10ce731c4c0?s=96&d=mm&r=g","contentUrl":"https:\/\/secure.gravatar.com\/avatar\/732a67adfd764da2a47ba10ce731c4c0?s=96&d=mm&r=g","caption":"admin"},"url":"https:\/\/www.travel3.com.br\/site\/author\/admin\/"}]}},"_links":{"self":[{"href":"https:\/\/www.travel3.com.br\/site\/wp-json\/wp\/v2\/posts\/1079","targetHints":{"allow":["GET"]}}],"collection":[{"href":"https:\/\/www.travel3.com.br\/site\/wp-json\/wp\/v2\/posts"}],"about":[{"href":"https:\/\/www.travel3.com.br\/site\/wp-json\/wp\/v2\/types\/post"}],"author":[{"embeddable":true,"href":"https:\/\/www.travel3.com.br\/site\/wp-json\/wp\/v2\/users\/1"}],"replies":[{"embeddable":true,"href":"https:\/\/www.travel3.com.br\/site\/wp-json\/wp\/v2\/comments?post=1079"}],"version-history":[{"count":0,"href":"https:\/\/www.travel3.com.br\/site\/wp-json\/wp\/v2\/posts\/1079\/revisions"}],"wp:attachment":[{"href":"https:\/\/www.travel3.com.br\/site\/wp-json\/wp\/v2\/media?parent=1079"}],"wp:term":[{"taxonomy":"category","embeddable":true,"href":"https:\/\/www.travel3.com.br\/site\/wp-json\/wp\/v2\/categories?post=1079"},{"taxonomy":"post_tag","embeddable":true,"href":"https:\/\/www.travel3.com.br\/site\/wp-json\/wp\/v2\/tags?post=1079"}],"curies":[{"name":"wp","href":"https:\/\/api.w.org\/{rel}","templated":true}]}}